{"id":10600,"date":"2023-07-03T18:38:05","date_gmt":"2023-07-03T23:38:05","guid":{"rendered":"https:\/\/designweekmexico.com\/?p=10600"},"modified":"2025-04-25T13:04:46","modified_gmt":"2025-04-25T18:04:46","slug":"conv-tours-diseno-23","status":"publish","type":"post","link":"https:\/\/designweekmexico.com\/en\/convocatorias-2023\/conv-tours-diseno-23\/","title":{"rendered":"Convocatoria Tours de Dise\u00f1o 2023"},"content":{"rendered":"<div data-elementor-type=\"wp-post\" data-elementor-id=\"10600\" class=\"elementor elementor-10600\" data-elementor-settings=\"{&quot;ha_cmc_init_switcher&quot;:&quot;no&quot;}\" data-elementor-post-type=\"post\">\n\t\t\t\t\t\t<section class=\"elementor-section elementor-top-section elementor-element elementor-element-20bc83e elementor-section-height-min-height elementor-section-boxed elementor-section-height-default elementor-section-items-middle\" data-id=\"20bc83e\" data-element_type=\"section\" data-settings=\"{&quot;background_background&quot;:&quot;classic&quot;,&quot;background_motion_fx_scale_effect&quot;:&quot;yes&quot;,&quot;background_motion_fx_scale_speed&quot;:{&quot;unit&quot;:&quot;px&quot;,&quot;size&quot;:1,&quot;sizes&quot;:[]},&quot;background_motion_fx_scale_range&quot;:{&quot;unit&quot;:&quot;%&quot;,&quot;size&quot;:&quot;&quot;,&quot;sizes&quot;:{&quot;start&quot;:0,&quot;end&quot;:100}},&quot;background_motion_fx_motion_fx_scrolling&quot;:&quot;yes&quot;,&quot;background_motion_fx_opacity_effect&quot;:&quot;yes&quot;,&quot;background_motion_fx_opacity_level&quot;:{&quot;unit&quot;:&quot;px&quot;,&quot;size&quot;:6.8,&quot;sizes&quot;:[]},&quot;background_motion_fx_opacity_range&quot;:{&quot;unit&quot;:&quot;%&quot;,&quot;size&quot;:&quot;&quot;,&quot;sizes&quot;:{&quot;start&quot;:20,&quot;end&quot;:79}},&quot;background_motion_fx_opacity_direction&quot;:&quot;out-in&quot;,&quot;background_motion_fx_scale_direction&quot;:&quot;out-in&quot;,&quot;background_motion_fx_devices&quot;:[&quot;desktop&quot;,&quot;tablet&quot;,&quot;mobile&quot;],&quot;_ha_eqh_enable&quot;:false}\">\n\t\t\t\t\t\t\t<div class=\"elementor-background-overlay\"><\/div>\n\t\t\t\t\t\t\t<div class=\"elementor-container elementor-column-gap-no\">\n\t\t\t\t\t<div class=\"elementor-column elementor-col-33 elementor-top-column elementor-element elementor-element-1989c6bf\" data-id=\"1989c6bf\" data-element_type=\"column\">\n\t\t\t<div class=\"elementor-widget-wrap elementor-element-populated\">\n\t\t\t\t\t\t<div class=\"elementor-element elementor-element-18fb8eae elementor-invisible elementor-widget elementor-widget-heading\" data-id=\"18fb8eae\" data-element_type=\"widget\" data-settings=\"{&quot;_animation&quot;:&quot;fadeIn&quot;,&quot;_animation_delay&quot;:200}\" data-widget_type=\"heading.default\">\n\t\t\t\t<div class=\"elementor-widget-container\">\n\t\t\t\t\t<h1 class=\"elementor-heading-title elementor-size-default\">DESIGN TOURS<\/h1>\t\t\t\t<\/div>\n\t\t\t\t<\/div>\n\t\t\t\t<div class=\"elementor-element elementor-element-743bcc32 elementor-invisible elementor-widget elementor-widget-heading\" data-id=\"743bcc32\" data-element_type=\"widget\" data-settings=\"{&quot;_animation&quot;:&quot;fadeIn&quot;,&quot;_animation_delay&quot;:200}\" data-widget_type=\"heading.default\">\n\t\t\t\t<div class=\"elementor-widget-container\">\n\t\t\t\t\t<p class=\"elementor-heading-title elementor-size-default\">MEXICO CITY<\/p>\t\t\t\t<\/div>\n\t\t\t\t<\/div>\n\t\t\t\t<div class=\"elementor-element elementor-element-742ded88 elementor-widget elementor-widget-text-editor\" data-id=\"742ded88\" data-element_type=\"widget\" data-widget_type=\"text-editor.default\">\n\t\t\t\t<div class=\"elementor-widget-container\">\n\t\t\t\t\t\t\t\t\t<h4><span style=\"font-weight: 400;\"><strong>14 \u2013 28 Oct<br \/><\/strong>Polanco, Roma, Condesa, San Miguel Chapultepec, Lomas de Chapultepec.<br \/><\/span><\/h4><p>\u00a0<\/p>\t\t\t\t\t\t\t\t<\/div>\n\t\t\t\t<\/div>\n\t\t\t\t\t<\/div>\n\t\t<\/div>\n\t\t\t\t<div class=\"elementor-column elementor-col-33 elementor-top-column elementor-element elementor-element-678fcd2a\" data-id=\"678fcd2a\" data-element_type=\"column\" data-settings=\"{&quot;background_background&quot;:&quot;classic&quot;}\">\n\t\t\t<div class=\"elementor-widget-wrap elementor-element-populated\">\n\t\t\t\t\t\t<div class=\"elementor-element elementor-element-779ba1cd ha-has-bg-overlay elementor-widget elementor-widget-image\" data-id=\"779ba1cd\" data-element_type=\"widget\" data-settings=\"{&quot;motion_fx_motion_fx_scrolling&quot;:&quot;yes&quot;,&quot;motion_fx_scale_effect&quot;:&quot;yes&quot;,&quot;motion_fx_scale_speed&quot;:{&quot;unit&quot;:&quot;px&quot;,&quot;size&quot;:-2,&quot;sizes&quot;:[]},&quot;motion_fx_scale_range&quot;:{&quot;unit&quot;:&quot;%&quot;,&quot;size&quot;:&quot;&quot;,&quot;sizes&quot;:{&quot;start&quot;:40,&quot;end&quot;:100}},&quot;motion_fx_scale_direction&quot;:&quot;out-in&quot;,&quot;motion_fx_devices&quot;:[&quot;desktop&quot;,&quot;tablet&quot;,&quot;mobile&quot;]}\" data-widget_type=\"image.default\">\n\t\t\t\t<div class=\"elementor-widget-container\">\n\t\t\t\t\t\t\t\t\t\t\t\t\t\t\t<img fetchpriority=\"high\" decoding=\"async\" data-attachment-id=\"10604\" data-permalink=\"https:\/\/designweekmexico.com\/en\/convocatorias-2023\/conv-tours-diseno-23\/attachment\/processed-with-vsco-with-a6-preset\/\" data-orig-file=\"https:\/\/designweekmexico.com\/wp-content\/uploads\/2023\/07\/Dorica1-Adriana-Luengas.jpg\" data-orig-size=\"1476,1920\" data-comments-opened=\"1\" data-image-meta=\"{&quot;aperture&quot;:&quot;7.1&quot;,&quot;credit&quot;:&quot;Sebastian Angeles&quot;,&quot;camera&quot;:&quot;Canon EOS RP&quot;,&quot;caption&quot;:&quot;Processed with VSCO with a6 preset&quot;,&quot;created_timestamp&quot;:&quot;1656445120&quot;,&quot;copyright&quot;:&quot;Copyright 2022. All rights reserved.&quot;,&quot;focal_length&quot;:&quot;50&quot;,&quot;iso&quot;:&quot;200&quot;,&quot;shutter_speed&quot;:&quot;0.076923076923077&quot;,&quot;title&quot;:&quot;Processed with VSCO with a6 preset&quot;,&quot;orientation&quot;:&quot;1&quot;}\" data-image-title=\"Processed with VSCO with a6 preset\" data-image-description=\"\" data-image-caption=\"&lt;p&gt;Processed with VSCO with a6 preset&lt;\/p&gt;\" data-medium-file=\"https:\/\/designweekmexico.com\/wp-content\/uploads\/2023\/07\/Dorica1-Adriana-Luengas-231x300.jpg\" data-large-file=\"https:\/\/designweekmexico.com\/wp-content\/uploads\/2023\/07\/Dorica1-Adriana-Luengas-787x1024.jpg\" width=\"787\" height=\"1024\" src=\"https:\/\/designweekmexico.com\/wp-content\/uploads\/2023\/07\/Dorica1-Adriana-Luengas-787x1024.jpg\" class=\"attachment-large size-large wp-image-10604\" alt=\"\" srcset=\"https:\/\/designweekmexico.com\/wp-content\/uploads\/2023\/07\/Dorica1-Adriana-Luengas-787x1024.jpg 787w, https:\/\/designweekmexico.com\/wp-content\/uploads\/2023\/07\/Dorica1-Adriana-Luengas-231x300.jpg 231w, https:\/\/designweekmexico.com\/wp-content\/uploads\/2023\/07\/Dorica1-Adriana-Luengas-768x999.jpg 768w, https:\/\/designweekmexico.com\/wp-content\/uploads\/2023\/07\/Dorica1-Adriana-Luengas-1181x1536.jpg 1181w, https:\/\/designweekmexico.com\/wp-content\/uploads\/2023\/07\/Dorica1-Adriana-Luengas-9x12.jpg 9w, https:\/\/designweekmexico.com\/wp-content\/uploads\/2023\/07\/Dorica1-Adriana-Luengas.jpg 1476w\" sizes=\"(max-width: 787px) 100vw, 787px\" \/>\t\t\t\t\t\t\t\t\t\t\t\t\t\t\t<\/div>\n\t\t\t\t<\/div>\n\t\t\t\t\t<\/div>\n\t\t<\/div>\n\t\t\t\t<div class=\"elementor-column elementor-col-33 elementor-top-column elementor-element elementor-element-267a736a\" data-id=\"267a736a\" data-element_type=\"column\">\n\t\t\t<div class=\"elementor-widget-wrap elementor-element-populated\">\n\t\t\t\t\t\t<div class=\"elementor-element elementor-element-2a520f91 elementor-invisible elementor-widget elementor-widget-text-editor\" data-id=\"2a520f91\" data-element_type=\"widget\" data-settings=\"{&quot;_animation&quot;:&quot;fadeIn&quot;,&quot;_animation_delay&quot;:400}\" data-widget_type=\"text-editor.default\">\n\t\t\t\t<div class=\"elementor-widget-container\">\n\t\t\t\t\t\t\t\t\t<p><span style=\"font-weight: 400;\">Nos complace invitarlos a formar parte de los emocionantes &#8220;Tours de dise\u00f1o&#8221; que se llevar\u00e1n a cabo en la Ciudad de M\u00e9xico. Estamos en busca de aquellos que deseen compartir su pasi\u00f3n y talento con nuestra comunidad, y mostrar al mundo la riqueza del dise\u00f1o mexicano contempor\u00e1neo y artesanal.<\/span><\/p>\t\t\t\t\t\t\t\t<\/div>\n\t\t\t\t<\/div>\n\t\t\t\t\t<\/div>\n\t\t<\/div>\n\t\t\t\t\t<\/div>\n\t\t<\/section>\n\t\t\t\t<section class=\"elementor-section elementor-top-section elementor-element elementor-element-3d7d5351 elementor-section-boxed elementor-section-height-default elementor-section-height-default\" data-id=\"3d7d5351\" data-element_type=\"section\" data-settings=\"{&quot;background_background&quot;:&quot;classic&quot;,&quot;background_motion_fx_scale_effect&quot;:&quot;yes&quot;,&quot;background_motion_fx_scale_speed&quot;:{&quot;unit&quot;:&quot;px&quot;,&quot;size&quot;:1,&quot;sizes&quot;:[]},&quot;background_motion_fx_scale_range&quot;:{&quot;unit&quot;:&quot;%&quot;,&quot;size&quot;:&quot;&quot;,&quot;sizes&quot;:{&quot;start&quot;:0,&quot;end&quot;:100}},&quot;background_motion_fx_motion_fx_scrolling&quot;:&quot;yes&quot;,&quot;background_motion_fx_scale_direction&quot;:&quot;out-in&quot;,&quot;background_motion_fx_devices&quot;:[&quot;desktop&quot;,&quot;tablet&quot;,&quot;mobile&quot;],&quot;_ha_eqh_enable&quot;:false}\">\n\t\t\t\t\t\t\t<div class=\"elementor-background-overlay\"><\/div>\n\t\t\t\t\t\t\t<div class=\"elementor-container elementor-column-gap-no\">\n\t\t\t\t\t<div class=\"elementor-column elementor-col-100 elementor-top-column elementor-element elementor-element-28aa2a7f\" data-id=\"28aa2a7f\" data-element_type=\"column\">\n\t\t\t<div class=\"elementor-widget-wrap elementor-element-populated\">\n\t\t\t\t\t\t<section class=\"elementor-section elementor-inner-section elementor-element elementor-element-19f1c0b elementor-section-boxed elementor-section-height-default elementor-section-height-default\" data-id=\"19f1c0b\" data-element_type=\"section\" data-settings=\"{&quot;_ha_eqh_enable&quot;:false}\">\n\t\t\t\t\t\t<div class=\"elementor-container elementor-column-gap-default\">\n\t\t\t\t\t<div class=\"elementor-column elementor-col-50 elementor-inner-column elementor-element elementor-element-57f5c8d6\" data-id=\"57f5c8d6\" data-element_type=\"column\">\n\t\t\t<div class=\"elementor-widget-wrap elementor-element-populated\">\n\t\t\t\t\t\t<div class=\"elementor-element elementor-element-1ef58880 elementor-widget elementor-widget-image\" data-id=\"1ef58880\" data-element_type=\"widget\" data-widget_type=\"image.default\">\n\t\t\t\t<div class=\"elementor-widget-container\">\n\t\t\t\t\t\t\t\t\t\t\t\t\t\t\t<img decoding=\"async\" data-attachment-id=\"10605\" data-permalink=\"https:\/\/designweekmexico.com\/en\/convocatorias-2023\/conv-tours-diseno-23\/attachment\/foto-tours\/\" data-orig-file=\"https:\/\/designweekmexico.com\/wp-content\/uploads\/2023\/07\/foto-tours.jpg\" data-orig-size=\"1281,1920\" data-comments-opened=\"1\" data-image-meta=\"{&quot;aperture&quot;:&quot;11&quot;,&quot;credit&quot;:&quot;&quot;,&quot;camera&quot;:&quot;NIKON D810&quot;,&quot;caption&quot;:&quot;&quot;,&quot;created_timestamp&quot;:&quot;1414805414&quot;,&quot;copyright&quot;:&quot;&quot;,&quot;focal_length&quot;:&quot;45&quot;,&quot;iso&quot;:&quot;31&quot;,&quot;shutter_speed&quot;:&quot;1&quot;,&quot;title&quot;:&quot;&quot;,&quot;orientation&quot;:&quot;1&quot;}\" data-image-title=\"foto-tours\" data-image-description=\"\" data-image-caption=\"\" data-medium-file=\"https:\/\/designweekmexico.com\/wp-content\/uploads\/2023\/07\/foto-tours-200x300.jpg\" data-large-file=\"https:\/\/designweekmexico.com\/wp-content\/uploads\/2023\/07\/foto-tours-683x1024.jpg\" width=\"683\" height=\"1024\" src=\"https:\/\/designweekmexico.com\/wp-content\/uploads\/2023\/07\/foto-tours-683x1024.jpg\" class=\"attachment-large size-large wp-image-10605\" alt=\"\" srcset=\"https:\/\/designweekmexico.com\/wp-content\/uploads\/2023\/07\/foto-tours-683x1024.jpg 683w, https:\/\/designweekmexico.com\/wp-content\/uploads\/2023\/07\/foto-tours-200x300.jpg 200w, https:\/\/designweekmexico.com\/wp-content\/uploads\/2023\/07\/foto-tours-768x1151.jpg 768w, https:\/\/designweekmexico.com\/wp-content\/uploads\/2023\/07\/foto-tours-1025x1536.jpg 1025w, https:\/\/designweekmexico.com\/wp-content\/uploads\/2023\/07\/foto-tours-8x12.jpg 8w, https:\/\/designweekmexico.com\/wp-content\/uploads\/2023\/07\/foto-tours.jpg 1281w\" sizes=\"(max-width: 683px) 100vw, 683px\" \/>\t\t\t\t\t\t\t\t\t\t\t\t\t\t\t<\/div>\n\t\t\t\t<\/div>\n\t\t\t\t\t<\/div>\n\t\t<\/div>\n\t\t\t\t<div class=\"elementor-column elementor-col-50 elementor-inner-column elementor-element elementor-element-10d3eb96\" data-id=\"10d3eb96\" data-element_type=\"column\">\n\t\t\t<div class=\"elementor-widget-wrap elementor-element-populated\">\n\t\t\t\t\t\t<div class=\"elementor-element elementor-element-89eb079 elementor-widget elementor-widget-text-editor\" data-id=\"89eb079\" data-element_type=\"widget\" data-widget_type=\"text-editor.default\">\n\t\t\t\t<div class=\"elementor-widget-container\">\n\t\t\t\t\t\t\t\t\t<p><span style=\"font-weight: 400;\">Estos tours ofrecen una oportunidad \u00fanica para dar a conocer su trabajo, establecer conexiones significativas y promover el impulso a los creativos mexicanos. Estamos buscando despachos y galer\u00edas que destaquen por su excelencia en el dise\u00f1o, as\u00ed como dise\u00f1adores individuales que se atrevan a romper barreras y explorar nuevas fronteras a trav\u00e9s de activaciones, conversatorios, recorridos especiales y experiencias especiales para los visitantes.<\/span><\/p>\t\t\t\t\t\t\t\t<\/div>\n\t\t\t\t<\/div>\n\t\t\t\t\t<\/div>\n\t\t<\/div>\n\t\t\t\t\t<\/div>\n\t\t<\/section>\n\t\t\t\t<section class=\"elementor-section elementor-inner-section elementor-element elementor-element-e6a344a elementor-section-boxed elementor-section-height-default elementor-section-height-default\" data-id=\"e6a344a\" data-element_type=\"section\" data-settings=\"{&quot;_ha_eqh_enable&quot;:false}\">\n\t\t\t\t\t\t<div class=\"elementor-container elementor-column-gap-default\">\n\t\t\t\t\t<div class=\"elementor-column elementor-col-50 elementor-inner-column elementor-element elementor-element-2fa5ba18\" data-id=\"2fa5ba18\" data-element_type=\"column\">\n\t\t\t<div class=\"elementor-widget-wrap elementor-element-populated\">\n\t\t\t\t\t\t<div class=\"elementor-element elementor-element-300e6803 elementor-widget elementor-widget-text-editor\" data-id=\"300e6803\" data-element_type=\"widget\" data-widget_type=\"text-editor.default\">\n\t\t\t\t<div class=\"elementor-widget-container\">\n\t\t\t\t\t\t\t\t\t<p><span style=\"font-weight: 400;\">Al unirse a los &#8220;Tours de dise\u00f1o&#8221;, tendr\u00e1n la oportunidad de abrir sus puertas a un p\u00fablico apasionado y curioso, \u00e1vido por descubrir nuevas creaciones y apoyar a los talentos locales. Podr\u00e1n presentar sus obras maestras, realizar activaciones, c\u00f3cteles, compartir sus procesos creativos y conectar directamente con aquellos que valoran y aprecian el dise\u00f1o de calidad.<\/span><\/p>\t\t\t\t\t\t\t\t<\/div>\n\t\t\t\t<\/div>\n\t\t\t\t\t<\/div>\n\t\t<\/div>\n\t\t\t\t<div class=\"elementor-column elementor-col-50 elementor-inner-column elementor-element elementor-element-23913aac\" data-id=\"23913aac\" data-element_type=\"column\">\n\t\t\t<div class=\"elementor-widget-wrap elementor-element-populated\">\n\t\t\t\t\t\t<div class=\"elementor-element elementor-element-60c6709a elementor-widget elementor-widget-image\" data-id=\"60c6709a\" data-element_type=\"widget\" data-widget_type=\"image.default\">\n\t\t\t\t<div class=\"elementor-widget-container\">\n\t\t\t\t\t\t\t\t\t\t\t\t\t\t\t<img decoding=\"async\" data-attachment-id=\"10606\" data-permalink=\"https:\/\/designweekmexico.com\/en\/convocatorias-2023\/conv-tours-diseno-23\/attachment\/dejatequerer00002-isis-avila-perez\/\" data-orig-file=\"https:\/\/designweekmexico.com\/wp-content\/uploads\/2023\/07\/DejateQuerer00002-Isis-Avila-Perez.jpg\" data-orig-size=\"1440,1920\" data-comments-opened=\"1\" data-image-meta=\"{&quot;aperture&quot;:&quot;1.6&quot;,&quot;credit&quot;:&quot;&quot;,&quot;camera&quot;:&quot;iPhone 13&quot;,&quot;caption&quot;:&quot;&quot;,&quot;created_timestamp&quot;:&quot;1652711236&quot;,&quot;copyright&quot;:&quot;&quot;,&quot;focal_length&quot;:&quot;5.1&quot;,&quot;iso&quot;:&quot;50&quot;,&quot;shutter_speed&quot;:&quot;0.00019700551615445&quot;,&quot;title&quot;:&quot;&quot;,&quot;orientation&quot;:&quot;1&quot;}\" data-image-title=\"DejateQuerer00002 &amp;#8211; Isis Avila Perez\" data-image-description=\"\" data-image-caption=\"\" data-medium-file=\"https:\/\/designweekmexico.com\/wp-content\/uploads\/2023\/07\/DejateQuerer00002-Isis-Avila-Perez-225x300.jpg\" data-large-file=\"https:\/\/designweekmexico.com\/wp-content\/uploads\/2023\/07\/DejateQuerer00002-Isis-Avila-Perez-768x1024.jpg\" width=\"768\" height=\"1024\" src=\"https:\/\/designweekmexico.com\/wp-content\/uploads\/2023\/07\/DejateQuerer00002-Isis-Avila-Perez-768x1024.jpg\" class=\"attachment-large size-large wp-image-10606\" alt=\"\" srcset=\"https:\/\/designweekmexico.com\/wp-content\/uploads\/2023\/07\/DejateQuerer00002-Isis-Avila-Perez-768x1024.jpg 768w, https:\/\/designweekmexico.com\/wp-content\/uploads\/2023\/07\/DejateQuerer00002-Isis-Avila-Perez-225x300.jpg 225w, https:\/\/designweekmexico.com\/wp-content\/uploads\/2023\/07\/DejateQuerer00002-Isis-Avila-Perez-1152x1536.jpg 1152w, https:\/\/designweekmexico.com\/wp-content\/uploads\/2023\/07\/DejateQuerer00002-Isis-Avila-Perez-9x12.jpg 9w, https:\/\/designweekmexico.com\/wp-content\/uploads\/2023\/07\/DejateQuerer00002-Isis-Avila-Perez.jpg 1440w\" sizes=\"(max-width: 768px) 100vw, 768px\" \/>\t\t\t\t\t\t\t\t\t\t\t\t\t\t\t<\/div>\n\t\t\t\t<\/div>\n\t\t\t\t\t<\/div>\n\t\t<\/div>\n\t\t\t\t\t<\/div>\n\t\t<\/section>\n\t\t\t\t\t<\/div>\n\t\t<\/div>\n\t\t\t\t\t<\/div>\n\t\t<\/section>\n\t\t\t\t<section class=\"elementor-section elementor-top-section elementor-element elementor-element-4fa80b24 elementor-section-boxed elementor-section-height-default elementor-section-height-default\" data-id=\"4fa80b24\" data-element_type=\"section\" data-settings=\"{&quot;background_background&quot;:&quot;classic&quot;,&quot;_ha_eqh_enable&quot;:false}\">\n\t\t\t\t\t\t<div class=\"elementor-container elementor-column-gap-no\">\n\t\t\t\t\t<div class=\"elementor-column elementor-col-100 elementor-top-column elementor-element elementor-element-5e35aba4\" data-id=\"5e35aba4\" data-element_type=\"column\">\n\t\t\t<div class=\"elementor-widget-wrap elementor-element-populated\">\n\t\t\t\t\t\t<section class=\"elementor-section elementor-inner-section elementor-element elementor-element-3f49d0ce elementor-section-boxed elementor-section-height-default elementor-section-height-default\" data-id=\"3f49d0ce\" data-element_type=\"section\" data-settings=\"{&quot;_ha_eqh_enable&quot;:false}\">\n\t\t\t\t\t\t<div class=\"elementor-container elementor-column-gap-default\">\n\t\t\t\t\t<div class=\"elementor-column elementor-col-50 elementor-inner-column elementor-element elementor-element-2cfee8c6\" data-id=\"2cfee8c6\" data-element_type=\"column\">\n\t\t\t<div class=\"elementor-widget-wrap elementor-element-populated\">\n\t\t\t\t\t\t<div class=\"elementor-element elementor-element-293d3e4a elementor-widget elementor-widget-image\" data-id=\"293d3e4a\" data-element_type=\"widget\" data-widget_type=\"image.default\">\n\t\t\t\t<div class=\"elementor-widget-container\">\n\t\t\t\t\t\t\t\t\t\t\t\t\t\t\t<img loading=\"lazy\" decoding=\"async\" data-attachment-id=\"10607\" data-permalink=\"https:\/\/designweekmexico.com\/en\/convocatorias-2023\/conv-tours-diseno-23\/attachment\/coolhuntermx_disen%cc%83amexicana_vf5-cristina-cruz-2\/\" data-orig-file=\"https:\/\/designweekmexico.com\/wp-content\/uploads\/2023\/07\/Coolhuntermx_DisenaMexicana_VF5-Cristina-Cruz-1.jpg\" data-orig-size=\"1920,1280\" data-comments-opened=\"1\" data-image-meta=\"{&quot;aperture&quot;:&quot;3.5&quot;,&quot;credit&quot;:&quot;&quot;,&quot;camera&quot;:&quot;Canon EOS 80D&quot;,&quot;caption&quot;:&quot;&quot;,&quot;created_timestamp&quot;:&quot;1634321257&quot;,&quot;copyright&quot;:&quot;&quot;,&quot;focal_length&quot;:&quot;18&quot;,&quot;iso&quot;:&quot;800&quot;,&quot;shutter_speed&quot;:&quot;0.008&quot;,&quot;title&quot;:&quot;&quot;,&quot;orientation&quot;:&quot;1&quot;}\" data-image-title=\"Coolhuntermx_Disen\u0303aMexicana_VF5 &amp;#8211; Cristina Cruz\" data-image-description=\"\" data-image-caption=\"\" data-medium-file=\"https:\/\/designweekmexico.com\/wp-content\/uploads\/2023\/07\/Coolhuntermx_DisenaMexicana_VF5-Cristina-Cruz-1-300x200.jpg\" data-large-file=\"https:\/\/designweekmexico.com\/wp-content\/uploads\/2023\/07\/Coolhuntermx_DisenaMexicana_VF5-Cristina-Cruz-1-1024x683.jpg\" width=\"1024\" height=\"683\" src=\"https:\/\/designweekmexico.com\/wp-content\/uploads\/2023\/07\/Coolhuntermx_DisenaMexicana_VF5-Cristina-Cruz-1-1024x683.jpg\" class=\"attachment-large size-large wp-image-10607\" alt=\"\" srcset=\"https:\/\/designweekmexico.com\/wp-content\/uploads\/2023\/07\/Coolhuntermx_DisenaMexicana_VF5-Cristina-Cruz-1-1024x683.jpg 1024w, https:\/\/designweekmexico.com\/wp-content\/uploads\/2023\/07\/Coolhuntermx_DisenaMexicana_VF5-Cristina-Cruz-1-300x200.jpg 300w, https:\/\/designweekmexico.com\/wp-content\/uploads\/2023\/07\/Coolhuntermx_DisenaMexicana_VF5-Cristina-Cruz-1-768x512.jpg 768w, https:\/\/designweekmexico.com\/wp-content\/uploads\/2023\/07\/Coolhuntermx_DisenaMexicana_VF5-Cristina-Cruz-1-1536x1024.jpg 1536w, https:\/\/designweekmexico.com\/wp-content\/uploads\/2023\/07\/Coolhuntermx_DisenaMexicana_VF5-Cristina-Cruz-1-18x12.jpg 18w, https:\/\/designweekmexico.com\/wp-content\/uploads\/2023\/07\/Coolhuntermx_DisenaMexicana_VF5-Cristina-Cruz-1.jpg 1920w\" sizes=\"(max-width: 1024px) 100vw, 1024px\" \/>\t\t\t\t\t\t\t\t\t\t\t\t\t\t\t<\/div>\n\t\t\t\t<\/div>\n\t\t\t\t\t<\/div>\n\t\t<\/div>\n\t\t\t\t<div class=\"elementor-column elementor-col-50 elementor-inner-column elementor-element elementor-element-694cce16\" data-id=\"694cce16\" data-element_type=\"column\">\n\t\t\t<div class=\"elementor-widget-wrap elementor-element-populated\">\n\t\t\t\t\t\t<div class=\"elementor-element elementor-element-55ae8bc6 elementor-widget elementor-widget-image\" data-id=\"55ae8bc6\" data-element_type=\"widget\" data-widget_type=\"image.default\">\n\t\t\t\t<div class=\"elementor-widget-container\">\n\t\t\t\t\t\t\t\t\t\t\t\t\t\t\t<img loading=\"lazy\" decoding=\"async\" data-attachment-id=\"10608\" data-permalink=\"https:\/\/designweekmexico.com\/en\/convocatorias-2023\/conv-tours-diseno-23\/attachment\/onora_1-rafaela-aguilar\/\" data-orig-file=\"https:\/\/designweekmexico.com\/wp-content\/uploads\/2023\/07\/ONORA_1-Rafaela-Aguilar.jpg\" data-orig-size=\"1920,1280\" data-comments-opened=\"1\" data-image-meta=\"{&quot;aperture&quot;:&quot;0&quot;,&quot;credit&quot;:&quot;&quot;,&quot;camera&quot;:&quot;&quot;,&quot;caption&quot;:&quot;&quot;,&quot;created_timestamp&quot;:&quot;1630231731&quot;,&quot;copyright&quot;:&quot;\\u00a9 ONORACASA&quot;,&quot;focal_length&quot;:&quot;0&quot;,&quot;iso&quot;:&quot;0&quot;,&quot;shutter_speed&quot;:&quot;0&quot;,&quot;title&quot;:&quot;&quot;,&quot;orientation&quot;:&quot;1&quot;}\" data-image-title=\"ONORA_1 &amp;#8211; Rafaela Aguilar\" data-image-description=\"\" data-image-caption=\"\" data-medium-file=\"https:\/\/designweekmexico.com\/wp-content\/uploads\/2023\/07\/ONORA_1-Rafaela-Aguilar-300x200.jpg\" data-large-file=\"https:\/\/designweekmexico.com\/wp-content\/uploads\/2023\/07\/ONORA_1-Rafaela-Aguilar-1024x683.jpg\" width=\"1024\" height=\"683\" src=\"https:\/\/designweekmexico.com\/wp-content\/uploads\/2023\/07\/ONORA_1-Rafaela-Aguilar-1024x683.jpg\" class=\"attachment-large size-large wp-image-10608\" alt=\"\" srcset=\"https:\/\/designweekmexico.com\/wp-content\/uploads\/2023\/07\/ONORA_1-Rafaela-Aguilar-1024x683.jpg 1024w, https:\/\/designweekmexico.com\/wp-content\/uploads\/2023\/07\/ONORA_1-Rafaela-Aguilar-300x200.jpg 300w, https:\/\/designweekmexico.com\/wp-content\/uploads\/2023\/07\/ONORA_1-Rafaela-Aguilar-768x512.jpg 768w, https:\/\/designweekmexico.com\/wp-content\/uploads\/2023\/07\/ONORA_1-Rafaela-Aguilar-1536x1024.jpg 1536w, https:\/\/designweekmexico.com\/wp-content\/uploads\/2023\/07\/ONORA_1-Rafaela-Aguilar-18x12.jpg 18w, https:\/\/designweekmexico.com\/wp-content\/uploads\/2023\/07\/ONORA_1-Rafaela-Aguilar.jpg 1920w\" sizes=\"(max-width: 1024px) 100vw, 1024px\" \/>\t\t\t\t\t\t\t\t\t\t\t\t\t\t\t<\/div>\n\t\t\t\t<\/div>\n\t\t\t\t\t<\/div>\n\t\t<\/div>\n\t\t\t\t\t<\/div>\n\t\t<\/section>\n\t\t\t\t<div class=\"elementor-element elementor-element-5bae056b elementor-invisible elementor-widget elementor-widget-icon-box\" data-id=\"5bae056b\" data-element_type=\"widget\" data-settings=\"{&quot;_animation&quot;:&quot;fadeIn&quot;}\" data-widget_type=\"icon-box.default\">\n\t\t\t\t<div class=\"elementor-widget-container\">\n\t\t\t\t\t\t\t<div class=\"elementor-icon-box-wrapper\">\n\n\t\t\t\n\t\t\t\t\t\t<div class=\"elementor-icon-box-content\">\n\n\t\t\t\t\t\t\t\t\t<h3 class=\"elementor-icon-box-title\">\n\t\t\t\t\t\t<span  >\n\t\t\t\t\t\t\tBENEFITS\t\t\t\t\t\t<\/span>\n\t\t\t\t\t<\/h3>\n\t\t\t\t\n\t\t\t\t\n\t\t\t<\/div>\n\t\t\t\n\t\t<\/div>\n\t\t\t\t\t\t<\/div>\n\t\t\t\t<\/div>\n\t\t\t\t<div class=\"elementor-element elementor-element-4a404e61 elementor-widget elementor-widget-text-editor\" data-id=\"4a404e61\" data-element_type=\"widget\" data-widget_type=\"text-editor.default\">\n\t\t\t\t<div class=\"elementor-widget-container\">\n\t\t\t\t\t\t\t\t\t<h3><b>NETWORKING<\/b><\/h3><p><span style=\"font-weight: 400;\">Design Week M\u00e9xico brinda una plataforma \u00fanica para establecer conexiones con otros dise\u00f1adores, expertos de la industria y amantes del dise\u00f1o.\u00a0<\/span><\/p><p><span style=\"font-weight: 400;\">Al recibir a la comunidad de Design Week M\u00e9xico en sus espacios, podr\u00e1n dar a conocer de cerca su trabajo y compartir su visi\u00f3n creativa. Este es el momento perfecto para presentar sus proyectos m\u00e1s recientes, explicar su proceso creativo y mostrar el valor \u00fanico que ofrecen a sus clientes.<\/span><\/p><p><span style=\"font-weight: 400;\">Podr\u00edan surgir colaboraciones futuras, proyectos conjuntos o incluso oportunidades de negocio inesperadas. Aprovechen esta ocasi\u00f3n para explorar sinergias y establecer relaciones s\u00f3lidas en la industria.<\/span><\/p><p><span style=\"font-weight: 400;\">Adem\u00e1s de la exposici\u00f3n y el networking, tienes la posibilidad de vender piezas de dise\u00f1o directamente al p\u00fablico. Este es un excelente escaparate para mostrar su trabajo y captar potenciales clientes, lo que podr\u00eda resultar en nuevas oportunidades comerciales.<\/span><\/p><h3><b>PRESENCE ON MAP<\/b><\/h3><p><span style=\"font-weight: 400;\">Si tienes un lanzamiento y nueva colecci\u00f3n podr\u00e1s comunicarlo a trav\u00e9s de nuestra gu\u00eda tours del dise\u00f1o, adem\u00e1s de formar parte de nuestro mapa oficial de Tours de dise\u00f1o.<\/span><\/p><h3><b>BRAND LOGO<\/b><\/h3><p><span style=\"font-weight: 400;\">El logotipo de la marca ser\u00e1 parte de nuestro apartado Tours de dise\u00f1o y estar\u00e1 direccionado al sitio web para recibir m\u00e1s visitas y visibilidad.<\/span><\/p><h3><b>COMUNICACI\u00d3N CRUZADA<\/b><\/h3><p><span style=\"font-weight: 400;\">Durante el mes del dise\u00f1o tendr\u00e1s el derecho a hacer uso de nuestro logotipo e identidad para la difusi\u00f3n de tu marca y sus diferentes activaciones.<\/span><\/p>\t\t\t\t\t\t\t\t<\/div>\n\t\t\t\t<\/div>\n\t\t\t\t\t<\/div>\n\t\t<\/div>\n\t\t\t\t\t<\/div>\n\t\t<\/section>\n\t\t\t\t<section class=\"elementor-section elementor-top-section elementor-element elementor-element-35f78e34 elementor-section-boxed elementor-section-height-default elementor-section-height-default\" data-id=\"35f78e34\" data-element_type=\"section\" data-settings=\"{&quot;background_background&quot;:&quot;classic&quot;,&quot;_ha_eqh_enable&quot;:false}\">\n\t\t\t\t\t\t<div class=\"elementor-container elementor-column-gap-no\">\n\t\t\t\t\t<div class=\"elementor-column elementor-col-100 elementor-top-column elementor-element elementor-element-17d5e6e7\" data-id=\"17d5e6e7\" data-element_type=\"column\">\n\t\t\t<div class=\"elementor-widget-wrap elementor-element-populated\">\n\t\t\t\t\t\t<div class=\"elementor-element elementor-element-67cda0f5 elementor-widget elementor-widget-image\" data-id=\"67cda0f5\" data-element_type=\"widget\" data-widget_type=\"image.default\">\n\t\t\t\t<div class=\"elementor-widget-container\">\n\t\t\t\t\t\t\t\t\t\t\t\t\t\t\t<img loading=\"lazy\" decoding=\"async\" data-attachment-id=\"10609\" data-permalink=\"https:\/\/designweekmexico.com\/en\/convocatorias-2023\/conv-tours-diseno-23\/attachment\/cacao1-cacao-design\/\" data-orig-file=\"https:\/\/designweekmexico.com\/wp-content\/uploads\/2023\/07\/CACAO1-Cacao-Design.jpg\" data-orig-size=\"1536,1920\" data-comments-opened=\"1\" data-image-meta=\"{&quot;aperture&quot;:&quot;0&quot;,&quot;credit&quot;:&quot;&quot;,&quot;camera&quot;:&quot;ILCE-7&quot;,&quot;caption&quot;:&quot;&quot;,&quot;created_timestamp&quot;:&quot;1645710791&quot;,&quot;copyright&quot;:&quot;&quot;,&quot;focal_length&quot;:&quot;0&quot;,&quot;iso&quot;:&quot;100&quot;,&quot;shutter_speed&quot;:&quot;0.33333333333333&quot;,&quot;title&quot;:&quot;&quot;,&quot;orientation&quot;:&quot;1&quot;}\" data-image-title=\"CACAO1 &amp;#8211; Cacao Design\" data-image-description=\"\" data-image-caption=\"\" data-medium-file=\"https:\/\/designweekmexico.com\/wp-content\/uploads\/2023\/07\/CACAO1-Cacao-Design-240x300.jpg\" data-large-file=\"https:\/\/designweekmexico.com\/wp-content\/uploads\/2023\/07\/CACAO1-Cacao-Design-819x1024.jpg\" width=\"819\" height=\"1024\" src=\"https:\/\/designweekmexico.com\/wp-content\/uploads\/2023\/07\/CACAO1-Cacao-Design-819x1024.jpg\" class=\"attachment-large size-large wp-image-10609\" alt=\"\" srcset=\"https:\/\/designweekmexico.com\/wp-content\/uploads\/2023\/07\/CACAO1-Cacao-Design-819x1024.jpg 819w, https:\/\/designweekmexico.com\/wp-content\/uploads\/2023\/07\/CACAO1-Cacao-Design-240x300.jpg 240w, https:\/\/designweekmexico.com\/wp-content\/uploads\/2023\/07\/CACAO1-Cacao-Design-768x960.jpg 768w, https:\/\/designweekmexico.com\/wp-content\/uploads\/2023\/07\/CACAO1-Cacao-Design-1229x1536.jpg 1229w, https:\/\/designweekmexico.com\/wp-content\/uploads\/2023\/07\/CACAO1-Cacao-Design-10x12.jpg 10w, https:\/\/designweekmexico.com\/wp-content\/uploads\/2023\/07\/CACAO1-Cacao-Design.jpg 1536w\" sizes=\"(max-width: 819px) 100vw, 819px\" \/>\t\t\t\t\t\t\t\t\t\t\t\t\t\t\t<\/div>\n\t\t\t\t<\/div>\n\t\t\t\t\t<\/div>\n\t\t<\/div>\n\t\t\t\t\t<\/div>\n\t\t<\/section>\n\t\t\t\t<section class=\"elementor-section elementor-top-section elementor-element elementor-element-6c7699bd elementor-section-boxed elementor-section-height-default elementor-section-height-default\" data-id=\"6c7699bd\" data-element_type=\"section\" data-settings=\"{&quot;background_background&quot;:&quot;classic&quot;,&quot;_ha_eqh_enable&quot;:false}\">\n\t\t\t\t\t\t<div class=\"elementor-container elementor-column-gap-no\">\n\t\t\t\t\t<div class=\"elementor-column elementor-col-100 elementor-top-column elementor-element elementor-element-11a6c13d\" data-id=\"11a6c13d\" data-element_type=\"column\">\n\t\t\t<div class=\"elementor-widget-wrap elementor-element-populated\">\n\t\t\t\t\t\t<div class=\"elementor-element elementor-element-1c62fda7 elementor-invisible elementor-widget elementor-widget-icon-box\" data-id=\"1c62fda7\" data-element_type=\"widget\" data-settings=\"{&quot;_animation&quot;:&quot;fadeIn&quot;}\" data-widget_type=\"icon-box.default\">\n\t\t\t\t<div class=\"elementor-widget-container\">\n\t\t\t\t\t\t\t<div class=\"elementor-icon-box-wrapper\">\n\n\t\t\t\n\t\t\t\t\t\t<div class=\"elementor-icon-box-content\">\n\n\t\t\t\t\t\t\t\t\t<h3 class=\"elementor-icon-box-title\">\n\t\t\t\t\t\t<span  >\n\t\t\t\t\t\t\tDIFUSI\u00d3N DE MARCA EN SOCIAL MEDIA\t\t\t\t\t\t<\/span>\n\t\t\t\t\t<\/h3>\n\t\t\t\t\n\t\t\t\t\t\t\t\t\t<p class=\"elementor-icon-box-description\">\n\t\t\t\t\t\tGet mentions in all our social networks and newsletters:\t\t\t\t\t<\/p>\n\t\t\t\t\n\t\t\t<\/div>\n\t\t\t\n\t\t<\/div>\n\t\t\t\t\t\t<\/div>\n\t\t\t\t<\/div>\n\t\t\t\t<section class=\"elementor-section elementor-inner-section elementor-element elementor-element-281cedbd elementor-section-boxed elementor-section-height-default elementor-section-height-default\" data-id=\"281cedbd\" data-element_type=\"section\" data-settings=\"{&quot;_ha_eqh_enable&quot;:false}\">\n\t\t\t\t\t\t<div class=\"elementor-container elementor-column-gap-default\">\n\t\t\t\t\t<div class=\"elementor-column elementor-col-50 elementor-inner-column elementor-element elementor-element-17e68bd3\" data-id=\"17e68bd3\" data-element_type=\"column\">\n\t\t\t<div class=\"elementor-widget-wrap elementor-element-populated\">\n\t\t\t\t\t\t<div class=\"elementor-element elementor-element-517aefe5 elementor-widget elementor-widget-text-editor\" data-id=\"517aefe5\" data-element_type=\"widget\" data-widget_type=\"text-editor.default\">\n\t\t\t\t<div class=\"elementor-widget-container\">\n\t\t\t\t\t\t\t\t\t<p><span style=\"font-weight: 400; font-size: 18pt;\"><strong>Facebook<\/strong><br \/><span style=\"font-size: 24pt;\">+170K followers<\/span><\/span><\/p><p><span style=\"font-weight: 400; font-size: 18pt;\"><strong>Instagram<\/strong><br \/><span style=\"font-size: 24pt;\">+145K followers<\/span><\/span><\/p>\t\t\t\t\t\t\t\t<\/div>\n\t\t\t\t<\/div>\n\t\t\t\t\t<\/div>\n\t\t<\/div>\n\t\t\t\t<div class=\"elementor-column elementor-col-50 elementor-inner-column elementor-element elementor-element-1b9af8e3\" data-id=\"1b9af8e3\" data-element_type=\"column\">\n\t\t\t<div class=\"elementor-widget-wrap elementor-element-populated\">\n\t\t\t\t\t\t<div class=\"elementor-element elementor-element-19062103 elementor-widget elementor-widget-text-editor\" data-id=\"19062103\" data-element_type=\"widget\" data-widget_type=\"text-editor.default\">\n\t\t\t\t<div class=\"elementor-widget-container\">\n\t\t\t\t\t\t\t\t\t<p><span style=\"font-weight: 400; font-size: 18pt;\"><strong>Twitter<\/strong><br \/><span style=\"font-size: 24pt;\">+34K followers<\/span><\/span><\/p><p><span style=\"font-weight: 400; font-size: 18pt;\"><strong>Newsletter<\/strong><br \/><span style=\"font-size: 24pt;\">+25K subscribers<\/span><\/span><\/p>\t\t\t\t\t\t\t\t<\/div>\n\t\t\t\t<\/div>\n\t\t\t\t\t<\/div>\n\t\t<\/div>\n\t\t\t\t\t<\/div>\n\t\t<\/section>\n\t\t\t\t<div class=\"elementor-element elementor-element-3b6cec8a elementor-widget elementor-widget-text-editor\" data-id=\"3b6cec8a\" data-element_type=\"widget\" data-widget_type=\"text-editor.default\">\n\t\t\t\t<div class=\"elementor-widget-container\">\n\t\t\t\t\t\t\t\t\t<p><span style=\"font-weight: 400;\">Ser\u00e1s parte de nuestra difusi\u00f3n en nuestros distintos canales de comunicaci\u00f3n, la cu\u00e1l podr\u00e1s tambi\u00e9n compartir desde tus redes sociales, para tener un mayor alcance y comunicarle a toda nuestra comunidad que eres parte del mes del dise\u00f1o.<\/span><\/p><p><span style=\"font-weight: 400;\">Obt\u00e9n la siguiente difusi\u00f3n para tu marca dentro de nuestros canales:<\/span><\/p><p><span style=\"font-weight: 400; font-size: 18pt;\"><strong>2 posts<\/strong><br \/>Facebook &amp; Twitter<\/span><\/p><p><span style=\"font-weight: 400; font-size: 18pt;\"><strong>2 Stories<\/strong><br \/>Instagram<\/span><\/p><p><span style=\"font-weight: 400; font-size: 18pt;\"><strong>1 menci\u00f3n<\/strong><br \/>Newsletter<\/span><\/p>\t\t\t\t\t\t\t\t<\/div>\n\t\t\t\t<\/div>\n\t\t\t\t\t<\/div>\n\t\t<\/div>\n\t\t\t\t\t<\/div>\n\t\t<\/section>\n\t\t\t\t<section class=\"elementor-section elementor-top-section elementor-element elementor-element-688bb196 elementor-section-full_width elementor-section-height-min-height elementor-section-items-stretch elementor-section-content-middle elementor-section-height-default\" data-id=\"688bb196\" data-element_type=\"section\" data-settings=\"{&quot;_ha_eqh_enable&quot;:false}\">\n\t\t\t\t\t\t<div class=\"elementor-container elementor-column-gap-no\">\n\t\t\t\t\t<div class=\"elementor-column elementor-col-50 elementor-top-column elementor-element elementor-element-2646ac1d\" data-id=\"2646ac1d\" data-element_type=\"column\">\n\t\t\t<div class=\"elementor-widget-wrap elementor-element-populated\">\n\t\t\t\t\t\t<div class=\"elementor-element elementor-element-72ff0888 elementor-invisible elementor-widget elementor-widget-heading\" data-id=\"72ff0888\" data-element_type=\"widget\" data-settings=\"{&quot;_animation&quot;:&quot;fadeIn&quot;,&quot;_animation_delay&quot;:200}\" data-widget_type=\"heading.default\">\n\t\t\t\t<div class=\"elementor-widget-container\">\n\t\t\t\t\t<h2 class=\"elementor-heading-title elementor-size-default\"><b>RESGISTRATION<\/b><\/h2>\t\t\t\t<\/div>\n\t\t\t\t<\/div>\n\t\t\t\t<div class=\"elementor-element elementor-element-3e30795 elementor-widget elementor-widget-text-editor\" data-id=\"3e30795\" data-element_type=\"widget\" data-widget_type=\"text-editor.default\">\n\t\t\t\t<div class=\"elementor-widget-container\">\n\t\t\t\t\t\t\t\t\t<h4><strong>1 agosto &#8211; 20 septiembre<\/strong><\/h4><p><span style=\"font-weight: 400;\">A trav\u00e9s de este formulario podr\u00e1s compartirnos la informaci\u00f3n de tu marca, la cual usaremos para la difusi\u00f3n en nuestros distintos canales de comunicaci\u00f3n.<\/span><\/p><p><strong>Mi\u00e9rcoles 20 de septiembre fecha l\u00edmite para compartirnos tu informaci\u00f3n, fuera de esa fecha NO podr\u00e1s ser parte de la difusi\u00f3n.<\/strong><\/p>\t\t\t\t\t\t\t\t<\/div>\n\t\t\t\t<\/div>\n\t\t\t\t<div class=\"elementor-element elementor-element-12f27f83 elementor-align-left elementor-widget elementor-widget-button\" data-id=\"12f27f83\" data-element_type=\"widget\" data-widget_type=\"button.default\">\n\t\t\t\t<div class=\"elementor-widget-container\">\n\t\t\t\t\t\t\t\t\t<div class=\"elementor-button-wrapper\">\n\t\t\t\t\t<a class=\"elementor-button elementor-button-link elementor-size-lg\" href=\"https:\/\/forms.gle\/w5CV8n5nUPsbTewz8\">\n\t\t\t\t\t\t<span class=\"elementor-button-content-wrapper\">\n\t\t\t\t\t\t\t\t\t<span class=\"elementor-button-text\">Register Now<\/span>\n\t\t\t\t\t<\/span>\n\t\t\t\t\t<\/a>\n\t\t\t\t<\/div>\n\t\t\t\t\t\t\t\t<\/div>\n\t\t\t\t<\/div>\n\t\t\t\t\t<\/div>\n\t\t<\/div>\n\t\t\t\t<div class=\"elementor-column elementor-col-50 elementor-top-column elementor-element elementor-element-40b56211\" data-id=\"40b56211\" data-element_type=\"column\" data-settings=\"{&quot;background_background&quot;:&quot;classic&quot;,&quot;background_motion_fx_motion_fx_scrolling&quot;:&quot;yes&quot;,&quot;background_motion_fx_scale_effect&quot;:&quot;yes&quot;,&quot;background_motion_fx_scale_speed&quot;:{&quot;unit&quot;:&quot;px&quot;,&quot;size&quot;:0.5,&quot;sizes&quot;:[]},&quot;background_motion_fx_scale_direction&quot;:&quot;out-in&quot;,&quot;background_motion_fx_scale_range&quot;:{&quot;unit&quot;:&quot;%&quot;,&quot;size&quot;:&quot;&quot;,&quot;sizes&quot;:{&quot;start&quot;:20,&quot;end&quot;:80}},&quot;background_motion_fx_devices&quot;:[&quot;desktop&quot;,&quot;tablet&quot;,&quot;mobile&quot;]}\">\n\t\t\t<div class=\"elementor-widget-wrap elementor-element-populated\">\n\t\t\t\t\t<div class=\"elementor-background-overlay\"><\/div>\n\t\t\t\t\t\t<div class=\"elementor-element elementor-element-70522740 elementor-widget__width-auto elementor-widget elementor-widget-image\" data-id=\"70522740\" data-element_type=\"widget\" data-settings=\"{&quot;motion_fx_motion_fx_scrolling&quot;:&quot;yes&quot;,&quot;motion_fx_scale_effect&quot;:&quot;yes&quot;,&quot;motion_fx_scale_direction&quot;:&quot;in-out&quot;,&quot;motion_fx_scale_speed&quot;:{&quot;unit&quot;:&quot;px&quot;,&quot;size&quot;:1,&quot;sizes&quot;:[]},&quot;motion_fx_scale_range&quot;:{&quot;unit&quot;:&quot;%&quot;,&quot;size&quot;:&quot;&quot;,&quot;sizes&quot;:{&quot;start&quot;:20,&quot;end&quot;:80}},&quot;motion_fx_devices&quot;:[&quot;desktop&quot;,&quot;tablet&quot;,&quot;mobile&quot;]}\" data-widget_type=\"image.default\">\n\t\t\t\t<div class=\"elementor-widget-container\">\n\t\t\t\t\t\t\t\t\t\t\t\t\t\t\t<img loading=\"lazy\" decoding=\"async\" data-attachment-id=\"10610\" data-permalink=\"https:\/\/designweekmexico.com\/en\/convocatorias-2023\/conv-tours-diseno-23\/attachment\/dsc_4024_009dsc_4024edited-cora-gonzalez\/\" data-orig-file=\"https:\/\/designweekmexico.com\/wp-content\/uploads\/2023\/07\/DSC_4024_009DSC_4024edited-Cora-Gonzalez.jpg\" data-orig-size=\"1280,1920\" data-comments-opened=\"1\" data-image-meta=\"{&quot;aperture&quot;:&quot;6.3&quot;,&quot;credit&quot;:&quot;&quot;,&quot;camera&quot;:&quot;NIKON Z 7_2&quot;,&quot;caption&quot;:&quot;&quot;,&quot;created_timestamp&quot;:&quot;1637852111&quot;,&quot;copyright&quot;:&quot;&quot;,&quot;focal_length&quot;:&quot;52&quot;,&quot;iso&quot;:&quot;100&quot;,&quot;shutter_speed&quot;:&quot;0.00625&quot;,&quot;title&quot;:&quot;&quot;,&quot;orientation&quot;:&quot;1&quot;}\" data-image-title=\"DSC_4024_009DSC_4024edited &amp;#8211; Cora Gonzalez\" data-image-description=\"\" data-image-caption=\"\" data-medium-file=\"https:\/\/designweekmexico.com\/wp-content\/uploads\/2023\/07\/DSC_4024_009DSC_4024edited-Cora-Gonzalez-200x300.jpg\" data-large-file=\"https:\/\/designweekmexico.com\/wp-content\/uploads\/2023\/07\/DSC_4024_009DSC_4024edited-Cora-Gonzalez-683x1024.jpg\" width=\"683\" height=\"1024\" src=\"https:\/\/designweekmexico.com\/wp-content\/uploads\/2023\/07\/DSC_4024_009DSC_4024edited-Cora-Gonzalez-683x1024.jpg\" class=\"attachment-large size-large wp-image-10610\" alt=\"\" srcset=\"https:\/\/designweekmexico.com\/wp-content\/uploads\/2023\/07\/DSC_4024_009DSC_4024edited-Cora-Gonzalez-683x1024.jpg 683w, https:\/\/designweekmexico.com\/wp-content\/uploads\/2023\/07\/DSC_4024_009DSC_4024edited-Cora-Gonzalez-200x300.jpg 200w, https:\/\/designweekmexico.com\/wp-content\/uploads\/2023\/07\/DSC_4024_009DSC_4024edited-Cora-Gonzalez-768x1152.jpg 768w, https:\/\/designweekmexico.com\/wp-content\/uploads\/2023\/07\/DSC_4024_009DSC_4024edited-Cora-Gonzalez-1024x1536.jpg 1024w, https:\/\/designweekmexico.com\/wp-content\/uploads\/2023\/07\/DSC_4024_009DSC_4024edited-Cora-Gonzalez-8x12.jpg 8w, https:\/\/designweekmexico.com\/wp-content\/uploads\/2023\/07\/DSC_4024_009DSC_4024edited-Cora-Gonzalez.jpg 1280w\" sizes=\"(max-width: 683px) 100vw, 683px\" \/>\t\t\t\t\t\t\t\t\t\t\t\t\t\t\t<\/div>\n\t\t\t\t<\/div>\n\t\t\t\t\t<\/div>\n\t\t<\/div>\n\t\t\t\t\t<\/div>\n\t\t<\/section>\n\t\t\t\t<section class=\"elementor-section elementor-top-section elementor-element elementor-element-7f8e3db2 elementor-section-boxed elementor-section-height-default elementor-section-height-default\" data-id=\"7f8e3db2\" data-element_type=\"section\" data-settings=\"{&quot;background_background&quot;:&quot;classic&quot;,&quot;_ha_eqh_enable&quot;:false}\">\n\t\t\t\t\t\t<div class=\"elementor-container elementor-column-gap-no\">\n\t\t\t\t\t<div class=\"elementor-column elementor-col-100 elementor-top-column elementor-element elementor-element-326f810\" data-id=\"326f810\" data-element_type=\"column\">\n\t\t\t<div class=\"elementor-widget-wrap elementor-element-populated\">\n\t\t\t\t\t\t<div class=\"elementor-element elementor-element-6d3cb62 elementor-invisible elementor-widget elementor-widget-icon-box\" data-id=\"6d3cb62\" data-element_type=\"widget\" data-settings=\"{&quot;_animation&quot;:&quot;fadeIn&quot;}\" data-widget_type=\"icon-box.default\">\n\t\t\t\t<div class=\"elementor-widget-container\">\n\t\t\t\t\t\t\t<div class=\"elementor-icon-box-wrapper\">\n\n\t\t\t\n\t\t\t\t\t\t<div class=\"elementor-icon-box-content\">\n\n\t\t\t\t\t\t\t\t\t<h3 class=\"elementor-icon-box-title\">\n\t\t\t\t\t\t<span  >\n\t\t\t\t\t\t\tMEMBRES\u00cdA\t\t\t\t\t\t<\/span>\n\t\t\t\t\t<\/h3>\n\t\t\t\t\n\t\t\t\t\n\t\t\t<\/div>\n\t\t\t\n\t\t<\/div>\n\t\t\t\t\t\t<\/div>\n\t\t\t\t<\/div>\n\t\t\t\t<div class=\"elementor-element elementor-element-7f57a6fe elementor-widget elementor-widget-text-editor\" data-id=\"7f57a6fe\" data-element_type=\"widget\" data-widget_type=\"text-editor.default\">\n\t\t\t\t<div class=\"elementor-widget-container\">\n\t\t\t\t\t\t\t\t\t<h3><b>CUOTA DE RECUPERACI\u00d3N<\/b><\/h3>\n<h3><strong>$5,400.00 + IVA&nbsp;<\/strong><\/h3>\n<p><span style=\"font-weight: 400;\"> Tarjeta de d\u00e9bito o cr\u00e9dito o <\/span>ransferencia electr\u00f3nica.<\/p>\t\t\t\t\t\t\t\t<\/div>\n\t\t\t\t<\/div>\n\t\t\t\t<div class=\"elementor-element elementor-element-a7ccc90 elementor-align-center elementor-widget elementor-widget-button\" data-id=\"a7ccc90\" data-element_type=\"widget\" data-widget_type=\"button.default\">\n\t\t\t\t<div class=\"elementor-widget-container\">\n\t\t\t\t\t\t\t\t\t<div class=\"elementor-button-wrapper\">\n\t\t\t\t\t<a class=\"elementor-button elementor-button-link elementor-size-lg\" href=\"https:\/\/designweekmexico.com\/producto\/tours-de-diseno-2023\/\">\n\t\t\t\t\t\t<span class=\"elementor-button-content-wrapper\">\n\t\t\t\t\t\t\t\t\t<span class=\"elementor-button-text\">Realizar pago<\/span>\n\t\t\t\t\t<\/span>\n\t\t\t\t\t<\/a>\n\t\t\t\t<\/div>\n\t\t\t\t\t\t\t\t<\/div>\n\t\t\t\t<\/div>\n\t\t\t\t<div class=\"elementor-element elementor-element-0596ced elementor-widget elementor-widget-text-editor\" data-id=\"0596ced\" data-element_type=\"widget\" data-widget_type=\"text-editor.default\">\n\t\t\t\t<div class=\"elementor-widget-container\">\n\t\t\t\t\t\t\t\t\t<p><span style=\"font-weight: 400;\">Si prefieres adquirir tu membres\u00eda en efectivo, coordina una cita al siguiente correo: <\/span><a href=\"mailto:mariel@mxterritoriocreativo.com\"><span style=\"font-weight: 400;\">mariel@mxterritoriocreativo.com<\/span><\/a><\/p><h4><b>Invoice your payment in this link<\/b><\/h4><p><i><span style=\"font-weight: 400;\">*24 horas despu\u00e9s de haberlo realizado<br \/><\/span><\/i><a href=\"https:\/\/designweekmexico.com\/facturacion\/\"><span style=\"font-weight: 400;\">https:\/\/designweekmexico.com\/facturacion\/<\/span><\/a><\/p><h4><b>50% de descuento<\/b><\/h4><p><i><span style=\"font-weight: 400;\">*Si participas en alguna otra plataforma de la programaci\u00f3n de Design Week Mexico, obtendr\u00e1s <strong>50% de descuento<\/strong> en <strong>Tours de dise\u00f1o<\/strong> (Te pedimos notificar este dato al siguiente correo <\/span><\/i><a href=\"mailto:mariel@mxterritoriocreativo.com\"><i><span style=\"font-weight: 400;\">mariel@mxterritoriocreativo.com<\/span><\/i><\/a><i><span style=\"font-weight: 400;\"> para obtener c\u00f3digo de descuento)<\/span><\/i><\/p>\t\t\t\t\t\t\t\t<\/div>\n\t\t\t\t<\/div>\n\t\t\t\t\t<\/div>\n\t\t<\/div>\n\t\t\t\t\t<\/div>\n\t\t<\/section>\n\t\t\t\t<section class=\"elementor-section elementor-top-section elementor-element elementor-element-22e57f57 elementor-section-boxed elementor-section-height-default elementor-section-height-default\" data-id=\"22e57f57\" data-element_type=\"section\" data-settings=\"{&quot;background_background&quot;:&quot;classic&quot;,&quot;_ha_eqh_enable&quot;:false}\">\n\t\t\t\t\t\t<div class=\"elementor-container elementor-column-gap-no\">\n\t\t\t\t\t<div class=\"elementor-column elementor-col-100 elementor-top-column elementor-element elementor-element-fe3b413\" data-id=\"fe3b413\" data-element_type=\"column\">\n\t\t\t<div class=\"elementor-widget-wrap elementor-element-populated\">\n\t\t\t\t\t\t<div class=\"elementor-element elementor-element-53116f7 elementor-widget elementor-widget-heading\" data-id=\"53116f7\" data-element_type=\"widget\" data-widget_type=\"heading.default\">\n\t\t\t\t<div class=\"elementor-widget-container\">\n\t\t\t\t\t<h1 class=\"elementor-heading-title elementor-size-default\">DATES<\/h1>\t\t\t\t<\/div>\n\t\t\t\t<\/div>\n\t\t\t\t<div class=\"elementor-element elementor-element-46633657 elementor-widget elementor-widget-text-editor\" data-id=\"46633657\" data-element_type=\"widget\" data-widget_type=\"text-editor.default\">\n\t\t\t\t<div class=\"elementor-widget-container\">\n\t\t\t\t\t\t\t\t\t<p><span style=\"font-size: 18pt;\"><b>Confirmaci\u00f3n de participaci\u00f3n<br \/><\/b><span style=\"font-weight: 400;\">1-20 septiembre<\/span><\/span><\/p><p><span style=\"font-size: 18pt;\"><b>Registration<br \/><\/b><span style=\"font-weight: 400;\"><strong>1 agosto &#8211; 20 septiembre<\/strong><br \/><\/span><a href=\"https:\/\/forms.gle\/w5CV8n5nUPsbTewz8\">https:\/\/forms.gle\/w5CV8n5nUPsbTewz8<\/a><\/span><\/p><p><span style=\"font-size: 18pt;\"><b>Pago de cuota de recuperaci\u00f3n<br \/><\/b><span style=\"font-weight: 400;\">1 agosto &#8211; 22 septiembre<\/span><\/span><\/p>\t\t\t\t\t\t\t\t<\/div>\n\t\t\t\t<\/div>\n\t\t\t\t\t<\/div>\n\t\t<\/div>\n\t\t\t\t\t<\/div>\n\t\t<\/section>\n\t\t\t\t<section class=\"elementor-section elementor-top-section elementor-element elementor-element-29e1e26 elementor-section-boxed elementor-section-height-default elementor-section-height-default\" data-id=\"29e1e26\" data-element_type=\"section\" data-settings=\"{&quot;_ha_eqh_enable&quot;:false}\">\n\t\t\t\t\t\t<div class=\"elementor-container elementor-column-gap-default\">\n\t\t\t\t\t<div class=\"elementor-column elementor-col-100 elementor-top-column elementor-element elementor-element-7effbf0\" data-id=\"7effbf0\" data-element_type=\"column\">\n\t\t\t<div class=\"elementor-widget-wrap elementor-element-populated\">\n\t\t\t\t\t\t<div class=\"elementor-element elementor-element-5dc1129 elementor-widget elementor-widget-spacer\" data-id=\"5dc1129\" data-element_type=\"widget\" data-widget_type=\"spacer.default\">\n\t\t\t\t<div class=\"elementor-widget-container\">\n\t\t\t\t\t\t\t<div class=\"elementor-spacer\">\n\t\t\t<div class=\"elementor-spacer-inner\"><\/div>\n\t\t<\/div>\n\t\t\t\t\t\t<\/div>\n\t\t\t\t<\/div>\n\t\t\t\t\t<\/div>\n\t\t<\/div>\n\t\t\t\t\t<\/div>\n\t\t<\/section>\n\t\t\t\t<\/div>","protected":false},"excerpt":{"rendered":"<p>TOURS DE DISE\u00d1O CIUDAD DE M\u00c9XICO 14 \u2013 28 OctPolanco, Roma, Condesa, San Miguel Chapultepec, Lomas de Chapultepec. \u00a0 Nos complace invitarlos a formar parte de los emocionantes &#8220;Tours de [&hellip;]<\/p>","protected":false},"author":175,"featured_media":0,"comment_status":"closed","ping_status":"closed","sticky":false,"template":"","format":"standard","meta":{"_themeisle_gutenberg_block_has_review":false,"_jetpack_memberships_contains_paid_content":false,"footnotes":""},"categories":[69],"tags":[],"class_list":["post-10600","post","type-post","status-publish","format-standard","hentry","category-convocatorias-2023"],"blocksy_meta":{"page_structure_type":"type-4","has_hero_section":"disabled","disable_featured_image":"yes"},"yoast_head":"<!-- This site is optimized with the Yoast SEO plugin v27.5 - https:\/\/yoast.com\/product\/yoast-seo-wordpress\/ -->\n<title>Convocatoria Tours de Dise\u00f1o 2023 - Design Week Mexico<\/title>\n<meta name=\"robots\" content=\"index, follow, max-snippet:-1, max-image-preview:large, max-video-preview:-1\" \/>\n<link rel=\"canonical\" href=\"https:\/\/designweekmexico.com\/en\/convocatorias-2023\/conv-tours-diseno-23\/\" \/>\n<meta property=\"og:locale\" content=\"en_US\" \/>\n<meta property=\"og:type\" content=\"article\" \/>\n<meta property=\"og:title\" content=\"Convocatoria Tours de Dise\u00f1o 2023 - Design Week Mexico\" \/>\n<meta property=\"og:description\" content=\"TOURS DE DISE\u00d1O CIUDAD DE M\u00c9XICO 14 \u2013 28 OctPolanco, Roma, Condesa, San Miguel Chapultepec, Lomas de Chapultepec. \u00a0 Nos complace invitarlos a formar parte de los emocionantes &#8220;Tours de [&hellip;]\" \/>\n<meta property=\"og:url\" content=\"https:\/\/designweekmexico.com\/en\/convocatorias-2023\/conv-tours-diseno-23\/\" \/>\n<meta property=\"og:site_name\" content=\"Design Week Mexico\" \/>\n<meta property=\"article:publisher\" content=\"https:\/\/www.facebook.com\/designweekmex\" \/>\n<meta property=\"article:published_time\" content=\"2023-07-03T23:38:05+00:00\" \/>\n<meta property=\"article:modified_time\" content=\"2025-04-25T18:04:46+00:00\" \/>\n<meta property=\"og:image\" content=\"https:\/\/designweekmexico.com\/wp-content\/uploads\/2023\/07\/Dorica1-Adriana-Luengas.jpg\" \/>\n\t<meta property=\"og:image:width\" content=\"1476\" \/>\n\t<meta property=\"og:image:height\" content=\"1920\" \/>\n\t<meta property=\"og:image:type\" content=\"image\/jpeg\" \/>\n<meta name=\"author\" content=\"Design Week Mexico\" \/>\n<meta name=\"twitter:card\" content=\"summary_large_image\" \/>\n<meta name=\"twitter:creator\" content=\"@designweekmex\" \/>\n<meta name=\"twitter:site\" content=\"@designweekmex\" \/>\n<meta name=\"twitter:label1\" content=\"Written by\" \/>\n\t<meta name=\"twitter:data1\" content=\"Design Week Mexico\" \/>\n\t<meta name=\"twitter:label2\" content=\"Est. reading time\" \/>\n\t<meta name=\"twitter:data2\" content=\"5 minutes\" \/>\n<script type=\"application\/ld+json\" class=\"yoast-schema-graph\">{\"@context\":\"https:\\\/\\\/schema.org\",\"@graph\":[{\"@type\":\"Article\",\"@id\":\"https:\\\/\\\/designweekmexico.com\\\/convocatorias-2023\\\/conv-tours-diseno-23\\\/#article\",\"isPartOf\":{\"@id\":\"https:\\\/\\\/designweekmexico.com\\\/convocatorias-2023\\\/conv-tours-diseno-23\\\/\"},\"author\":{\"name\":\"Design Week Mexico\",\"@id\":\"https:\\\/\\\/designweekmexico.com\\\/#\\\/schema\\\/person\\\/ee1da898b14b7d9d29bd0bc66da7ef01\"},\"headline\":\"Convocatoria Tours de Dise\u00f1o 2023\",\"datePublished\":\"2023-07-03T23:38:05+00:00\",\"dateModified\":\"2025-04-25T18:04:46+00:00\",\"mainEntityOfPage\":{\"@id\":\"https:\\\/\\\/designweekmexico.com\\\/convocatorias-2023\\\/conv-tours-diseno-23\\\/\"},\"wordCount\":738,\"publisher\":{\"@id\":\"https:\\\/\\\/designweekmexico.com\\\/#organization\"},\"image\":{\"@id\":\"https:\\\/\\\/designweekmexico.com\\\/convocatorias-2023\\\/conv-tours-diseno-23\\\/#primaryimage\"},\"thumbnailUrl\":\"https:\\\/\\\/designweekmexico.com\\\/wp-content\\\/uploads\\\/2023\\\/07\\\/Dorica1-Adriana-Luengas-787x1024.jpg\",\"articleSection\":[\"Convocatorias 2023\"],\"inLanguage\":\"en-US\"},{\"@type\":\"WebPage\",\"@id\":\"https:\\\/\\\/designweekmexico.com\\\/convocatorias-2023\\\/conv-tours-diseno-23\\\/\",\"url\":\"https:\\\/\\\/designweekmexico.com\\\/convocatorias-2023\\\/conv-tours-diseno-23\\\/\",\"name\":\"Convocatoria Tours de Dise\u00f1o 2023 - Design Week Mexico\",\"isPartOf\":{\"@id\":\"https:\\\/\\\/designweekmexico.com\\\/#website\"},\"primaryImageOfPage\":{\"@id\":\"https:\\\/\\\/designweekmexico.com\\\/convocatorias-2023\\\/conv-tours-diseno-23\\\/#primaryimage\"},\"image\":{\"@id\":\"https:\\\/\\\/designweekmexico.com\\\/convocatorias-2023\\\/conv-tours-diseno-23\\\/#primaryimage\"},\"thumbnailUrl\":\"https:\\\/\\\/designweekmexico.com\\\/wp-content\\\/uploads\\\/2023\\\/07\\\/Dorica1-Adriana-Luengas-787x1024.jpg\",\"datePublished\":\"2023-07-03T23:38:05+00:00\",\"dateModified\":\"2025-04-25T18:04:46+00:00\",\"breadcrumb\":{\"@id\":\"https:\\\/\\\/designweekmexico.com\\\/convocatorias-2023\\\/conv-tours-diseno-23\\\/#breadcrumb\"},\"inLanguage\":\"en-US\",\"potentialAction\":[{\"@type\":\"ReadAction\",\"target\":[\"https:\\\/\\\/designweekmexico.com\\\/convocatorias-2023\\\/conv-tours-diseno-23\\\/\"]}]},{\"@type\":\"ImageObject\",\"inLanguage\":\"en-US\",\"@id\":\"https:\\\/\\\/designweekmexico.com\\\/convocatorias-2023\\\/conv-tours-diseno-23\\\/#primaryimage\",\"url\":\"https:\\\/\\\/designweekmexico.com\\\/wp-content\\\/uploads\\\/2023\\\/07\\\/Dorica1-Adriana-Luengas-787x1024.jpg\",\"contentUrl\":\"https:\\\/\\\/designweekmexico.com\\\/wp-content\\\/uploads\\\/2023\\\/07\\\/Dorica1-Adriana-Luengas-787x1024.jpg\"},{\"@type\":\"BreadcrumbList\",\"@id\":\"https:\\\/\\\/designweekmexico.com\\\/convocatorias-2023\\\/conv-tours-diseno-23\\\/#breadcrumb\",\"itemListElement\":[{\"@type\":\"ListItem\",\"position\":1,\"name\":\"Inicio\",\"item\":\"https:\\\/\\\/designweekmexico.com\\\/\"},{\"@type\":\"ListItem\",\"position\":2,\"name\":\"Convocatoria Tours de Dise\u00f1o 2023\"}]},{\"@type\":\"WebSite\",\"@id\":\"https:\\\/\\\/designweekmexico.com\\\/#website\",\"url\":\"https:\\\/\\\/designweekmexico.com\\\/\",\"name\":\"Design Week Mexico\",\"description\":\"Dise\u00f1ando el futuro...\",\"publisher\":{\"@id\":\"https:\\\/\\\/designweekmexico.com\\\/#organization\"},\"potentialAction\":[{\"@type\":\"SearchAction\",\"target\":{\"@type\":\"EntryPoint\",\"urlTemplate\":\"https:\\\/\\\/designweekmexico.com\\\/?s={search_term_string}\"},\"query-input\":{\"@type\":\"PropertyValueSpecification\",\"valueRequired\":true,\"valueName\":\"search_term_string\"}}],\"inLanguage\":\"en-US\"},{\"@type\":\"Organization\",\"@id\":\"https:\\\/\\\/designweekmexico.com\\\/#organization\",\"name\":\"Design Week Mexico\",\"url\":\"https:\\\/\\\/designweekmexico.com\\\/\",\"logo\":{\"@type\":\"ImageObject\",\"inLanguage\":\"en-US\",\"@id\":\"https:\\\/\\\/designweekmexico.com\\\/#\\\/schema\\\/logo\\\/image\\\/\",\"url\":\"https:\\\/\\\/designweekmexico.com\\\/wp-content\\\/uploads\\\/2026\\\/04\\\/Asset-58-70eae4-3141d7.svg\",\"contentUrl\":\"https:\\\/\\\/designweekmexico.com\\\/wp-content\\\/uploads\\\/2026\\\/04\\\/Asset-58-70eae4-3141d7.svg\",\"width\":1741,\"height\":103,\"caption\":\"Design Week Mexico\"},\"image\":{\"@id\":\"https:\\\/\\\/designweekmexico.com\\\/#\\\/schema\\\/logo\\\/image\\\/\"},\"sameAs\":[\"https:\\\/\\\/www.facebook.com\\\/designweekmex\",\"https:\\\/\\\/x.com\\\/designweekmex\",\"https:\\\/\\\/www.instagram.com\\\/designweekmex\\\/\",\"https:\\\/\\\/www.youtube.com\\\/user\\\/designweekmexico\",\"https:\\\/\\\/vimeo.com\\\/designweekmexico\",\"https:\\\/\\\/www.linkedin.com\\\/company\\\/designweekmx\\\/\"]},{\"@type\":\"Person\",\"@id\":\"https:\\\/\\\/designweekmexico.com\\\/#\\\/schema\\\/person\\\/ee1da898b14b7d9d29bd0bc66da7ef01\",\"name\":\"Design Week Mexico\",\"image\":{\"@type\":\"ImageObject\",\"inLanguage\":\"en-US\",\"@id\":\"https:\\\/\\\/secure.gravatar.com\\\/avatar\\\/0830bfc50cafacf340fb14966c0f6cc5c88935cded635f38ae2ed050785fd609?s=96&d=mm&r=g\",\"url\":\"https:\\\/\\\/secure.gravatar.com\\\/avatar\\\/0830bfc50cafacf340fb14966c0f6cc5c88935cded635f38ae2ed050785fd609?s=96&d=mm&r=g\",\"contentUrl\":\"https:\\\/\\\/secure.gravatar.com\\\/avatar\\\/0830bfc50cafacf340fb14966c0f6cc5c88935cded635f38ae2ed050785fd609?s=96&d=mm&r=g\",\"caption\":\"Design Week Mexico\"},\"url\":\"https:\\\/\\\/designweekmexico.com\\\/en\\\/author\\\/designweekmexico\\\/\"}]}<\/script>\n<!-- \/ Yoast SEO plugin. -->","yoast_head_json":{"title":"Convocatoria Tours de Dise\u00f1o 2023 - Design Week Mexico","robots":{"index":"index","follow":"follow","max-snippet":"max-snippet:-1","max-image-preview":"max-image-preview:large","max-video-preview":"max-video-preview:-1"},"canonical":"https:\/\/designweekmexico.com\/en\/convocatorias-2023\/conv-tours-diseno-23\/","og_locale":"en_US","og_type":"article","og_title":"Convocatoria Tours de Dise\u00f1o 2023 - Design Week Mexico","og_description":"TOURS DE DISE\u00d1O CIUDAD DE M\u00c9XICO 14 \u2013 28 OctPolanco, Roma, Condesa, San Miguel Chapultepec, Lomas de Chapultepec. \u00a0 Nos complace invitarlos a formar parte de los emocionantes &#8220;Tours de [&hellip;]","og_url":"https:\/\/designweekmexico.com\/en\/convocatorias-2023\/conv-tours-diseno-23\/","og_site_name":"Design Week Mexico","article_publisher":"https:\/\/www.facebook.com\/designweekmex","article_published_time":"2023-07-03T23:38:05+00:00","article_modified_time":"2025-04-25T18:04:46+00:00","og_image":[{"width":1476,"height":1920,"url":"https:\/\/designweekmexico.com\/wp-content\/uploads\/2023\/07\/Dorica1-Adriana-Luengas.jpg","type":"image\/jpeg"}],"author":"Design Week Mexico","twitter_card":"summary_large_image","twitter_creator":"@designweekmex","twitter_site":"@designweekmex","twitter_misc":{"Written by":"Design Week Mexico","Est. reading time":"5 minutes"},"schema":{"@context":"https:\/\/schema.org","@graph":[{"@type":"Article","@id":"https:\/\/designweekmexico.com\/convocatorias-2023\/conv-tours-diseno-23\/#article","isPartOf":{"@id":"https:\/\/designweekmexico.com\/convocatorias-2023\/conv-tours-diseno-23\/"},"author":{"name":"Design Week Mexico","@id":"https:\/\/designweekmexico.com\/#\/schema\/person\/ee1da898b14b7d9d29bd0bc66da7ef01"},"headline":"Convocatoria Tours de Dise\u00f1o 2023","datePublished":"2023-07-03T23:38:05+00:00","dateModified":"2025-04-25T18:04:46+00:00","mainEntityOfPage":{"@id":"https:\/\/designweekmexico.com\/convocatorias-2023\/conv-tours-diseno-23\/"},"wordCount":738,"publisher":{"@id":"https:\/\/designweekmexico.com\/#organization"},"image":{"@id":"https:\/\/designweekmexico.com\/convocatorias-2023\/conv-tours-diseno-23\/#primaryimage"},"thumbnailUrl":"https:\/\/designweekmexico.com\/wp-content\/uploads\/2023\/07\/Dorica1-Adriana-Luengas-787x1024.jpg","articleSection":["Convocatorias 2023"],"inLanguage":"en-US"},{"@type":"WebPage","@id":"https:\/\/designweekmexico.com\/convocatorias-2023\/conv-tours-diseno-23\/","url":"https:\/\/designweekmexico.com\/convocatorias-2023\/conv-tours-diseno-23\/","name":"Convocatoria Tours de Dise\u00f1o 2023 - Design Week Mexico","isPartOf":{"@id":"https:\/\/designweekmexico.com\/#website"},"primaryImageOfPage":{"@id":"https:\/\/designweekmexico.com\/convocatorias-2023\/conv-tours-diseno-23\/#primaryimage"},"image":{"@id":"https:\/\/designweekmexico.com\/convocatorias-2023\/conv-tours-diseno-23\/#primaryimage"},"thumbnailUrl":"https:\/\/designweekmexico.com\/wp-content\/uploads\/2023\/07\/Dorica1-Adriana-Luengas-787x1024.jpg","datePublished":"2023-07-03T23:38:05+00:00","dateModified":"2025-04-25T18:04:46+00:00","breadcrumb":{"@id":"https:\/\/designweekmexico.com\/convocatorias-2023\/conv-tours-diseno-23\/#breadcrumb"},"inLanguage":"en-US","potentialAction":[{"@type":"ReadAction","target":["https:\/\/designweekmexico.com\/convocatorias-2023\/conv-tours-diseno-23\/"]}]},{"@type":"ImageObject","inLanguage":"en-US","@id":"https:\/\/designweekmexico.com\/convocatorias-2023\/conv-tours-diseno-23\/#primaryimage","url":"https:\/\/designweekmexico.com\/wp-content\/uploads\/2023\/07\/Dorica1-Adriana-Luengas-787x1024.jpg","contentUrl":"https:\/\/designweekmexico.com\/wp-content\/uploads\/2023\/07\/Dorica1-Adriana-Luengas-787x1024.jpg"},{"@type":"BreadcrumbList","@id":"https:\/\/designweekmexico.com\/convocatorias-2023\/conv-tours-diseno-23\/#breadcrumb","itemListElement":[{"@type":"ListItem","position":1,"name":"Inicio","item":"https:\/\/designweekmexico.com\/"},{"@type":"ListItem","position":2,"name":"Convocatoria Tours de Dise\u00f1o 2023"}]},{"@type":"WebSite","@id":"https:\/\/designweekmexico.com\/#website","url":"https:\/\/designweekmexico.com\/","name":"Design Week Mexico","description":"Dise\u00f1ando el futuro...","publisher":{"@id":"https:\/\/designweekmexico.com\/#organization"},"potentialAction":[{"@type":"SearchAction","target":{"@type":"EntryPoint","urlTemplate":"https:\/\/designweekmexico.com\/?s={search_term_string}"},"query-input":{"@type":"PropertyValueSpecification","valueRequired":true,"valueName":"search_term_string"}}],"inLanguage":"en-US"},{"@type":"Organization","@id":"https:\/\/designweekmexico.com\/#organization","name":"Design Week Mexico","url":"https:\/\/designweekmexico.com\/","logo":{"@type":"ImageObject","inLanguage":"en-US","@id":"https:\/\/designweekmexico.com\/#\/schema\/logo\/image\/","url":"https:\/\/designweekmexico.com\/wp-content\/uploads\/2026\/04\/Asset-58-70eae4-3141d7.svg","contentUrl":"https:\/\/designweekmexico.com\/wp-content\/uploads\/2026\/04\/Asset-58-70eae4-3141d7.svg","width":1741,"height":103,"caption":"Design Week Mexico"},"image":{"@id":"https:\/\/designweekmexico.com\/#\/schema\/logo\/image\/"},"sameAs":["https:\/\/www.facebook.com\/designweekmex","https:\/\/x.com\/designweekmex","https:\/\/www.instagram.com\/designweekmex\/","https:\/\/www.youtube.com\/user\/designweekmexico","https:\/\/vimeo.com\/designweekmexico","https:\/\/www.linkedin.com\/company\/designweekmx\/"]},{"@type":"Person","@id":"https:\/\/designweekmexico.com\/#\/schema\/person\/ee1da898b14b7d9d29bd0bc66da7ef01","name":"Design Week Mexico","image":{"@type":"ImageObject","inLanguage":"en-US","@id":"https:\/\/secure.gravatar.com\/avatar\/0830bfc50cafacf340fb14966c0f6cc5c88935cded635f38ae2ed050785fd609?s=96&d=mm&r=g","url":"https:\/\/secure.gravatar.com\/avatar\/0830bfc50cafacf340fb14966c0f6cc5c88935cded635f38ae2ed050785fd609?s=96&d=mm&r=g","contentUrl":"https:\/\/secure.gravatar.com\/avatar\/0830bfc50cafacf340fb14966c0f6cc5c88935cded635f38ae2ed050785fd609?s=96&d=mm&r=g","caption":"Design Week Mexico"},"url":"https:\/\/designweekmexico.com\/en\/author\/designweekmexico\/"}]}},"jetpack_featured_media_url":"","jetpack_sharing_enabled":true,"_links":{"self":[{"href":"https:\/\/designweekmexico.com\/en\/wp-json\/wp\/v2\/posts\/10600","targetHints":{"allow":["GET"]}}],"collection":[{"href":"https:\/\/designweekmexico.com\/en\/wp-json\/wp\/v2\/posts"}],"about":[{"href":"https:\/\/designweekmexico.com\/en\/wp-json\/wp\/v2\/types\/post"}],"author":[{"embeddable":true,"href":"https:\/\/designweekmexico.com\/en\/wp-json\/wp\/v2\/users\/175"}],"replies":[{"embeddable":true,"href":"https:\/\/designweekmexico.com\/en\/wp-json\/wp\/v2\/comments?post=10600"}],"version-history":[{"count":8,"href":"https:\/\/designweekmexico.com\/en\/wp-json\/wp\/v2\/posts\/10600\/revisions"}],"predecessor-version":[{"id":20962,"href":"https:\/\/designweekmexico.com\/en\/wp-json\/wp\/v2\/posts\/10600\/revisions\/20962"}],"wp:attachment":[{"href":"https:\/\/designweekmexico.com\/en\/wp-json\/wp\/v2\/media?parent=10600"}],"wp:term":[{"taxonomy":"category","embeddable":true,"href":"https:\/\/designweekmexico.com\/en\/wp-json\/wp\/v2\/categories?post=10600"},{"taxonomy":"post_tag","embeddable":true,"href":"https:\/\/designweekmexico.com\/en\/wp-json\/wp\/v2\/tags?post=10600"}],"curies":[{"name":"wp","href":"https:\/\/api.w.org\/{rel}","templated":true}]}}