{"id":10748,"date":"2023-07-04T19:46:56","date_gmt":"2023-07-05T00:46:56","guid":{"rendered":"https:\/\/designweekmexico.com\/?p=10748"},"modified":"2024-06-26T18:00:55","modified_gmt":"2024-06-26T23:00:55","slug":"queretaro","status":"publish","type":"post","link":"https:\/\/designweekmexico.com\/en\/estado-invitado\/queretaro\/","title":{"rendered":"Quer\u00e9taro 2023"},"content":{"rendered":"<div data-elementor-type=\"wp-post\" data-elementor-id=\"10748\" class=\"elementor elementor-10748\" data-elementor-settings=\"{&quot;ha_cmc_init_switcher&quot;:&quot;no&quot;}\" data-elementor-post-type=\"post\">\n\t\t\t\t\t\t<section class=\"elementor-section elementor-top-section elementor-element elementor-element-3b31164f ct-section-stretched elementor-section-height-min-height elementor-section-items-bottom elementor-section-boxed elementor-section-height-default\" data-id=\"3b31164f\" data-element_type=\"section\" data-settings=\"{&quot;background_background&quot;:&quot;slideshow&quot;,&quot;background_slideshow_gallery&quot;:[{&quot;id&quot;:14962,&quot;url&quot;:&quot;https:\\\/\\\/designweekmexico.com\\\/wp-content\\\/uploads\\\/2024\\\/03\\\/VyT_0823_00319.jpg&quot;},{&quot;id&quot;:14964,&quot;url&quot;:&quot;https:\\\/\\\/designweekmexico.com\\\/wp-content\\\/uploads\\\/2024\\\/03\\\/DSC01804.jpg&quot;},{&quot;id&quot;:14961,&quot;url&quot;:&quot;https:\\\/\\\/designweekmexico.com\\\/wp-content\\\/uploads\\\/2024\\\/03\\\/VyT_0823_00525.jpg&quot;},{&quot;id&quot;:14960,&quot;url&quot;:&quot;https:\\\/\\\/designweekmexico.com\\\/wp-content\\\/uploads\\\/2024\\\/03\\\/VyT_0823_00650.jpg&quot;},{&quot;id&quot;:14955,&quot;url&quot;:&quot;https:\\\/\\\/designweekmexico.com\\\/wp-content\\\/uploads\\\/2024\\\/03\\\/VyT_0823_00474.jpg&quot;},{&quot;id&quot;:15754,&quot;url&quot;:&quot;https:\\\/\\\/designweekmexico.com\\\/wp-content\\\/uploads\\\/2024\\\/06\\\/VyT_0823_00259.jpg&quot;},{&quot;id&quot;:15755,&quot;url&quot;:&quot;https:\\\/\\\/designweekmexico.com\\\/wp-content\\\/uploads\\\/2024\\\/06\\\/VyT_0823_00457.jpg&quot;},{&quot;id&quot;:15756,&quot;url&quot;:&quot;https:\\\/\\\/designweekmexico.com\\\/wp-content\\\/uploads\\\/2024\\\/06\\\/VyT_0823_00561.jpg&quot;},{&quot;id&quot;:15757,&quot;url&quot;:&quot;https:\\\/\\\/designweekmexico.com\\\/wp-content\\\/uploads\\\/2024\\\/06\\\/VyT_0823_00620.jpg&quot;}],&quot;background_slideshow_slide_duration&quot;:3000,&quot;background_slideshow_ken_burns&quot;:&quot;yes&quot;,&quot;background_slideshow_loop&quot;:&quot;yes&quot;,&quot;background_slideshow_slide_transition&quot;:&quot;fade&quot;,&quot;background_slideshow_transition_duration&quot;:500,&quot;background_slideshow_ken_burns_zoom_direction&quot;:&quot;in&quot;,&quot;_ha_eqh_enable&quot;:false}\">\n\t\t\t\t\t\t\t<div class=\"elementor-background-overlay\"><\/div>\n\t\t\t\t\t\t\t<div class=\"elementor-container elementor-column-gap-default\">\n\t\t\t\t\t<div class=\"elementor-column elementor-col-100 elementor-top-column elementor-element elementor-element-62c24267\" data-id=\"62c24267\" data-element_type=\"column\">\n\t\t\t<div class=\"elementor-widget-wrap elementor-element-populated\">\n\t\t\t\t\t\t<div class=\"elementor-element elementor-element-27425a31 elementor-widget elementor-widget-heading\" data-id=\"27425a31\" data-element_type=\"widget\" data-widget_type=\"heading.default\">\n\t\t\t\t<div class=\"elementor-widget-container\">\n\t\t\t\t\t<h1 class=\"elementor-heading-title elementor-size-xxl\">QUER\u00c9TARO<\/h1>\t\t\t\t<\/div>\n\t\t\t\t<\/div>\n\t\t\t\t<div class=\"elementor-element elementor-element-669db686 elementor-widget elementor-widget-heading\" data-id=\"669db686\" data-element_type=\"widget\" data-widget_type=\"heading.default\">\n\t\t\t\t<div class=\"elementor-widget-container\">\n\t\t\t\t\t<h3 class=\"elementor-heading-title elementor-size-xl\">ESTADO INVITADO 2023<\/h3>\t\t\t\t<\/div>\n\t\t\t\t<\/div>\n\t\t\t\t<div class=\"elementor-element elementor-element-d9db64a animated-slow elementor-widget elementor-widget-image\" data-id=\"d9db64a\" data-element_type=\"widget\" data-settings=\"{&quot;_animation&quot;:&quot;none&quot;}\" data-widget_type=\"image.default\">\n\t\t\t\t<div class=\"elementor-widget-container\">\n\t\t\t\t\t\t\t\t\t\t\t\t\t\t\t<img fetchpriority=\"high\" decoding=\"async\" data-attachment-id=\"10668\" data-permalink=\"https:\/\/designweekmexico.com\/en\/scroll-down-white\/\" data-orig-file=\"https:\/\/designweekmexico.com\/wp-content\/uploads\/2023\/07\/Scroll-Down-white.gif\" data-orig-size=\"800,600\" data-comments-opened=\"1\" data-image-meta=\"{&quot;aperture&quot;:&quot;0&quot;,&quot;credit&quot;:&quot;&quot;,&quot;camera&quot;:&quot;&quot;,&quot;caption&quot;:&quot;&quot;,&quot;created_timestamp&quot;:&quot;0&quot;,&quot;copyright&quot;:&quot;&quot;,&quot;focal_length&quot;:&quot;0&quot;,&quot;iso&quot;:&quot;0&quot;,&quot;shutter_speed&quot;:&quot;0&quot;,&quot;title&quot;:&quot;&quot;,&quot;orientation&quot;:&quot;0&quot;}\" data-image-title=\"Scroll-Down-white\" data-image-description=\"\" data-image-caption=\"\" data-medium-file=\"https:\/\/designweekmexico.com\/wp-content\/uploads\/2023\/07\/Scroll-Down-white-300x225.gif\" data-large-file=\"https:\/\/designweekmexico.com\/wp-content\/uploads\/2023\/07\/Scroll-Down-white.gif\" width=\"800\" height=\"600\" src=\"https:\/\/designweekmexico.com\/wp-content\/uploads\/2023\/07\/Scroll-Down-white.gif\" class=\"attachment-full size-full wp-image-10668\" alt=\"\" \/>\t\t\t\t\t\t\t\t\t\t\t\t\t\t\t<\/div>\n\t\t\t\t<\/div>\n\t\t\t\t<div class=\"elementor-element elementor-element-75c48fd5 animated-slow elementor-widget elementor-widget-text-editor\" data-id=\"75c48fd5\" data-element_type=\"widget\" data-settings=\"{&quot;_animation&quot;:&quot;none&quot;}\" data-widget_type=\"text-editor.default\">\n\t\t\t\t<div class=\"elementor-widget-container\">\n\t\t\t\t\t\t\t\t\t<p style=\"text-align: center;\">SCROLL DOWN<\/p>\t\t\t\t\t\t\t\t<\/div>\n\t\t\t\t<\/div>\n\t\t\t\t\t<\/div>\n\t\t<\/div>\n\t\t\t\t\t<\/div>\n\t\t<\/section>\n\t\t\t\t<section class=\"elementor-section elementor-top-section elementor-element elementor-element-d03c380 elementor-section-boxed elementor-section-height-default elementor-section-height-default\" data-id=\"d03c380\" data-element_type=\"section\" data-settings=\"{&quot;_ha_eqh_enable&quot;:false}\">\n\t\t\t\t\t\t<div class=\"elementor-container elementor-column-gap-default\">\n\t\t\t\t\t<div class=\"elementor-column elementor-col-100 elementor-top-column elementor-element elementor-element-d564849\" data-id=\"d564849\" data-element_type=\"column\">\n\t\t\t<div class=\"elementor-widget-wrap elementor-element-populated\">\n\t\t\t\t\t\t<div class=\"elementor-element elementor-element-0c0e60b elementor-widget elementor-widget-heading\" data-id=\"0c0e60b\" data-element_type=\"widget\" data-widget_type=\"heading.default\">\n\t\t\t\t<div class=\"elementor-widget-container\">\n\t\t\t\t\t<p class=\"elementor-heading-title elementor-size-small\">In alliance with:<\/p>\t\t\t\t<\/div>\n\t\t\t\t<\/div>\n\t\t\t\t\t<\/div>\n\t\t<\/div>\n\t\t\t\t\t<\/div>\n\t\t<\/section>\n\t\t\t\t<section class=\"elementor-section elementor-top-section elementor-element elementor-element-f71a46a elementor-section-boxed elementor-section-height-default elementor-section-height-default\" data-id=\"f71a46a\" data-element_type=\"section\" data-settings=\"{&quot;background_background&quot;:&quot;classic&quot;,&quot;_ha_eqh_enable&quot;:false}\">\n\t\t\t\t\t\t<div class=\"elementor-container elementor-column-gap-default\">\n\t\t\t\t\t<div class=\"elementor-column elementor-col-20 elementor-top-column elementor-element elementor-element-5d92ef8\" data-id=\"5d92ef8\" data-element_type=\"column\">\n\t\t\t<div class=\"elementor-widget-wrap elementor-element-populated\">\n\t\t\t\t\t\t<div class=\"elementor-element elementor-element-5b99f5e elementor-widget elementor-widget-image\" data-id=\"5b99f5e\" data-element_type=\"widget\" data-widget_type=\"image.default\">\n\t\t\t\t<div class=\"elementor-widget-container\">\n\t\t\t\t\t\t\t\t\t\t\t\t\t\t\t\t<a href=\"https:\/\/www.queretaro.gob.mx\/\">\n\t\t\t\t\t\t\t<img decoding=\"async\" data-attachment-id=\"11328\" data-permalink=\"https:\/\/designweekmexico.com\/en\/queretaro-01\/\" data-orig-file=\"https:\/\/designweekmexico.com\/wp-content\/uploads\/2023\/08\/queretaro-01.svg\" data-orig-size=\"300,200\" data-comments-opened=\"1\" data-image-meta=\"[]\" data-image-title=\"queretaro-01\" data-image-description=\"\" data-image-caption=\"\" data-medium-file=\"https:\/\/designweekmexico.com\/wp-content\/uploads\/2023\/08\/queretaro-01.svg\" data-large-file=\"https:\/\/designweekmexico.com\/wp-content\/uploads\/2023\/08\/queretaro-01.svg\" width=\"300\" height=\"200\" src=\"https:\/\/designweekmexico.com\/wp-content\/uploads\/2023\/08\/queretaro-01.svg\" class=\"attachment-large size-large wp-image-11328\" alt=\"\" \/>\t\t\t\t\t\t\t\t<\/a>\n\t\t\t\t\t\t\t\t\t\t\t\t\t\t\t<\/div>\n\t\t\t\t<\/div>\n\t\t\t\t\t<\/div>\n\t\t<\/div>\n\t\t\t\t<div class=\"elementor-column elementor-col-20 elementor-top-column elementor-element elementor-element-85f1030\" data-id=\"85f1030\" data-element_type=\"column\">\n\t\t\t<div class=\"elementor-widget-wrap elementor-element-populated\">\n\t\t\t\t\t\t<div class=\"elementor-element elementor-element-fdb8964 elementor-widget elementor-widget-image\" data-id=\"fdb8964\" data-element_type=\"widget\" data-widget_type=\"image.default\">\n\t\t\t\t<div class=\"elementor-widget-container\">\n\t\t\t\t\t\t\t\t\t\t\t\t\t\t\t\t<a href=\"https:\/\/www.queretaro.gob.mx\/\">\n\t\t\t\t\t\t\t<img decoding=\"async\" data-attachment-id=\"11327\" data-permalink=\"https:\/\/designweekmexico.com\/en\/queretaro-02\/\" data-orig-file=\"https:\/\/designweekmexico.com\/wp-content\/uploads\/2023\/08\/queretaro-02.svg\" data-orig-size=\"300,200\" data-comments-opened=\"1\" data-image-meta=\"[]\" data-image-title=\"queretaro-02\" data-image-description=\"\" data-image-caption=\"\" data-medium-file=\"https:\/\/designweekmexico.com\/wp-content\/uploads\/2023\/08\/queretaro-02.svg\" data-large-file=\"https:\/\/designweekmexico.com\/wp-content\/uploads\/2023\/08\/queretaro-02.svg\" width=\"300\" height=\"200\" src=\"https:\/\/designweekmexico.com\/wp-content\/uploads\/2023\/08\/queretaro-02.svg\" class=\"attachment-large size-large wp-image-11327\" alt=\"\" \/>\t\t\t\t\t\t\t\t<\/a>\n\t\t\t\t\t\t\t\t\t\t\t\t\t\t\t<\/div>\n\t\t\t\t<\/div>\n\t\t\t\t\t<\/div>\n\t\t<\/div>\n\t\t\t\t<div class=\"elementor-column elementor-col-20 elementor-top-column elementor-element elementor-element-2de838a\" data-id=\"2de838a\" data-element_type=\"column\">\n\t\t\t<div class=\"elementor-widget-wrap elementor-element-populated\">\n\t\t\t\t\t\t<div class=\"elementor-element elementor-element-e1a6ec6 elementor-widget elementor-widget-image\" data-id=\"e1a6ec6\" data-element_type=\"widget\" data-widget_type=\"image.default\">\n\t\t\t\t<div class=\"elementor-widget-container\">\n\t\t\t\t\t\t\t\t\t\t\t\t\t\t\t\t<a href=\"https:\/\/www.queretaro.gob.mx\/\">\n\t\t\t\t\t\t\t<img loading=\"lazy\" decoding=\"async\" data-attachment-id=\"11329\" data-permalink=\"https:\/\/designweekmexico.com\/en\/queretaro-03\/\" data-orig-file=\"https:\/\/designweekmexico.com\/wp-content\/uploads\/2023\/08\/queretaro-03.svg\" data-orig-size=\"300,200\" data-comments-opened=\"1\" data-image-meta=\"[]\" data-image-title=\"queretaro-03\" data-image-description=\"\" data-image-caption=\"\" data-medium-file=\"https:\/\/designweekmexico.com\/wp-content\/uploads\/2023\/08\/queretaro-03.svg\" data-large-file=\"https:\/\/designweekmexico.com\/wp-content\/uploads\/2023\/08\/queretaro-03.svg\" width=\"300\" height=\"200\" src=\"https:\/\/designweekmexico.com\/wp-content\/uploads\/2023\/08\/queretaro-03.svg\" class=\"attachment-large size-large wp-image-11329\" alt=\"\" \/>\t\t\t\t\t\t\t\t<\/a>\n\t\t\t\t\t\t\t\t\t\t\t\t\t\t\t<\/div>\n\t\t\t\t<\/div>\n\t\t\t\t\t<\/div>\n\t\t<\/div>\n\t\t\t\t<div class=\"elementor-column elementor-col-20 elementor-top-column elementor-element elementor-element-3c16a1e\" data-id=\"3c16a1e\" data-element_type=\"column\">\n\t\t\t<div class=\"elementor-widget-wrap elementor-element-populated\">\n\t\t\t\t\t\t<div class=\"elementor-element elementor-element-2d0ddbe elementor-widget elementor-widget-image\" data-id=\"2d0ddbe\" data-element_type=\"widget\" data-widget_type=\"image.default\">\n\t\t\t\t<div class=\"elementor-widget-container\">\n\t\t\t\t\t\t\t\t\t\t\t\t\t\t\t\t<a href=\"https:\/\/casaqueretanaartesanias.gob.mx\/\">\n\t\t\t\t\t\t\t<img loading=\"lazy\" decoding=\"async\" data-attachment-id=\"11326\" data-permalink=\"https:\/\/designweekmexico.com\/en\/queretaro-04\/\" data-orig-file=\"https:\/\/designweekmexico.com\/wp-content\/uploads\/2023\/08\/queretaro-04.svg\" data-orig-size=\"300,200\" data-comments-opened=\"1\" data-image-meta=\"[]\" data-image-title=\"queretaro-04\" data-image-description=\"\" data-image-caption=\"\" data-medium-file=\"https:\/\/designweekmexico.com\/wp-content\/uploads\/2023\/08\/queretaro-04.svg\" data-large-file=\"https:\/\/designweekmexico.com\/wp-content\/uploads\/2023\/08\/queretaro-04.svg\" width=\"300\" height=\"200\" src=\"https:\/\/designweekmexico.com\/wp-content\/uploads\/2023\/08\/queretaro-04.svg\" class=\"attachment-large size-large wp-image-11326\" alt=\"\" \/>\t\t\t\t\t\t\t\t<\/a>\n\t\t\t\t\t\t\t\t\t\t\t\t\t\t\t<\/div>\n\t\t\t\t<\/div>\n\t\t\t\t\t<\/div>\n\t\t<\/div>\n\t\t\t\t<div class=\"elementor-column elementor-col-20 elementor-top-column elementor-element elementor-element-cba643b\" data-id=\"cba643b\" data-element_type=\"column\">\n\t\t\t<div class=\"elementor-widget-wrap elementor-element-populated\">\n\t\t\t\t\t\t<div class=\"elementor-element elementor-element-e47de60 elementor-widget elementor-widget-image\" data-id=\"e47de60\" data-element_type=\"widget\" data-widget_type=\"image.default\">\n\t\t\t\t<div class=\"elementor-widget-container\">\n\t\t\t\t\t\t\t\t\t\t\t\t\t\t\t\t<a href=\"http:\/\/www.lajabonera.com\/\">\n\t\t\t\t\t\t\t<img loading=\"lazy\" decoding=\"async\" data-attachment-id=\"11638\" data-permalink=\"https:\/\/designweekmexico.com\/en\/queretaro-05-2\/\" data-orig-file=\"https:\/\/designweekmexico.com\/wp-content\/uploads\/2023\/08\/queretaro-05-2.svg\" data-orig-size=\"300,200\" data-comments-opened=\"1\" data-image-meta=\"[]\" data-image-title=\"queretaro-05-2\" data-image-description=\"\" data-image-caption=\"\" data-medium-file=\"https:\/\/designweekmexico.com\/wp-content\/uploads\/2023\/08\/queretaro-05-2.svg\" data-large-file=\"https:\/\/designweekmexico.com\/wp-content\/uploads\/2023\/08\/queretaro-05-2.svg\" width=\"300\" height=\"200\" src=\"https:\/\/designweekmexico.com\/wp-content\/uploads\/2023\/08\/queretaro-05-2.svg\" class=\"attachment-large size-large wp-image-11638\" alt=\"\" \/>\t\t\t\t\t\t\t\t<\/a>\n\t\t\t\t\t\t\t\t\t\t\t\t\t\t\t<\/div>\n\t\t\t\t<\/div>\n\t\t\t\t\t<\/div>\n\t\t<\/div>\n\t\t\t\t\t<\/div>\n\t\t<\/section>\n\t\t\t\t<section class=\"elementor-section elementor-top-section elementor-element elementor-element-908d1e0 elementor-section-boxed elementor-section-height-default elementor-section-height-default\" data-id=\"908d1e0\" data-element_type=\"section\" data-settings=\"{&quot;_ha_eqh_enable&quot;:false}\">\n\t\t\t\t\t\t<div class=\"elementor-container elementor-column-gap-extended\">\n\t\t\t\t\t<div class=\"elementor-column elementor-col-100 elementor-top-column elementor-element elementor-element-46699a7\" data-id=\"46699a7\" data-element_type=\"column\">\n\t\t\t<div class=\"elementor-widget-wrap elementor-element-populated\">\n\t\t\t\t\t\t<div class=\"elementor-element elementor-element-75e69dd2 elementor-widget elementor-widget-heading\" data-id=\"75e69dd2\" data-element_type=\"widget\" data-widget_type=\"heading.default\">\n\t\t\t\t<div class=\"elementor-widget-container\">\n\t\t\t\t\t<h1 class=\"elementor-heading-title elementor-size-xxl\">QUER\u00c9TARO<\/h1>\t\t\t\t<\/div>\n\t\t\t\t<\/div>\n\t\t\t\t<div class=\"elementor-element elementor-element-e0450e4 elementor-widget elementor-widget-heading\" data-id=\"e0450e4\" data-element_type=\"widget\" data-widget_type=\"heading.default\">\n\t\t\t\t<div class=\"elementor-widget-container\">\n\t\t\t\t\t<h3 class=\"elementor-heading-title elementor-size-default\">Estado invitado 2023<\/h3>\t\t\t\t<\/div>\n\t\t\t\t<\/div>\n\t\t\t\t<div class=\"elementor-element elementor-element-3df31872 elementor-widget elementor-widget-text-editor\" data-id=\"3df31872\" data-element_type=\"widget\" data-widget_type=\"text-editor.default\">\n\t\t\t\t<div class=\"elementor-widget-container\">\n\t\t\t\t\t\t\t\t\t<p><span style=\"font-weight: 400;\">Design Week Mexico 2023 se complace en anunciar a Quer\u00e9taro como el estado invitado de este a\u00f1o, en una colaboraci\u00f3n especial gracias a la alianza con el&nbsp;<\/span><span style=\"font-weight: 700;\">Gobierno del Estado de Quer\u00e9taro<\/span>&nbsp;por medio de la&nbsp;<span style=\"font-weight: 700;\">Casa Queretana de las Artesan\u00edas.<\/span><span style=\"font-weight: 400;\">&nbsp;Esta selecci\u00f3n destaca la riqueza cultural, creativa y el potencial innovador de Quer\u00e9taro en el \u00e1mbito del dise\u00f1o.<\/span><\/p>\n<p><span style=\"font-weight: 400;\">La participaci\u00f3n de Quer\u00e9taro en Design Week Mexico 2023 se centrar\u00e1 en la exhibici\u00f3n <\/span><b>Visi\u00f3n y Tradici\u00f3n.<\/b><span style=\"font-weight: 400;\"> En este evento, dise\u00f1adores franceses y artesanos del estado de Quer\u00e9taro trabajar\u00e1n juntos para fusionar la visi\u00f3n contempor\u00e1nea de Francia con las tradiciones y habilidades artesanales \u00fanicas de Quer\u00e9taro. Ser\u00e1 una oportunidad para presenciar una colaboraci\u00f3n transatl\u00e1ntica \u00fanica, donde el talento local y la influencia internacional se unir\u00e1n en un di\u00e1logo creativo.<\/span><\/p>\t\t\t\t\t\t\t\t<\/div>\n\t\t\t\t<\/div>\n\t\t\t\t<div class=\"elementor-element elementor-element-3167686a elementor-widget elementor-widget-image\" data-id=\"3167686a\" data-element_type=\"widget\" data-widget_type=\"image.default\">\n\t\t\t\t<div class=\"elementor-widget-container\">\n\t\t\t\t\t\t\t\t\t\t\t\t\t\t\t<img loading=\"lazy\" decoding=\"async\" data-attachment-id=\"14959\" data-permalink=\"https:\/\/designweekmexico.com\/en\/programa-2024\/vision-y-tradicion-24\/attachment\/vyt_0823_00508\/\" data-orig-file=\"https:\/\/designweekmexico.com\/wp-content\/uploads\/2024\/03\/VyT_0823_00508.jpg\" data-orig-size=\"1280,1920\" data-comments-opened=\"1\" data-image-meta=\"{&quot;aperture&quot;:&quot;4&quot;,&quot;credit&quot;:&quot;&quot;,&quot;camera&quot;:&quot;ILCE-7M2&quot;,&quot;caption&quot;:&quot;&quot;,&quot;created_timestamp&quot;:&quot;1691693393&quot;,&quot;copyright&quot;:&quot;&quot;,&quot;focal_length&quot;:&quot;106&quot;,&quot;iso&quot;:&quot;500&quot;,&quot;shutter_speed&quot;:&quot;0.008&quot;,&quot;title&quot;:&quot;&quot;,&quot;orientation&quot;:&quot;0&quot;}\" data-image-title=\"VyT_0823_00508\" data-image-description=\"\" data-image-caption=\"\" data-medium-file=\"https:\/\/designweekmexico.com\/wp-content\/uploads\/2024\/03\/VyT_0823_00508-200x300.jpg\" data-large-file=\"https:\/\/designweekmexico.com\/wp-content\/uploads\/2024\/03\/VyT_0823_00508-683x1024.jpg\" width=\"1280\" height=\"1920\" src=\"https:\/\/designweekmexico.com\/wp-content\/uploads\/2024\/03\/VyT_0823_00508.jpg\" class=\"attachment-full size-full wp-image-14959\" alt=\"\" srcset=\"https:\/\/designweekmexico.com\/wp-content\/uploads\/2024\/03\/VyT_0823_00508.jpg 1280w, https:\/\/designweekmexico.com\/wp-content\/uploads\/2024\/03\/VyT_0823_00508-200x300.jpg 200w, https:\/\/designweekmexico.com\/wp-content\/uploads\/2024\/03\/VyT_0823_00508-683x1024.jpg 683w, https:\/\/designweekmexico.com\/wp-content\/uploads\/2024\/03\/VyT_0823_00508-768x1152.jpg 768w, https:\/\/designweekmexico.com\/wp-content\/uploads\/2024\/03\/VyT_0823_00508-1024x1536.jpg 1024w, https:\/\/designweekmexico.com\/wp-content\/uploads\/2024\/03\/VyT_0823_00508-8x12.jpg 8w, https:\/\/designweekmexico.com\/wp-content\/uploads\/2024\/03\/VyT_0823_00508-400x600.jpg 400w\" sizes=\"(max-width: 1280px) 100vw, 1280px\" \/>\t\t\t\t\t\t\t\t\t\t\t\t\t\t\t<\/div>\n\t\t\t\t<\/div>\n\t\t\t\t<div class=\"elementor-element elementor-element-38abc4a1 elementor-widget elementor-widget-text-editor\" data-id=\"38abc4a1\" data-element_type=\"widget\" data-widget_type=\"text-editor.default\">\n\t\t\t\t<div class=\"elementor-widget-container\">\n\t\t\t\t\t\t\t\t\t<p><span style=\"font-weight: 400;\">Adem\u00e1s de &#8220;Visi\u00f3n y Tradici\u00f3n&#8221;, los dise\u00f1adores y creativos queretanos tendr\u00e1n una destacada presencia en otros espacios de Design Week Mexico 2023. Sus creaciones ser\u00e1n exhibidas en diferentes instalaciones y eventos, destacando la diversidad y originalidad de su trabajo. Esta participaci\u00f3n permitir\u00e1 a los dise\u00f1adores queretanos mostrar su talento y posicionarse en el panorama del dise\u00f1o nacional e internacional.<\/span><\/p><p><span style=\"font-weight: 400;\">Es importante destacar que la colaboraci\u00f3n entre Quer\u00e9taro y Francia tambi\u00e9n se manifestar\u00e1 en Design Week Mexico 2023. Los dise\u00f1adores franceses tendr\u00e1n la oportunidad de trabajar en conjunto con los artesanos de Quer\u00e9taro y los dise\u00f1adores queretanos, en un intercambio cultural y creativo enriquecedor. Esta sinergia entre dos culturas y tradiciones distintas dar\u00e1 como resultado proyectos innovadores y propuestas que fusionar\u00e1n lo mejor de ambos mundos.<\/span><\/p><p><span style=\"font-weight: 400;\">La participaci\u00f3n de Quer\u00e9taro como estado invitado de Design Week Mexico 2023 es un reconocimiento a su destacado papel en el \u00e1mbito del dise\u00f1o y su potencial para impulsar la industria creativa en M\u00e9xico. Esta colaboraci\u00f3n no solo promover\u00e1 la visibilidad y el crecimiento de los dise\u00f1adores queretanos, sino que tambi\u00e9n fortalecer\u00e1 los lazos culturales y creativos entre Quer\u00e9taro y Francia.<\/span><\/p>\t\t\t\t\t\t\t\t<\/div>\n\t\t\t\t<\/div>\n\t\t\t\t<div class=\"elementor-element elementor-element-9ffb290 elementor-widget elementor-widget-gallery\" data-id=\"9ffb290\" data-element_type=\"widget\" data-settings=\"{&quot;gallery_layout&quot;:&quot;justified&quot;,&quot;ideal_row_height&quot;:{&quot;unit&quot;:&quot;px&quot;,&quot;size&quot;:400,&quot;sizes&quot;:[]},&quot;gap&quot;:{&quot;unit&quot;:&quot;px&quot;,&quot;size&quot;:30,&quot;sizes&quot;:[]},&quot;lazyload&quot;:&quot;yes&quot;,&quot;ideal_row_height_tablet&quot;:{&quot;unit&quot;:&quot;px&quot;,&quot;size&quot;:150,&quot;sizes&quot;:[]},&quot;ideal_row_height_mobile&quot;:{&quot;unit&quot;:&quot;px&quot;,&quot;size&quot;:150,&quot;sizes&quot;:[]},&quot;gap_tablet&quot;:{&quot;unit&quot;:&quot;px&quot;,&quot;size&quot;:10,&quot;sizes&quot;:[]},&quot;gap_mobile&quot;:{&quot;unit&quot;:&quot;px&quot;,&quot;size&quot;:10,&quot;sizes&quot;:[]},&quot;link_to&quot;:&quot;file&quot;,&quot;overlay_background&quot;:&quot;yes&quot;,&quot;content_hover_animation&quot;:&quot;fade-in&quot;}\" data-widget_type=\"gallery.default\">\n\t\t\t\t<div class=\"elementor-widget-container\">\n\t\t\t\t\t\t\t<div class=\"elementor-gallery__container\">\n\t\t\t\t\t\t\t<a class=\"e-gallery-item elementor-gallery-item elementor-animated-content\" href=\"https:\/\/designweekmexico.com\/wp-content\/uploads\/2024\/06\/VyT_0823_00620.jpg\" data-elementor-open-lightbox=\"yes\" data-elementor-lightbox-slideshow=\"9ffb290\" data-elementor-lightbox-title=\"VyT_0823_00620\" data-e-action-hash=\"#elementor-action%3Aaction%3Dlightbox%26settings%3DeyJpZCI6MTU3NTcsInVybCI6Imh0dHBzOlwvXC9kZXNpZ253ZWVrbWV4aWNvLmNvbVwvd3AtY29udGVudFwvdXBsb2Fkc1wvMjAyNFwvMDZcL1Z5VF8wODIzXzAwNjIwLmpwZyIsInNsaWRlc2hvdyI6IjlmZmIyOTAifQ%3D%3D\">\n\t\t\t\t\t<div class=\"e-gallery-image elementor-gallery-item__image\" data-thumbnail=\"https:\/\/designweekmexico.com\/wp-content\/uploads\/2024\/06\/VyT_0823_00620.jpg\" data-width=\"1920\" data-height=\"1280\" aria-label=\"\" role=\"img\" ><\/div>\n\t\t\t\t\t\t\t\t\t\t\t<div class=\"elementor-gallery-item__overlay\"><\/div>\n\t\t\t\t\t\t\t\t\t\t\t\t\t\t<\/a>\n\t\t\t\t\t\t\t<a class=\"e-gallery-item elementor-gallery-item elementor-animated-content\" href=\"https:\/\/designweekmexico.com\/wp-content\/uploads\/2024\/06\/VyT_0823_00259.jpg\" data-elementor-open-lightbox=\"yes\" data-elementor-lightbox-slideshow=\"9ffb290\" data-elementor-lightbox-title=\"VyT_0823_00259\" data-e-action-hash=\"#elementor-action%3Aaction%3Dlightbox%26settings%3DeyJpZCI6MTU3NTQsInVybCI6Imh0dHBzOlwvXC9kZXNpZ253ZWVrbWV4aWNvLmNvbVwvd3AtY29udGVudFwvdXBsb2Fkc1wvMjAyNFwvMDZcL1Z5VF8wODIzXzAwMjU5LmpwZyIsInNsaWRlc2hvdyI6IjlmZmIyOTAifQ%3D%3D\">\n\t\t\t\t\t<div class=\"e-gallery-image elementor-gallery-item__image\" data-thumbnail=\"https:\/\/designweekmexico.com\/wp-content\/uploads\/2024\/06\/VyT_0823_00259.jpg\" data-width=\"1920\" data-height=\"1280\" aria-label=\"\" role=\"img\" ><\/div>\n\t\t\t\t\t\t\t\t\t\t\t<div class=\"elementor-gallery-item__overlay\"><\/div>\n\t\t\t\t\t\t\t\t\t\t\t\t\t\t<\/a>\n\t\t\t\t\t\t\t<a class=\"e-gallery-item elementor-gallery-item elementor-animated-content\" href=\"https:\/\/designweekmexico.com\/wp-content\/uploads\/2024\/06\/VyT_0823_00457.jpg\" data-elementor-open-lightbox=\"yes\" data-elementor-lightbox-slideshow=\"9ffb290\" data-elementor-lightbox-title=\"VyT_0823_00457\" data-e-action-hash=\"#elementor-action%3Aaction%3Dlightbox%26settings%3DeyJpZCI6MTU3NTUsInVybCI6Imh0dHBzOlwvXC9kZXNpZ253ZWVrbWV4aWNvLmNvbVwvd3AtY29udGVudFwvdXBsb2Fkc1wvMjAyNFwvMDZcL1Z5VF8wODIzXzAwNDU3LmpwZyIsInNsaWRlc2hvdyI6IjlmZmIyOTAifQ%3D%3D\">\n\t\t\t\t\t<div class=\"e-gallery-image elementor-gallery-item__image\" data-thumbnail=\"https:\/\/designweekmexico.com\/wp-content\/uploads\/2024\/06\/VyT_0823_00457.jpg\" data-width=\"1920\" data-height=\"1280\" aria-label=\"\" role=\"img\" ><\/div>\n\t\t\t\t\t\t\t\t\t\t\t<div class=\"elementor-gallery-item__overlay\"><\/div>\n\t\t\t\t\t\t\t\t\t\t\t\t\t\t<\/a>\n\t\t\t\t\t\t\t<a class=\"e-gallery-item elementor-gallery-item elementor-animated-content\" href=\"https:\/\/designweekmexico.com\/wp-content\/uploads\/2024\/06\/VyT_0823_00561.jpg\" data-elementor-open-lightbox=\"yes\" data-elementor-lightbox-slideshow=\"9ffb290\" data-elementor-lightbox-title=\"VyT_0823_00561\" data-e-action-hash=\"#elementor-action%3Aaction%3Dlightbox%26settings%3DeyJpZCI6MTU3NTYsInVybCI6Imh0dHBzOlwvXC9kZXNpZ253ZWVrbWV4aWNvLmNvbVwvd3AtY29udGVudFwvdXBsb2Fkc1wvMjAyNFwvMDZcL1Z5VF8wODIzXzAwNTYxLmpwZyIsInNsaWRlc2hvdyI6IjlmZmIyOTAifQ%3D%3D\">\n\t\t\t\t\t<div class=\"e-gallery-image elementor-gallery-item__image\" data-thumbnail=\"https:\/\/designweekmexico.com\/wp-content\/uploads\/2024\/06\/VyT_0823_00561.jpg\" data-width=\"1920\" data-height=\"1280\" aria-label=\"\" role=\"img\" ><\/div>\n\t\t\t\t\t\t\t\t\t\t\t<div class=\"elementor-gallery-item__overlay\"><\/div>\n\t\t\t\t\t\t\t\t\t\t\t\t\t\t<\/a>\n\t\t\t\t\t\t\t<a class=\"e-gallery-item elementor-gallery-item elementor-animated-content\" href=\"https:\/\/designweekmexico.com\/wp-content\/uploads\/2024\/05\/VyT_0823_00221.jpg\" data-elementor-open-lightbox=\"yes\" data-elementor-lightbox-slideshow=\"9ffb290\" data-elementor-lightbox-title=\"VyT_0823_00221\" data-e-action-hash=\"#elementor-action%3Aaction%3Dlightbox%26settings%3DeyJpZCI6MTU0NzksInVybCI6Imh0dHBzOlwvXC9kZXNpZ253ZWVrbWV4aWNvLmNvbVwvd3AtY29udGVudFwvdXBsb2Fkc1wvMjAyNFwvMDVcL1Z5VF8wODIzXzAwMjIxLmpwZyIsInNsaWRlc2hvdyI6IjlmZmIyOTAifQ%3D%3D\">\n\t\t\t\t\t<div class=\"e-gallery-image elementor-gallery-item__image\" data-thumbnail=\"https:\/\/designweekmexico.com\/wp-content\/uploads\/2024\/05\/VyT_0823_00221.jpg\" data-width=\"1920\" data-height=\"1280\" aria-label=\"\" role=\"img\" ><\/div>\n\t\t\t\t\t\t\t\t\t\t\t<div class=\"elementor-gallery-item__overlay\"><\/div>\n\t\t\t\t\t\t\t\t\t\t\t\t\t\t<\/a>\n\t\t\t\t\t\t\t<a class=\"e-gallery-item elementor-gallery-item elementor-animated-content\" href=\"https:\/\/designweekmexico.com\/wp-content\/uploads\/2024\/05\/VyT_0823_00321.jpg\" data-elementor-open-lightbox=\"yes\" data-elementor-lightbox-slideshow=\"9ffb290\" data-elementor-lightbox-title=\"VyT_0823_00321\" data-e-action-hash=\"#elementor-action%3Aaction%3Dlightbox%26settings%3DeyJpZCI6MTU0ODAsInVybCI6Imh0dHBzOlwvXC9kZXNpZ253ZWVrbWV4aWNvLmNvbVwvd3AtY29udGVudFwvdXBsb2Fkc1wvMjAyNFwvMDVcL1Z5VF8wODIzXzAwMzIxLmpwZyIsInNsaWRlc2hvdyI6IjlmZmIyOTAifQ%3D%3D\">\n\t\t\t\t\t<div class=\"e-gallery-image elementor-gallery-item__image\" data-thumbnail=\"https:\/\/designweekmexico.com\/wp-content\/uploads\/2024\/05\/VyT_0823_00321.jpg\" data-width=\"1920\" data-height=\"1280\" aria-label=\"\" role=\"img\" ><\/div>\n\t\t\t\t\t\t\t\t\t\t\t<div class=\"elementor-gallery-item__overlay\"><\/div>\n\t\t\t\t\t\t\t\t\t\t\t\t\t\t<\/a>\n\t\t\t\t\t<\/div>\n\t\t\t\t\t<\/div>\n\t\t\t\t<\/div>\n\t\t\t\t<div class=\"elementor-element elementor-element-764c8cb elementor-widget elementor-widget-text-editor\" data-id=\"764c8cb\" data-element_type=\"widget\" data-widget_type=\"text-editor.default\">\n\t\t\t\t<div class=\"elementor-widget-container\">\n\t\t\t\t\t\t\t\t\t<p><span style=\"font-weight: 400;\">Design Week Mexico 2023 ser\u00e1 una plataforma \u00fanica para celebrar la creatividad, la innovaci\u00f3n y la diversidad del dise\u00f1o en Quer\u00e9taro. La participaci\u00f3n de este estado invitado enriquecer\u00e1 la programaci\u00f3n del evento y ofrecer\u00e1 a los visitantes una experiencia \u00fanica para apreciar el talento y la identidad del dise\u00f1o queretano. Ser\u00e1 un encuentro que permitir\u00e1 descubrir las nuevas tendencias, ideas y propuestas que est\u00e1n surgiendo en esta vibrante regi\u00f3n de M\u00e9xico.<\/span><\/p>\t\t\t\t\t\t\t\t<\/div>\n\t\t\t\t<\/div>\n\t\t\t\t\t<\/div>\n\t\t<\/div>\n\t\t\t\t\t<\/div>\n\t\t<\/section>\n\t\t\t\t<\/div>","protected":false},"excerpt":{"rendered":"<p>Design Week Mexico 2023 se complace en anunciar a Quer\u00e9taro como el estado invitado de este a\u00f1o, en una colaboraci\u00f3n especial gracias a la alianza con el Gobierno estatal de Quer\u00e9taro. Esta selecci\u00f3n destaca la riqueza cultural, creativa y el potencial innovador de Quer\u00e9taro en el \u00e1mbito del dise\u00f1o.<\/p>","protected":false},"author":175,"featured_media":15763,"comment_status":"open","ping_status":"open","sticky":false,"template":"","format":"standard","meta":{"_themeisle_gutenberg_block_has_review":false,"_jetpack_memberships_contains_paid_content":false,"footnotes":""},"categories":[150],"tags":[146],"class_list":["post-10748","post","type-post","status-publish","format-standard","has-post-thumbnail","hentry","category-estado-invitado","tag-146"],"blocksy_meta":{"page_structure_type":"type-4","has_hero_section":"disabled","disable_featured_image":"yes","disable_share_box":"yes"},"yoast_head":"<!-- This site is optimized with the Yoast SEO plugin v27.5 - https:\/\/yoast.com\/product\/yoast-seo-wordpress\/ -->\n<title>Quer\u00e9taro 2023 - Design Week Mexico<\/title>\n<meta name=\"robots\" content=\"index, follow, max-snippet:-1, max-image-preview:large, max-video-preview:-1\" \/>\n<link rel=\"canonical\" href=\"https:\/\/designweekmexico.com\/en\/estado-invitado\/queretaro\/\" \/>\n<meta property=\"og:locale\" content=\"en_US\" \/>\n<meta property=\"og:type\" content=\"article\" \/>\n<meta property=\"og:title\" content=\"Quer\u00e9taro 2023 - Design Week Mexico\" \/>\n<meta property=\"og:description\" content=\"Design Week Mexico 2023 se complace en anunciar a Quer\u00e9taro como el estado invitado de este a\u00f1o, en una colaboraci\u00f3n especial gracias a la alianza con el Gobierno estatal de Quer\u00e9taro. Esta selecci\u00f3n destaca la riqueza cultural, creativa y el potencial innovador de Quer\u00e9taro en el \u00e1mbito del dise\u00f1o.\" \/>\n<meta property=\"og:url\" content=\"https:\/\/designweekmexico.com\/en\/estado-invitado\/queretaro\/\" \/>\n<meta property=\"og:site_name\" content=\"Design Week Mexico\" \/>\n<meta property=\"article:publisher\" content=\"https:\/\/www.facebook.com\/designweekmex\" \/>\n<meta property=\"article:published_time\" content=\"2023-07-05T00:46:56+00:00\" \/>\n<meta property=\"article:modified_time\" content=\"2024-06-26T23:00:55+00:00\" \/>\n<meta property=\"og:image\" content=\"https:\/\/designweekmexico.com\/wp-content\/uploads\/2023\/07\/VyT_0823_00259.jpg\" \/>\n\t<meta property=\"og:image:width\" content=\"1920\" \/>\n\t<meta property=\"og:image:height\" content=\"1280\" \/>\n\t<meta property=\"og:image:type\" content=\"image\/jpeg\" \/>\n<meta name=\"author\" content=\"Design Week Mexico\" \/>\n<meta name=\"twitter:card\" content=\"summary_large_image\" \/>\n<meta name=\"twitter:creator\" content=\"@designweekmex\" \/>\n<meta name=\"twitter:site\" content=\"@designweekmex\" \/>\n<meta name=\"twitter:label1\" content=\"Written by\" \/>\n\t<meta name=\"twitter:data1\" content=\"Design Week Mexico\" \/>\n\t<meta name=\"twitter:label2\" content=\"Est. reading time\" \/>\n\t<meta name=\"twitter:data2\" content=\"4 minutes\" \/>\n<script type=\"application\/ld+json\" class=\"yoast-schema-graph\">{\"@context\":\"https:\\\/\\\/schema.org\",\"@graph\":[{\"@type\":\"Article\",\"@id\":\"https:\\\/\\\/designweekmexico.com\\\/estado-invitado\\\/queretaro\\\/#article\",\"isPartOf\":{\"@id\":\"https:\\\/\\\/designweekmexico.com\\\/estado-invitado\\\/queretaro\\\/\"},\"author\":{\"name\":\"Design Week Mexico\",\"@id\":\"https:\\\/\\\/designweekmexico.com\\\/#\\\/schema\\\/person\\\/ee1da898b14b7d9d29bd0bc66da7ef01\"},\"headline\":\"Quer\u00e9taro 2023\",\"datePublished\":\"2023-07-05T00:46:56+00:00\",\"dateModified\":\"2024-06-26T23:00:55+00:00\",\"mainEntityOfPage\":{\"@id\":\"https:\\\/\\\/designweekmexico.com\\\/estado-invitado\\\/queretaro\\\/\"},\"wordCount\":455,\"commentCount\":0,\"publisher\":{\"@id\":\"https:\\\/\\\/designweekmexico.com\\\/#organization\"},\"image\":{\"@id\":\"https:\\\/\\\/designweekmexico.com\\\/estado-invitado\\\/queretaro\\\/#primaryimage\"},\"thumbnailUrl\":\"https:\\\/\\\/designweekmexico.com\\\/wp-content\\\/uploads\\\/2023\\\/07\\\/VyT_0823_00259.jpg\",\"keywords\":[\"2023\"],\"articleSection\":[\"Estado Invitado\"],\"inLanguage\":\"en-US\",\"potentialAction\":[{\"@type\":\"CommentAction\",\"name\":\"Comment\",\"target\":[\"https:\\\/\\\/designweekmexico.com\\\/estado-invitado\\\/queretaro\\\/#respond\"]}]},{\"@type\":\"WebPage\",\"@id\":\"https:\\\/\\\/designweekmexico.com\\\/estado-invitado\\\/queretaro\\\/\",\"url\":\"https:\\\/\\\/designweekmexico.com\\\/estado-invitado\\\/queretaro\\\/\",\"name\":\"Quer\u00e9taro 2023 - Design Week Mexico\",\"isPartOf\":{\"@id\":\"https:\\\/\\\/designweekmexico.com\\\/#website\"},\"primaryImageOfPage\":{\"@id\":\"https:\\\/\\\/designweekmexico.com\\\/estado-invitado\\\/queretaro\\\/#primaryimage\"},\"image\":{\"@id\":\"https:\\\/\\\/designweekmexico.com\\\/estado-invitado\\\/queretaro\\\/#primaryimage\"},\"thumbnailUrl\":\"https:\\\/\\\/designweekmexico.com\\\/wp-content\\\/uploads\\\/2023\\\/07\\\/VyT_0823_00259.jpg\",\"datePublished\":\"2023-07-05T00:46:56+00:00\",\"dateModified\":\"2024-06-26T23:00:55+00:00\",\"breadcrumb\":{\"@id\":\"https:\\\/\\\/designweekmexico.com\\\/estado-invitado\\\/queretaro\\\/#breadcrumb\"},\"inLanguage\":\"en-US\",\"potentialAction\":[{\"@type\":\"ReadAction\",\"target\":[\"https:\\\/\\\/designweekmexico.com\\\/estado-invitado\\\/queretaro\\\/\"]}]},{\"@type\":\"ImageObject\",\"inLanguage\":\"en-US\",\"@id\":\"https:\\\/\\\/designweekmexico.com\\\/estado-invitado\\\/queretaro\\\/#primaryimage\",\"url\":\"https:\\\/\\\/designweekmexico.com\\\/wp-content\\\/uploads\\\/2023\\\/07\\\/VyT_0823_00259.jpg\",\"contentUrl\":\"https:\\\/\\\/designweekmexico.com\\\/wp-content\\\/uploads\\\/2023\\\/07\\\/VyT_0823_00259.jpg\",\"width\":1920,\"height\":1280},{\"@type\":\"BreadcrumbList\",\"@id\":\"https:\\\/\\\/designweekmexico.com\\\/estado-invitado\\\/queretaro\\\/#breadcrumb\",\"itemListElement\":[{\"@type\":\"ListItem\",\"position\":1,\"name\":\"Inicio\",\"item\":\"https:\\\/\\\/designweekmexico.com\\\/\"},{\"@type\":\"ListItem\",\"position\":2,\"name\":\"Quer\u00e9taro 2023\"}]},{\"@type\":\"WebSite\",\"@id\":\"https:\\\/\\\/designweekmexico.com\\\/#website\",\"url\":\"https:\\\/\\\/designweekmexico.com\\\/\",\"name\":\"Design Week Mexico\",\"description\":\"Dise\u00f1ando el futuro...\",\"publisher\":{\"@id\":\"https:\\\/\\\/designweekmexico.com\\\/#organization\"},\"potentialAction\":[{\"@type\":\"SearchAction\",\"target\":{\"@type\":\"EntryPoint\",\"urlTemplate\":\"https:\\\/\\\/designweekmexico.com\\\/?s={search_term_string}\"},\"query-input\":{\"@type\":\"PropertyValueSpecification\",\"valueRequired\":true,\"valueName\":\"search_term_string\"}}],\"inLanguage\":\"en-US\"},{\"@type\":\"Organization\",\"@id\":\"https:\\\/\\\/designweekmexico.com\\\/#organization\",\"name\":\"Design Week Mexico\",\"url\":\"https:\\\/\\\/designweekmexico.com\\\/\",\"logo\":{\"@type\":\"ImageObject\",\"inLanguage\":\"en-US\",\"@id\":\"https:\\\/\\\/designweekmexico.com\\\/#\\\/schema\\\/logo\\\/image\\\/\",\"url\":\"https:\\\/\\\/designweekmexico.com\\\/wp-content\\\/uploads\\\/2026\\\/04\\\/Asset-58-70eae4-3141d7.svg\",\"contentUrl\":\"https:\\\/\\\/designweekmexico.com\\\/wp-content\\\/uploads\\\/2026\\\/04\\\/Asset-58-70eae4-3141d7.svg\",\"width\":1741,\"height\":103,\"caption\":\"Design Week Mexico\"},\"image\":{\"@id\":\"https:\\\/\\\/designweekmexico.com\\\/#\\\/schema\\\/logo\\\/image\\\/\"},\"sameAs\":[\"https:\\\/\\\/www.facebook.com\\\/designweekmex\",\"https:\\\/\\\/x.com\\\/designweekmex\",\"https:\\\/\\\/www.instagram.com\\\/designweekmex\\\/\",\"https:\\\/\\\/www.youtube.com\\\/user\\\/designweekmexico\",\"https:\\\/\\\/vimeo.com\\\/designweekmexico\",\"https:\\\/\\\/www.linkedin.com\\\/company\\\/designweekmx\\\/\"]},{\"@type\":\"Person\",\"@id\":\"https:\\\/\\\/designweekmexico.com\\\/#\\\/schema\\\/person\\\/ee1da898b14b7d9d29bd0bc66da7ef01\",\"name\":\"Design Week Mexico\",\"image\":{\"@type\":\"ImageObject\",\"inLanguage\":\"en-US\",\"@id\":\"https:\\\/\\\/secure.gravatar.com\\\/avatar\\\/0830bfc50cafacf340fb14966c0f6cc5c88935cded635f38ae2ed050785fd609?s=96&d=mm&r=g\",\"url\":\"https:\\\/\\\/secure.gravatar.com\\\/avatar\\\/0830bfc50cafacf340fb14966c0f6cc5c88935cded635f38ae2ed050785fd609?s=96&d=mm&r=g\",\"contentUrl\":\"https:\\\/\\\/secure.gravatar.com\\\/avatar\\\/0830bfc50cafacf340fb14966c0f6cc5c88935cded635f38ae2ed050785fd609?s=96&d=mm&r=g\",\"caption\":\"Design Week Mexico\"},\"url\":\"https:\\\/\\\/designweekmexico.com\\\/en\\\/author\\\/designweekmexico\\\/\"}]}<\/script>\n<!-- \/ Yoast SEO plugin. -->","yoast_head_json":{"title":"Quer\u00e9taro 2023 - Design Week Mexico","robots":{"index":"index","follow":"follow","max-snippet":"max-snippet:-1","max-image-preview":"max-image-preview:large","max-video-preview":"max-video-preview:-1"},"canonical":"https:\/\/designweekmexico.com\/en\/estado-invitado\/queretaro\/","og_locale":"en_US","og_type":"article","og_title":"Quer\u00e9taro 2023 - Design Week Mexico","og_description":"Design Week Mexico 2023 se complace en anunciar a Quer\u00e9taro como el estado invitado de este a\u00f1o, en una colaboraci\u00f3n especial gracias a la alianza con el Gobierno estatal de Quer\u00e9taro. Esta selecci\u00f3n destaca la riqueza cultural, creativa y el potencial innovador de Quer\u00e9taro en el \u00e1mbito del dise\u00f1o.","og_url":"https:\/\/designweekmexico.com\/en\/estado-invitado\/queretaro\/","og_site_name":"Design Week Mexico","article_publisher":"https:\/\/www.facebook.com\/designweekmex","article_published_time":"2023-07-05T00:46:56+00:00","article_modified_time":"2024-06-26T23:00:55+00:00","og_image":[{"width":1920,"height":1280,"url":"https:\/\/designweekmexico.com\/wp-content\/uploads\/2023\/07\/VyT_0823_00259.jpg","type":"image\/jpeg"}],"author":"Design Week Mexico","twitter_card":"summary_large_image","twitter_creator":"@designweekmex","twitter_site":"@designweekmex","twitter_misc":{"Written by":"Design Week Mexico","Est. reading time":"4 minutes"},"schema":{"@context":"https:\/\/schema.org","@graph":[{"@type":"Article","@id":"https:\/\/designweekmexico.com\/estado-invitado\/queretaro\/#article","isPartOf":{"@id":"https:\/\/designweekmexico.com\/estado-invitado\/queretaro\/"},"author":{"name":"Design Week Mexico","@id":"https:\/\/designweekmexico.com\/#\/schema\/person\/ee1da898b14b7d9d29bd0bc66da7ef01"},"headline":"Quer\u00e9taro 2023","datePublished":"2023-07-05T00:46:56+00:00","dateModified":"2024-06-26T23:00:55+00:00","mainEntityOfPage":{"@id":"https:\/\/designweekmexico.com\/estado-invitado\/queretaro\/"},"wordCount":455,"commentCount":0,"publisher":{"@id":"https:\/\/designweekmexico.com\/#organization"},"image":{"@id":"https:\/\/designweekmexico.com\/estado-invitado\/queretaro\/#primaryimage"},"thumbnailUrl":"https:\/\/designweekmexico.com\/wp-content\/uploads\/2023\/07\/VyT_0823_00259.jpg","keywords":["2023"],"articleSection":["Estado Invitado"],"inLanguage":"en-US","potentialAction":[{"@type":"CommentAction","name":"Comment","target":["https:\/\/designweekmexico.com\/estado-invitado\/queretaro\/#respond"]}]},{"@type":"WebPage","@id":"https:\/\/designweekmexico.com\/estado-invitado\/queretaro\/","url":"https:\/\/designweekmexico.com\/estado-invitado\/queretaro\/","name":"Quer\u00e9taro 2023 - Design Week Mexico","isPartOf":{"@id":"https:\/\/designweekmexico.com\/#website"},"primaryImageOfPage":{"@id":"https:\/\/designweekmexico.com\/estado-invitado\/queretaro\/#primaryimage"},"image":{"@id":"https:\/\/designweekmexico.com\/estado-invitado\/queretaro\/#primaryimage"},"thumbnailUrl":"https:\/\/designweekmexico.com\/wp-content\/uploads\/2023\/07\/VyT_0823_00259.jpg","datePublished":"2023-07-05T00:46:56+00:00","dateModified":"2024-06-26T23:00:55+00:00","breadcrumb":{"@id":"https:\/\/designweekmexico.com\/estado-invitado\/queretaro\/#breadcrumb"},"inLanguage":"en-US","potentialAction":[{"@type":"ReadAction","target":["https:\/\/designweekmexico.com\/estado-invitado\/queretaro\/"]}]},{"@type":"ImageObject","inLanguage":"en-US","@id":"https:\/\/designweekmexico.com\/estado-invitado\/queretaro\/#primaryimage","url":"https:\/\/designweekmexico.com\/wp-content\/uploads\/2023\/07\/VyT_0823_00259.jpg","contentUrl":"https:\/\/designweekmexico.com\/wp-content\/uploads\/2023\/07\/VyT_0823_00259.jpg","width":1920,"height":1280},{"@type":"BreadcrumbList","@id":"https:\/\/designweekmexico.com\/estado-invitado\/queretaro\/#breadcrumb","itemListElement":[{"@type":"ListItem","position":1,"name":"Inicio","item":"https:\/\/designweekmexico.com\/"},{"@type":"ListItem","position":2,"name":"Quer\u00e9taro 2023"}]},{"@type":"WebSite","@id":"https:\/\/designweekmexico.com\/#website","url":"https:\/\/designweekmexico.com\/","name":"Design Week Mexico","description":"Dise\u00f1ando el futuro...","publisher":{"@id":"https:\/\/designweekmexico.com\/#organization"},"potentialAction":[{"@type":"SearchAction","target":{"@type":"EntryPoint","urlTemplate":"https:\/\/designweekmexico.com\/?s={search_term_string}"},"query-input":{"@type":"PropertyValueSpecification","valueRequired":true,"valueName":"search_term_string"}}],"inLanguage":"en-US"},{"@type":"Organization","@id":"https:\/\/designweekmexico.com\/#organization","name":"Design Week Mexico","url":"https:\/\/designweekmexico.com\/","logo":{"@type":"ImageObject","inLanguage":"en-US","@id":"https:\/\/designweekmexico.com\/#\/schema\/logo\/image\/","url":"https:\/\/designweekmexico.com\/wp-content\/uploads\/2026\/04\/Asset-58-70eae4-3141d7.svg","contentUrl":"https:\/\/designweekmexico.com\/wp-content\/uploads\/2026\/04\/Asset-58-70eae4-3141d7.svg","width":1741,"height":103,"caption":"Design Week Mexico"},"image":{"@id":"https:\/\/designweekmexico.com\/#\/schema\/logo\/image\/"},"sameAs":["https:\/\/www.facebook.com\/designweekmex","https:\/\/x.com\/designweekmex","https:\/\/www.instagram.com\/designweekmex\/","https:\/\/www.youtube.com\/user\/designweekmexico","https:\/\/vimeo.com\/designweekmexico","https:\/\/www.linkedin.com\/company\/designweekmx\/"]},{"@type":"Person","@id":"https:\/\/designweekmexico.com\/#\/schema\/person\/ee1da898b14b7d9d29bd0bc66da7ef01","name":"Design Week Mexico","image":{"@type":"ImageObject","inLanguage":"en-US","@id":"https:\/\/secure.gravatar.com\/avatar\/0830bfc50cafacf340fb14966c0f6cc5c88935cded635f38ae2ed050785fd609?s=96&d=mm&r=g","url":"https:\/\/secure.gravatar.com\/avatar\/0830bfc50cafacf340fb14966c0f6cc5c88935cded635f38ae2ed050785fd609?s=96&d=mm&r=g","contentUrl":"https:\/\/secure.gravatar.com\/avatar\/0830bfc50cafacf340fb14966c0f6cc5c88935cded635f38ae2ed050785fd609?s=96&d=mm&r=g","caption":"Design Week Mexico"},"url":"https:\/\/designweekmexico.com\/en\/author\/designweekmexico\/"}]}},"jetpack_featured_media_url":"https:\/\/designweekmexico.com\/wp-content\/uploads\/2023\/07\/VyT_0823_00259.jpg","jetpack_sharing_enabled":true,"_links":{"self":[{"href":"https:\/\/designweekmexico.com\/en\/wp-json\/wp\/v2\/posts\/10748","targetHints":{"allow":["GET"]}}],"collection":[{"href":"https:\/\/designweekmexico.com\/en\/wp-json\/wp\/v2\/posts"}],"about":[{"href":"https:\/\/designweekmexico.com\/en\/wp-json\/wp\/v2\/types\/post"}],"author":[{"embeddable":true,"href":"https:\/\/designweekmexico.com\/en\/wp-json\/wp\/v2\/users\/175"}],"replies":[{"embeddable":true,"href":"https:\/\/designweekmexico.com\/en\/wp-json\/wp\/v2\/comments?post=10748"}],"version-history":[{"count":40,"href":"https:\/\/designweekmexico.com\/en\/wp-json\/wp\/v2\/posts\/10748\/revisions"}],"predecessor-version":[{"id":15836,"href":"https:\/\/designweekmexico.com\/en\/wp-json\/wp\/v2\/posts\/10748\/revisions\/15836"}],"wp:featuredmedia":[{"embeddable":true,"href":"https:\/\/designweekmexico.com\/en\/wp-json\/wp\/v2\/media\/15763"}],"wp:attachment":[{"href":"https:\/\/designweekmexico.com\/en\/wp-json\/wp\/v2\/media?parent=10748"}],"wp:term":[{"taxonomy":"category","embeddable":true,"href":"https:\/\/designweekmexico.com\/en\/wp-json\/wp\/v2\/categories?post=10748"},{"taxonomy":"post_tag","embeddable":true,"href":"https:\/\/designweekmexico.com\/en\/wp-json\/wp\/v2\/tags?post=10748"}],"curies":[{"name":"wp","href":"https:\/\/api.w.org\/{rel}","templated":true}]}}