{"id":12240,"date":"2023-08-12T16:51:50","date_gmt":"2023-08-12T21:51:50","guid":{"rendered":"https:\/\/designweekmexico.com\/?p=12240"},"modified":"2024-06-19T12:04:09","modified_gmt":"2024-06-19T17:04:09","slug":"expo-diseno-fr","status":"publish","type":"post","link":"https:\/\/designweekmexico.com\/en\/programa-2023\/expo-diseno-fr\/","title":{"rendered":"Expo Dise\u00f1o Franc\u00e9s"},"content":{"rendered":"<div data-elementor-type=\"wp-post\" data-elementor-id=\"12240\" class=\"elementor elementor-12240\" data-elementor-settings=\"{&quot;ha_cmc_init_switcher&quot;:&quot;no&quot;}\" data-elementor-post-type=\"post\">\n\t\t\t\t\t\t<section class=\"elementor-section elementor-top-section elementor-element elementor-element-55449637 ct-section-stretched elementor-section-height-min-height elementor-section-items-bottom elementor-section-boxed elementor-section-height-default\" data-id=\"55449637\" data-element_type=\"section\" data-settings=\"{&quot;background_background&quot;:&quot;slideshow&quot;,&quot;background_slideshow_gallery&quot;:[{&quot;id&quot;:14522,&quot;url&quot;:&quot;https:\\\/\\\/designweekmexico.com\\\/wp-content\\\/uploads\\\/2024\\\/02\\\/DisenoFrances\\u20142023\\u201401.jpg&quot;},{&quot;id&quot;:14523,&quot;url&quot;:&quot;https:\\\/\\\/designweekmexico.com\\\/wp-content\\\/uploads\\\/2024\\\/02\\\/DisenoFrances\\u20142023\\u201403.jpg&quot;},{&quot;id&quot;:14524,&quot;url&quot;:&quot;https:\\\/\\\/designweekmexico.com\\\/wp-content\\\/uploads\\\/2024\\\/02\\\/DisenoFrances\\u20142023\\u201407.jpg&quot;},{&quot;id&quot;:14525,&quot;url&quot;:&quot;https:\\\/\\\/designweekmexico.com\\\/wp-content\\\/uploads\\\/2024\\\/02\\\/DisenoFrances\\u20142023\\u201408-scaled.jpg&quot;},{&quot;id&quot;:14526,&quot;url&quot;:&quot;https:\\\/\\\/designweekmexico.com\\\/wp-content\\\/uploads\\\/2024\\\/02\\\/DisenoFrances\\u20142023\\u201409.jpg&quot;},{&quot;id&quot;:14527,&quot;url&quot;:&quot;https:\\\/\\\/designweekmexico.com\\\/wp-content\\\/uploads\\\/2024\\\/02\\\/DisenoFrances\\u20142023\\u201412.jpg&quot;}],&quot;background_slideshow_loop&quot;:&quot;yes&quot;,&quot;background_slideshow_slide_duration&quot;:5000,&quot;background_slideshow_slide_transition&quot;:&quot;fade&quot;,&quot;background_slideshow_transition_duration&quot;:500,&quot;_ha_eqh_enable&quot;:false}\">\n\t\t\t\t\t\t\t<div class=\"elementor-background-overlay\"><\/div>\n\t\t\t\t\t\t\t<div class=\"elementor-container elementor-column-gap-default\">\n\t\t\t\t\t<div class=\"elementor-column elementor-col-100 elementor-top-column elementor-element elementor-element-4a7b37\" data-id=\"4a7b37\" data-element_type=\"column\">\n\t\t\t<div class=\"elementor-widget-wrap elementor-element-populated\">\n\t\t\t\t\t\t<div class=\"elementor-element elementor-element-1eadab6e elementor-widget elementor-widget-image\" data-id=\"1eadab6e\" data-element_type=\"widget\" data-widget_type=\"image.default\">\n\t\t\t\t<div class=\"elementor-widget-container\">\n\t\t\t\t\t\t\t\t\t\t\t\t\t\t\t<img fetchpriority=\"high\" decoding=\"async\" data-attachment-id=\"11945\" data-permalink=\"https:\/\/designweekmexico.com\/en\/iconos-dwm23_expo-fr\/\" data-orig-file=\"https:\/\/designweekmexico.com\/wp-content\/uploads\/2023\/09\/iconos-dwm23_expo-fr.svg\" data-orig-size=\"1080,1080\" data-comments-opened=\"1\" data-image-meta=\"[]\" data-image-title=\"iconos-dwm23_expo-fr\" data-image-description=\"\" data-image-caption=\"\" data-medium-file=\"https:\/\/designweekmexico.com\/wp-content\/uploads\/2023\/09\/iconos-dwm23_expo-fr.svg\" data-large-file=\"https:\/\/designweekmexico.com\/wp-content\/uploads\/2023\/09\/iconos-dwm23_expo-fr.svg\" width=\"1024\" height=\"1024\" src=\"https:\/\/designweekmexico.com\/wp-content\/uploads\/2023\/09\/iconos-dwm23_expo-fr.svg\" class=\"attachment-large size-large wp-image-11945\" alt=\"\" \/>\t\t\t\t\t\t\t\t\t\t\t\t\t\t\t<\/div>\n\t\t\t\t<\/div>\n\t\t\t\t<div class=\"elementor-element elementor-element-308b2b6a elementor-widget elementor-widget-heading\" data-id=\"308b2b6a\" data-element_type=\"widget\" data-widget_type=\"heading.default\">\n\t\t\t\t<div class=\"elementor-widget-container\">\n\t\t\t\t\t<h1 class=\"elementor-heading-title elementor-size-xxl\">EXPO DISE\u00d1O<br>FRANC\u00c9S<\/h1>\t\t\t\t<\/div>\n\t\t\t\t<\/div>\n\t\t\t\t<div class=\"elementor-element elementor-element-1733f484 elementor-widget elementor-widget-heading\" data-id=\"1733f484\" data-element_type=\"widget\" data-widget_type=\"heading.default\">\n\t\t\t\t<div class=\"elementor-widget-container\">\n\t\t\t\t\t<h3 class=\"elementor-heading-title elementor-size-xl\">10.OCT \u2013 5.NOV<\/h3>\t\t\t\t<\/div>\n\t\t\t\t<\/div>\n\t\t\t\t<div class=\"elementor-element elementor-element-1692e4eb elementor-widget elementor-widget-heading\" data-id=\"1692e4eb\" data-element_type=\"widget\" data-widget_type=\"heading.default\">\n\t\t\t\t<div class=\"elementor-widget-container\">\n\t\t\t\t\t<p class=\"elementor-heading-title elementor-size-default\">TERRITORIO Galer\u00eda<\/p>\t\t\t\t<\/div>\n\t\t\t\t<\/div>\n\t\t\t\t<div class=\"elementor-element elementor-element-36e26d8b animated-slow elementor-widget elementor-widget-image\" data-id=\"36e26d8b\" data-element_type=\"widget\" data-settings=\"{&quot;_animation&quot;:&quot;none&quot;}\" data-widget_type=\"image.default\">\n\t\t\t\t<div class=\"elementor-widget-container\">\n\t\t\t\t\t\t\t\t\t\t\t\t\t\t\t<img decoding=\"async\" data-attachment-id=\"10668\" data-permalink=\"https:\/\/designweekmexico.com\/en\/scroll-down-white\/\" data-orig-file=\"https:\/\/designweekmexico.com\/wp-content\/uploads\/2023\/07\/Scroll-Down-white.gif\" data-orig-size=\"800,600\" data-comments-opened=\"1\" data-image-meta=\"{&quot;aperture&quot;:&quot;0&quot;,&quot;credit&quot;:&quot;&quot;,&quot;camera&quot;:&quot;&quot;,&quot;caption&quot;:&quot;&quot;,&quot;created_timestamp&quot;:&quot;0&quot;,&quot;copyright&quot;:&quot;&quot;,&quot;focal_length&quot;:&quot;0&quot;,&quot;iso&quot;:&quot;0&quot;,&quot;shutter_speed&quot;:&quot;0&quot;,&quot;title&quot;:&quot;&quot;,&quot;orientation&quot;:&quot;0&quot;}\" data-image-title=\"Scroll-Down-white\" data-image-description=\"\" data-image-caption=\"\" data-medium-file=\"https:\/\/designweekmexico.com\/wp-content\/uploads\/2023\/07\/Scroll-Down-white-300x225.gif\" data-large-file=\"https:\/\/designweekmexico.com\/wp-content\/uploads\/2023\/07\/Scroll-Down-white.gif\" width=\"800\" height=\"600\" src=\"https:\/\/designweekmexico.com\/wp-content\/uploads\/2023\/07\/Scroll-Down-white.gif\" class=\"attachment-full size-full wp-image-10668\" alt=\"\" \/>\t\t\t\t\t\t\t\t\t\t\t\t\t\t\t<\/div>\n\t\t\t\t<\/div>\n\t\t\t\t<div class=\"elementor-element elementor-element-688c79be animated-slow elementor-widget elementor-widget-text-editor\" data-id=\"688c79be\" data-element_type=\"widget\" data-settings=\"{&quot;_animation&quot;:&quot;none&quot;}\" data-widget_type=\"text-editor.default\">\n\t\t\t\t<div class=\"elementor-widget-container\">\n\t\t\t\t\t\t\t\t\t<p style=\"text-align: center;\">SCROLL DOWN<\/p>\t\t\t\t\t\t\t\t<\/div>\n\t\t\t\t<\/div>\n\t\t\t\t\t<\/div>\n\t\t<\/div>\n\t\t\t\t\t<\/div>\n\t\t<\/section>\n\t\t\t\t<section class=\"elementor-section elementor-top-section elementor-element elementor-element-64d1ecff elementor-section-boxed elementor-section-height-default elementor-section-height-default\" data-id=\"64d1ecff\" data-element_type=\"section\" data-settings=\"{&quot;_ha_eqh_enable&quot;:false}\">\n\t\t\t\t\t\t<div class=\"elementor-container elementor-column-gap-extended\">\n\t\t\t\t\t<div class=\"elementor-column elementor-col-66 elementor-top-column elementor-element elementor-element-281bbfa1\" data-id=\"281bbfa1\" data-element_type=\"column\">\n\t\t\t<div class=\"elementor-widget-wrap elementor-element-populated\">\n\t\t\t\t\t\t<div class=\"elementor-element elementor-element-31f3d136 elementor-widget elementor-widget-heading\" data-id=\"31f3d136\" data-element_type=\"widget\" data-widget_type=\"heading.default\">\n\t\t\t\t<div class=\"elementor-widget-container\">\n\t\t\t\t\t<h1 class=\"elementor-heading-title elementor-size-default\">EXPO DISE\u00d1O FRANC\u00c9S<\/h1>\t\t\t\t<\/div>\n\t\t\t\t<\/div>\n\t\t\t\t<div class=\"elementor-element elementor-element-2c63eb6f elementor-widget elementor-widget-text-editor\" data-id=\"2c63eb6f\" data-element_type=\"widget\" data-widget_type=\"text-editor.default\">\n\t\t\t\t<div class=\"elementor-widget-container\">\n\t\t\t\t\t\t\t\t\t<p><span style=\"font-size: 24pt;\"><strong><span style=\"font-size: 18pt;\">Transcending Borders: French Designers in Mexico<\/span><br \/><\/strong><\/span>Una exposici\u00f3n que muestra el trabajo vibrante y diverso de los creativos franceses que han elegido vivir y trabajar en M\u00e9xico. Como parte de Design Week Mexico, esta muestra celebra la fusi\u00f3n de la sensibilidad del dise\u00f1o franc\u00e9s con el rico tapiz cultural de M\u00e9xico, lo que da como resultado disciplinas de dise\u00f1o innovadoras y estimulantes.<\/p><p>La exposici\u00f3n subraya el concepto de fusi\u00f3n, destacando el poder transformador del intercambio cultural. Al fusionar los principios del dise\u00f1o franc\u00e9s con la herencia y la artesan\u00eda mexicana, los dise\u00f1adores destacados crean obras que trascienden las fronteras, incorporando un lenguaje diverso que invita a sumergirte en un mundo donde la creatividad no conoce fronteras.<\/p><p>Descubra las obras cautivadoras de estos dise\u00f1adores visionarios y sea testigo del poder de la colaboraci\u00f3n, la experimentaci\u00f3n y la fusi\u00f3n cultural en el \u00e1mbito del dise\u00f1o. Esta exposici\u00f3n no solo muestra los logros de los dise\u00f1adores franco-mexicanos, sino que tambi\u00e9n sirve de inspiraci\u00f3n para futuras generaciones de creativos. Es un testimonio del poder de la colaboraci\u00f3n, la experimentaci\u00f3n y el intercambio cultural para dar forma al futuro del dise\u00f1o.<\/p>\t\t\t\t\t\t\t\t<\/div>\n\t\t\t\t<\/div>\n\t\t\t\t\t<\/div>\n\t\t<\/div>\n\t\t\t\t<div class=\"elementor-column elementor-col-33 elementor-top-column elementor-element elementor-element-b6c4a31\" data-id=\"b6c4a31\" data-element_type=\"column\">\n\t\t\t<div class=\"elementor-widget-wrap elementor-element-populated\">\n\t\t\t\t\t\t<div class=\"elementor-element elementor-element-6d51709f elementor-widget elementor-widget-heading\" data-id=\"6d51709f\" data-element_type=\"widget\" data-widget_type=\"heading.default\">\n\t\t\t\t<div class=\"elementor-widget-container\">\n\t\t\t\t\t<h3 class=\"elementor-heading-title elementor-size-default\"><b>INFO<\/b><\/h3>\t\t\t\t<\/div>\n\t\t\t\t<\/div>\n\t\t\t\t<div class=\"elementor-element elementor-element-9bd9386 elementor-widget elementor-widget-heading\" data-id=\"9bd9386\" data-element_type=\"widget\" data-widget_type=\"heading.default\">\n\t\t\t\t<div class=\"elementor-widget-container\">\n\t\t\t\t\t<h3 class=\"elementor-heading-title elementor-size-medium\"><b>DATES<\/b><\/h3>\t\t\t\t<\/div>\n\t\t\t\t<\/div>\n\t\t\t\t<div class=\"elementor-element elementor-element-58325070 elementor-widget elementor-widget-text-editor\" data-id=\"58325070\" data-element_type=\"widget\" data-widget_type=\"text-editor.default\">\n\t\t\t\t<div class=\"elementor-widget-container\">\n\t\t\t\t\t\t\t\t\t<p><span style=\"font-size: 18.6667px;\">10 octubre \u2013 5 noviembre<\/span><\/p>\t\t\t\t\t\t\t\t<\/div>\n\t\t\t\t<\/div>\n\t\t\t\t<div class=\"elementor-element elementor-element-11ce8ed7 elementor-widget elementor-widget-text-editor\" data-id=\"11ce8ed7\" data-element_type=\"widget\" data-widget_type=\"text-editor.default\">\n\t\t\t\t<div class=\"elementor-widget-container\">\n\t\t\t\t\t\t\t\t\t<p>Free entry<\/p>\t\t\t\t\t\t\t\t<\/div>\n\t\t\t\t<\/div>\n\t\t\t\t<div class=\"elementor-element elementor-element-1f10147e boton-fr23 elementor-widget elementor-widget-html\" data-id=\"1f10147e\" data-element_type=\"widget\" data-widget_type=\"html.default\">\n\t\t\t\t<div class=\"elementor-widget-container\">\n\t\t\t\t\t<!-- Contenido Noscript para SEO adicional -->\n<noscript><a href=\"https:\/\/expodisenofrances.eventbrite.com\" rel=\"noopener noreferrer\" target=\"_blank\">Comprar boletos en Eventbrite<\/a><\/noscript>\n<!-- Puedes personalizar este bot\u00f3n como quieras -->\n<button id=\"eventbrite-widget-modal-trigger-722460397497\" type=\"button\">Register Now<\/button>\n\n<script src=\"https:\/\/www.eventbrite.com.mx\/static\/widgets\/eb_widgets.js\"><\/script>\n\n<script type=\"text\/javascript\">\n    var exampleCallback = function() {\n        console.log('Pedido completo');\n    };\n\n    window.EBWidgets.createWidget({\n        widgetType: 'checkout',\n        eventId: '722460397497',\n        modal: true,\n        modalTriggerElementId: 'eventbrite-widget-modal-trigger-722460397497',\n        onOrderComplete: exampleCallback\n    });\n<\/script>\t\t\t\t<\/div>\n\t\t\t\t<\/div>\n\t\t\t\t<div class=\"elementor-element elementor-element-63e0be15 elementor-widget elementor-widget-heading\" data-id=\"63e0be15\" data-element_type=\"widget\" data-widget_type=\"heading.default\">\n\t\t\t\t<div class=\"elementor-widget-container\">\n\t\t\t\t\t<h3 class=\"elementor-heading-title elementor-size-medium\"><b>HOURS<\/b><\/h3>\t\t\t\t<\/div>\n\t\t\t\t<\/div>\n\t\t\t\t<div class=\"elementor-element elementor-element-601a0824 elementor-widget elementor-widget-text-editor\" data-id=\"601a0824\" data-element_type=\"widget\" data-widget_type=\"text-editor.default\">\n\t\t\t\t<div class=\"elementor-widget-container\">\n\t\t\t\t\t\t\t\t\t<p><span style=\"font-weight: 400; font-size: 14pt;\">Todos los d\u00edas<br \/>10:00h \u2013 18:00h<\/span><\/p>\t\t\t\t\t\t\t\t<\/div>\n\t\t\t\t<\/div>\n\t\t\t\t<div class=\"elementor-element elementor-element-66d0fc0 elementor-widget elementor-widget-heading\" data-id=\"66d0fc0\" data-element_type=\"widget\" data-widget_type=\"heading.default\">\n\t\t\t\t<div class=\"elementor-widget-container\">\n\t\t\t\t\t<h3 class=\"elementor-heading-title elementor-size-medium\"><b>OPENING<\/b><\/h3>\t\t\t\t<\/div>\n\t\t\t\t<\/div>\n\t\t\t\t<div class=\"elementor-element elementor-element-20d62e6 elementor-widget elementor-widget-text-editor\" data-id=\"20d62e6\" data-element_type=\"widget\" data-widget_type=\"text-editor.default\">\n\t\t\t\t<div class=\"elementor-widget-container\">\n\t\t\t\t\t\t\t\t\t<p><span style=\"font-weight: 400; font-size: 14pt;\">Martes 10 octubre @ 18:00h<br \/><\/span><\/p>\t\t\t\t\t\t\t\t<\/div>\n\t\t\t\t<\/div>\n\t\t\t\t<div class=\"elementor-element elementor-element-8de27ab elementor-widget elementor-widget-heading\" data-id=\"8de27ab\" data-element_type=\"widget\" data-widget_type=\"heading.default\">\n\t\t\t\t<div class=\"elementor-widget-container\">\n\t\t\t\t\t<h3 class=\"elementor-heading-title elementor-size-medium\"><b>LOCATION<\/b><\/h3>\t\t\t\t<\/div>\n\t\t\t\t<\/div>\n\t\t\t\t<div class=\"elementor-element elementor-element-80072e3 elementor-widget elementor-widget-text-editor\" data-id=\"80072e3\" data-element_type=\"widget\" data-widget_type=\"text-editor.default\">\n\t\t\t\t<div class=\"elementor-widget-container\">\n\t\t\t\t\t\t\t\t\t<p><span style=\"font-weight: 400; font-size: 14pt;\"><strong>Territorio Galer\u00eda<\/strong> (G.56 Piso 2)<br \/><\/span><\/p>\t\t\t\t\t\t\t\t<\/div>\n\t\t\t\t<\/div>\n\t\t\t\t<div class=\"elementor-element elementor-element-45181966 elementor-widget elementor-widget-google_maps\" data-id=\"45181966\" data-element_type=\"widget\" data-widget_type=\"google_maps.default\">\n\t\t\t\t<div class=\"elementor-widget-container\">\n\t\t\t\t\t\t\t<div class=\"elementor-custom-embed\">\n\t\t\t<iframe loading=\"lazy\"\n\t\t\t\t\tsrc=\"https:\/\/www.google.com\/maps\/embed\/v1\/place?key=AIzaSyDLbUCkZFgWXa1boCm0V0IQmC-imSJAVVg&#038;q=G.56&#038;zoom=15\"\n\t\t\t\t\ttitle=\"G.56\"\n\t\t\t\t\taria-label=\"G.56\"\n\t\t\t><\/iframe>\n\t\t<\/div>\n\t\t\t\t\t\t<\/div>\n\t\t\t\t<\/div>\n\t\t\t\t\t<\/div>\n\t\t<\/div>\n\t\t\t\t\t<\/div>\n\t\t<\/section>\n\t\t\t\t<section class=\"elementor-section elementor-top-section elementor-element elementor-element-4c7367ea elementor-section-boxed elementor-section-height-default elementor-section-height-default\" data-id=\"4c7367ea\" data-element_type=\"section\" data-settings=\"{&quot;_ha_eqh_enable&quot;:false}\">\n\t\t\t\t\t\t<div class=\"elementor-container elementor-column-gap-default\">\n\t\t\t\t\t<div class=\"elementor-column elementor-col-100 elementor-top-column elementor-element elementor-element-22094528\" data-id=\"22094528\" data-element_type=\"column\">\n\t\t\t<div class=\"elementor-widget-wrap elementor-element-populated\">\n\t\t\t\t\t\t<div class=\"elementor-element elementor-element-9aac2e5 elementor-widget elementor-widget-image\" data-id=\"9aac2e5\" data-element_type=\"widget\" data-widget_type=\"image.default\">\n\t\t\t\t<div class=\"elementor-widget-container\">\n\t\t\t\t\t\t\t\t\t\t\t\t\t\t\t\t<a href=\"https:\/\/designweekmexico.com\/wp-content\/uploads\/2024\/02\/DisenoFrances\u20142023\u201403.jpg\" data-elementor-open-lightbox=\"yes\" data-elementor-lightbox-title=\"Disen\u0303oFrance\u0301s\u20142023\u201403\" data-e-action-hash=\"#elementor-action%3Aaction%3Dlightbox%26settings%3DeyJpZCI6MTQ1MjMsInVybCI6Imh0dHBzOlwvXC9kZXNpZ253ZWVrbWV4aWNvLmNvbVwvd3AtY29udGVudFwvdXBsb2Fkc1wvMjAyNFwvMDJcL0Rpc2Vub0ZyYW5jZXNcdTIwMTQyMDIzXHUyMDE0MDMuanBnIn0%3D\">\n\t\t\t\t\t\t\t<img decoding=\"async\" data-attachment-id=\"14523\" data-permalink=\"https:\/\/designweekmexico.com\/en\/disen%cc%83ofrances-2023-03\/\" data-orig-file=\"https:\/\/designweekmexico.com\/wp-content\/uploads\/2024\/02\/DisenoFrances\u20142023\u201403.jpg\" data-orig-size=\"1920,1280\" data-comments-opened=\"1\" data-image-meta=\"{&quot;aperture&quot;:&quot;5&quot;,&quot;credit&quot;:&quot;MARIANA ACHACH HERROZ&quot;,&quot;camera&quot;:&quot;Canon EOS 6D Mark II&quot;,&quot;caption&quot;:&quot;&quot;,&quot;created_timestamp&quot;:&quot;1699011052&quot;,&quot;copyright&quot;:&quot;ACHACH FOTOGRAFIA&quot;,&quot;focal_length&quot;:&quot;105&quot;,&quot;iso&quot;:&quot;320&quot;,&quot;shutter_speed&quot;:&quot;0.066666666666667&quot;,&quot;title&quot;:&quot;&quot;,&quot;orientation&quot;:&quot;1&quot;}\" data-image-title=\"Disen\u0303oFrance\u0301s\u20142023\u201403\" data-image-description=\"\" data-image-caption=\"\" data-medium-file=\"https:\/\/designweekmexico.com\/wp-content\/uploads\/2024\/02\/DisenoFrances\u20142023\u201403-300x200.jpg\" data-large-file=\"https:\/\/designweekmexico.com\/wp-content\/uploads\/2024\/02\/DisenoFrances\u20142023\u201403-1024x683.jpg\" width=\"1920\" height=\"1280\" src=\"https:\/\/designweekmexico.com\/wp-content\/uploads\/2024\/02\/DisenoFrances\u20142023\u201403.jpg\" class=\"attachment-full size-full wp-image-14523\" alt=\"\" srcset=\"https:\/\/designweekmexico.com\/wp-content\/uploads\/2024\/02\/DisenoFrances\u20142023\u201403.jpg 1920w, https:\/\/designweekmexico.com\/wp-content\/uploads\/2024\/02\/DisenoFrances\u20142023\u201403-300x200.jpg 300w, https:\/\/designweekmexico.com\/wp-content\/uploads\/2024\/02\/DisenoFrances\u20142023\u201403-1024x683.jpg 1024w, https:\/\/designweekmexico.com\/wp-content\/uploads\/2024\/02\/DisenoFrances\u20142023\u201403-768x512.jpg 768w, https:\/\/designweekmexico.com\/wp-content\/uploads\/2024\/02\/DisenoFrances\u20142023\u201403-1536x1024.jpg 1536w, https:\/\/designweekmexico.com\/wp-content\/uploads\/2024\/02\/DisenoFrances\u20142023\u201403-18x12.jpg 18w, https:\/\/designweekmexico.com\/wp-content\/uploads\/2024\/02\/DisenoFrances\u20142023\u201403-600x400.jpg 600w\" sizes=\"(max-width: 1920px) 100vw, 1920px\" \/>\t\t\t\t\t\t\t\t<\/a>\n\t\t\t\t\t\t\t\t\t\t\t\t\t\t\t<\/div>\n\t\t\t\t<\/div>\n\t\t\t\t<div class=\"elementor-element elementor-element-17c0f4b elementor-widget elementor-widget-gallery\" data-id=\"17c0f4b\" data-element_type=\"widget\" data-settings=\"{&quot;columns&quot;:8,&quot;gap&quot;:{&quot;unit&quot;:&quot;px&quot;,&quot;size&quot;:18,&quot;sizes&quot;:[]},&quot;lazyload&quot;:&quot;yes&quot;,&quot;gallery_layout&quot;:&quot;grid&quot;,&quot;columns_tablet&quot;:2,&quot;columns_mobile&quot;:1,&quot;gap_tablet&quot;:{&quot;unit&quot;:&quot;px&quot;,&quot;size&quot;:10,&quot;sizes&quot;:[]},&quot;gap_mobile&quot;:{&quot;unit&quot;:&quot;px&quot;,&quot;size&quot;:10,&quot;sizes&quot;:[]},&quot;link_to&quot;:&quot;file&quot;,&quot;aspect_ratio&quot;:&quot;3:2&quot;,&quot;overlay_background&quot;:&quot;yes&quot;,&quot;content_hover_animation&quot;:&quot;fade-in&quot;}\" data-widget_type=\"gallery.default\">\n\t\t\t\t<div class=\"elementor-widget-container\">\n\t\t\t\t\t\t\t<div class=\"elementor-gallery__container\">\n\t\t\t\t\t\t\t<a class=\"e-gallery-item elementor-gallery-item elementor-animated-content\" href=\"https:\/\/designweekmexico.com\/wp-content\/uploads\/2024\/02\/DisenoFrances\u20142023\u201401.jpg\" data-elementor-open-lightbox=\"yes\" data-elementor-lightbox-slideshow=\"17c0f4b\" data-elementor-lightbox-title=\"Disen\u0303oFrance\u0301s\u20142023\u201401\" data-e-action-hash=\"#elementor-action%3Aaction%3Dlightbox%26settings%3DeyJpZCI6MTQ1MjIsInVybCI6Imh0dHBzOlwvXC9kZXNpZ253ZWVrbWV4aWNvLmNvbVwvd3AtY29udGVudFwvdXBsb2Fkc1wvMjAyNFwvMDJcL0Rpc2Vub0ZyYW5jZXNcdTIwMTQyMDIzXHUyMDE0MDEuanBnIiwic2xpZGVzaG93IjoiMTdjMGY0YiJ9\">\n\t\t\t\t\t<div class=\"e-gallery-image elementor-gallery-item__image\" data-thumbnail=\"https:\/\/designweekmexico.com\/wp-content\/uploads\/2024\/02\/DisenoFrances\u20142023\u201401-1024x683.jpg\" data-width=\"1024\" data-height=\"683\" aria-label=\"\" role=\"img\" ><\/div>\n\t\t\t\t\t\t\t\t\t\t\t<div class=\"elementor-gallery-item__overlay\"><\/div>\n\t\t\t\t\t\t\t\t\t\t\t\t\t\t<\/a>\n\t\t\t\t\t\t\t<a class=\"e-gallery-item elementor-gallery-item elementor-animated-content\" href=\"https:\/\/designweekmexico.com\/wp-content\/uploads\/2024\/02\/DisenoFrances\u20142023\u201413.jpg\" data-elementor-open-lightbox=\"yes\" data-elementor-lightbox-slideshow=\"17c0f4b\" data-elementor-lightbox-title=\"Disen\u0303oFrance\u0301s\u20142023\u201413\" data-e-action-hash=\"#elementor-action%3Aaction%3Dlightbox%26settings%3DeyJpZCI6MTQ1MzcsInVybCI6Imh0dHBzOlwvXC9kZXNpZ253ZWVrbWV4aWNvLmNvbVwvd3AtY29udGVudFwvdXBsb2Fkc1wvMjAyNFwvMDJcL0Rpc2Vub0ZyYW5jZXNcdTIwMTQyMDIzXHUyMDE0MTMuanBnIiwic2xpZGVzaG93IjoiMTdjMGY0YiJ9\">\n\t\t\t\t\t<div class=\"e-gallery-image elementor-gallery-item__image\" data-thumbnail=\"https:\/\/designweekmexico.com\/wp-content\/uploads\/2024\/02\/DisenoFrances\u20142023\u201413-683x1024.jpg\" data-width=\"683\" data-height=\"1024\" aria-label=\"\" role=\"img\" ><\/div>\n\t\t\t\t\t\t\t\t\t\t\t<div class=\"elementor-gallery-item__overlay\"><\/div>\n\t\t\t\t\t\t\t\t\t\t\t\t\t\t<\/a>\n\t\t\t\t\t\t\t<a class=\"e-gallery-item elementor-gallery-item elementor-animated-content\" href=\"https:\/\/designweekmexico.com\/wp-content\/uploads\/2024\/02\/DisenoFrances\u20142023\u201411.jpg\" data-elementor-open-lightbox=\"yes\" data-elementor-lightbox-slideshow=\"17c0f4b\" data-elementor-lightbox-title=\"Disen\u0303oFrance\u0301s\u20142023\u201411\" data-e-action-hash=\"#elementor-action%3Aaction%3Dlightbox%26settings%3DeyJpZCI6MTQ1MzYsInVybCI6Imh0dHBzOlwvXC9kZXNpZ253ZWVrbWV4aWNvLmNvbVwvd3AtY29udGVudFwvdXBsb2Fkc1wvMjAyNFwvMDJcL0Rpc2Vub0ZyYW5jZXNcdTIwMTQyMDIzXHUyMDE0MTEuanBnIiwic2xpZGVzaG93IjoiMTdjMGY0YiJ9\">\n\t\t\t\t\t<div class=\"e-gallery-image elementor-gallery-item__image\" data-thumbnail=\"https:\/\/designweekmexico.com\/wp-content\/uploads\/2024\/02\/DisenoFrances\u20142023\u201411-1024x683.jpg\" data-width=\"1024\" data-height=\"683\" aria-label=\"\" role=\"img\" ><\/div>\n\t\t\t\t\t\t\t\t\t\t\t<div class=\"elementor-gallery-item__overlay\"><\/div>\n\t\t\t\t\t\t\t\t\t\t\t\t\t\t<\/a>\n\t\t\t\t\t\t\t<a class=\"e-gallery-item elementor-gallery-item elementor-animated-content\" href=\"https:\/\/designweekmexico.com\/wp-content\/uploads\/2024\/02\/DisenoFrances\u20142023\u201410.jpg\" data-elementor-open-lightbox=\"yes\" data-elementor-lightbox-slideshow=\"17c0f4b\" data-elementor-lightbox-title=\"Disen\u0303oFrance\u0301s\u20142023\u201410\" data-e-action-hash=\"#elementor-action%3Aaction%3Dlightbox%26settings%3DeyJpZCI6MTQ1MzUsInVybCI6Imh0dHBzOlwvXC9kZXNpZ253ZWVrbWV4aWNvLmNvbVwvd3AtY29udGVudFwvdXBsb2Fkc1wvMjAyNFwvMDJcL0Rpc2Vub0ZyYW5jZXNcdTIwMTQyMDIzXHUyMDE0MTAuanBnIiwic2xpZGVzaG93IjoiMTdjMGY0YiJ9\">\n\t\t\t\t\t<div class=\"e-gallery-image elementor-gallery-item__image\" data-thumbnail=\"https:\/\/designweekmexico.com\/wp-content\/uploads\/2024\/02\/DisenoFrances\u20142023\u201410-683x1024.jpg\" data-width=\"683\" data-height=\"1024\" aria-label=\"\" role=\"img\" ><\/div>\n\t\t\t\t\t\t\t\t\t\t\t<div class=\"elementor-gallery-item__overlay\"><\/div>\n\t\t\t\t\t\t\t\t\t\t\t\t\t\t<\/a>\n\t\t\t\t\t\t\t<a class=\"e-gallery-item elementor-gallery-item elementor-animated-content\" href=\"https:\/\/designweekmexico.com\/wp-content\/uploads\/2024\/02\/DisenoFrances\u20142023\u201406.jpg\" data-elementor-open-lightbox=\"yes\" data-elementor-lightbox-slideshow=\"17c0f4b\" data-elementor-lightbox-title=\"Disen\u0303oFrance\u0301s\u20142023\u201406\" data-e-action-hash=\"#elementor-action%3Aaction%3Dlightbox%26settings%3DeyJpZCI6MTQ1MzQsInVybCI6Imh0dHBzOlwvXC9kZXNpZ253ZWVrbWV4aWNvLmNvbVwvd3AtY29udGVudFwvdXBsb2Fkc1wvMjAyNFwvMDJcL0Rpc2Vub0ZyYW5jZXNcdTIwMTQyMDIzXHUyMDE0MDYuanBnIiwic2xpZGVzaG93IjoiMTdjMGY0YiJ9\">\n\t\t\t\t\t<div class=\"e-gallery-image elementor-gallery-item__image\" data-thumbnail=\"https:\/\/designweekmexico.com\/wp-content\/uploads\/2024\/02\/DisenoFrances\u20142023\u201406-683x1024.jpg\" data-width=\"683\" data-height=\"1024\" aria-label=\"\" role=\"img\" ><\/div>\n\t\t\t\t\t\t\t\t\t\t\t<div class=\"elementor-gallery-item__overlay\"><\/div>\n\t\t\t\t\t\t\t\t\t\t\t\t\t\t<\/a>\n\t\t\t\t\t\t\t<a class=\"e-gallery-item elementor-gallery-item elementor-animated-content\" href=\"https:\/\/designweekmexico.com\/wp-content\/uploads\/2024\/02\/DisenoFrances\u20142023\u201405.jpg\" data-elementor-open-lightbox=\"yes\" data-elementor-lightbox-slideshow=\"17c0f4b\" data-elementor-lightbox-title=\"Disen\u0303oFrance\u0301s\u20142023\u201405\" data-e-action-hash=\"#elementor-action%3Aaction%3Dlightbox%26settings%3DeyJpZCI6MTQ1MzMsInVybCI6Imh0dHBzOlwvXC9kZXNpZ253ZWVrbWV4aWNvLmNvbVwvd3AtY29udGVudFwvdXBsb2Fkc1wvMjAyNFwvMDJcL0Rpc2Vub0ZyYW5jZXNcdTIwMTQyMDIzXHUyMDE0MDUuanBnIiwic2xpZGVzaG93IjoiMTdjMGY0YiJ9\">\n\t\t\t\t\t<div class=\"e-gallery-image elementor-gallery-item__image\" data-thumbnail=\"https:\/\/designweekmexico.com\/wp-content\/uploads\/2024\/02\/DisenoFrances\u20142023\u201405-683x1024.jpg\" data-width=\"683\" data-height=\"1024\" aria-label=\"\" role=\"img\" ><\/div>\n\t\t\t\t\t\t\t\t\t\t\t<div class=\"elementor-gallery-item__overlay\"><\/div>\n\t\t\t\t\t\t\t\t\t\t\t\t\t\t<\/a>\n\t\t\t\t\t\t\t<a class=\"e-gallery-item elementor-gallery-item elementor-animated-content\" href=\"https:\/\/designweekmexico.com\/wp-content\/uploads\/2024\/02\/DisenoFrances\u20142023\u201404.jpg\" data-elementor-open-lightbox=\"yes\" data-elementor-lightbox-slideshow=\"17c0f4b\" data-elementor-lightbox-title=\"Disen\u0303oFrance\u0301s\u20142023\u201404\" data-e-action-hash=\"#elementor-action%3Aaction%3Dlightbox%26settings%3DeyJpZCI6MTQ1MzIsInVybCI6Imh0dHBzOlwvXC9kZXNpZ253ZWVrbWV4aWNvLmNvbVwvd3AtY29udGVudFwvdXBsb2Fkc1wvMjAyNFwvMDJcL0Rpc2Vub0ZyYW5jZXNcdTIwMTQyMDIzXHUyMDE0MDQuanBnIiwic2xpZGVzaG93IjoiMTdjMGY0YiJ9\">\n\t\t\t\t\t<div class=\"e-gallery-image elementor-gallery-item__image\" data-thumbnail=\"https:\/\/designweekmexico.com\/wp-content\/uploads\/2024\/02\/DisenoFrances\u20142023\u201404-683x1024.jpg\" data-width=\"683\" data-height=\"1024\" aria-label=\"\" role=\"img\" ><\/div>\n\t\t\t\t\t\t\t\t\t\t\t<div class=\"elementor-gallery-item__overlay\"><\/div>\n\t\t\t\t\t\t\t\t\t\t\t\t\t\t<\/a>\n\t\t\t\t\t\t\t<a class=\"e-gallery-item elementor-gallery-item elementor-animated-content\" href=\"https:\/\/designweekmexico.com\/wp-content\/uploads\/2024\/02\/DisenoFrances\u20142023\u201402.jpg\" data-elementor-open-lightbox=\"yes\" data-elementor-lightbox-slideshow=\"17c0f4b\" data-elementor-lightbox-title=\"Disen\u0303oFrance\u0301s\u20142023\u201402\" data-e-action-hash=\"#elementor-action%3Aaction%3Dlightbox%26settings%3DeyJpZCI6MTQ1MzEsInVybCI6Imh0dHBzOlwvXC9kZXNpZ253ZWVrbWV4aWNvLmNvbVwvd3AtY29udGVudFwvdXBsb2Fkc1wvMjAyNFwvMDJcL0Rpc2Vub0ZyYW5jZXNcdTIwMTQyMDIzXHUyMDE0MDIuanBnIiwic2xpZGVzaG93IjoiMTdjMGY0YiJ9\">\n\t\t\t\t\t<div class=\"e-gallery-image elementor-gallery-item__image\" data-thumbnail=\"https:\/\/designweekmexico.com\/wp-content\/uploads\/2024\/02\/DisenoFrances\u20142023\u201402-683x1024.jpg\" data-width=\"683\" data-height=\"1024\" aria-label=\"\" role=\"img\" ><\/div>\n\t\t\t\t\t\t\t\t\t\t\t<div class=\"elementor-gallery-item__overlay\"><\/div>\n\t\t\t\t\t\t\t\t\t\t\t\t\t\t<\/a>\n\t\t\t\t\t\t\t<a class=\"e-gallery-item elementor-gallery-item elementor-animated-content\" href=\"https:\/\/designweekmexico.com\/wp-content\/uploads\/2024\/02\/DisenoFrances\u20142023\u201412.jpg\" data-elementor-open-lightbox=\"yes\" data-elementor-lightbox-slideshow=\"17c0f4b\" data-elementor-lightbox-title=\"Disen\u0303oFrance\u0301s\u20142023\u201412\" data-e-action-hash=\"#elementor-action%3Aaction%3Dlightbox%26settings%3DeyJpZCI6MTQ1MjcsInVybCI6Imh0dHBzOlwvXC9kZXNpZ253ZWVrbWV4aWNvLmNvbVwvd3AtY29udGVudFwvdXBsb2Fkc1wvMjAyNFwvMDJcL0Rpc2Vub0ZyYW5jZXNcdTIwMTQyMDIzXHUyMDE0MTIuanBnIiwic2xpZGVzaG93IjoiMTdjMGY0YiJ9\">\n\t\t\t\t\t<div class=\"e-gallery-image elementor-gallery-item__image\" data-thumbnail=\"https:\/\/designweekmexico.com\/wp-content\/uploads\/2024\/02\/DisenoFrances\u20142023\u201412-1024x683.jpg\" data-width=\"1024\" data-height=\"683\" aria-label=\"\" role=\"img\" ><\/div>\n\t\t\t\t\t\t\t\t\t\t\t<div class=\"elementor-gallery-item__overlay\"><\/div>\n\t\t\t\t\t\t\t\t\t\t\t\t\t\t<\/a>\n\t\t\t\t\t\t\t<a class=\"e-gallery-item elementor-gallery-item elementor-animated-content\" href=\"https:\/\/designweekmexico.com\/wp-content\/uploads\/2024\/02\/DisenoFrances\u20142023\u201409.jpg\" data-elementor-open-lightbox=\"yes\" data-elementor-lightbox-slideshow=\"17c0f4b\" data-elementor-lightbox-title=\"Disen\u0303oFrance\u0301s\u20142023\u201409\" data-e-action-hash=\"#elementor-action%3Aaction%3Dlightbox%26settings%3DeyJpZCI6MTQ1MjYsInVybCI6Imh0dHBzOlwvXC9kZXNpZ253ZWVrbWV4aWNvLmNvbVwvd3AtY29udGVudFwvdXBsb2Fkc1wvMjAyNFwvMDJcL0Rpc2Vub0ZyYW5jZXNcdTIwMTQyMDIzXHUyMDE0MDkuanBnIiwic2xpZGVzaG93IjoiMTdjMGY0YiJ9\">\n\t\t\t\t\t<div class=\"e-gallery-image elementor-gallery-item__image\" data-thumbnail=\"https:\/\/designweekmexico.com\/wp-content\/uploads\/2024\/02\/DisenoFrances\u20142023\u201409-1024x683.jpg\" data-width=\"1024\" data-height=\"683\" aria-label=\"\" role=\"img\" ><\/div>\n\t\t\t\t\t\t\t\t\t\t\t<div class=\"elementor-gallery-item__overlay\"><\/div>\n\t\t\t\t\t\t\t\t\t\t\t\t\t\t<\/a>\n\t\t\t\t\t\t\t<a class=\"e-gallery-item elementor-gallery-item elementor-animated-content\" href=\"https:\/\/designweekmexico.com\/wp-content\/uploads\/2024\/02\/DisenoFrances\u20142023\u201408-scaled.jpg\" data-elementor-open-lightbox=\"yes\" data-elementor-lightbox-slideshow=\"17c0f4b\" data-elementor-lightbox-title=\"Disen\u0303oFrance\u0301s\u20142023\u201408\" data-e-action-hash=\"#elementor-action%3Aaction%3Dlightbox%26settings%3DeyJpZCI6MTQ1MjUsInVybCI6Imh0dHBzOlwvXC9kZXNpZ253ZWVrbWV4aWNvLmNvbVwvd3AtY29udGVudFwvdXBsb2Fkc1wvMjAyNFwvMDJcL0Rpc2Vub0ZyYW5jZXNcdTIwMTQyMDIzXHUyMDE0MDgtc2NhbGVkLmpwZyIsInNsaWRlc2hvdyI6IjE3YzBmNGIifQ%3D%3D\">\n\t\t\t\t\t<div class=\"e-gallery-image elementor-gallery-item__image\" data-thumbnail=\"https:\/\/designweekmexico.com\/wp-content\/uploads\/2024\/02\/DisenoFrances\u20142023\u201408-1024x683.jpg\" data-width=\"1024\" data-height=\"683\" aria-label=\"\" role=\"img\" ><\/div>\n\t\t\t\t\t\t\t\t\t\t\t<div class=\"elementor-gallery-item__overlay\"><\/div>\n\t\t\t\t\t\t\t\t\t\t\t\t\t\t<\/a>\n\t\t\t\t\t\t\t<a class=\"e-gallery-item elementor-gallery-item elementor-animated-content\" href=\"https:\/\/designweekmexico.com\/wp-content\/uploads\/2024\/02\/DisenoFrances\u20142023\u201407.jpg\" data-elementor-open-lightbox=\"yes\" data-elementor-lightbox-slideshow=\"17c0f4b\" data-elementor-lightbox-title=\"Disen\u0303oFrance\u0301s\u20142023\u201407\" data-e-action-hash=\"#elementor-action%3Aaction%3Dlightbox%26settings%3DeyJpZCI6MTQ1MjQsInVybCI6Imh0dHBzOlwvXC9kZXNpZ253ZWVrbWV4aWNvLmNvbVwvd3AtY29udGVudFwvdXBsb2Fkc1wvMjAyNFwvMDJcL0Rpc2Vub0ZyYW5jZXNcdTIwMTQyMDIzXHUyMDE0MDcuanBnIiwic2xpZGVzaG93IjoiMTdjMGY0YiJ9\">\n\t\t\t\t\t<div class=\"e-gallery-image elementor-gallery-item__image\" data-thumbnail=\"https:\/\/designweekmexico.com\/wp-content\/uploads\/2024\/02\/DisenoFrances\u20142023\u201407-1024x683.jpg\" data-width=\"1024\" data-height=\"683\" aria-label=\"\" role=\"img\" ><\/div>\n\t\t\t\t\t\t\t\t\t\t\t<div class=\"elementor-gallery-item__overlay\"><\/div>\n\t\t\t\t\t\t\t\t\t\t\t\t\t\t<\/a>\n\t\t\t\t\t<\/div>\n\t\t\t\t\t<\/div>\n\t\t\t\t<\/div>\n\t\t\t\t<div class=\"elementor-element elementor-element-46258401 elementor-widget elementor-widget-heading\" data-id=\"46258401\" data-element_type=\"widget\" data-widget_type=\"heading.default\">\n\t\t\t\t<div class=\"elementor-widget-container\">\n\t\t\t\t\t<h3 class=\"elementor-heading-title elementor-size-default\"><b>PARTICIPANTS<\/b><\/h3>\t\t\t\t<\/div>\n\t\t\t\t<\/div>\n\t\t\t\t<section class=\"elementor-section elementor-inner-section elementor-element elementor-element-306211cb elementor-section-boxed elementor-section-height-default elementor-section-height-default\" data-id=\"306211cb\" data-element_type=\"section\" data-settings=\"{&quot;_ha_eqh_enable&quot;:false}\">\n\t\t\t\t\t\t<div class=\"elementor-container elementor-column-gap-default\">\n\t\t\t\t\t<div class=\"elementor-column elementor-col-50 elementor-inner-column elementor-element elementor-element-43030a58\" data-id=\"43030a58\" data-element_type=\"column\">\n\t\t\t<div class=\"elementor-widget-wrap elementor-element-populated\">\n\t\t\t\t\t\t<div class=\"elementor-element elementor-element-59ece542 elementor-widget elementor-widget-text-editor\" data-id=\"59ece542\" data-element_type=\"widget\" data-widget_type=\"text-editor.default\">\n\t\t\t\t<div class=\"elementor-widget-container\">\n\t\t\t\t\t\t\t\t\t<p class=\"has-text-align-center\" style=\"margin-bottom: var(--content-spacing); text-align: left;\"><a style=\"font-size: inherit; font-family: var(--fontFamily); font-style: var(--fontStyle, inherit); font-weight: var(--fontWeight); letter-spacing: var(--letterSpacing); text-transform: var(--textTransform);\" href=\"https:\/\/studioantoine.com\/\"><span style=\"text-decoration-line: underline;\"><span style=\"font-family: 'Space Grotesk', sans-serif; font-size: 14pt;\">Antoine Ratigan<\/span><\/span><\/a><\/p><p class=\"has-text-align-center\" style=\"margin-bottom: var(--content-spacing); text-align: left;\"><span style=\"font-family: 'Space Grotesk', sans-serif; font-size: 14pt;\"><a href=\"https:\/\/www.instagram.com\/wrinkle.mx\/\"><span style=\"text-decoration: underline;\">Astrid &amp; Ed Sykes<\/span><\/a> (Wrinkle)\u00a0<\/span><\/p><p class=\"has-text-align-center\" style=\"margin-bottom: var(--content-spacing); text-align: left;\"><span style=\"font-family: 'Space Grotesk', sans-serif; font-size: 14pt;\"><a href=\"https:\/\/audette-shop.com\/\"><span style=\"text-decoration: underline;\">Aude Jan &amp; Charles Gout<\/span><\/a> (Audette)<\/span><\/p><p class=\"has-text-align-center\" style=\"margin-bottom: var(--content-spacing); text-align: left;\"><a href=\"https:\/\/www.instagram.com\/axelle_russo_\/\"><span style=\"text-decoration: underline;\"><span style=\"font-family: 'Space Grotesk', sans-serif; font-size: 14pt;\">Axelle Russo<\/span><\/span><\/a><\/p><p class=\"has-text-align-center\" style=\"margin-bottom: var(--content-spacing); text-align: left;\"><a href=\"http:\/\/www.bertrandfompeyrine.com\/\"><span style=\"text-decoration: underline;\"><span style=\"font-family: 'Space Grotesk', sans-serif; font-size: 14pt;\">Bertrand Fompeyrine<\/span><\/span><\/a><\/p><p class=\"has-text-align-center\" style=\"margin-bottom: var(--content-spacing); text-align: left;\"><a href=\"http:\/\/www.galeriavortice.com\/bruno-fourure\/\"><span style=\"text-decoration: underline;\"><span style=\"font-family: 'Space Grotesk', sans-serif; font-size: 14pt;\">Bruno Fourure<\/span><\/span><\/a><\/p><p class=\"has-text-align-center\" style=\"margin-bottom: var(--content-spacing); text-align: left;\"><a href=\"https:\/\/www.cs-valentin.com\"><span style=\"text-decoration: underline;\"><span style=\"font-family: 'Space Grotesk', sans-serif; font-size: 14pt;\">C.S. Valent\u00edn<\/span><\/span><\/a><\/p><p class=\"has-text-align-center\" style=\"margin-bottom: var(--content-spacing); text-align: left;\"><span style=\"font-family: 'Space Grotesk', sans-serif; font-size: 14pt;\"><a href=\"https:\/\/www.camillewalala.com\/\"><span style=\"text-decoration: underline;\">Camile Walala<\/span><\/a> (Walala Studio)<\/span><\/p><p class=\"has-text-align-center\" style=\"margin-bottom: var(--content-spacing); text-align: left;\"><span style=\"font-family: 'Space Grotesk', sans-serif; font-size: 14pt;\"><a href=\"https:\/\/www.instagram.com\/passusatelier\/?hl=fr\"><span style=\"text-decoration: underline;\">Chlo\u00e9 Morichau Beauchant &amp; Aldo Sazen<\/span><\/a> (PASSUS\/atelier)<\/span><\/p><p class=\"has-text-align-center\" style=\"margin-bottom: var(--content-spacing); text-align: left;\"><span style=\"font-family: 'Space Grotesk', sans-serif; font-size: 14pt;\"><span style=\"text-decoration: underline;\"><a href=\"https:\/\/www.instagram.com\/clemence.creveau\/\">Clemence Crevau<\/a><\/span> para Txt.ure<\/span><\/p><p class=\"has-text-align-center\" style=\"margin-bottom: var(--content-spacing); text-align: left;\"><span style=\"font-family: 'Space Grotesk', sans-serif; font-size: 14pt;\"><a href=\"https:\/\/stromboli-design.com\/\"><span style=\"text-decoration: underline;\">Clemence Seilles<\/span><\/a> (Stromboli)<\/span><\/p><p class=\"has-text-align-center\" style=\"margin-bottom: var(--content-spacing); text-align: left;\"><a href=\"https:\/\/constanceguisset.com\/fr\"><span style=\"text-decoration: underline;\"><span style=\"font-family: 'Space Grotesk', sans-serif; font-size: 14pt;\">Constance Guisset para Ensamble Artesano<\/span><\/span><\/a><\/p><p class=\"has-text-align-center\" style=\"margin-bottom: var(--content-spacing); text-align: left;\"><span style=\"font-family: 'Space Grotesk', sans-serif; font-size: 14pt;\"><a href=\"https:\/\/www.instagram.com\/domingo_delaroiere\/?hl=fr\"><span style=\"text-decoration: underline;\">Domingo Delaroi\u00e8re<\/span><\/a> (Studio Martes)<\/span><\/p><p class=\"has-text-align-center\" style=\"margin-bottom: var(--content-spacing); text-align: left;\"><span style=\"font-family: 'Space Grotesk', sans-serif; font-size: 14pt;\"><a href=\"https:\/\/www.chicbyaccident.com\/\"><span style=\"text-decoration: underline;\">Emmanuel Picault<\/span><\/a> (Chic by Accident)<\/span><\/p><p class=\"has-text-align-center\" style=\"margin-bottom: var(--content-spacing); text-align: left;\"><span style=\"font-family: 'Space Grotesk', sans-serif; font-size: 14pt;\"><a href=\"https:\/\/www.instagram.com\/tallersaintphalle\"><span style=\"text-decoration: underline;\">Erandine de Saint Phalle<\/span><\/a> (Taller St Phalle)<\/span><\/p><p class=\"has-text-align-center\" style=\"margin-bottom: var(--content-spacing); text-align: left;\"><a href=\"http:\/\/fabiencappello.com\/\"><span style=\"text-decoration: underline;\"><span style=\"font-family: 'Space Grotesk', sans-serif; font-size: 14pt;\">Fabien Cappello<\/span><\/span><\/a><\/p><p class=\"has-text-align-center\" style=\"margin-bottom: var(--content-spacing); text-align: left;\"><a href=\"https:\/\/www.ferreolbabin.fr\/\"><span style=\"text-decoration: underline;\"><span style=\"font-family: 'Space Grotesk', sans-serif; font-size: 14pt;\">Ferreol Babin<\/span><\/span><\/a><\/p><p class=\"has-text-align-center\" style=\"margin-bottom: var(--content-spacing); text-align: left;\"><span style=\"font-family: 'Space Grotesk', sans-serif; font-size: 14pt;\"><a href=\"https:\/\/www.chicbyaccident.com\/\"><span style=\"text-decoration: underline;\">Francisco Reynoso<\/span> <\/a>(Chic by Accident)<\/span><\/p><p class=\"has-text-align-center\" style=\"margin-bottom: var(--content-spacing); text-align: left;\"><span style=\"font-family: 'Space Grotesk', sans-serif; font-size: 14pt;\"><a href=\"https:\/\/www.instagram.com\/gabriel_lopez_morton\"><span style=\"text-decoration: underline;\">Gabriel Lopez Morton<\/span><\/a> (GLM Architectos)<\/span><\/p><p class=\"has-text-align-center\" style=\"margin-bottom: var(--content-spacing); text-align: left;\"><a href=\"https:\/\/www.instagram.com\/indiamahdavi\/\"><span style=\"text-decoration: underline;\"><span style=\"font-family: 'Space Grotesk', sans-serif; font-size: 14pt;\">India Mahdavi<\/span><\/span><\/a><\/p><p class=\"has-text-align-center\" style=\"margin-bottom: var(--content-spacing); font-size: 16px; text-align: left;\"><span style=\"font-family: 'Space Grotesk', sans-serif;\"><span style=\"font-size: 18.6667px;\"><a style=\"transition: var(--transition);\" href=\"https:\/\/www.instagram.com\/banh_studio\/\"><span style=\"text-decoration-line: underline;\">Ir\u00e8ne Khi\u00eat Blaise<\/span><\/a>\u00a0(Banh Studio)<\/span><\/span><\/p><p class=\"has-text-align-center\" style=\"margin-bottom: var(--content-spacing); font-size: 16px; text-align: left;\"><a style=\"transition: var(--transition); --textdecoration: underline;\" href=\"https:\/\/www.julien-devaux.com\/\"><span style=\"text-decoration-line: underline;\"><span style=\"font-family: 'Space Grotesk', sans-serif;\"><span style=\"font-size: 18.6667px;\">Julien Devaux<\/span><\/span><\/span><\/a><\/p><p class=\"has-text-align-center\" style=\"margin-bottom: var(--content-spacing); font-size: 16px; text-align: left;\"><a style=\"transition: var(--transition); --textdecoration: underline;\" href=\"https:\/\/www.mdepenfentenyo.com\/\"><span style=\"text-decoration-line: underline;\"><span style=\"font-family: 'Space Grotesk', sans-serif;\"><span style=\"font-size: 18.6667px;\">Margaux De Penfentenyo<\/span><\/span><\/span><\/a><\/p>\t\t\t\t\t\t\t\t<\/div>\n\t\t\t\t<\/div>\n\t\t\t\t\t<\/div>\n\t\t<\/div>\n\t\t\t\t<div class=\"elementor-column elementor-col-50 elementor-inner-column elementor-element elementor-element-79f30ce3\" data-id=\"79f30ce3\" data-element_type=\"column\">\n\t\t\t<div class=\"elementor-widget-wrap elementor-element-populated\">\n\t\t\t\t\t\t<div class=\"elementor-element elementor-element-48c968c elementor-widget elementor-widget-text-editor\" data-id=\"48c968c\" data-element_type=\"widget\" data-widget_type=\"text-editor.default\">\n\t\t\t\t<div class=\"elementor-widget-container\">\n\t\t\t\t\t\t\t\t\t<p class=\"has-text-align-center\" style=\"margin-bottom: var(--content-spacing); font-size: 16px; text-align: left;\"><a style=\"font-family: var(--fontFamily); font-style: var(--fontStyle, inherit); font-weight: var(--fontWeight); letter-spacing: var(--letterSpacing); text-transform: var(--textTransform);\" href=\"https:\/\/www.instagram.com\/meir_lobaton_corona\/?hl=es-la\"><span style=\"font-family: Space Grotesk, sans-serif;\"><span style=\"font-size: 18.6667px;\">Meir Lobat\u00f3n Corona<\/span><\/span><\/a><\/p><p class=\"has-text-align-center\" style=\"margin-bottom: var(--content-spacing); font-size: 16px; text-align: left;\"><a href=\"https:\/\/martinleveque.com\/about\"><span style=\"text-decoration: underline;\"><span style=\"font-family: Space Grotesk, sans-serif;\"><span style=\"font-size: 18.6667px;\">Martin Leveque<\/span><\/span><\/span><\/a><\/p><p class=\"has-text-align-center\" style=\"margin-bottom: var(--content-spacing); font-size: 16px; text-align: left;\"><a href=\"https:\/\/www.instagram.com\/natalia.tannenbaum\/\"><span style=\"text-decoration: underline;\"><span style=\"font-family: Space Grotesk, sans-serif;\"><span style=\"font-size: 18.6667px;\">Natalia Tannenbaum<\/span><\/span><\/span><\/a><\/p><p class=\"has-text-align-center\" style=\"margin-bottom: var(--content-spacing); font-size: 16px; text-align: left;\"><a href=\"https:\/\/pandoragraessl.com\/\"><span style=\"text-decoration: underline;\"><span style=\"font-family: Space Grotesk, sans-serif;\"><span style=\"font-size: 18.6667px;\">Pandora Graessl &amp; Paolo Angelucci<\/span><\/span><\/span><\/a><\/p><p class=\"has-text-align-center\" style=\"margin-bottom: var(--content-spacing); font-size: 16px; text-align: left;\"><a href=\"http:\/\/pierrevalls.com\/\"><span style=\"text-decoration: underline;\"><span style=\"font-family: Space Grotesk, sans-serif;\"><span style=\"font-size: 18.6667px;\">Pierre Valls<\/span><\/span><\/span><\/a><\/p><p class=\"has-text-align-center\" style=\"margin-bottom: var(--content-spacing); font-size: 16px; text-align: left;\"><span style=\"font-family: Space Grotesk, sans-serif;\"><span style=\"font-size: 18.6667px;\"><a href=\"https:\/\/crom-d.com\/\"><span style=\"text-decoration: underline;\">Pierre Violet<\/span><\/a> (Cr\u00f6m D)<\/span><\/span><\/p><p class=\"has-text-align-center\" style=\"margin-bottom: var(--content-spacing); font-size: 16px; text-align: left;\"><a href=\"https:\/\/www.instagram.com\/pilar_echezarreta\/\"><span style=\"text-decoration: underline;\"><span style=\"font-family: Space Grotesk, sans-serif;\"><span style=\"font-size: 18.6667px;\">Pilar Echezarreta<\/span><\/span><\/span><\/a><\/p><p class=\"has-text-align-center\" style=\"margin-bottom: var(--content-spacing); font-size: 16px; text-align: left;\"><a href=\"https:\/\/raive.com\/\"><span style=\"text-decoration: underline;\"><span style=\"font-family: Space Grotesk, sans-serif;\"><span style=\"font-size: 18.6667px;\">Raive<\/span><\/span><\/span><\/a><\/p><p class=\"has-text-align-center\" style=\"margin-bottom: var(--content-spacing); font-size: 16px; text-align: left;\"><a href=\"https:\/\/www.gaiamarcaccini.com\/\"><span style=\"text-decoration: underline;\"><span style=\"font-family: Space Grotesk, sans-serif;\"><span style=\"font-size: 18.6667px;\">Gaia Marcaccini<\/span><\/span><\/span><\/a><\/p><p class=\"has-text-align-center\" style=\"margin-bottom: var(--content-spacing); font-size: 16px; text-align: left;\"><a href=\"https:\/\/www.instagram.com\/pilar_echezarreta\/\"><span style=\"text-decoration: underline;\"><span style=\"font-family: Space Grotesk, sans-serif;\"><span style=\"font-size: 18.6667px;\">Pilar Echezarreta<\/span><\/span><\/span><\/a><\/p><p class=\"has-text-align-center\" style=\"margin-bottom: var(--content-spacing); font-size: 16px; text-align: left;\"><span style=\"font-family: Space Grotesk, sans-serif;\"><span style=\"font-size: 18.6667px;\"><a href=\"https:\/\/sarellysarelly.com\/\"><span style=\"text-decoration: underline;\">Remi Martini<\/span><\/a> (Sarelly Sarelly)<\/span><\/span><\/p><p class=\"has-text-align-center\" style=\"margin-bottom: var(--content-spacing); font-size: 16px; text-align: left;\"><a href=\"https:\/\/www.instagram.com\/sam__baron\/\"><span style=\"text-decoration: underline;\"><span style=\"font-family: Space Grotesk, sans-serif;\"><span style=\"font-size: 18.6667px;\">Sam Baron \/ Taller Luum<\/span><\/span><\/span><\/a><\/p><p class=\"has-text-align-center\" style=\"margin-bottom: var(--content-spacing); font-size: 16px; text-align: left;\"><span style=\"font-family: Space Grotesk, sans-serif;\"><span style=\"font-size: 18.6667px;\"><a href=\"https:\/\/www.instagram.com\/locus______\/\"><span style=\"text-decoration: underline;\">Sana Frini<\/span><\/a> (Locus \/ Sana Frini)<\/span><\/span><\/p><p class=\"has-text-align-center\" style=\"margin-bottom: var(--content-spacing); font-size: 16px; text-align: left;\"><a href=\"https:\/\/www.instagram.com\/sarahphilouzestudio\/\"><span style=\"text-decoration: underline;\"><span style=\"font-family: Space Grotesk, sans-serif;\"><span style=\"font-size: 18.6667px;\">Sarah Philouz<\/span><\/span><\/span><\/a><\/p><p class=\"has-text-align-center\" style=\"margin-bottom: var(--content-spacing); font-size: 16px; text-align: left;\"><span style=\"font-family: Space Grotesk, sans-serif;\"><span style=\"font-size: 18.6667px;\"><a href=\"https:\/\/www.luteca.com\/\"><span style=\"text-decoration: underline;\">S\u00e9bastian R\u00e9ant<\/span><\/a> (Luteca) <\/span><\/span><\/p><p class=\"has-text-align-center\" style=\"margin-bottom: var(--content-spacing); font-size: 16px; text-align: left;\"><span style=\"text-decoration: underline;\"><a href=\"https:\/\/www.instagram.com\/coleccioncandela\/\"><span style=\"font-family: Space Grotesk, sans-serif;\"><span style=\"font-size: 18.6667px;\">Sonia Lartigue Zaslavsky &amp; Eric Urrieta V\u00e9jar<\/span><\/span><\/a><\/span><\/p><p class=\"has-text-align-center\" style=\"margin-bottom: var(--content-spacing); font-size: 16px; text-align: left;\"><span style=\"font-family: Space Grotesk, sans-serif;\"><span style=\"font-size: 18.6667px;\"><a href=\"https:\/\/sophiesimonedesigns.com\/\"><span style=\"text-decoration: underline;\">Sophie Simone<\/span><\/a> (SSD)<\/span><\/span><\/p><p class=\"has-text-align-center\" style=\"margin-bottom: var(--content-spacing); font-size: 16px; text-align: left;\"><a href=\"https:\/\/thierryjeannot.com\/\"><span style=\"text-decoration: underline;\"><span style=\"font-family: Space Grotesk, sans-serif;\"><span style=\"font-size: 18.6667px;\">Thierry Jeannot<\/span><\/span><\/span><\/a><\/p><p class=\"has-text-align-center\" style=\"margin-bottom: var(--content-spacing); font-size: 16px; text-align: left;\"><span style=\"font-family: Space Grotesk, sans-serif;\"><span style=\"font-size: 18.6667px;\"><a href=\"https:\/\/cihuah.com\/pages\/about-us\"><span style=\"text-decoration: underline;\">Vanessa Guckel<\/span><\/a> (Cihuah)<\/span><\/span><\/p><p class=\"has-text-align-center\" style=\"margin-bottom: var(--content-spacing); font-size: 16px; text-align: left;\"><span style=\"font-family: Space Grotesk, sans-serif;\"><span style=\"font-size: 18.6667px;\"><a href=\"https:\/\/elcaminodelosaltos.com\/\"><span style=\"text-decoration: underline;\">V\u00e9ronique Tesseraud<\/span><\/a> (El Camino de los altos)<\/span><\/span><\/p><p class=\"has-text-align-center\" style=\"margin-bottom: var(--content-spacing); font-size: 16px; text-align: left;\"><span style=\"font-family: Space Grotesk, sans-serif;\"><span style=\"font-size: 18.6667px;\"><a href=\"https:\/\/www.instagram.com\/mrfoxinmexico\/\"><span style=\"text-decoration: underline;\">Yohan Powell &amp; Rafaela Villacieros<\/span><\/a> (Mr Fox) <\/span><\/span><\/p><p class=\"has-text-align-center\" style=\"margin-bottom: var(--content-spacing); font-size: 16px; text-align: left;\"><span style=\"text-decoration: underline;\"><a href=\"https:\/\/www.instagram.com\/esperanza_home\/\"><span style=\"font-family: Space Grotesk, sans-serif;\"><span style=\"font-size: 18.6667px;\">Zopichacha Objetos<\/span><\/span><\/a><\/span><\/p>\t\t\t\t\t\t\t\t<\/div>\n\t\t\t\t<\/div>\n\t\t\t\t\t<\/div>\n\t\t<\/div>\n\t\t\t\t\t<\/div>\n\t\t<\/section>\n\t\t\t\t\t<\/div>\n\t\t<\/div>\n\t\t\t\t\t<\/div>\n\t\t<\/section>\n\t\t\t\t<section class=\"elementor-section elementor-top-section elementor-element elementor-element-3eb04ab elementor-section-boxed elementor-section-height-default elementor-section-height-default\" data-id=\"3eb04ab\" data-element_type=\"section\" data-settings=\"{&quot;_ha_eqh_enable&quot;:false}\">\n\t\t\t\t\t\t<div class=\"elementor-container elementor-column-gap-default\">\n\t\t\t\t\t<div class=\"elementor-column elementor-col-100 elementor-top-column elementor-element elementor-element-a1eb4e2\" data-id=\"a1eb4e2\" data-element_type=\"column\">\n\t\t\t<div class=\"elementor-widget-wrap elementor-element-populated\">\n\t\t\t\t\t\t<div class=\"elementor-element elementor-element-d580de9 elementor-widget elementor-widget-heading\" data-id=\"d580de9\" data-element_type=\"widget\" data-widget_type=\"heading.default\">\n\t\t\t\t<div class=\"elementor-widget-container\">\n\t\t\t\t\t<p class=\"elementor-heading-title elementor-size-default\">In alliance with:<\/p>\t\t\t\t<\/div>\n\t\t\t\t<\/div>\n\t\t\t\t\t<\/div>\n\t\t<\/div>\n\t\t\t\t\t<\/div>\n\t\t<\/section>\n\t\t\t\t<section class=\"elementor-section elementor-top-section elementor-element elementor-element-864d1e9 elementor-section-boxed elementor-section-height-default elementor-section-height-default\" data-id=\"864d1e9\" data-element_type=\"section\" data-settings=\"{&quot;background_background&quot;:&quot;classic&quot;,&quot;_ha_eqh_enable&quot;:false}\">\n\t\t\t\t\t\t<div class=\"elementor-container elementor-column-gap-default\">\n\t\t\t\t\t<div class=\"elementor-column elementor-col-25 elementor-top-column elementor-element elementor-element-0f3d7bc\" data-id=\"0f3d7bc\" data-element_type=\"column\">\n\t\t\t<div class=\"elementor-widget-wrap elementor-element-populated\">\n\t\t\t\t\t\t<div class=\"elementor-element elementor-element-39b4076 elementor-widget elementor-widget-image\" data-id=\"39b4076\" data-element_type=\"widget\" data-widget_type=\"image.default\">\n\t\t\t\t<div class=\"elementor-widget-container\">\n\t\t\t\t\t\t\t\t\t\t\t\t\t\t\t\t<a href=\"https:\/\/mx.ambafrance.org\/\">\n\t\t\t\t\t\t\t<img loading=\"lazy\" decoding=\"async\" data-attachment-id=\"10987\" data-permalink=\"https:\/\/designweekmexico.com\/en\/pais-invitado-2023-01\/\" data-orig-file=\"https:\/\/designweekmexico.com\/wp-content\/uploads\/2023\/07\/Pais-invitado-2023-01.svg\" data-orig-size=\"300,200\" data-comments-opened=\"1\" data-image-meta=\"[]\" data-image-title=\"Pais-invitado-2023-01\" data-image-description=\"\" data-image-caption=\"\" data-medium-file=\"https:\/\/designweekmexico.com\/wp-content\/uploads\/2023\/07\/Pais-invitado-2023-01.svg\" data-large-file=\"https:\/\/designweekmexico.com\/wp-content\/uploads\/2023\/07\/Pais-invitado-2023-01.svg\" width=\"300\" height=\"200\" src=\"https:\/\/designweekmexico.com\/wp-content\/uploads\/2023\/07\/Pais-invitado-2023-01.svg\" class=\"attachment-large size-large wp-image-10987\" alt=\"\" \/>\t\t\t\t\t\t\t\t<\/a>\n\t\t\t\t\t\t\t\t\t\t\t\t\t\t\t<\/div>\n\t\t\t\t<\/div>\n\t\t\t\t\t<\/div>\n\t\t<\/div>\n\t\t\t\t<div class=\"elementor-column elementor-col-25 elementor-top-column elementor-element elementor-element-4270cce\" data-id=\"4270cce\" data-element_type=\"column\">\n\t\t\t<div class=\"elementor-widget-wrap elementor-element-populated\">\n\t\t\t\t\t\t<div class=\"elementor-element elementor-element-1d407cc elementor-widget elementor-widget-image\" data-id=\"1d407cc\" data-element_type=\"widget\" data-widget_type=\"image.default\">\n\t\t\t\t<div class=\"elementor-widget-container\">\n\t\t\t\t\t\t\t\t\t\t\t\t\t\t\t\t<a href=\"https:\/\/ifal.mx\/\">\n\t\t\t\t\t\t\t<img loading=\"lazy\" decoding=\"async\" data-attachment-id=\"11140\" data-permalink=\"https:\/\/designweekmexico.com\/en\/pais-invitado-2023-02-1\/\" data-orig-file=\"https:\/\/designweekmexico.com\/wp-content\/uploads\/2023\/07\/Pais-invitado-2023-02-1.svg\" data-orig-size=\"300,200\" data-comments-opened=\"1\" data-image-meta=\"[]\" data-image-title=\"Pais-invitado-2023-02-1\" data-image-description=\"\" data-image-caption=\"\" data-medium-file=\"https:\/\/designweekmexico.com\/wp-content\/uploads\/2023\/07\/Pais-invitado-2023-02-1.svg\" data-large-file=\"https:\/\/designweekmexico.com\/wp-content\/uploads\/2023\/07\/Pais-invitado-2023-02-1.svg\" width=\"300\" height=\"200\" src=\"https:\/\/designweekmexico.com\/wp-content\/uploads\/2023\/07\/Pais-invitado-2023-02-1.svg\" class=\"attachment-large size-large wp-image-11140\" alt=\"\" \/>\t\t\t\t\t\t\t\t<\/a>\n\t\t\t\t\t\t\t\t\t\t\t\t\t\t\t<\/div>\n\t\t\t\t<\/div>\n\t\t\t\t\t<\/div>\n\t\t<\/div>\n\t\t\t\t<div class=\"elementor-column elementor-col-25 elementor-top-column elementor-element elementor-element-ebba1f6\" data-id=\"ebba1f6\" data-element_type=\"column\">\n\t\t\t<div class=\"elementor-widget-wrap elementor-element-populated\">\n\t\t\t\t\t\t<div class=\"elementor-element elementor-element-3cfaa99 elementor-widget elementor-widget-image\" data-id=\"3cfaa99\" data-element_type=\"widget\" data-widget_type=\"image.default\">\n\t\t\t\t<div class=\"elementor-widget-container\">\n\t\t\t\t\t\t\t\t\t\t\t\t\t\t\t\t<a href=\"https:\/\/www.institutfrancais.com\/\">\n\t\t\t\t\t\t\t<img loading=\"lazy\" decoding=\"async\" data-attachment-id=\"11124\" data-permalink=\"https:\/\/designweekmexico.com\/en\/pais-invitado-2023-03-1\/\" data-orig-file=\"https:\/\/designweekmexico.com\/wp-content\/uploads\/2023\/07\/Pais-invitado-2023-03-1.svg\" data-orig-size=\"300,200\" data-comments-opened=\"1\" data-image-meta=\"[]\" data-image-title=\"Pais-invitado-2023-03-1\" data-image-description=\"\" data-image-caption=\"\" data-medium-file=\"https:\/\/designweekmexico.com\/wp-content\/uploads\/2023\/07\/Pais-invitado-2023-03-1.svg\" data-large-file=\"https:\/\/designweekmexico.com\/wp-content\/uploads\/2023\/07\/Pais-invitado-2023-03-1.svg\" width=\"300\" height=\"200\" src=\"https:\/\/designweekmexico.com\/wp-content\/uploads\/2023\/07\/Pais-invitado-2023-03-1.svg\" class=\"attachment-large size-large wp-image-11124\" alt=\"\" \/>\t\t\t\t\t\t\t\t<\/a>\n\t\t\t\t\t\t\t\t\t\t\t\t\t\t\t<\/div>\n\t\t\t\t<\/div>\n\t\t\t\t\t<\/div>\n\t\t<\/div>\n\t\t\t\t<div class=\"elementor-column elementor-col-25 elementor-top-column elementor-element elementor-element-7d296d5\" data-id=\"7d296d5\" data-element_type=\"column\">\n\t\t\t<div class=\"elementor-widget-wrap elementor-element-populated\">\n\t\t\t\t\t\t<div class=\"elementor-element elementor-element-fa57c57 elementor-widget elementor-widget-image\" data-id=\"fa57c57\" data-element_type=\"widget\" data-widget_type=\"image.default\">\n\t\t\t\t<div class=\"elementor-widget-container\">\n\t\t\t\t\t\t\t\t\t\t\t\t\t\t\t\t<a href=\"https:\/\/www.mobiliernational.culture.gouv.fr\/\">\n\t\t\t\t\t\t\t<img loading=\"lazy\" decoding=\"async\" data-attachment-id=\"10989\" data-permalink=\"https:\/\/designweekmexico.com\/en\/pais-invitado-2023-03\/\" data-orig-file=\"https:\/\/designweekmexico.com\/wp-content\/uploads\/2023\/07\/Pais-invitado-2023-03.svg\" data-orig-size=\"300,200\" data-comments-opened=\"1\" data-image-meta=\"[]\" data-image-title=\"Pais-invitado-2023-03\" data-image-description=\"\" data-image-caption=\"\" data-medium-file=\"https:\/\/designweekmexico.com\/wp-content\/uploads\/2023\/07\/Pais-invitado-2023-03.svg\" data-large-file=\"https:\/\/designweekmexico.com\/wp-content\/uploads\/2023\/07\/Pais-invitado-2023-03.svg\" width=\"300\" height=\"200\" src=\"https:\/\/designweekmexico.com\/wp-content\/uploads\/2023\/07\/Pais-invitado-2023-03.svg\" class=\"attachment-large size-large wp-image-10989\" alt=\"\" \/>\t\t\t\t\t\t\t\t<\/a>\n\t\t\t\t\t\t\t\t\t\t\t\t\t\t\t<\/div>\n\t\t\t\t<\/div>\n\t\t\t\t\t<\/div>\n\t\t<\/div>\n\t\t\t\t\t<\/div>\n\t\t<\/section>\n\t\t\t\t<section class=\"elementor-section elementor-top-section elementor-element elementor-element-0c16bc2 elementor-section-boxed elementor-section-height-default elementor-section-height-default\" data-id=\"0c16bc2\" data-element_type=\"section\" data-settings=\"{&quot;background_background&quot;:&quot;classic&quot;,&quot;_ha_eqh_enable&quot;:false}\">\n\t\t\t\t\t\t<div class=\"elementor-container elementor-column-gap-default\">\n\t\t\t\t\t<div class=\"elementor-column elementor-col-25 elementor-top-column elementor-element elementor-element-7f8ba32\" data-id=\"7f8ba32\" data-element_type=\"column\">\n\t\t\t<div class=\"elementor-widget-wrap elementor-element-populated\">\n\t\t\t\t\t\t<div class=\"elementor-element elementor-element-d5efb94 elementor-widget elementor-widget-image\" data-id=\"d5efb94\" data-element_type=\"widget\" data-widget_type=\"image.default\">\n\t\t\t\t<div class=\"elementor-widget-container\">\n\t\t\t\t\t\t\t\t\t\t\t\t\t\t\t\t<a href=\"https:\/\/www.wanteddesignnyc.com\/\">\n\t\t\t\t\t\t\t<img loading=\"lazy\" decoding=\"async\" data-attachment-id=\"7884\" data-permalink=\"https:\/\/designweekmexico.com\/en\/internacional-02-1\/\" data-orig-file=\"https:\/\/designweekmexico.com\/wp-content\/uploads\/2022\/08\/Internacional-02-1.svg\" data-orig-size=\"300,200\" data-comments-opened=\"1\" data-image-meta=\"[]\" data-image-title=\"Internacional-02-1\" data-image-description=\"\" data-image-caption=\"\" data-medium-file=\"https:\/\/designweekmexico.com\/wp-content\/uploads\/2022\/08\/Internacional-02-1.svg\" data-large-file=\"https:\/\/designweekmexico.com\/wp-content\/uploads\/2022\/08\/Internacional-02-1.svg\" width=\"300\" height=\"200\" src=\"https:\/\/designweekmexico.com\/wp-content\/uploads\/2022\/08\/Internacional-02-1.svg\" class=\"attachment-full size-full wp-image-7884\" alt=\"\" \/>\t\t\t\t\t\t\t\t<\/a>\n\t\t\t\t\t\t\t\t\t\t\t\t\t\t\t<\/div>\n\t\t\t\t<\/div>\n\t\t\t\t\t<\/div>\n\t\t<\/div>\n\t\t\t\t<div class=\"elementor-column elementor-col-25 elementor-top-column elementor-element elementor-element-35193f3\" data-id=\"35193f3\" data-element_type=\"column\">\n\t\t\t<div class=\"elementor-widget-wrap elementor-element-populated\">\n\t\t\t\t\t\t<div class=\"elementor-element elementor-element-72f9bf2 elementor-widget elementor-widget-image\" data-id=\"72f9bf2\" data-element_type=\"widget\" data-widget_type=\"image.default\">\n\t\t\t\t<div class=\"elementor-widget-container\">\n\t\t\t\t\t\t\t\t\t\t\t\t\t\t\t\t<a href=\"https:\/\/www.chicbyaccident.com\/\">\n\t\t\t\t\t\t\t<img loading=\"lazy\" decoding=\"async\" data-attachment-id=\"13224\" data-permalink=\"https:\/\/designweekmexico.com\/en\/internacional-04-4\/\" data-orig-file=\"https:\/\/designweekmexico.com\/wp-content\/uploads\/2023\/10\/Internacional-04.svg\" data-orig-size=\"300,200\" data-comments-opened=\"1\" data-image-meta=\"[]\" data-image-title=\"Internacional-04\" data-image-description=\"\" data-image-caption=\"\" data-medium-file=\"https:\/\/designweekmexico.com\/wp-content\/uploads\/2023\/10\/Internacional-04.svg\" data-large-file=\"https:\/\/designweekmexico.com\/wp-content\/uploads\/2023\/10\/Internacional-04.svg\" width=\"300\" height=\"200\" src=\"https:\/\/designweekmexico.com\/wp-content\/uploads\/2023\/10\/Internacional-04.svg\" class=\"attachment-full size-full wp-image-13224\" alt=\"\" \/>\t\t\t\t\t\t\t\t<\/a>\n\t\t\t\t\t\t\t\t\t\t\t\t\t\t\t<\/div>\n\t\t\t\t<\/div>\n\t\t\t\t\t<\/div>\n\t\t<\/div>\n\t\t\t\t<div class=\"elementor-column elementor-col-25 elementor-top-column elementor-element elementor-element-3373d0e\" data-id=\"3373d0e\" data-element_type=\"column\">\n\t\t\t<div class=\"elementor-widget-wrap elementor-element-populated\">\n\t\t\t\t\t\t<div class=\"elementor-element elementor-element-4a914e1 elementor-widget elementor-widget-image\" data-id=\"4a914e1\" data-element_type=\"widget\" data-widget_type=\"image.default\">\n\t\t\t\t<div class=\"elementor-widget-container\">\n\t\t\t\t\t\t\t\t\t\t\t\t\t\t\t\t<a href=\"https:\/\/wwws.airfrance.com.mx\/\">\n\t\t\t\t\t\t\t<img loading=\"lazy\" decoding=\"async\" data-attachment-id=\"11383\" data-permalink=\"https:\/\/designweekmexico.com\/en\/patrocinadores-lv2-2022-03-2\/\" data-orig-file=\"https:\/\/designweekmexico.com\/wp-content\/uploads\/2023\/08\/Patrocinadores-Lv2-2022-03.svg\" data-orig-size=\"300,200\" data-comments-opened=\"1\" data-image-meta=\"[]\" data-image-title=\"Patrocinadores-Lv2-2022-03\" data-image-description=\"\" data-image-caption=\"\" data-medium-file=\"https:\/\/designweekmexico.com\/wp-content\/uploads\/2023\/08\/Patrocinadores-Lv2-2022-03.svg\" data-large-file=\"https:\/\/designweekmexico.com\/wp-content\/uploads\/2023\/08\/Patrocinadores-Lv2-2022-03.svg\" width=\"300\" height=\"200\" src=\"https:\/\/designweekmexico.com\/wp-content\/uploads\/2023\/08\/Patrocinadores-Lv2-2022-03.svg\" class=\"attachment-full size-full wp-image-11383\" alt=\"\" \/>\t\t\t\t\t\t\t\t<\/a>\n\t\t\t\t\t\t\t\t\t\t\t\t\t\t\t<\/div>\n\t\t\t\t<\/div>\n\t\t\t\t\t<\/div>\n\t\t<\/div>\n\t\t\t\t<div class=\"elementor-column elementor-col-25 elementor-top-column elementor-element elementor-element-0ca83ee\" data-id=\"0ca83ee\" data-element_type=\"column\">\n\t\t\t<div class=\"elementor-widget-wrap\">\n\t\t\t\t\t\t\t<\/div>\n\t\t<\/div>\n\t\t\t\t\t<\/div>\n\t\t<\/section>\n\t\t\t\t<\/div>","protected":false},"excerpt":{"rendered":"<p>\u00a1Sum\u00e9rgete en la mezcla \u00fanica de elegancia francesa y el esp\u00edritu mexicano en Expo Dise\u00f1o Franc\u00e9s! Esta emocionante exposici\u00f3n, parte de la programaci\u00f3n de Design Week M\u00e9xico 2023 y fruto de una colaboraci\u00f3n con la Embajada de Francia en M\u00e9xico, te invita a explorar el fascinante mundo del dise\u00f1o a trav\u00e9s de los ojos de talentosos dise\u00f1adores franceses residentes en M\u00e9xico.<\/p>","protected":false},"author":175,"featured_media":14523,"comment_status":"open","ping_status":"open","sticky":false,"template":"","format":"standard","meta":{"_themeisle_gutenberg_block_has_review":false,"_jetpack_memberships_contains_paid_content":false,"footnotes":""},"categories":[72],"tags":[145],"class_list":["post-12240","post","type-post","status-publish","format-standard","has-post-thumbnail","hentry","category-programa-2023","tag-pais-invitado"],"blocksy_meta":{"has_hero_section":"disabled","disable_featured_image":"yes"},"yoast_head":"<!-- This site is optimized with the Yoast SEO plugin v27.4 - https:\/\/yoast.com\/product\/yoast-seo-wordpress\/ -->\n<title>Expo Dise\u00f1o Franc\u00e9s - Design Week Mexico<\/title>\n<meta name=\"robots\" content=\"index, follow, max-snippet:-1, max-image-preview:large, max-video-preview:-1\" \/>\n<link rel=\"canonical\" href=\"https:\/\/designweekmexico.com\/en\/programa-2023\/expo-diseno-fr\/\" \/>\n<meta property=\"og:locale\" content=\"en_US\" \/>\n<meta property=\"og:type\" content=\"article\" \/>\n<meta property=\"og:title\" content=\"Expo Dise\u00f1o Franc\u00e9s - Design Week Mexico\" \/>\n<meta property=\"og:description\" content=\"\u00a1Sum\u00e9rgete en la mezcla \u00fanica de elegancia francesa y el esp\u00edritu mexicano en Expo Dise\u00f1o Franc\u00e9s! Esta emocionante exposici\u00f3n, parte de la programaci\u00f3n de Design Week M\u00e9xico 2023 y fruto de una colaboraci\u00f3n con la Embajada de Francia en M\u00e9xico, te invita a explorar el fascinante mundo del dise\u00f1o a trav\u00e9s de los ojos de talentosos dise\u00f1adores franceses residentes en M\u00e9xico.\" \/>\n<meta property=\"og:url\" content=\"https:\/\/designweekmexico.com\/en\/programa-2023\/expo-diseno-fr\/\" \/>\n<meta property=\"og:site_name\" content=\"Design Week Mexico\" \/>\n<meta property=\"article:publisher\" content=\"https:\/\/www.facebook.com\/designweekmex\" \/>\n<meta property=\"article:published_time\" content=\"2023-08-12T21:51:50+00:00\" \/>\n<meta property=\"article:modified_time\" content=\"2024-06-19T17:04:09+00:00\" \/>\n<meta property=\"og:image\" content=\"https:\/\/designweekmexico.com\/wp-content\/uploads\/2024\/02\/DisenoFrances\u20142023\u201403.jpg\" \/>\n\t<meta property=\"og:image:width\" content=\"1920\" \/>\n\t<meta property=\"og:image:height\" content=\"1280\" \/>\n\t<meta property=\"og:image:type\" content=\"image\/jpeg\" \/>\n<meta name=\"author\" content=\"Design Week Mexico\" \/>\n<meta name=\"twitter:card\" content=\"summary_large_image\" \/>\n<meta name=\"twitter:creator\" content=\"@designweekmex\" \/>\n<meta name=\"twitter:site\" content=\"@designweekmex\" \/>\n<meta name=\"twitter:label1\" content=\"Written by\" \/>\n\t<meta name=\"twitter:data1\" content=\"Design Week Mexico\" \/>\n\t<meta name=\"twitter:label2\" content=\"Est. reading time\" \/>\n\t<meta name=\"twitter:data2\" content=\"4 minutes\" \/>\n<script type=\"application\/ld+json\" class=\"yoast-schema-graph\">{\"@context\":\"https:\\\/\\\/schema.org\",\"@graph\":[{\"@type\":\"Article\",\"@id\":\"https:\\\/\\\/designweekmexico.com\\\/programa-2023\\\/expo-diseno-fr\\\/#article\",\"isPartOf\":{\"@id\":\"https:\\\/\\\/designweekmexico.com\\\/programa-2023\\\/expo-diseno-fr\\\/\"},\"author\":{\"name\":\"Design Week Mexico\",\"@id\":\"https:\\\/\\\/designweekmexico.com\\\/#\\\/schema\\\/person\\\/ee1da898b14b7d9d29bd0bc66da7ef01\"},\"headline\":\"Expo Dise\u00f1o Franc\u00e9s\",\"datePublished\":\"2023-08-12T21:51:50+00:00\",\"dateModified\":\"2024-06-19T17:04:09+00:00\",\"mainEntityOfPage\":{\"@id\":\"https:\\\/\\\/designweekmexico.com\\\/programa-2023\\\/expo-diseno-fr\\\/\"},\"wordCount\":439,\"commentCount\":0,\"publisher\":{\"@id\":\"https:\\\/\\\/designweekmexico.com\\\/#organization\"},\"image\":{\"@id\":\"https:\\\/\\\/designweekmexico.com\\\/programa-2023\\\/expo-diseno-fr\\\/#primaryimage\"},\"thumbnailUrl\":\"https:\\\/\\\/designweekmexico.com\\\/wp-content\\\/uploads\\\/2024\\\/02\\\/DisenoFrances\u20142023\u201403.jpg\",\"keywords\":[\"Pa\u00eds Invitado\"],\"articleSection\":[\"DWM23\"],\"inLanguage\":\"en-US\",\"potentialAction\":[{\"@type\":\"CommentAction\",\"name\":\"Comment\",\"target\":[\"https:\\\/\\\/designweekmexico.com\\\/programa-2023\\\/expo-diseno-fr\\\/#respond\"]}]},{\"@type\":\"WebPage\",\"@id\":\"https:\\\/\\\/designweekmexico.com\\\/programa-2023\\\/expo-diseno-fr\\\/\",\"url\":\"https:\\\/\\\/designweekmexico.com\\\/programa-2023\\\/expo-diseno-fr\\\/\",\"name\":\"Expo Dise\u00f1o Franc\u00e9s - Design Week Mexico\",\"isPartOf\":{\"@id\":\"https:\\\/\\\/designweekmexico.com\\\/#website\"},\"primaryImageOfPage\":{\"@id\":\"https:\\\/\\\/designweekmexico.com\\\/programa-2023\\\/expo-diseno-fr\\\/#primaryimage\"},\"image\":{\"@id\":\"https:\\\/\\\/designweekmexico.com\\\/programa-2023\\\/expo-diseno-fr\\\/#primaryimage\"},\"thumbnailUrl\":\"https:\\\/\\\/designweekmexico.com\\\/wp-content\\\/uploads\\\/2024\\\/02\\\/DisenoFrances\u20142023\u201403.jpg\",\"datePublished\":\"2023-08-12T21:51:50+00:00\",\"dateModified\":\"2024-06-19T17:04:09+00:00\",\"breadcrumb\":{\"@id\":\"https:\\\/\\\/designweekmexico.com\\\/programa-2023\\\/expo-diseno-fr\\\/#breadcrumb\"},\"inLanguage\":\"en-US\",\"potentialAction\":[{\"@type\":\"ReadAction\",\"target\":[\"https:\\\/\\\/designweekmexico.com\\\/programa-2023\\\/expo-diseno-fr\\\/\"]}]},{\"@type\":\"ImageObject\",\"inLanguage\":\"en-US\",\"@id\":\"https:\\\/\\\/designweekmexico.com\\\/programa-2023\\\/expo-diseno-fr\\\/#primaryimage\",\"url\":\"https:\\\/\\\/designweekmexico.com\\\/wp-content\\\/uploads\\\/2024\\\/02\\\/DisenoFrances\u20142023\u201403.jpg\",\"contentUrl\":\"https:\\\/\\\/designweekmexico.com\\\/wp-content\\\/uploads\\\/2024\\\/02\\\/DisenoFrances\u20142023\u201403.jpg\",\"width\":1920,\"height\":1280},{\"@type\":\"BreadcrumbList\",\"@id\":\"https:\\\/\\\/designweekmexico.com\\\/programa-2023\\\/expo-diseno-fr\\\/#breadcrumb\",\"itemListElement\":[{\"@type\":\"ListItem\",\"position\":1,\"name\":\"Inicio\",\"item\":\"https:\\\/\\\/designweekmexico.com\\\/\"},{\"@type\":\"ListItem\",\"position\":2,\"name\":\"Expo Dise\u00f1o Franc\u00e9s\"}]},{\"@type\":\"WebSite\",\"@id\":\"https:\\\/\\\/designweekmexico.com\\\/#website\",\"url\":\"https:\\\/\\\/designweekmexico.com\\\/\",\"name\":\"Design Week Mexico\",\"description\":\"Dise\u00f1ando el futuro...\",\"publisher\":{\"@id\":\"https:\\\/\\\/designweekmexico.com\\\/#organization\"},\"potentialAction\":[{\"@type\":\"SearchAction\",\"target\":{\"@type\":\"EntryPoint\",\"urlTemplate\":\"https:\\\/\\\/designweekmexico.com\\\/?s={search_term_string}\"},\"query-input\":{\"@type\":\"PropertyValueSpecification\",\"valueRequired\":true,\"valueName\":\"search_term_string\"}}],\"inLanguage\":\"en-US\"},{\"@type\":\"Organization\",\"@id\":\"https:\\\/\\\/designweekmexico.com\\\/#organization\",\"name\":\"Design Week Mexico\",\"url\":\"https:\\\/\\\/designweekmexico.com\\\/\",\"logo\":{\"@type\":\"ImageObject\",\"inLanguage\":\"en-US\",\"@id\":\"https:\\\/\\\/designweekmexico.com\\\/#\\\/schema\\\/logo\\\/image\\\/\",\"url\":\"https:\\\/\\\/designweekmexico.com\\\/wp-content\\\/uploads\\\/2026\\\/04\\\/Asset-58-70eae4-3141d7.svg\",\"contentUrl\":\"https:\\\/\\\/designweekmexico.com\\\/wp-content\\\/uploads\\\/2026\\\/04\\\/Asset-58-70eae4-3141d7.svg\",\"width\":1741,\"height\":103,\"caption\":\"Design Week Mexico\"},\"image\":{\"@id\":\"https:\\\/\\\/designweekmexico.com\\\/#\\\/schema\\\/logo\\\/image\\\/\"},\"sameAs\":[\"https:\\\/\\\/www.facebook.com\\\/designweekmex\",\"https:\\\/\\\/x.com\\\/designweekmex\",\"https:\\\/\\\/www.instagram.com\\\/designweekmex\\\/\",\"https:\\\/\\\/www.youtube.com\\\/user\\\/designweekmexico\",\"https:\\\/\\\/vimeo.com\\\/designweekmexico\",\"https:\\\/\\\/www.linkedin.com\\\/company\\\/designweekmx\\\/\"]},{\"@type\":\"Person\",\"@id\":\"https:\\\/\\\/designweekmexico.com\\\/#\\\/schema\\\/person\\\/ee1da898b14b7d9d29bd0bc66da7ef01\",\"name\":\"Design Week Mexico\",\"image\":{\"@type\":\"ImageObject\",\"inLanguage\":\"en-US\",\"@id\":\"https:\\\/\\\/secure.gravatar.com\\\/avatar\\\/0830bfc50cafacf340fb14966c0f6cc5c88935cded635f38ae2ed050785fd609?s=96&d=mm&r=g\",\"url\":\"https:\\\/\\\/secure.gravatar.com\\\/avatar\\\/0830bfc50cafacf340fb14966c0f6cc5c88935cded635f38ae2ed050785fd609?s=96&d=mm&r=g\",\"contentUrl\":\"https:\\\/\\\/secure.gravatar.com\\\/avatar\\\/0830bfc50cafacf340fb14966c0f6cc5c88935cded635f38ae2ed050785fd609?s=96&d=mm&r=g\",\"caption\":\"Design Week Mexico\"},\"url\":\"https:\\\/\\\/designweekmexico.com\\\/en\\\/author\\\/designweekmexico\\\/\"}]}<\/script>\n<!-- \/ Yoast SEO plugin. -->","yoast_head_json":{"title":"Expo Dise\u00f1o Franc\u00e9s - Design Week Mexico","robots":{"index":"index","follow":"follow","max-snippet":"max-snippet:-1","max-image-preview":"max-image-preview:large","max-video-preview":"max-video-preview:-1"},"canonical":"https:\/\/designweekmexico.com\/en\/programa-2023\/expo-diseno-fr\/","og_locale":"en_US","og_type":"article","og_title":"Expo Dise\u00f1o Franc\u00e9s - Design Week Mexico","og_description":"\u00a1Sum\u00e9rgete en la mezcla \u00fanica de elegancia francesa y el esp\u00edritu mexicano en Expo Dise\u00f1o Franc\u00e9s! Esta emocionante exposici\u00f3n, parte de la programaci\u00f3n de Design Week M\u00e9xico 2023 y fruto de una colaboraci\u00f3n con la Embajada de Francia en M\u00e9xico, te invita a explorar el fascinante mundo del dise\u00f1o a trav\u00e9s de los ojos de talentosos dise\u00f1adores franceses residentes en M\u00e9xico.","og_url":"https:\/\/designweekmexico.com\/en\/programa-2023\/expo-diseno-fr\/","og_site_name":"Design Week Mexico","article_publisher":"https:\/\/www.facebook.com\/designweekmex","article_published_time":"2023-08-12T21:51:50+00:00","article_modified_time":"2024-06-19T17:04:09+00:00","og_image":[{"width":1920,"height":1280,"url":"https:\/\/designweekmexico.com\/wp-content\/uploads\/2024\/02\/DisenoFrances\u20142023\u201403.jpg","type":"image\/jpeg"}],"author":"Design Week Mexico","twitter_card":"summary_large_image","twitter_creator":"@designweekmex","twitter_site":"@designweekmex","twitter_misc":{"Written by":"Design Week Mexico","Est. reading time":"4 minutes"},"schema":{"@context":"https:\/\/schema.org","@graph":[{"@type":"Article","@id":"https:\/\/designweekmexico.com\/programa-2023\/expo-diseno-fr\/#article","isPartOf":{"@id":"https:\/\/designweekmexico.com\/programa-2023\/expo-diseno-fr\/"},"author":{"name":"Design Week Mexico","@id":"https:\/\/designweekmexico.com\/#\/schema\/person\/ee1da898b14b7d9d29bd0bc66da7ef01"},"headline":"Expo Dise\u00f1o Franc\u00e9s","datePublished":"2023-08-12T21:51:50+00:00","dateModified":"2024-06-19T17:04:09+00:00","mainEntityOfPage":{"@id":"https:\/\/designweekmexico.com\/programa-2023\/expo-diseno-fr\/"},"wordCount":439,"commentCount":0,"publisher":{"@id":"https:\/\/designweekmexico.com\/#organization"},"image":{"@id":"https:\/\/designweekmexico.com\/programa-2023\/expo-diseno-fr\/#primaryimage"},"thumbnailUrl":"https:\/\/designweekmexico.com\/wp-content\/uploads\/2024\/02\/DisenoFrances\u20142023\u201403.jpg","keywords":["Pa\u00eds Invitado"],"articleSection":["DWM23"],"inLanguage":"en-US","potentialAction":[{"@type":"CommentAction","name":"Comment","target":["https:\/\/designweekmexico.com\/programa-2023\/expo-diseno-fr\/#respond"]}]},{"@type":"WebPage","@id":"https:\/\/designweekmexico.com\/programa-2023\/expo-diseno-fr\/","url":"https:\/\/designweekmexico.com\/programa-2023\/expo-diseno-fr\/","name":"Expo Dise\u00f1o Franc\u00e9s - Design Week Mexico","isPartOf":{"@id":"https:\/\/designweekmexico.com\/#website"},"primaryImageOfPage":{"@id":"https:\/\/designweekmexico.com\/programa-2023\/expo-diseno-fr\/#primaryimage"},"image":{"@id":"https:\/\/designweekmexico.com\/programa-2023\/expo-diseno-fr\/#primaryimage"},"thumbnailUrl":"https:\/\/designweekmexico.com\/wp-content\/uploads\/2024\/02\/DisenoFrances\u20142023\u201403.jpg","datePublished":"2023-08-12T21:51:50+00:00","dateModified":"2024-06-19T17:04:09+00:00","breadcrumb":{"@id":"https:\/\/designweekmexico.com\/programa-2023\/expo-diseno-fr\/#breadcrumb"},"inLanguage":"en-US","potentialAction":[{"@type":"ReadAction","target":["https:\/\/designweekmexico.com\/programa-2023\/expo-diseno-fr\/"]}]},{"@type":"ImageObject","inLanguage":"en-US","@id":"https:\/\/designweekmexico.com\/programa-2023\/expo-diseno-fr\/#primaryimage","url":"https:\/\/designweekmexico.com\/wp-content\/uploads\/2024\/02\/DisenoFrances\u20142023\u201403.jpg","contentUrl":"https:\/\/designweekmexico.com\/wp-content\/uploads\/2024\/02\/DisenoFrances\u20142023\u201403.jpg","width":1920,"height":1280},{"@type":"BreadcrumbList","@id":"https:\/\/designweekmexico.com\/programa-2023\/expo-diseno-fr\/#breadcrumb","itemListElement":[{"@type":"ListItem","position":1,"name":"Inicio","item":"https:\/\/designweekmexico.com\/"},{"@type":"ListItem","position":2,"name":"Expo Dise\u00f1o Franc\u00e9s"}]},{"@type":"WebSite","@id":"https:\/\/designweekmexico.com\/#website","url":"https:\/\/designweekmexico.com\/","name":"Design Week Mexico","description":"Dise\u00f1ando el futuro...","publisher":{"@id":"https:\/\/designweekmexico.com\/#organization"},"potentialAction":[{"@type":"SearchAction","target":{"@type":"EntryPoint","urlTemplate":"https:\/\/designweekmexico.com\/?s={search_term_string}"},"query-input":{"@type":"PropertyValueSpecification","valueRequired":true,"valueName":"search_term_string"}}],"inLanguage":"en-US"},{"@type":"Organization","@id":"https:\/\/designweekmexico.com\/#organization","name":"Design Week Mexico","url":"https:\/\/designweekmexico.com\/","logo":{"@type":"ImageObject","inLanguage":"en-US","@id":"https:\/\/designweekmexico.com\/#\/schema\/logo\/image\/","url":"https:\/\/designweekmexico.com\/wp-content\/uploads\/2026\/04\/Asset-58-70eae4-3141d7.svg","contentUrl":"https:\/\/designweekmexico.com\/wp-content\/uploads\/2026\/04\/Asset-58-70eae4-3141d7.svg","width":1741,"height":103,"caption":"Design Week Mexico"},"image":{"@id":"https:\/\/designweekmexico.com\/#\/schema\/logo\/image\/"},"sameAs":["https:\/\/www.facebook.com\/designweekmex","https:\/\/x.com\/designweekmex","https:\/\/www.instagram.com\/designweekmex\/","https:\/\/www.youtube.com\/user\/designweekmexico","https:\/\/vimeo.com\/designweekmexico","https:\/\/www.linkedin.com\/company\/designweekmx\/"]},{"@type":"Person","@id":"https:\/\/designweekmexico.com\/#\/schema\/person\/ee1da898b14b7d9d29bd0bc66da7ef01","name":"Design Week Mexico","image":{"@type":"ImageObject","inLanguage":"en-US","@id":"https:\/\/secure.gravatar.com\/avatar\/0830bfc50cafacf340fb14966c0f6cc5c88935cded635f38ae2ed050785fd609?s=96&d=mm&r=g","url":"https:\/\/secure.gravatar.com\/avatar\/0830bfc50cafacf340fb14966c0f6cc5c88935cded635f38ae2ed050785fd609?s=96&d=mm&r=g","contentUrl":"https:\/\/secure.gravatar.com\/avatar\/0830bfc50cafacf340fb14966c0f6cc5c88935cded635f38ae2ed050785fd609?s=96&d=mm&r=g","caption":"Design Week Mexico"},"url":"https:\/\/designweekmexico.com\/en\/author\/designweekmexico\/"}]}},"jetpack_featured_media_url":"https:\/\/designweekmexico.com\/wp-content\/uploads\/2024\/02\/DisenoFrances\u20142023\u201403.jpg","jetpack_sharing_enabled":true,"_links":{"self":[{"href":"https:\/\/designweekmexico.com\/en\/wp-json\/wp\/v2\/posts\/12240","targetHints":{"allow":["GET"]}}],"collection":[{"href":"https:\/\/designweekmexico.com\/en\/wp-json\/wp\/v2\/posts"}],"about":[{"href":"https:\/\/designweekmexico.com\/en\/wp-json\/wp\/v2\/types\/post"}],"author":[{"embeddable":true,"href":"https:\/\/designweekmexico.com\/en\/wp-json\/wp\/v2\/users\/175"}],"replies":[{"embeddable":true,"href":"https:\/\/designweekmexico.com\/en\/wp-json\/wp\/v2\/comments?post=12240"}],"version-history":[{"count":67,"href":"https:\/\/designweekmexico.com\/en\/wp-json\/wp\/v2\/posts\/12240\/revisions"}],"predecessor-version":[{"id":15045,"href":"https:\/\/designweekmexico.com\/en\/wp-json\/wp\/v2\/posts\/12240\/revisions\/15045"}],"wp:featuredmedia":[{"embeddable":true,"href":"https:\/\/designweekmexico.com\/en\/wp-json\/wp\/v2\/media\/14523"}],"wp:attachment":[{"href":"https:\/\/designweekmexico.com\/en\/wp-json\/wp\/v2\/media?parent=12240"}],"wp:term":[{"taxonomy":"category","embeddable":true,"href":"https:\/\/designweekmexico.com\/en\/wp-json\/wp\/v2\/categories?post=12240"},{"taxonomy":"post_tag","embeddable":true,"href":"https:\/\/designweekmexico.com\/en\/wp-json\/wp\/v2\/tags?post=12240"}],"curies":[{"name":"wp","href":"https:\/\/api.w.org\/{rel}","templated":true}]}}