{"id":15838,"date":"2024-06-26T18:55:46","date_gmt":"2024-06-26T23:55:46","guid":{"rendered":"https:\/\/designweekmexico.com\/?p=15838"},"modified":"2024-09-30T17:38:31","modified_gmt":"2024-09-30T22:38:31","slug":"colombia-2024","status":"publish","type":"post","link":"https:\/\/designweekmexico.com\/en\/pais-invitado\/colombia-2024\/","title":{"rendered":"Colombia 2024"},"content":{"rendered":"<div data-elementor-type=\"wp-post\" data-elementor-id=\"15838\" class=\"elementor elementor-15838\" data-elementor-settings=\"{&quot;ha_cmc_init_switcher&quot;:&quot;no&quot;}\" data-elementor-post-type=\"post\">\n\t\t\t\t\t\t<section class=\"elementor-section elementor-top-section elementor-element elementor-element-a00b181 ct-section-stretched elementor-section-height-min-height elementor-section-items-bottom elementor-section-boxed elementor-section-height-default\" data-id=\"a00b181\" data-element_type=\"section\" data-settings=\"{&quot;background_background&quot;:&quot;slideshow&quot;,&quot;background_slideshow_gallery&quot;:[{&quot;id&quot;:15860,&quot;url&quot;:&quot;https:\\\/\\\/designweekmexico.com\\\/wp-content\\\/uploads\\\/2024\\\/06\\\/4YL7Q0000004V0OWAU-null.webp&quot;},{&quot;id&quot;:15869,&quot;url&quot;:&quot;https:\\\/\\\/designweekmexico.com\\\/wp-content\\\/uploads\\\/2024\\\/06\\\/293028678_138906312107607_1863988761575920938_n.jpg&quot;},{&quot;id&quot;:15865,&quot;url&quot;:&quot;https:\\\/\\\/designweekmexico.com\\\/wp-content\\\/uploads\\\/2024\\\/06\\\/434216600_1413709216182767_203562255434211741_n-scaled.jpg&quot;},{&quot;id&quot;:15875,&quot;url&quot;:&quot;https:\\\/\\\/designweekmexico.com\\\/wp-content\\\/uploads\\\/2024\\\/06\\\/271607281_687144645999325_8935605897257373020_n.jpg&quot;}],&quot;background_slideshow_slide_duration&quot;:3000,&quot;background_slideshow_ken_burns&quot;:&quot;yes&quot;,&quot;background_slideshow_loop&quot;:&quot;yes&quot;,&quot;background_slideshow_slide_transition&quot;:&quot;fade&quot;,&quot;background_slideshow_transition_duration&quot;:500,&quot;background_slideshow_ken_burns_zoom_direction&quot;:&quot;in&quot;,&quot;_ha_eqh_enable&quot;:false}\">\n\t\t\t\t\t\t\t<div class=\"elementor-background-overlay\"><\/div>\n\t\t\t\t\t\t\t<div class=\"elementor-container elementor-column-gap-default\">\n\t\t\t\t\t<div class=\"elementor-column elementor-col-100 elementor-top-column elementor-element elementor-element-44aed846\" data-id=\"44aed846\" data-element_type=\"column\">\n\t\t\t<div class=\"elementor-widget-wrap elementor-element-populated\">\n\t\t\t\t\t\t<div class=\"elementor-element elementor-element-f01038c elementor-widget elementor-widget-heading\" data-id=\"f01038c\" data-element_type=\"widget\" data-widget_type=\"heading.default\">\n\t\t\t\t<div class=\"elementor-widget-container\">\n\t\t\t\t\t<h1 class=\"elementor-heading-title elementor-size-xxl\">COLOMBIA<\/h1>\t\t\t\t<\/div>\n\t\t\t\t<\/div>\n\t\t\t\t<div class=\"elementor-element elementor-element-6a7b43f9 elementor-widget elementor-widget-heading\" data-id=\"6a7b43f9\" data-element_type=\"widget\" data-widget_type=\"heading.default\">\n\t\t\t\t<div class=\"elementor-widget-container\">\n\t\t\t\t\t<h3 class=\"elementor-heading-title elementor-size-xl\">PA\u00cdS INVITADO 2024<\/h3>\t\t\t\t<\/div>\n\t\t\t\t<\/div>\n\t\t\t\t<div class=\"elementor-element elementor-element-346473bc animated-slow elementor-widget elementor-widget-image\" data-id=\"346473bc\" data-element_type=\"widget\" data-settings=\"{&quot;_animation&quot;:&quot;none&quot;}\" data-widget_type=\"image.default\">\n\t\t\t\t<div class=\"elementor-widget-container\">\n\t\t\t\t\t\t\t\t\t\t\t\t\t\t\t<img fetchpriority=\"high\" decoding=\"async\" data-attachment-id=\"10668\" data-permalink=\"https:\/\/designweekmexico.com\/en\/scroll-down-white\/\" data-orig-file=\"https:\/\/designweekmexico.com\/wp-content\/uploads\/2023\/07\/Scroll-Down-white.gif\" data-orig-size=\"800,600\" data-comments-opened=\"1\" data-image-meta=\"{&quot;aperture&quot;:&quot;0&quot;,&quot;credit&quot;:&quot;&quot;,&quot;camera&quot;:&quot;&quot;,&quot;caption&quot;:&quot;&quot;,&quot;created_timestamp&quot;:&quot;0&quot;,&quot;copyright&quot;:&quot;&quot;,&quot;focal_length&quot;:&quot;0&quot;,&quot;iso&quot;:&quot;0&quot;,&quot;shutter_speed&quot;:&quot;0&quot;,&quot;title&quot;:&quot;&quot;,&quot;orientation&quot;:&quot;0&quot;}\" data-image-title=\"Scroll-Down-white\" data-image-description=\"\" data-image-caption=\"\" data-medium-file=\"https:\/\/designweekmexico.com\/wp-content\/uploads\/2023\/07\/Scroll-Down-white-300x225.gif\" data-large-file=\"https:\/\/designweekmexico.com\/wp-content\/uploads\/2023\/07\/Scroll-Down-white.gif\" width=\"800\" height=\"600\" src=\"https:\/\/designweekmexico.com\/wp-content\/uploads\/2023\/07\/Scroll-Down-white.gif\" class=\"attachment-full size-full wp-image-10668\" alt=\"\" \/>\t\t\t\t\t\t\t\t\t\t\t\t\t\t\t<\/div>\n\t\t\t\t<\/div>\n\t\t\t\t<div class=\"elementor-element elementor-element-7b3eb733 animated-slow elementor-widget elementor-widget-text-editor\" data-id=\"7b3eb733\" data-element_type=\"widget\" data-settings=\"{&quot;_animation&quot;:&quot;none&quot;}\" data-widget_type=\"text-editor.default\">\n\t\t\t\t<div class=\"elementor-widget-container\">\n\t\t\t\t\t\t\t\t\t<p style=\"text-align: center;\">SCROLL DOWN<\/p>\t\t\t\t\t\t\t\t<\/div>\n\t\t\t\t<\/div>\n\t\t\t\t\t<\/div>\n\t\t<\/div>\n\t\t\t\t\t<\/div>\n\t\t<\/section>\n\t\t\t\t<section class=\"elementor-section elementor-top-section elementor-element elementor-element-71be3b85 elementor-section-boxed elementor-section-height-default elementor-section-height-default\" data-id=\"71be3b85\" data-element_type=\"section\" data-settings=\"{&quot;_ha_eqh_enable&quot;:false}\">\n\t\t\t\t\t\t<div class=\"elementor-container elementor-column-gap-default\">\n\t\t\t\t\t<div class=\"elementor-column elementor-col-100 elementor-top-column elementor-element elementor-element-768cb177\" data-id=\"768cb177\" data-element_type=\"column\">\n\t\t\t<div class=\"elementor-widget-wrap elementor-element-populated\">\n\t\t\t\t\t\t<div class=\"elementor-element elementor-element-74804572 elementor-widget elementor-widget-heading\" data-id=\"74804572\" data-element_type=\"widget\" data-widget_type=\"heading.default\">\n\t\t\t\t<div class=\"elementor-widget-container\">\n\t\t\t\t\t<p class=\"elementor-heading-title elementor-size-default\">Impulsado por:<\/p>\t\t\t\t<\/div>\n\t\t\t\t<\/div>\n\t\t\t\t\t<\/div>\n\t\t<\/div>\n\t\t\t\t\t<\/div>\n\t\t<\/section>\n\t\t\t\t<section class=\"elementor-section elementor-top-section elementor-element elementor-element-62bc25b elementor-section-boxed elementor-section-height-default elementor-section-height-default\" data-id=\"62bc25b\" data-element_type=\"section\" data-settings=\"{&quot;background_background&quot;:&quot;classic&quot;,&quot;_ha_eqh_enable&quot;:false}\">\n\t\t\t\t\t\t<div class=\"elementor-container elementor-column-gap-default\">\n\t\t\t\t\t<div class=\"elementor-column elementor-col-25 elementor-top-column elementor-element elementor-element-7cd689a\" data-id=\"7cd689a\" data-element_type=\"column\">\n\t\t\t<div class=\"elementor-widget-wrap elementor-element-populated\">\n\t\t\t\t\t\t<div class=\"elementor-element elementor-element-f54841d elementor-widget elementor-widget-image\" data-id=\"f54841d\" data-element_type=\"widget\" data-widget_type=\"image.default\">\n\t\t\t\t<div class=\"elementor-widget-container\">\n\t\t\t\t\t\t\t\t\t\t\t\t<figure class=\"wp-caption\">\n\t\t\t\t\t\t\t\t\t\t<img decoding=\"async\" data-attachment-id=\"18078\" data-permalink=\"https:\/\/designweekmexico.com\/en\/aliados\/attachment\/colombia-03-2\/\" data-orig-file=\"https:\/\/designweekmexico.com\/wp-content\/uploads\/2024\/09\/Colombia-03.svg\" data-orig-size=\"300,200\" data-comments-opened=\"1\" data-image-meta=\"[]\" data-image-title=\"Colombia-03\" data-image-description=\"\" data-image-caption=\"\" data-medium-file=\"https:\/\/designweekmexico.com\/wp-content\/uploads\/2024\/09\/Colombia-03.svg\" data-large-file=\"https:\/\/designweekmexico.com\/wp-content\/uploads\/2024\/09\/Colombia-03.svg\" width=\"300\" height=\"200\" src=\"https:\/\/designweekmexico.com\/wp-content\/uploads\/2024\/09\/Colombia-03.svg\" class=\"attachment-full size-full wp-image-18078\" alt=\"\" \/>\t\t\t\t\t\t\t\t\t\t\t<figcaption class=\"widget-image-caption wp-caption-text\">Latimpacto<\/figcaption>\n\t\t\t\t\t\t\t\t\t\t<\/figure>\n\t\t\t\t\t\t\t\t\t<\/div>\n\t\t\t\t<\/div>\n\t\t\t\t\t<\/div>\n\t\t<\/div>\n\t\t\t\t<div class=\"elementor-column elementor-col-25 elementor-top-column elementor-element elementor-element-b6884e7\" data-id=\"b6884e7\" data-element_type=\"column\">\n\t\t\t<div class=\"elementor-widget-wrap elementor-element-populated\">\n\t\t\t\t\t\t<div class=\"elementor-element elementor-element-22ebdec elementor-widget elementor-widget-image\" data-id=\"22ebdec\" data-element_type=\"widget\" data-widget_type=\"image.default\">\n\t\t\t\t<div class=\"elementor-widget-container\">\n\t\t\t\t\t\t\t\t\t\t\t\t<figure class=\"wp-caption\">\n\t\t\t\t\t\t\t\t\t\t\t<a href=\"https:\/\/landing.sura.com\/Paginas\/SURA-America-Latina.aspx\">\n\t\t\t\t\t\t\t<img decoding=\"async\" data-attachment-id=\"18079\" data-permalink=\"https:\/\/designweekmexico.com\/en\/aliados\/attachment\/colombia-04\/\" data-orig-file=\"https:\/\/designweekmexico.com\/wp-content\/uploads\/2024\/09\/Colombia-04.svg\" data-orig-size=\"300,200\" data-comments-opened=\"1\" data-image-meta=\"[]\" data-image-title=\"Colombia-04\" data-image-description=\"\" data-image-caption=\"\" data-medium-file=\"https:\/\/designweekmexico.com\/wp-content\/uploads\/2024\/09\/Colombia-04.svg\" data-large-file=\"https:\/\/designweekmexico.com\/wp-content\/uploads\/2024\/09\/Colombia-04.svg\" width=\"300\" height=\"200\" src=\"https:\/\/designweekmexico.com\/wp-content\/uploads\/2024\/09\/Colombia-04.svg\" class=\"attachment-full size-full wp-image-18079\" alt=\"\" \/>\t\t\t\t\t\t\t\t<\/a>\n\t\t\t\t\t\t\t\t\t\t\t<figcaption class=\"widget-image-caption wp-caption-text\">Fundaci\u00f3n Sura<\/figcaption>\n\t\t\t\t\t\t\t\t\t\t<\/figure>\n\t\t\t\t\t\t\t\t\t<\/div>\n\t\t\t\t<\/div>\n\t\t\t\t\t<\/div>\n\t\t<\/div>\n\t\t\t\t<div class=\"elementor-column elementor-col-25 elementor-top-column elementor-element elementor-element-b439324\" data-id=\"b439324\" data-element_type=\"column\">\n\t\t\t<div class=\"elementor-widget-wrap\">\n\t\t\t\t\t\t\t<\/div>\n\t\t<\/div>\n\t\t\t\t<div class=\"elementor-column elementor-col-25 elementor-top-column elementor-element elementor-element-b77ca84\" data-id=\"b77ca84\" data-element_type=\"column\">\n\t\t\t<div class=\"elementor-widget-wrap\">\n\t\t\t\t\t\t\t<\/div>\n\t\t<\/div>\n\t\t\t\t\t<\/div>\n\t\t<\/section>\n\t\t\t\t<section class=\"elementor-section elementor-top-section elementor-element elementor-element-53751d3 elementor-section-boxed elementor-section-height-default elementor-section-height-default\" data-id=\"53751d3\" data-element_type=\"section\" data-settings=\"{&quot;_ha_eqh_enable&quot;:false}\">\n\t\t\t\t\t\t<div class=\"elementor-container elementor-column-gap-default\">\n\t\t\t\t\t<div class=\"elementor-column elementor-col-100 elementor-top-column elementor-element elementor-element-3fd3ba2\" data-id=\"3fd3ba2\" data-element_type=\"column\">\n\t\t\t<div class=\"elementor-widget-wrap elementor-element-populated\">\n\t\t\t\t\t\t<div class=\"elementor-element elementor-element-e0d1951 elementor-widget elementor-widget-text-editor\" data-id=\"e0d1951\" data-element_type=\"widget\" data-widget_type=\"text-editor.default\">\n\t\t\t\t<div class=\"elementor-widget-container\">\n\t\t\t\t\t\t\t\t\t<p class=\"has-palette-color-3-color has-text-color has-small-font-size\" style=\"text-align: center;\"><span style=\"font-size: 12pt;\">The ideas expressed in this project do not represent the views of the organizations behind it.<\/span><\/p>\t\t\t\t\t\t\t\t<\/div>\n\t\t\t\t<\/div>\n\t\t\t\t\t<\/div>\n\t\t<\/div>\n\t\t\t\t\t<\/div>\n\t\t<\/section>\n\t\t\t\t<section class=\"elementor-section elementor-top-section elementor-element elementor-element-b9ad371 elementor-section-boxed elementor-section-height-default elementor-section-height-default\" data-id=\"b9ad371\" data-element_type=\"section\" data-settings=\"{&quot;_ha_eqh_enable&quot;:false}\">\n\t\t\t\t\t\t<div class=\"elementor-container elementor-column-gap-default\">\n\t\t\t\t\t<div class=\"elementor-column elementor-col-100 elementor-top-column elementor-element elementor-element-fb2493b\" data-id=\"fb2493b\" data-element_type=\"column\">\n\t\t\t<div class=\"elementor-widget-wrap elementor-element-populated\">\n\t\t\t\t\t\t<div class=\"elementor-element elementor-element-236104c elementor-widget elementor-widget-heading\" data-id=\"236104c\" data-element_type=\"widget\" data-widget_type=\"heading.default\">\n\t\t\t\t<div class=\"elementor-widget-container\">\n\t\t\t\t\t<p class=\"elementor-heading-title elementor-size-default\">In alliance with:<\/p>\t\t\t\t<\/div>\n\t\t\t\t<\/div>\n\t\t\t\t\t<\/div>\n\t\t<\/div>\n\t\t\t\t\t<\/div>\n\t\t<\/section>\n\t\t\t\t<section class=\"elementor-section elementor-top-section elementor-element elementor-element-89765d7 elementor-section-boxed elementor-section-height-default elementor-section-height-default\" data-id=\"89765d7\" data-element_type=\"section\" data-settings=\"{&quot;background_background&quot;:&quot;classic&quot;,&quot;_ha_eqh_enable&quot;:false}\">\n\t\t\t\t\t\t<div class=\"elementor-container elementor-column-gap-default\">\n\t\t\t\t\t<div class=\"elementor-column elementor-col-25 elementor-top-column elementor-element elementor-element-4ef3f42\" data-id=\"4ef3f42\" data-element_type=\"column\">\n\t\t\t<div class=\"elementor-widget-wrap elementor-element-populated\">\n\t\t\t\t\t\t<div class=\"elementor-element elementor-element-9b04c2b elementor-widget elementor-widget-image\" data-id=\"9b04c2b\" data-element_type=\"widget\" data-widget_type=\"image.default\">\n\t\t\t\t<div class=\"elementor-widget-container\">\n\t\t\t\t\t\t\t\t\t\t\t\t<figure class=\"wp-caption\">\n\t\t\t\t\t\t\t\t\t\t\t<a href=\"https:\/\/www.fundaciongt.org\/\">\n\t\t\t\t\t\t\t<img loading=\"lazy\" decoding=\"async\" data-attachment-id=\"15911\" data-permalink=\"https:\/\/designweekmexico.com\/en\/pais-invitado\/colombia-2024\/attachment\/colombia-01-2\/\" data-orig-file=\"https:\/\/designweekmexico.com\/wp-content\/uploads\/2024\/06\/Colombia-01-1.svg\" data-orig-size=\"300,200\" data-comments-opened=\"1\" data-image-meta=\"[]\" data-image-title=\"Colombia-01\" data-image-description=\"\" data-image-caption=\"\" data-medium-file=\"https:\/\/designweekmexico.com\/wp-content\/uploads\/2024\/06\/Colombia-01-1.svg\" data-large-file=\"https:\/\/designweekmexico.com\/wp-content\/uploads\/2024\/06\/Colombia-01-1.svg\" width=\"300\" height=\"200\" src=\"https:\/\/designweekmexico.com\/wp-content\/uploads\/2024\/06\/Colombia-01-1.svg\" class=\"attachment-full size-full wp-image-15911\" alt=\"\" \/>\t\t\t\t\t\t\t\t<\/a>\n\t\t\t\t\t\t\t\t\t\t\t<figcaption class=\"widget-image-caption wp-caption-text\">Fundaci\u00f3n G\u00f3mez &amp; Tamayo<\/figcaption>\n\t\t\t\t\t\t\t\t\t\t<\/figure>\n\t\t\t\t\t\t\t\t\t<\/div>\n\t\t\t\t<\/div>\n\t\t\t\t\t<\/div>\n\t\t<\/div>\n\t\t\t\t<div class=\"elementor-column elementor-col-25 elementor-top-column elementor-element elementor-element-4088f72\" data-id=\"4088f72\" data-element_type=\"column\">\n\t\t\t<div class=\"elementor-widget-wrap elementor-element-populated\">\n\t\t\t\t\t\t<div class=\"elementor-element elementor-element-9d0c748 elementor-widget elementor-widget-image\" data-id=\"9d0c748\" data-element_type=\"widget\" data-widget_type=\"image.default\">\n\t\t\t\t<div class=\"elementor-widget-container\">\n\t\t\t\t\t\t\t\t\t\t\t\t<figure class=\"wp-caption\">\n\t\t\t\t\t\t\t\t\t\t\t<a href=\"https:\/\/www.enso.com.co\/\">\n\t\t\t\t\t\t\t<img loading=\"lazy\" decoding=\"async\" data-attachment-id=\"15912\" data-permalink=\"https:\/\/designweekmexico.com\/en\/pais-invitado\/colombia-2024\/attachment\/colombia-02-2\/\" data-orig-file=\"https:\/\/designweekmexico.com\/wp-content\/uploads\/2024\/06\/Colombia-02-1.svg\" data-orig-size=\"300,200\" data-comments-opened=\"1\" data-image-meta=\"[]\" data-image-title=\"Colombia-02\" data-image-description=\"\" data-image-caption=\"\" data-medium-file=\"https:\/\/designweekmexico.com\/wp-content\/uploads\/2024\/06\/Colombia-02-1.svg\" data-large-file=\"https:\/\/designweekmexico.com\/wp-content\/uploads\/2024\/06\/Colombia-02-1.svg\" width=\"300\" height=\"200\" src=\"https:\/\/designweekmexico.com\/wp-content\/uploads\/2024\/06\/Colombia-02-1.svg\" class=\"attachment-full size-full wp-image-15912\" alt=\"\" \/>\t\t\t\t\t\t\t\t<\/a>\n\t\t\t\t\t\t\t\t\t\t\t<figcaption class=\"widget-image-caption wp-caption-text\">ENS\u014c<\/figcaption>\n\t\t\t\t\t\t\t\t\t\t<\/figure>\n\t\t\t\t\t\t\t\t\t<\/div>\n\t\t\t\t<\/div>\n\t\t\t\t\t<\/div>\n\t\t<\/div>\n\t\t\t\t<div class=\"elementor-column elementor-col-25 elementor-top-column elementor-element elementor-element-bbacb4c\" data-id=\"bbacb4c\" data-element_type=\"column\">\n\t\t\t<div class=\"elementor-widget-wrap\">\n\t\t\t\t\t\t\t<\/div>\n\t\t<\/div>\n\t\t\t\t<div class=\"elementor-column elementor-col-25 elementor-top-column elementor-element elementor-element-acf37f1\" data-id=\"acf37f1\" data-element_type=\"column\">\n\t\t\t<div class=\"elementor-widget-wrap\">\n\t\t\t\t\t\t\t<\/div>\n\t\t<\/div>\n\t\t\t\t\t<\/div>\n\t\t<\/section>\n\t\t\t\t<section class=\"elementor-section elementor-top-section elementor-element elementor-element-cb44c68 elementor-section-boxed elementor-section-height-default elementor-section-height-default\" data-id=\"cb44c68\" data-element_type=\"section\" data-settings=\"{&quot;_ha_eqh_enable&quot;:false}\">\n\t\t\t\t\t\t<div class=\"elementor-container elementor-column-gap-extended\">\n\t\t\t\t\t<div class=\"elementor-column elementor-col-100 elementor-top-column elementor-element elementor-element-3d6896c9\" data-id=\"3d6896c9\" data-element_type=\"column\">\n\t\t\t<div class=\"elementor-widget-wrap elementor-element-populated\">\n\t\t\t\t\t\t<div class=\"elementor-element elementor-element-77cfe8e2 elementor-widget elementor-widget-heading\" data-id=\"77cfe8e2\" data-element_type=\"widget\" data-widget_type=\"heading.default\">\n\t\t\t\t<div class=\"elementor-widget-container\">\n\t\t\t\t\t<h1 class=\"elementor-heading-title elementor-size-xxl\">COLOMBIA<\/h1>\t\t\t\t<\/div>\n\t\t\t\t<\/div>\n\t\t\t\t<div class=\"elementor-element elementor-element-980885a elementor-widget elementor-widget-heading\" data-id=\"980885a\" data-element_type=\"widget\" data-widget_type=\"heading.default\">\n\t\t\t\t<div class=\"elementor-widget-container\">\n\t\t\t\t\t<h3 class=\"elementor-heading-title elementor-size-default\">Pa\u00eds invitado 2024<\/h3>\t\t\t\t<\/div>\n\t\t\t\t<\/div>\n\t\t\t\t<div class=\"elementor-element elementor-element-58f1b8dc elementor-widget elementor-widget-text-editor\" data-id=\"58f1b8dc\" data-element_type=\"widget\" data-widget_type=\"text-editor.default\">\n\t\t\t\t<div class=\"elementor-widget-container\">\n\t\t\t\t\t\t\t\t\t<p><span style=\"font-weight: 400;\">La edici\u00f3n 2024 de Design Week Mexico se llena de color y creatividad con la participaci\u00f3n de <\/span><b>Colombia<\/b><span style=\"font-weight: 400;\"> as <\/span><b>Pa\u00eds Invitado 2024.<\/b><span style=\"font-weight: 400;\"> Este evento, que celebra la excelencia del dise\u00f1o en todas sus formas, se enriquece este a\u00f1o con la colaboraci\u00f3n de la <\/span><a href=\"https:\/\/www.fundaciongt.org\/\"><b>Fundaci\u00f3n Gomez &amp; Tamayo<\/b><\/a><span style=\"font-weight: 400;\"> and <\/span><a href=\"https:\/\/www.enso.com.co\/\"><b>Ens\u014d<\/b><\/a>\u00a0<span style=\"font-weight: 400;\">and the support of <\/span><a href=\"https:\/\/landing.sura.com\/Paginas\/SURA-America-Latina.aspx\"><b>Sura, <\/b><\/a><span style=\"font-weight: 400;\">quienes traer\u00e1n a M\u00e9xico la esencia del dise\u00f1o colombiano.<\/span><\/p><p><span style=\"font-weight: 400;\">Colombia, conocida por su diversidad cultural y art\u00edstica, tendr\u00e1 una destacada presencia en varios de los programas m\u00e1s emblem\u00e1ticos de Design Week Mexico. En<\/span> <a href=\"https:\/\/designweekmexico.com\/programa\/vision-y-tradicion\/\"><b>Visi\u00f3n y Tradici\u00f3n,<\/b><\/a><span style=\"font-weight: 400;\"> Colombia trabajar\u00e1 de la mano con el estado invitado de este a\u00f1o, Aguascalientes. Este programa tiene como objetivo la fusi\u00f3n de la creatividad contempor\u00e1nea con las habilidades artesanales, y promete ser un punto de encuentro donde las visiones de ambos pa\u00edses se entrelazan, creando una sinergia \u00fanica que refleja la rica herencia cultural y la innovaci\u00f3n del dise\u00f1o colombiano y mexicano.<\/span><\/p>\t\t\t\t\t\t\t\t<\/div>\n\t\t\t\t<\/div>\n\t\t\t\t<div class=\"elementor-element elementor-element-b847c46 elementor-widget elementor-widget-gallery\" data-id=\"b847c46\" data-element_type=\"widget\" data-settings=\"{&quot;gallery_layout&quot;:&quot;justified&quot;,&quot;ideal_row_height&quot;:{&quot;unit&quot;:&quot;px&quot;,&quot;size&quot;:450,&quot;sizes&quot;:[]},&quot;gap&quot;:{&quot;unit&quot;:&quot;px&quot;,&quot;size&quot;:30,&quot;sizes&quot;:[]},&quot;lazyload&quot;:&quot;yes&quot;,&quot;ideal_row_height_tablet&quot;:{&quot;unit&quot;:&quot;px&quot;,&quot;size&quot;:150,&quot;sizes&quot;:[]},&quot;ideal_row_height_mobile&quot;:{&quot;unit&quot;:&quot;px&quot;,&quot;size&quot;:150,&quot;sizes&quot;:[]},&quot;gap_tablet&quot;:{&quot;unit&quot;:&quot;px&quot;,&quot;size&quot;:10,&quot;sizes&quot;:[]},&quot;gap_mobile&quot;:{&quot;unit&quot;:&quot;px&quot;,&quot;size&quot;:10,&quot;sizes&quot;:[]},&quot;link_to&quot;:&quot;file&quot;,&quot;overlay_background&quot;:&quot;yes&quot;,&quot;content_hover_animation&quot;:&quot;fade-in&quot;}\" data-widget_type=\"gallery.default\">\n\t\t\t\t<div class=\"elementor-widget-container\">\n\t\t\t\t\t\t\t<div class=\"elementor-gallery__container\">\n\t\t\t\t\t\t\t<a class=\"e-gallery-item elementor-gallery-item elementor-animated-content\" href=\"https:\/\/designweekmexico.com\/wp-content\/uploads\/2024\/06\/65e57e_9ff3e5cbbfd449fa863effad8ce5c1c8mv2_d_1496_2252_s_2.jpg\" data-elementor-open-lightbox=\"yes\" data-elementor-lightbox-slideshow=\"b847c46\" data-elementor-lightbox-title=\"65e57e_9ff3e5cbbfd449fa863effad8ce5c1c8~mv2_d_1496_2252_s_2\" data-e-action-hash=\"#elementor-action%3Aaction%3Dlightbox%26settings%3DeyJpZCI6MTU4NTcsInVybCI6Imh0dHBzOlwvXC9kZXNpZ253ZWVrbWV4aWNvLmNvbVwvd3AtY29udGVudFwvdXBsb2Fkc1wvMjAyNFwvMDZcLzY1ZTU3ZV85ZmYzZTVjYmJmZDQ0OWZhODYzZWZmYWQ4Y2U1YzFjOG12Ml9kXzE0OTZfMjI1Ml9zXzIuanBnIiwic2xpZGVzaG93IjoiYjg0N2M0NiJ9\">\n\t\t\t\t\t<div class=\"e-gallery-image elementor-gallery-item__image\" data-thumbnail=\"https:\/\/designweekmexico.com\/wp-content\/uploads\/2024\/06\/65e57e_9ff3e5cbbfd449fa863effad8ce5c1c8mv2_d_1496_2252_s_2.jpg\" data-width=\"570\" data-height=\"858\" aria-label=\"\" role=\"img\" ><\/div>\n\t\t\t\t\t\t\t\t\t\t\t<div class=\"elementor-gallery-item__overlay\"><\/div>\n\t\t\t\t\t\t\t\t\t\t\t\t\t\t<\/a>\n\t\t\t\t\t\t\t<a class=\"e-gallery-item elementor-gallery-item elementor-animated-content\" href=\"https:\/\/designweekmexico.com\/wp-content\/uploads\/2024\/06\/446099054_371366588725904_2250023427809397605_n.jpg\" data-elementor-open-lightbox=\"yes\" data-elementor-lightbox-slideshow=\"b847c46\" data-elementor-lightbox-title=\"446099054_371366588725904_2250023427809397605_n\" data-e-action-hash=\"#elementor-action%3Aaction%3Dlightbox%26settings%3DeyJpZCI6MTU4NjMsInVybCI6Imh0dHBzOlwvXC9kZXNpZ253ZWVrbWV4aWNvLmNvbVwvd3AtY29udGVudFwvdXBsb2Fkc1wvMjAyNFwvMDZcLzQ0NjA5OTA1NF8zNzEzNjY1ODg3MjU5MDRfMjI1MDAyMzQyNzgwOTM5NzYwNV9uLmpwZyIsInNsaWRlc2hvdyI6ImI4NDdjNDYifQ%3D%3D\">\n\t\t\t\t\t<div class=\"e-gallery-image elementor-gallery-item__image\" data-thumbnail=\"https:\/\/designweekmexico.com\/wp-content\/uploads\/2024\/06\/446099054_371366588725904_2250023427809397605_n.jpg\" data-width=\"1619\" data-height=\"1619\" aria-label=\"\" role=\"img\" ><\/div>\n\t\t\t\t\t\t\t\t\t\t\t<div class=\"elementor-gallery-item__overlay\"><\/div>\n\t\t\t\t\t\t\t\t\t\t\t\t\t\t<\/a>\n\t\t\t\t\t\t\t<a class=\"e-gallery-item elementor-gallery-item elementor-animated-content\" href=\"https:\/\/designweekmexico.com\/wp-content\/uploads\/2024\/06\/419057540_1304323886922482_1774788754226357699_n.jpg\" data-elementor-open-lightbox=\"yes\" data-elementor-lightbox-slideshow=\"b847c46\" data-elementor-lightbox-title=\"419057540_1304323886922482_1774788754226357699_n\" data-e-action-hash=\"#elementor-action%3Aaction%3Dlightbox%26settings%3DeyJpZCI6MTU4NjYsInVybCI6Imh0dHBzOlwvXC9kZXNpZ253ZWVrbWV4aWNvLmNvbVwvd3AtY29udGVudFwvdXBsb2Fkc1wvMjAyNFwvMDZcLzQxOTA1NzU0MF8xMzA0MzIzODg2OTIyNDgyXzE3NzQ3ODg3NTQyMjYzNTc2OTlfbi5qcGciLCJzbGlkZXNob3ciOiJiODQ3YzQ2In0%3D\">\n\t\t\t\t\t<div class=\"e-gallery-image elementor-gallery-item__image\" data-thumbnail=\"https:\/\/designweekmexico.com\/wp-content\/uploads\/2024\/06\/419057540_1304323886922482_1774788754226357699_n.jpg\" data-width=\"1440\" data-height=\"1800\" aria-label=\"\" role=\"img\" ><\/div>\n\t\t\t\t\t\t\t\t\t\t\t<div class=\"elementor-gallery-item__overlay\"><\/div>\n\t\t\t\t\t\t\t\t\t\t\t\t\t\t<\/a>\n\t\t\t\t\t\t\t<a class=\"e-gallery-item elementor-gallery-item elementor-animated-content\" href=\"https:\/\/designweekmexico.com\/wp-content\/uploads\/2024\/06\/295285949_913890800004627_5830794331356849364_n.jpg\" data-elementor-open-lightbox=\"yes\" data-elementor-lightbox-slideshow=\"b847c46\" data-elementor-lightbox-title=\"295285949_913890800004627_5830794331356849364_n\" data-e-action-hash=\"#elementor-action%3Aaction%3Dlightbox%26settings%3DeyJpZCI6MTU4NzAsInVybCI6Imh0dHBzOlwvXC9kZXNpZ253ZWVrbWV4aWNvLmNvbVwvd3AtY29udGVudFwvdXBsb2Fkc1wvMjAyNFwvMDZcLzI5NTI4NTk0OV85MTM4OTA4MDAwMDQ2MjdfNTgzMDc5NDMzMTM1Njg0OTM2NF9uLmpwZyIsInNsaWRlc2hvdyI6ImI4NDdjNDYifQ%3D%3D\">\n\t\t\t\t\t<div class=\"e-gallery-image elementor-gallery-item__image\" data-thumbnail=\"https:\/\/designweekmexico.com\/wp-content\/uploads\/2024\/06\/295285949_913890800004627_5830794331356849364_n.jpg\" data-width=\"1440\" data-height=\"1798\" aria-label=\"\" role=\"img\" ><\/div>\n\t\t\t\t\t\t\t\t\t\t\t<div class=\"elementor-gallery-item__overlay\"><\/div>\n\t\t\t\t\t\t\t\t\t\t\t\t\t\t<\/a>\n\t\t\t\t\t\t\t<a class=\"e-gallery-item elementor-gallery-item elementor-animated-content\" href=\"https:\/\/designweekmexico.com\/wp-content\/uploads\/2024\/06\/422232629_730113165750472_7328953710459946256_n.jpg\" data-elementor-open-lightbox=\"yes\" data-elementor-lightbox-slideshow=\"b847c46\" data-elementor-lightbox-title=\"422232629_730113165750472_7328953710459946256_n\" data-e-action-hash=\"#elementor-action%3Aaction%3Dlightbox%26settings%3DeyJpZCI6MTU4NjcsInVybCI6Imh0dHBzOlwvXC9kZXNpZ253ZWVrbWV4aWNvLmNvbVwvd3AtY29udGVudFwvdXBsb2Fkc1wvMjAyNFwvMDZcLzQyMjIzMjYyOV83MzAxMTMxNjU3NTA0NzJfNzMyODk1MzcxMDQ1OTk0NjI1Nl9uLmpwZyIsInNsaWRlc2hvdyI6ImI4NDdjNDYifQ%3D%3D\">\n\t\t\t\t\t<div class=\"e-gallery-image elementor-gallery-item__image\" data-thumbnail=\"https:\/\/designweekmexico.com\/wp-content\/uploads\/2024\/06\/422232629_730113165750472_7328953710459946256_n.jpg\" data-width=\"720\" data-height=\"1280\" aria-label=\"\" role=\"img\" ><\/div>\n\t\t\t\t\t\t\t\t\t\t\t<div class=\"elementor-gallery-item__overlay\"><\/div>\n\t\t\t\t\t\t\t\t\t\t\t\t\t\t<\/a>\n\t\t\t\t\t\t\t<a class=\"e-gallery-item elementor-gallery-item elementor-animated-content\" href=\"https:\/\/designweekmexico.com\/wp-content\/uploads\/2024\/06\/271607281_687144645999325_8935605897257373020_n.jpg\" data-elementor-open-lightbox=\"yes\" data-elementor-lightbox-slideshow=\"b847c46\" data-elementor-lightbox-title=\"271607281_687144645999325_8935605897257373020_n\" data-e-action-hash=\"#elementor-action%3Aaction%3Dlightbox%26settings%3DeyJpZCI6MTU4NzUsInVybCI6Imh0dHBzOlwvXC9kZXNpZ253ZWVrbWV4aWNvLmNvbVwvd3AtY29udGVudFwvdXBsb2Fkc1wvMjAyNFwvMDZcLzI3MTYwNzI4MV82ODcxNDQ2NDU5OTkzMjVfODkzNTYwNTg5NzI1NzM3MzAyMF9uLmpwZyIsInNsaWRlc2hvdyI6ImI4NDdjNDYifQ%3D%3D\">\n\t\t\t\t\t<div class=\"e-gallery-image elementor-gallery-item__image\" data-thumbnail=\"https:\/\/designweekmexico.com\/wp-content\/uploads\/2024\/06\/271607281_687144645999325_8935605897257373020_n.jpg\" data-width=\"1440\" data-height=\"1080\" aria-label=\"\" role=\"img\" ><\/div>\n\t\t\t\t\t\t\t\t\t\t\t<div class=\"elementor-gallery-item__overlay\"><\/div>\n\t\t\t\t\t\t\t\t\t\t\t\t\t\t<\/a>\n\t\t\t\t\t<\/div>\n\t\t\t\t\t<\/div>\n\t\t\t\t<\/div>\n\t\t\t\t<div class=\"elementor-element elementor-element-386ad9a2 elementor-widget elementor-widget-text-editor\" data-id=\"386ad9a2\" data-element_type=\"widget\" data-widget_type=\"text-editor.default\">\n\t\t\t\t<div class=\"elementor-widget-container\">\n\t\t\t\t\t\t\t\t\t<p>Adem\u00e1s, los talentos colombianos se destacar\u00e1n en <b>In\u00e9dito,<\/b> una plataforma que promueve las nuevas propuestas de dise\u00f1o. Aqu\u00ed, dise\u00f1adores de Colombia presentar\u00e1n sus creaciones m\u00e1s innovadoras y disruptivas, mostrando la capacidad de sus propuestas para sorprender y trascender fronteras. Esta participaci\u00f3n subraya la versatilidad y el dominio de Colombia en diversas disciplinas del dise\u00f1o, desde el dise\u00f1o de productos hasta la artesan\u00eda contempor\u00e1nea.<\/p><p>Design Week Mexico 2024 no solo es una plataforma para mostrar el talento y la innovaci\u00f3n en el dise\u00f1o, sino tambi\u00e9n una oportunidad para fortalecer los lazos culturales y creativos entre M\u00e9xico y Colombia. Esta edici\u00f3n promete ser un intercambio cultural, donde la rica tradici\u00f3n artesanal y la vanguardia del dise\u00f1o colombiano se encontrar\u00e1n con la diversidad y creatividad de M\u00e9xico, fomentando un di\u00e1logo enriquecedor entre ambos pa\u00edses.<\/p><p>La participaci\u00f3n de Colombia como pa\u00eds invitado enriquecer\u00e1 el programa de Design Week Mexico 2024, ofreciendo una oportunidad \u00fanica para apreciar la maestr\u00eda del dise\u00f1o colombiano, su capacidad para innovar y su impacto en el \u00e1mbito internacional. Ser\u00e1 un espacio de inspiraci\u00f3n y creatividad que no solo celebrar\u00e1 el dise\u00f1o en todas sus formas, sino que tambi\u00e9n fortalecer\u00e1 los v\u00ednculos entre M\u00e9xico y Colombia, dejando una marca imborrable en el panorama del dise\u00f1o mundial.<\/p>\t\t\t\t\t\t\t\t<\/div>\n\t\t\t\t<\/div>\n\t\t\t\t<div class=\"elementor-element elementor-element-a124b89 elementor-widget elementor-widget-gallery\" data-id=\"a124b89\" data-element_type=\"widget\" data-settings=\"{&quot;gallery_layout&quot;:&quot;justified&quot;,&quot;ideal_row_height&quot;:{&quot;unit&quot;:&quot;px&quot;,&quot;size&quot;:400,&quot;sizes&quot;:[]},&quot;gap&quot;:{&quot;unit&quot;:&quot;px&quot;,&quot;size&quot;:30,&quot;sizes&quot;:[]},&quot;lazyload&quot;:&quot;yes&quot;,&quot;ideal_row_height_tablet&quot;:{&quot;unit&quot;:&quot;px&quot;,&quot;size&quot;:150,&quot;sizes&quot;:[]},&quot;ideal_row_height_mobile&quot;:{&quot;unit&quot;:&quot;px&quot;,&quot;size&quot;:150,&quot;sizes&quot;:[]},&quot;gap_tablet&quot;:{&quot;unit&quot;:&quot;px&quot;,&quot;size&quot;:10,&quot;sizes&quot;:[]},&quot;gap_mobile&quot;:{&quot;unit&quot;:&quot;px&quot;,&quot;size&quot;:10,&quot;sizes&quot;:[]},&quot;link_to&quot;:&quot;file&quot;,&quot;overlay_background&quot;:&quot;yes&quot;,&quot;content_hover_animation&quot;:&quot;fade-in&quot;}\" data-widget_type=\"gallery.default\">\n\t\t\t\t<div class=\"elementor-widget-container\">\n\t\t\t\t\t\t\t<div class=\"elementor-gallery__container\">\n\t\t\t\t\t\t\t<a class=\"e-gallery-item elementor-gallery-item elementor-animated-content\" href=\"https:\/\/designweekmexico.com\/wp-content\/uploads\/2024\/06\/418024871_383460280719433_42170357530747634_n.jpeg\" data-elementor-open-lightbox=\"yes\" data-elementor-lightbox-slideshow=\"a124b89\" data-elementor-lightbox-title=\"418024871_383460280719433_42170357530747634_n\" data-e-action-hash=\"#elementor-action%3Aaction%3Dlightbox%26settings%3DeyJpZCI6MTU4NzgsInVybCI6Imh0dHBzOlwvXC9kZXNpZ253ZWVrbWV4aWNvLmNvbVwvd3AtY29udGVudFwvdXBsb2Fkc1wvMjAyNFwvMDZcLzQxODAyNDg3MV8zODM0NjAyODA3MTk0MzNfNDIxNzAzNTc1MzA3NDc2MzRfbi5qcGVnIiwic2xpZGVzaG93IjoiYTEyNGI4OSJ9\">\n\t\t\t\t\t<div class=\"e-gallery-image elementor-gallery-item__image\" data-thumbnail=\"https:\/\/designweekmexico.com\/wp-content\/uploads\/2024\/06\/418024871_383460280719433_42170357530747634_n.jpeg\" data-width=\"1440\" data-height=\"1800\" aria-label=\"\" role=\"img\" ><\/div>\n\t\t\t\t\t\t\t\t\t\t\t<div class=\"elementor-gallery-item__overlay\"><\/div>\n\t\t\t\t\t\t\t\t\t\t\t\t\t\t<\/a>\n\t\t\t\t\t\t\t<a class=\"e-gallery-item elementor-gallery-item elementor-animated-content\" href=\"https:\/\/designweekmexico.com\/wp-content\/uploads\/2024\/06\/439154445_442415198176469_8414950398039258482_n.jpg\" data-elementor-open-lightbox=\"yes\" data-elementor-lightbox-slideshow=\"a124b89\" data-elementor-lightbox-title=\"439154445_442415198176469_8414950398039258482_n\" data-e-action-hash=\"#elementor-action%3Aaction%3Dlightbox%26settings%3DeyJpZCI6MTU4NjIsInVybCI6Imh0dHBzOlwvXC9kZXNpZ253ZWVrbWV4aWNvLmNvbVwvd3AtY29udGVudFwvdXBsb2Fkc1wvMjAyNFwvMDZcLzQzOTE1NDQ0NV80NDI0MTUxOTgxNzY0NjlfODQxNDk1MDM5ODAzOTI1ODQ4Ml9uLmpwZyIsInNsaWRlc2hvdyI6ImExMjRiODkifQ%3D%3D\">\n\t\t\t\t\t<div class=\"e-gallery-image elementor-gallery-item__image\" data-thumbnail=\"https:\/\/designweekmexico.com\/wp-content\/uploads\/2024\/06\/439154445_442415198176469_8414950398039258482_n.jpg\" data-width=\"1440\" data-height=\"1800\" aria-label=\"\" role=\"img\" ><\/div>\n\t\t\t\t\t\t\t\t\t\t\t<div class=\"elementor-gallery-item__overlay\"><\/div>\n\t\t\t\t\t\t\t\t\t\t\t\t\t\t<\/a>\n\t\t\t\t\t\t\t<a class=\"e-gallery-item elementor-gallery-item elementor-animated-content\" href=\"https:\/\/designweekmexico.com\/wp-content\/uploads\/2024\/06\/293028678_138906312107607_1863988761575920938_n.jpg\" data-elementor-open-lightbox=\"yes\" data-elementor-lightbox-slideshow=\"a124b89\" data-elementor-lightbox-title=\"293028678_138906312107607_1863988761575920938_n\" data-e-action-hash=\"#elementor-action%3Aaction%3Dlightbox%26settings%3DeyJpZCI6MTU4NjksInVybCI6Imh0dHBzOlwvXC9kZXNpZ253ZWVrbWV4aWNvLmNvbVwvd3AtY29udGVudFwvdXBsb2Fkc1wvMjAyNFwvMDZcLzI5MzAyODY3OF8xMzg5MDYzMTIxMDc2MDdfMTg2Mzk4ODc2MTU3NTkyMDkzOF9uLmpwZyIsInNsaWRlc2hvdyI6ImExMjRiODkifQ%3D%3D\">\n\t\t\t\t\t<div class=\"e-gallery-image elementor-gallery-item__image\" data-thumbnail=\"https:\/\/designweekmexico.com\/wp-content\/uploads\/2024\/06\/293028678_138906312107607_1863988761575920938_n.jpg\" data-width=\"1440\" data-height=\"1800\" aria-label=\"\" role=\"img\" ><\/div>\n\t\t\t\t\t\t\t\t\t\t\t<div class=\"elementor-gallery-item__overlay\"><\/div>\n\t\t\t\t\t\t\t\t\t\t\t\t\t\t<\/a>\n\t\t\t\t\t\t\t<a class=\"e-gallery-item elementor-gallery-item elementor-animated-content\" href=\"https:\/\/designweekmexico.com\/wp-content\/uploads\/2024\/06\/79838425_190348065483705_2302546049955327723_n.jpg\" data-elementor-open-lightbox=\"yes\" data-elementor-lightbox-slideshow=\"a124b89\" data-elementor-lightbox-title=\"79838425_190348065483705_2302546049955327723_n\" data-e-action-hash=\"#elementor-action%3Aaction%3Dlightbox%26settings%3DeyJpZCI6MTU4NTgsInVybCI6Imh0dHBzOlwvXC9kZXNpZ253ZWVrbWV4aWNvLmNvbVwvd3AtY29udGVudFwvdXBsb2Fkc1wvMjAyNFwvMDZcLzc5ODM4NDI1XzE5MDM0ODA2NTQ4MzcwNV8yMzAyNTQ2MDQ5OTU1MzI3NzIzX24uanBnIiwic2xpZGVzaG93IjoiYTEyNGI4OSJ9\">\n\t\t\t\t\t<div class=\"e-gallery-image elementor-gallery-item__image\" data-thumbnail=\"https:\/\/designweekmexico.com\/wp-content\/uploads\/2024\/06\/79838425_190348065483705_2302546049955327723_n.jpg\" data-width=\"1440\" data-height=\"1800\" aria-label=\"\" role=\"img\" ><\/div>\n\t\t\t\t\t\t\t\t\t\t\t<div class=\"elementor-gallery-item__overlay\"><\/div>\n\t\t\t\t\t\t\t\t\t\t\t\t\t\t<\/a>\n\t\t\t\t\t\t\t<a class=\"e-gallery-item elementor-gallery-item elementor-animated-content\" href=\"https:\/\/designweekmexico.com\/wp-content\/uploads\/2024\/06\/432579334_336878935475819_6488403528867982337_n.jpeg\" data-elementor-open-lightbox=\"yes\" data-elementor-lightbox-slideshow=\"a124b89\" data-elementor-lightbox-title=\"432579334_336878935475819_6488403528867982337_n\" data-e-action-hash=\"#elementor-action%3Aaction%3Dlightbox%26settings%3DeyJpZCI6MTU4NzksInVybCI6Imh0dHBzOlwvXC9kZXNpZ253ZWVrbWV4aWNvLmNvbVwvd3AtY29udGVudFwvdXBsb2Fkc1wvMjAyNFwvMDZcLzQzMjU3OTMzNF8zMzY4Nzg5MzU0NzU4MTlfNjQ4ODQwMzUyODg2Nzk4MjMzN19uLmpwZWciLCJzbGlkZXNob3ciOiJhMTI0Yjg5In0%3D\">\n\t\t\t\t\t<div class=\"e-gallery-image elementor-gallery-item__image\" data-thumbnail=\"https:\/\/designweekmexico.com\/wp-content\/uploads\/2024\/06\/432579334_336878935475819_6488403528867982337_n.jpeg\" data-width=\"1440\" data-height=\"1440\" aria-label=\"\" role=\"img\" ><\/div>\n\t\t\t\t\t\t\t\t\t\t\t<div class=\"elementor-gallery-item__overlay\"><\/div>\n\t\t\t\t\t\t\t\t\t\t\t\t\t\t<\/a>\n\t\t\t\t\t\t\t<a class=\"e-gallery-item elementor-gallery-item elementor-animated-content\" href=\"https:\/\/designweekmexico.com\/wp-content\/uploads\/2024\/06\/404313447_643252551219147_1051508836439964775_n.jpg\" data-elementor-open-lightbox=\"yes\" data-elementor-lightbox-slideshow=\"a124b89\" data-elementor-lightbox-title=\"404313447_643252551219147_1051508836439964775_n\" data-e-action-hash=\"#elementor-action%3Aaction%3Dlightbox%26settings%3DeyJpZCI6MTU4NTksInVybCI6Imh0dHBzOlwvXC9kZXNpZ253ZWVrbWV4aWNvLmNvbVwvd3AtY29udGVudFwvdXBsb2Fkc1wvMjAyNFwvMDZcLzQwNDMxMzQ0N182NDMyNTI1NTEyMTkxNDdfMTA1MTUwODgzNjQzOTk2NDc3NV9uLmpwZyIsInNsaWRlc2hvdyI6ImExMjRiODkifQ%3D%3D\">\n\t\t\t\t\t<div class=\"e-gallery-image elementor-gallery-item__image\" data-thumbnail=\"https:\/\/designweekmexico.com\/wp-content\/uploads\/2024\/06\/404313447_643252551219147_1051508836439964775_n.jpg\" data-width=\"1440\" data-height=\"1799\" aria-label=\"\" role=\"img\" ><\/div>\n\t\t\t\t\t\t\t\t\t\t\t<div class=\"elementor-gallery-item__overlay\"><\/div>\n\t\t\t\t\t\t\t\t\t\t\t\t\t\t<\/a>\n\t\t\t\t\t\t\t<a class=\"e-gallery-item elementor-gallery-item elementor-animated-content\" href=\"https:\/\/designweekmexico.com\/wp-content\/uploads\/2024\/06\/342732556_3535882730023018_6319062274926670278_n.jpg\" data-elementor-open-lightbox=\"yes\" data-elementor-lightbox-slideshow=\"a124b89\" data-elementor-lightbox-title=\"342732556_3535882730023018_6319062274926670278_n\" data-e-action-hash=\"#elementor-action%3Aaction%3Dlightbox%26settings%3DeyJpZCI6MTU4NzMsInVybCI6Imh0dHBzOlwvXC9kZXNpZ253ZWVrbWV4aWNvLmNvbVwvd3AtY29udGVudFwvdXBsb2Fkc1wvMjAyNFwvMDZcLzM0MjczMjU1Nl8zNTM1ODgyNzMwMDIzMDE4XzYzMTkwNjIyNzQ5MjY2NzAyNzhfbi5qcGciLCJzbGlkZXNob3ciOiJhMTI0Yjg5In0%3D\">\n\t\t\t\t\t<div class=\"e-gallery-image elementor-gallery-item__image\" data-thumbnail=\"https:\/\/designweekmexico.com\/wp-content\/uploads\/2024\/06\/342732556_3535882730023018_6319062274926670278_n.jpg\" data-width=\"1440\" data-height=\"1800\" aria-label=\"\" role=\"img\" ><\/div>\n\t\t\t\t\t\t\t\t\t\t\t<div class=\"elementor-gallery-item__overlay\"><\/div>\n\t\t\t\t\t\t\t\t\t\t\t\t\t\t<\/a>\n\t\t\t\t\t\t\t<a class=\"e-gallery-item elementor-gallery-item elementor-animated-content\" href=\"https:\/\/designweekmexico.com\/wp-content\/uploads\/2024\/06\/404901075_379641271169533_190908479236583649_n.jpeg\" data-elementor-open-lightbox=\"yes\" data-elementor-lightbox-slideshow=\"a124b89\" data-elementor-lightbox-title=\"404901075_379641271169533_190908479236583649_n\" data-e-action-hash=\"#elementor-action%3Aaction%3Dlightbox%26settings%3DeyJpZCI6MTU4NzcsInVybCI6Imh0dHBzOlwvXC9kZXNpZ253ZWVrbWV4aWNvLmNvbVwvd3AtY29udGVudFwvdXBsb2Fkc1wvMjAyNFwvMDZcLzQwNDkwMTA3NV8zNzk2NDEyNzExNjk1MzNfMTkwOTA4NDc5MjM2NTgzNjQ5X24uanBlZyIsInNsaWRlc2hvdyI6ImExMjRiODkifQ%3D%3D\">\n\t\t\t\t\t<div class=\"e-gallery-image elementor-gallery-item__image\" data-thumbnail=\"https:\/\/designweekmexico.com\/wp-content\/uploads\/2024\/06\/404901075_379641271169533_190908479236583649_n.jpeg\" data-width=\"1440\" data-height=\"1802\" aria-label=\"\" role=\"img\" ><\/div>\n\t\t\t\t\t\t\t\t\t\t\t<div class=\"elementor-gallery-item__overlay\"><\/div>\n\t\t\t\t\t\t\t\t\t\t\t\t\t\t<\/a>\n\t\t\t\t\t<\/div>\n\t\t\t\t\t<\/div>\n\t\t\t\t<\/div>\n\t\t\t\t\t<\/div>\n\t\t<\/div>\n\t\t\t\t\t<\/div>\n\t\t<\/section>\n\t\t\t\t<section class=\"elementor-section elementor-top-section elementor-element elementor-element-47b43ba5 elementor-section-boxed elementor-section-height-default elementor-section-height-default\" data-id=\"47b43ba5\" data-element_type=\"section\" data-settings=\"{&quot;_ha_eqh_enable&quot;:false}\">\n\t\t\t\t\t\t<div class=\"elementor-container elementor-column-gap-default\">\n\t\t\t\t\t<div class=\"elementor-column elementor-col-100 elementor-top-column elementor-element elementor-element-49508d44\" data-id=\"49508d44\" data-element_type=\"column\">\n\t\t\t<div class=\"elementor-widget-wrap elementor-element-populated\">\n\t\t\t\t\t\t<div class=\"elementor-element elementor-element-71165784 elementor-widget elementor-widget-heading\" data-id=\"71165784\" data-element_type=\"widget\" data-widget_type=\"heading.default\">\n\t\t\t\t<div class=\"elementor-widget-container\">\n\t\t\t\t\t<h2 class=\"elementor-heading-title elementor-size-default\"><b>DISE\u00d1ADORES COLOMBIA 2024<\/b><\/h2>\t\t\t\t<\/div>\n\t\t\t\t<\/div>\n\t\t\t\t\t<\/div>\n\t\t<\/div>\n\t\t\t\t\t<\/div>\n\t\t<\/section>\n\t\t\t\t<section class=\"elementor-section elementor-top-section elementor-element elementor-element-80a73a3 elementor-section-boxed elementor-section-height-default elementor-section-height-default\" data-id=\"80a73a3\" data-element_type=\"section\" data-settings=\"{&quot;_ha_eqh_enable&quot;:false}\">\n\t\t\t\t\t\t<div class=\"elementor-container elementor-column-gap-default\">\n\t\t\t\t\t<div class=\"elementor-column elementor-col-25 elementor-top-column elementor-element elementor-element-ee8dec3\" data-id=\"ee8dec3\" data-element_type=\"column\">\n\t\t\t<div class=\"elementor-widget-wrap elementor-element-populated\">\n\t\t\t\t\t\t<div class=\"elementor-element elementor-element-b1f2c3f elementor-widget elementor-widget-image\" data-id=\"b1f2c3f\" data-element_type=\"widget\" data-widget_type=\"image.default\">\n\t\t\t\t<div class=\"elementor-widget-container\">\n\t\t\t\t\t\t\t\t\t\t\t\t\t\t\t<img loading=\"lazy\" decoding=\"async\" data-attachment-id=\"16450\" data-permalink=\"https:\/\/designweekmexico.com\/en\/programa-2024\/vision-y-tradicion-24\/attachment\/simon-ballen_portrait_photo-credit_alejandro-ramirez_2-simon-ballen\/\" data-orig-file=\"https:\/\/designweekmexico.com\/wp-content\/uploads\/2024\/04\/Simon-Ballen_Portrait_Photo-Credit_Alejandro-Ramirez_2-Simon-Ballen.jpg\" data-orig-size=\"1920,1920\" data-comments-opened=\"1\" data-image-meta=\"{&quot;aperture&quot;:&quot;1.4&quot;,&quot;credit&quot;:&quot;&quot;,&quot;camera&quot;:&quot;Canon EOS R5&quot;,&quot;caption&quot;:&quot;&quot;,&quot;created_timestamp&quot;:&quot;1708303619&quot;,&quot;copyright&quot;:&quot;&quot;,&quot;focal_length&quot;:&quot;35&quot;,&quot;iso&quot;:&quot;500&quot;,&quot;shutter_speed&quot;:&quot;0.001&quot;,&quot;title&quot;:&quot;&quot;,&quot;orientation&quot;:&quot;1&quot;}\" data-image-title=\"Simon Ballen_Portrait_Photo Credit_Alejandro Ramirez_2 &amp;#8211; Simon Ballen\" data-image-description=\"\" data-image-caption=\"\" data-medium-file=\"https:\/\/designweekmexico.com\/wp-content\/uploads\/2024\/04\/Simon-Ballen_Portrait_Photo-Credit_Alejandro-Ramirez_2-Simon-Ballen-300x300.jpg\" data-large-file=\"https:\/\/designweekmexico.com\/wp-content\/uploads\/2024\/04\/Simon-Ballen_Portrait_Photo-Credit_Alejandro-Ramirez_2-Simon-Ballen-1024x1024.jpg\" width=\"1920\" height=\"1920\" src=\"https:\/\/designweekmexico.com\/wp-content\/uploads\/2024\/04\/Simon-Ballen_Portrait_Photo-Credit_Alejandro-Ramirez_2-Simon-Ballen.jpg\" class=\"attachment-full size-full wp-image-16450\" alt=\"\" srcset=\"https:\/\/designweekmexico.com\/wp-content\/uploads\/2024\/04\/Simon-Ballen_Portrait_Photo-Credit_Alejandro-Ramirez_2-Simon-Ballen.jpg 1920w, https:\/\/designweekmexico.com\/wp-content\/uploads\/2024\/04\/Simon-Ballen_Portrait_Photo-Credit_Alejandro-Ramirez_2-Simon-Ballen-300x300.jpg 300w, https:\/\/designweekmexico.com\/wp-content\/uploads\/2024\/04\/Simon-Ballen_Portrait_Photo-Credit_Alejandro-Ramirez_2-Simon-Ballen-1024x1024.jpg 1024w, https:\/\/designweekmexico.com\/wp-content\/uploads\/2024\/04\/Simon-Ballen_Portrait_Photo-Credit_Alejandro-Ramirez_2-Simon-Ballen-150x150.jpg 150w, https:\/\/designweekmexico.com\/wp-content\/uploads\/2024\/04\/Simon-Ballen_Portrait_Photo-Credit_Alejandro-Ramirez_2-Simon-Ballen-768x768.jpg 768w, https:\/\/designweekmexico.com\/wp-content\/uploads\/2024\/04\/Simon-Ballen_Portrait_Photo-Credit_Alejandro-Ramirez_2-Simon-Ballen-1536x1536.jpg 1536w, https:\/\/designweekmexico.com\/wp-content\/uploads\/2024\/04\/Simon-Ballen_Portrait_Photo-Credit_Alejandro-Ramirez_2-Simon-Ballen-12x12.jpg 12w, https:\/\/designweekmexico.com\/wp-content\/uploads\/2024\/04\/Simon-Ballen_Portrait_Photo-Credit_Alejandro-Ramirez_2-Simon-Ballen-500x500.jpg 500w, https:\/\/designweekmexico.com\/wp-content\/uploads\/2024\/04\/Simon-Ballen_Portrait_Photo-Credit_Alejandro-Ramirez_2-Simon-Ballen-600x600.jpg 600w, https:\/\/designweekmexico.com\/wp-content\/uploads\/2024\/04\/Simon-Ballen_Portrait_Photo-Credit_Alejandro-Ramirez_2-Simon-Ballen-100x100.jpg 100w\" sizes=\"(max-width: 1920px) 100vw, 1920px\" \/>\t\t\t\t\t\t\t\t\t\t\t\t\t\t\t<\/div>\n\t\t\t\t<\/div>\n\t\t\t\t<div class=\"elementor-element elementor-element-b8fc8dc elementor-widget elementor-widget-heading\" data-id=\"b8fc8dc\" data-element_type=\"widget\" data-widget_type=\"heading.default\">\n\t\t\t\t<div class=\"elementor-widget-container\">\n\t\t\t\t\t<h4 class=\"elementor-heading-title elementor-size-default\">Sim\u00f3n Ballen Botero<\/h4>\t\t\t\t<\/div>\n\t\t\t\t<\/div>\n\t\t\t\t<div class=\"elementor-element elementor-element-3998f66 elementor-widget__width-initial elementor-widget elementor-widget-heading\" data-id=\"3998f66\" data-element_type=\"widget\" data-widget_type=\"heading.default\">\n\t\t\t\t<div class=\"elementor-widget-container\">\n\t\t\t\t\t<h5 class=\"elementor-heading-title elementor-size-default\">Sim\u00f3n Ballen Botero<\/h5>\t\t\t\t<\/div>\n\t\t\t\t<\/div>\n\t\t\t\t<div class=\"elementor-element elementor-element-935cd02 elementor-align-center elementor-widget elementor-widget-button\" data-id=\"935cd02\" data-element_type=\"widget\" data-widget_type=\"button.default\">\n\t\t\t\t<div class=\"elementor-widget-container\">\n\t\t\t\t\t\t\t\t\t<div class=\"elementor-button-wrapper\">\n\t\t\t\t\t<a class=\"elementor-button elementor-button-link elementor-size-sm\" href=\"https:\/\/www.instagram.com\/simonballen\/\" target=\"_blank\">\n\t\t\t\t\t\t<span class=\"elementor-button-content-wrapper\">\n\t\t\t\t\t\t\t\t\t<span class=\"elementor-button-text\">Website<\/span>\n\t\t\t\t\t<\/span>\n\t\t\t\t\t<\/a>\n\t\t\t\t<\/div>\n\t\t\t\t\t\t\t\t<\/div>\n\t\t\t\t<\/div>\n\t\t\t\t\t<\/div>\n\t\t<\/div>\n\t\t\t\t<div class=\"elementor-column elementor-col-25 elementor-top-column elementor-element elementor-element-8177aea\" data-id=\"8177aea\" data-element_type=\"column\">\n\t\t\t<div class=\"elementor-widget-wrap elementor-element-populated\">\n\t\t\t\t\t\t<div class=\"elementor-element elementor-element-5f734a8 elementor-widget elementor-widget-image\" data-id=\"5f734a8\" data-element_type=\"widget\" data-widget_type=\"image.default\">\n\t\t\t\t<div class=\"elementor-widget-container\">\n\t\t\t\t\t\t\t\t\t\t\t\t\t\t\t<img loading=\"lazy\" decoding=\"async\" data-attachment-id=\"16282\" data-permalink=\"https:\/\/designweekmexico.com\/en\/programa-2024\/vision-y-tradicion-24\/attachment\/fotore-ricardo-escobar-1\/\" data-orig-file=\"https:\/\/designweekmexico.com\/wp-content\/uploads\/2024\/04\/fotoRE-Ricardo-Escobar-1-scaled.jpg\" data-orig-size=\"2560,2560\" data-comments-opened=\"1\" data-image-meta=\"{&quot;aperture&quot;:&quot;0&quot;,&quot;credit&quot;:&quot;&quot;,&quot;camera&quot;:&quot;&quot;,&quot;caption&quot;:&quot;&quot;,&quot;created_timestamp&quot;:&quot;0&quot;,&quot;copyright&quot;:&quot;&quot;,&quot;focal_length&quot;:&quot;0&quot;,&quot;iso&quot;:&quot;0&quot;,&quot;shutter_speed&quot;:&quot;0&quot;,&quot;title&quot;:&quot;&quot;,&quot;orientation&quot;:&quot;1&quot;}\" data-image-title=\"fotoRE &amp;#8211; Ricardo Escobar (1)\" data-image-description=\"\" data-image-caption=\"\" data-medium-file=\"https:\/\/designweekmexico.com\/wp-content\/uploads\/2024\/04\/fotoRE-Ricardo-Escobar-1-300x300.jpg\" data-large-file=\"https:\/\/designweekmexico.com\/wp-content\/uploads\/2024\/04\/fotoRE-Ricardo-Escobar-1-1024x1024.jpg\" width=\"2560\" height=\"2560\" src=\"https:\/\/designweekmexico.com\/wp-content\/uploads\/2024\/04\/fotoRE-Ricardo-Escobar-1-scaled.jpg\" class=\"attachment-full size-full wp-image-16282\" alt=\"\" srcset=\"https:\/\/designweekmexico.com\/wp-content\/uploads\/2024\/04\/fotoRE-Ricardo-Escobar-1-scaled.jpg 2560w, https:\/\/designweekmexico.com\/wp-content\/uploads\/2024\/04\/fotoRE-Ricardo-Escobar-1-300x300.jpg 300w, https:\/\/designweekmexico.com\/wp-content\/uploads\/2024\/04\/fotoRE-Ricardo-Escobar-1-1024x1024.jpg 1024w, https:\/\/designweekmexico.com\/wp-content\/uploads\/2024\/04\/fotoRE-Ricardo-Escobar-1-150x150.jpg 150w, https:\/\/designweekmexico.com\/wp-content\/uploads\/2024\/04\/fotoRE-Ricardo-Escobar-1-768x768.jpg 768w, https:\/\/designweekmexico.com\/wp-content\/uploads\/2024\/04\/fotoRE-Ricardo-Escobar-1-1536x1536.jpg 1536w, https:\/\/designweekmexico.com\/wp-content\/uploads\/2024\/04\/fotoRE-Ricardo-Escobar-1-2048x2048.jpg 2048w, https:\/\/designweekmexico.com\/wp-content\/uploads\/2024\/04\/fotoRE-Ricardo-Escobar-1-12x12.jpg 12w, https:\/\/designweekmexico.com\/wp-content\/uploads\/2024\/04\/fotoRE-Ricardo-Escobar-1-500x500.jpg 500w, https:\/\/designweekmexico.com\/wp-content\/uploads\/2024\/04\/fotoRE-Ricardo-Escobar-1-600x600.jpg 600w, https:\/\/designweekmexico.com\/wp-content\/uploads\/2024\/04\/fotoRE-Ricardo-Escobar-1-1920x1920.jpg 1920w, https:\/\/designweekmexico.com\/wp-content\/uploads\/2024\/04\/fotoRE-Ricardo-Escobar-1-100x100.jpg 100w\" sizes=\"(max-width: 2560px) 100vw, 2560px\" \/>\t\t\t\t\t\t\t\t\t\t\t\t\t\t\t<\/div>\n\t\t\t\t<\/div>\n\t\t\t\t<div class=\"elementor-element elementor-element-17c0559 elementor-widget elementor-widget-heading\" data-id=\"17c0559\" data-element_type=\"widget\" data-widget_type=\"heading.default\">\n\t\t\t\t<div class=\"elementor-widget-container\">\n\t\t\t\t\t<h4 class=\"elementor-heading-title elementor-size-default\">Ricardo Escobar \u00c1ngel<\/h4>\t\t\t\t<\/div>\n\t\t\t\t<\/div>\n\t\t\t\t<div class=\"elementor-element elementor-element-698a364 elementor-widget__width-initial elementor-widget elementor-widget-heading\" data-id=\"698a364\" data-element_type=\"widget\" data-widget_type=\"heading.default\">\n\t\t\t\t<div class=\"elementor-widget-container\">\n\t\t\t\t\t<h5 class=\"elementor-heading-title elementor-size-default\">REcer\u00e1mica<\/h5>\t\t\t\t<\/div>\n\t\t\t\t<\/div>\n\t\t\t\t<div class=\"elementor-element elementor-element-682d722 elementor-align-center elementor-widget elementor-widget-button\" data-id=\"682d722\" data-element_type=\"widget\" data-widget_type=\"button.default\">\n\t\t\t\t<div class=\"elementor-widget-container\">\n\t\t\t\t\t\t\t\t\t<div class=\"elementor-button-wrapper\">\n\t\t\t\t\t<a class=\"elementor-button elementor-button-link elementor-size-sm\" href=\"https:\/\/www.instagram.com\/receramica\" target=\"_blank\">\n\t\t\t\t\t\t<span class=\"elementor-button-content-wrapper\">\n\t\t\t\t\t\t\t\t\t<span class=\"elementor-button-text\">Website<\/span>\n\t\t\t\t\t<\/span>\n\t\t\t\t\t<\/a>\n\t\t\t\t<\/div>\n\t\t\t\t\t\t\t\t<\/div>\n\t\t\t\t<\/div>\n\t\t\t\t\t<\/div>\n\t\t<\/div>\n\t\t\t\t<div class=\"elementor-column elementor-col-25 elementor-top-column elementor-element elementor-element-f3d63fd\" data-id=\"f3d63fd\" data-element_type=\"column\">\n\t\t\t<div class=\"elementor-widget-wrap elementor-element-populated\">\n\t\t\t\t\t\t<div class=\"elementor-element elementor-element-95edc72 elementor-widget elementor-widget-image\" data-id=\"95edc72\" data-element_type=\"widget\" data-widget_type=\"image.default\">\n\t\t\t\t<div class=\"elementor-widget-container\">\n\t\t\t\t\t\t\t\t\t\t\t\t\t\t\t<img loading=\"lazy\" decoding=\"async\" data-attachment-id=\"16356\" data-permalink=\"https:\/\/designweekmexico.com\/en\/programa-2024\/vision-y-tradicion-24\/attachment\/jose-sanin-canney-sanin-jose\/\" data-orig-file=\"https:\/\/designweekmexico.com\/wp-content\/uploads\/2024\/04\/Jose-Sanin-Canney-Sanin-Jose.jpg\" data-orig-size=\"1920,1920\" data-comments-opened=\"1\" data-image-meta=\"{&quot;aperture&quot;:&quot;0&quot;,&quot;credit&quot;:&quot;Andres Toquica&quot;,&quot;camera&quot;:&quot;&quot;,&quot;caption&quot;:&quot;&quot;,&quot;created_timestamp&quot;:&quot;1722521411&quot;,&quot;copyright&quot;:&quot;Toquica.com&quot;,&quot;focal_length&quot;:&quot;0&quot;,&quot;iso&quot;:&quot;0&quot;,&quot;shutter_speed&quot;:&quot;0&quot;,&quot;title&quot;:&quot;&quot;,&quot;orientation&quot;:&quot;1&quot;}\" data-image-title=\"Jose\u0301-Sani\u0301n-Canney-, &amp;#8211; Sanin Jose\" data-image-description=\"\" data-image-caption=\"\" data-medium-file=\"https:\/\/designweekmexico.com\/wp-content\/uploads\/2024\/04\/Jose-Sanin-Canney-Sanin-Jose-300x300.jpg\" data-large-file=\"https:\/\/designweekmexico.com\/wp-content\/uploads\/2024\/04\/Jose-Sanin-Canney-Sanin-Jose-1024x1024.jpg\" width=\"1920\" height=\"1920\" src=\"https:\/\/designweekmexico.com\/wp-content\/uploads\/2024\/04\/Jose-Sanin-Canney-Sanin-Jose.jpg\" class=\"attachment-full size-full wp-image-16356\" alt=\"\" srcset=\"https:\/\/designweekmexico.com\/wp-content\/uploads\/2024\/04\/Jose-Sanin-Canney-Sanin-Jose.jpg 1920w, https:\/\/designweekmexico.com\/wp-content\/uploads\/2024\/04\/Jose-Sanin-Canney-Sanin-Jose-300x300.jpg 300w, https:\/\/designweekmexico.com\/wp-content\/uploads\/2024\/04\/Jose-Sanin-Canney-Sanin-Jose-1024x1024.jpg 1024w, https:\/\/designweekmexico.com\/wp-content\/uploads\/2024\/04\/Jose-Sanin-Canney-Sanin-Jose-150x150.jpg 150w, https:\/\/designweekmexico.com\/wp-content\/uploads\/2024\/04\/Jose-Sanin-Canney-Sanin-Jose-768x768.jpg 768w, https:\/\/designweekmexico.com\/wp-content\/uploads\/2024\/04\/Jose-Sanin-Canney-Sanin-Jose-1536x1536.jpg 1536w, https:\/\/designweekmexico.com\/wp-content\/uploads\/2024\/04\/Jose-Sanin-Canney-Sanin-Jose-12x12.jpg 12w, https:\/\/designweekmexico.com\/wp-content\/uploads\/2024\/04\/Jose-Sanin-Canney-Sanin-Jose-500x500.jpg 500w, https:\/\/designweekmexico.com\/wp-content\/uploads\/2024\/04\/Jose-Sanin-Canney-Sanin-Jose-600x600.jpg 600w, https:\/\/designweekmexico.com\/wp-content\/uploads\/2024\/04\/Jose-Sanin-Canney-Sanin-Jose-100x100.jpg 100w\" sizes=\"(max-width: 1920px) 100vw, 1920px\" \/>\t\t\t\t\t\t\t\t\t\t\t\t\t\t\t<\/div>\n\t\t\t\t<\/div>\n\t\t\t\t<div class=\"elementor-element elementor-element-f515a52 elementor-widget elementor-widget-heading\" data-id=\"f515a52\" data-element_type=\"widget\" data-widget_type=\"heading.default\">\n\t\t\t\t<div class=\"elementor-widget-container\">\n\t\t\t\t\t<h4 class=\"elementor-heading-title elementor-size-default\">Jos\u00e9 San\u00edn Canney<\/h4>\t\t\t\t<\/div>\n\t\t\t\t<\/div>\n\t\t\t\t<div class=\"elementor-element elementor-element-8651d9c elementor-widget__width-initial elementor-widget elementor-widget-heading\" data-id=\"8651d9c\" data-element_type=\"widget\" data-widget_type=\"heading.default\">\n\t\t\t\t<div class=\"elementor-widget-container\">\n\t\t\t\t\t<h5 class=\"elementor-heading-title elementor-size-default\">Artista<\/h5>\t\t\t\t<\/div>\n\t\t\t\t<\/div>\n\t\t\t\t<div class=\"elementor-element elementor-element-fe78411 elementor-align-center elementor-widget elementor-widget-button\" data-id=\"fe78411\" data-element_type=\"widget\" data-widget_type=\"button.default\">\n\t\t\t\t<div class=\"elementor-widget-container\">\n\t\t\t\t\t\t\t\t\t<div class=\"elementor-button-wrapper\">\n\t\t\t\t\t<a class=\"elementor-button elementor-button-link elementor-size-sm\" href=\"https:\/\/www.instagram.com\/jose_sanin\/\" target=\"_blank\">\n\t\t\t\t\t\t<span class=\"elementor-button-content-wrapper\">\n\t\t\t\t\t\t\t\t\t<span class=\"elementor-button-text\">Website<\/span>\n\t\t\t\t\t<\/span>\n\t\t\t\t\t<\/a>\n\t\t\t\t<\/div>\n\t\t\t\t\t\t\t\t<\/div>\n\t\t\t\t<\/div>\n\t\t\t\t\t<\/div>\n\t\t<\/div>\n\t\t\t\t<div class=\"elementor-column elementor-col-25 elementor-top-column elementor-element elementor-element-c17c752\" data-id=\"c17c752\" data-element_type=\"column\">\n\t\t\t<div class=\"elementor-widget-wrap elementor-element-populated\">\n\t\t\t\t\t\t<div class=\"elementor-element elementor-element-cffcd21 elementor-widget elementor-widget-image\" data-id=\"cffcd21\" data-element_type=\"widget\" data-widget_type=\"image.default\">\n\t\t\t\t<div class=\"elementor-widget-container\">\n\t\t\t\t\t\t\t\t\t\t\t\t\t\t\t<img loading=\"lazy\" decoding=\"async\" data-attachment-id=\"16374\" data-permalink=\"https:\/\/designweekmexico.com\/en\/programa-2024\/vision-y-tradicion-24\/attachment\/camila-pardo-camila-p\/\" data-orig-file=\"https:\/\/designweekmexico.com\/wp-content\/uploads\/2024\/04\/Camila-Pardo-Camila-P.jpg\" data-orig-size=\"1920,1919\" data-comments-opened=\"1\" data-image-meta=\"{&quot;aperture&quot;:&quot;2.2&quot;,&quot;credit&quot;:&quot;YOHAN LOPEZ&quot;,&quot;camera&quot;:&quot;Canon EOS 6D&quot;,&quot;caption&quot;:&quot;&quot;,&quot;created_timestamp&quot;:&quot;1713269015&quot;,&quot;copyright&quot;:&quot;&quot;,&quot;focal_length&quot;:&quot;50&quot;,&quot;iso&quot;:&quot;800&quot;,&quot;shutter_speed&quot;:&quot;0.001&quot;,&quot;title&quot;:&quot;&quot;,&quot;orientation&quot;:&quot;1&quot;}\" data-image-title=\"Camila Pardo &amp;#8211; Camila P\" data-image-description=\"\" data-image-caption=\"\" data-medium-file=\"https:\/\/designweekmexico.com\/wp-content\/uploads\/2024\/04\/Camila-Pardo-Camila-P-300x300.jpg\" data-large-file=\"https:\/\/designweekmexico.com\/wp-content\/uploads\/2024\/04\/Camila-Pardo-Camila-P-1024x1024.jpg\" width=\"1920\" height=\"1919\" src=\"https:\/\/designweekmexico.com\/wp-content\/uploads\/2024\/04\/Camila-Pardo-Camila-P.jpg\" class=\"attachment-full size-full wp-image-16374\" alt=\"\" srcset=\"https:\/\/designweekmexico.com\/wp-content\/uploads\/2024\/04\/Camila-Pardo-Camila-P.jpg 1920w, https:\/\/designweekmexico.com\/wp-content\/uploads\/2024\/04\/Camila-Pardo-Camila-P-300x300.jpg 300w, https:\/\/designweekmexico.com\/wp-content\/uploads\/2024\/04\/Camila-Pardo-Camila-P-1024x1024.jpg 1024w, https:\/\/designweekmexico.com\/wp-content\/uploads\/2024\/04\/Camila-Pardo-Camila-P-150x150.jpg 150w, https:\/\/designweekmexico.com\/wp-content\/uploads\/2024\/04\/Camila-Pardo-Camila-P-768x768.jpg 768w, https:\/\/designweekmexico.com\/wp-content\/uploads\/2024\/04\/Camila-Pardo-Camila-P-1536x1536.jpg 1536w, https:\/\/designweekmexico.com\/wp-content\/uploads\/2024\/04\/Camila-Pardo-Camila-P-12x12.jpg 12w, https:\/\/designweekmexico.com\/wp-content\/uploads\/2024\/04\/Camila-Pardo-Camila-P-500x500.jpg 500w, https:\/\/designweekmexico.com\/wp-content\/uploads\/2024\/04\/Camila-Pardo-Camila-P-600x600.jpg 600w, https:\/\/designweekmexico.com\/wp-content\/uploads\/2024\/04\/Camila-Pardo-Camila-P-100x100.jpg 100w\" sizes=\"(max-width: 1920px) 100vw, 1920px\" \/>\t\t\t\t\t\t\t\t\t\t\t\t\t\t\t<\/div>\n\t\t\t\t<\/div>\n\t\t\t\t<div class=\"elementor-element elementor-element-ada3254 elementor-widget elementor-widget-heading\" data-id=\"ada3254\" data-element_type=\"widget\" data-widget_type=\"heading.default\">\n\t\t\t\t<div class=\"elementor-widget-container\">\n\t\t\t\t\t<h4 class=\"elementor-heading-title elementor-size-default\">Camila Pardo G\u00f3mez<\/h4>\t\t\t\t<\/div>\n\t\t\t\t<\/div>\n\t\t\t\t<div class=\"elementor-element elementor-element-99e7aff elementor-widget__width-initial elementor-widget elementor-widget-heading\" data-id=\"99e7aff\" data-element_type=\"widget\" data-widget_type=\"heading.default\">\n\t\t\t\t<div class=\"elementor-widget-container\">\n\t\t\t\t\t<h5 class=\"elementor-heading-title elementor-size-default\">Oficio<\/h5>\t\t\t\t<\/div>\n\t\t\t\t<\/div>\n\t\t\t\t<div class=\"elementor-element elementor-element-64c364a elementor-align-center elementor-widget elementor-widget-button\" data-id=\"64c364a\" data-element_type=\"widget\" data-widget_type=\"button.default\">\n\t\t\t\t<div class=\"elementor-widget-container\">\n\t\t\t\t\t\t\t\t\t<div class=\"elementor-button-wrapper\">\n\t\t\t\t\t<a class=\"elementor-button elementor-button-link elementor-size-sm\" href=\"https:\/\/www.instagram.com\/oficio.oficio\/\" target=\"_blank\">\n\t\t\t\t\t\t<span class=\"elementor-button-content-wrapper\">\n\t\t\t\t\t\t\t\t\t<span class=\"elementor-button-text\">Website<\/span>\n\t\t\t\t\t<\/span>\n\t\t\t\t\t<\/a>\n\t\t\t\t<\/div>\n\t\t\t\t\t\t\t\t<\/div>\n\t\t\t\t<\/div>\n\t\t\t\t\t<\/div>\n\t\t<\/div>\n\t\t\t\t\t<\/div>\n\t\t<\/section>\n\t\t\t\t<section class=\"elementor-section elementor-top-section elementor-element elementor-element-a92e5ec elementor-section-boxed elementor-section-height-default elementor-section-height-default\" data-id=\"a92e5ec\" data-element_type=\"section\" data-settings=\"{&quot;_ha_eqh_enable&quot;:false}\">\n\t\t\t\t\t\t<div class=\"elementor-container elementor-column-gap-default\">\n\t\t\t\t\t<div class=\"elementor-column elementor-col-25 elementor-top-column elementor-element elementor-element-9455f41\" data-id=\"9455f41\" data-element_type=\"column\">\n\t\t\t<div class=\"elementor-widget-wrap elementor-element-populated\">\n\t\t\t\t\t\t<div class=\"elementor-element elementor-element-82c00e8 elementor-widget elementor-widget-image\" data-id=\"82c00e8\" data-element_type=\"widget\" data-widget_type=\"image.default\">\n\t\t\t\t<div class=\"elementor-widget-container\">\n\t\t\t\t\t\t\t\t\t\t\t\t\t\t\t<img loading=\"lazy\" decoding=\"async\" data-attachment-id=\"16408\" data-permalink=\"https:\/\/designweekmexico.com\/en\/programa-2024\/vision-y-tradicion-24\/attachment\/portrait-rosana\/\" data-orig-file=\"https:\/\/designweekmexico.com\/wp-content\/uploads\/2024\/04\/Portrait-Rosana-scaled.jpeg\" data-orig-size=\"2560,2560\" data-comments-opened=\"1\" data-image-meta=\"{&quot;aperture&quot;:&quot;3.2&quot;,&quot;credit&quot;:&quot;LUVIA LAZO G.&quot;,&quot;camera&quot;:&quot;X-T4&quot;,&quot;caption&quot;:&quot;&quot;,&quot;created_timestamp&quot;:&quot;1683956770&quot;,&quot;copyright&quot;:&quot;Luvia Lazo&quot;,&quot;focal_length&quot;:&quot;56&quot;,&quot;iso&quot;:&quot;800&quot;,&quot;shutter_speed&quot;:&quot;0.0025&quot;,&quot;title&quot;:&quot;&quot;,&quot;orientation&quot;:&quot;1&quot;}\" data-image-title=\"Portrait &amp;#8211; Rosana\" data-image-description=\"\" data-image-caption=\"\" data-medium-file=\"https:\/\/designweekmexico.com\/wp-content\/uploads\/2024\/04\/Portrait-Rosana-300x300.jpeg\" data-large-file=\"https:\/\/designweekmexico.com\/wp-content\/uploads\/2024\/04\/Portrait-Rosana-1024x1024.jpeg\" width=\"2560\" height=\"2560\" src=\"https:\/\/designweekmexico.com\/wp-content\/uploads\/2024\/04\/Portrait-Rosana-scaled.jpeg\" class=\"attachment-full size-full wp-image-16408\" alt=\"\" srcset=\"https:\/\/designweekmexico.com\/wp-content\/uploads\/2024\/04\/Portrait-Rosana-scaled.jpeg 2560w, https:\/\/designweekmexico.com\/wp-content\/uploads\/2024\/04\/Portrait-Rosana-300x300.jpeg 300w, https:\/\/designweekmexico.com\/wp-content\/uploads\/2024\/04\/Portrait-Rosana-1024x1024.jpeg 1024w, https:\/\/designweekmexico.com\/wp-content\/uploads\/2024\/04\/Portrait-Rosana-150x150.jpeg 150w, https:\/\/designweekmexico.com\/wp-content\/uploads\/2024\/04\/Portrait-Rosana-768x768.jpeg 768w, https:\/\/designweekmexico.com\/wp-content\/uploads\/2024\/04\/Portrait-Rosana-1536x1536.jpeg 1536w, https:\/\/designweekmexico.com\/wp-content\/uploads\/2024\/04\/Portrait-Rosana-2048x2048.jpeg 2048w, https:\/\/designweekmexico.com\/wp-content\/uploads\/2024\/04\/Portrait-Rosana-12x12.jpeg 12w, https:\/\/designweekmexico.com\/wp-content\/uploads\/2024\/04\/Portrait-Rosana-500x500.jpeg 500w, https:\/\/designweekmexico.com\/wp-content\/uploads\/2024\/04\/Portrait-Rosana-600x600.jpeg 600w, https:\/\/designweekmexico.com\/wp-content\/uploads\/2024\/04\/Portrait-Rosana-1920x1920.jpeg 1920w, https:\/\/designweekmexico.com\/wp-content\/uploads\/2024\/04\/Portrait-Rosana-100x100.jpeg 100w\" sizes=\"(max-width: 2560px) 100vw, 2560px\" \/>\t\t\t\t\t\t\t\t\t\t\t\t\t\t\t<\/div>\n\t\t\t\t<\/div>\n\t\t\t\t<div class=\"elementor-element elementor-element-8600cd2 elementor-widget elementor-widget-heading\" data-id=\"8600cd2\" data-element_type=\"widget\" data-widget_type=\"heading.default\">\n\t\t\t\t<div class=\"elementor-widget-container\">\n\t\t\t\t\t<h4 class=\"elementor-heading-title elementor-size-default\">Rosana Escobar<\/h4>\t\t\t\t<\/div>\n\t\t\t\t<\/div>\n\t\t\t\t<div class=\"elementor-element elementor-element-ed2cbbd elementor-widget__width-initial elementor-widget elementor-widget-heading\" data-id=\"ed2cbbd\" data-element_type=\"widget\" data-widget_type=\"heading.default\">\n\t\t\t\t<div class=\"elementor-widget-container\">\n\t\t\t\t\t<h5 class=\"elementor-heading-title elementor-size-default\">Studio Rosana Escobar<\/h5>\t\t\t\t<\/div>\n\t\t\t\t<\/div>\n\t\t\t\t<div class=\"elementor-element elementor-element-ffd6852 elementor-align-center elementor-widget elementor-widget-button\" data-id=\"ffd6852\" data-element_type=\"widget\" data-widget_type=\"button.default\">\n\t\t\t\t<div class=\"elementor-widget-container\">\n\t\t\t\t\t\t\t\t\t<div class=\"elementor-button-wrapper\">\n\t\t\t\t\t<a class=\"elementor-button elementor-button-link elementor-size-sm\" href=\"http:\/\/www.instagram.com\/escobaryrosas\" target=\"_blank\">\n\t\t\t\t\t\t<span class=\"elementor-button-content-wrapper\">\n\t\t\t\t\t\t\t\t\t<span class=\"elementor-button-text\">Website<\/span>\n\t\t\t\t\t<\/span>\n\t\t\t\t\t<\/a>\n\t\t\t\t<\/div>\n\t\t\t\t\t\t\t\t<\/div>\n\t\t\t\t<\/div>\n\t\t\t\t\t<\/div>\n\t\t<\/div>\n\t\t\t\t<div class=\"elementor-column elementor-col-25 elementor-top-column elementor-element elementor-element-7567d43\" data-id=\"7567d43\" data-element_type=\"column\">\n\t\t\t<div class=\"elementor-widget-wrap elementor-element-populated\">\n\t\t\t\t\t\t<div class=\"elementor-element elementor-element-91a75ff elementor-widget elementor-widget-image\" data-id=\"91a75ff\" data-element_type=\"widget\" data-widget_type=\"image.default\">\n\t\t\t\t<div class=\"elementor-widget-container\">\n\t\t\t\t\t\t\t\t\t\t\t\t\t\t\t<img loading=\"lazy\" decoding=\"async\" data-attachment-id=\"16391\" data-permalink=\"https:\/\/designweekmexico.com\/en\/programa-2024\/vision-y-tradicion-24\/attachment\/retrato-3-alejandro-tapias\/\" data-orig-file=\"https:\/\/designweekmexico.com\/wp-content\/uploads\/2024\/04\/retrato-3-Alejandro-Tapias.jpg\" data-orig-size=\"1463,1464\" data-comments-opened=\"1\" data-image-meta=\"{&quot;aperture&quot;:&quot;0&quot;,&quot;credit&quot;:&quot;&quot;,&quot;camera&quot;:&quot;EZ Controller&quot;,&quot;caption&quot;:&quot;&quot;,&quot;created_timestamp&quot;:&quot;1707482824&quot;,&quot;copyright&quot;:&quot;&quot;,&quot;focal_length&quot;:&quot;0&quot;,&quot;iso&quot;:&quot;0&quot;,&quot;shutter_speed&quot;:&quot;0&quot;,&quot;title&quot;:&quot;&quot;,&quot;orientation&quot;:&quot;1&quot;}\" data-image-title=\"retrato 3 &amp;#8211; Alejandro Tapias\" data-image-description=\"\" data-image-caption=\"\" data-medium-file=\"https:\/\/designweekmexico.com\/wp-content\/uploads\/2024\/04\/retrato-3-Alejandro-Tapias-300x300.jpg\" data-large-file=\"https:\/\/designweekmexico.com\/wp-content\/uploads\/2024\/04\/retrato-3-Alejandro-Tapias-1024x1024.jpg\" width=\"1463\" height=\"1464\" src=\"https:\/\/designweekmexico.com\/wp-content\/uploads\/2024\/04\/retrato-3-Alejandro-Tapias.jpg\" class=\"attachment-full size-full wp-image-16391\" alt=\"\" srcset=\"https:\/\/designweekmexico.com\/wp-content\/uploads\/2024\/04\/retrato-3-Alejandro-Tapias.jpg 1463w, https:\/\/designweekmexico.com\/wp-content\/uploads\/2024\/04\/retrato-3-Alejandro-Tapias-300x300.jpg 300w, https:\/\/designweekmexico.com\/wp-content\/uploads\/2024\/04\/retrato-3-Alejandro-Tapias-1024x1024.jpg 1024w, https:\/\/designweekmexico.com\/wp-content\/uploads\/2024\/04\/retrato-3-Alejandro-Tapias-150x150.jpg 150w, https:\/\/designweekmexico.com\/wp-content\/uploads\/2024\/04\/retrato-3-Alejandro-Tapias-768x769.jpg 768w, https:\/\/designweekmexico.com\/wp-content\/uploads\/2024\/04\/retrato-3-Alejandro-Tapias-12x12.jpg 12w, https:\/\/designweekmexico.com\/wp-content\/uploads\/2024\/04\/retrato-3-Alejandro-Tapias-500x500.jpg 500w, https:\/\/designweekmexico.com\/wp-content\/uploads\/2024\/04\/retrato-3-Alejandro-Tapias-600x600.jpg 600w, https:\/\/designweekmexico.com\/wp-content\/uploads\/2024\/04\/retrato-3-Alejandro-Tapias-100x100.jpg 100w\" sizes=\"(max-width: 1463px) 100vw, 1463px\" \/>\t\t\t\t\t\t\t\t\t\t\t\t\t\t\t<\/div>\n\t\t\t\t<\/div>\n\t\t\t\t<div class=\"elementor-element elementor-element-b71218a elementor-widget elementor-widget-heading\" data-id=\"b71218a\" data-element_type=\"widget\" data-widget_type=\"heading.default\">\n\t\t\t\t<div class=\"elementor-widget-container\">\n\t\t\t\t\t<h4 class=\"elementor-heading-title elementor-size-default\">Alejandro Tapias Hernandez<\/h4>\t\t\t\t<\/div>\n\t\t\t\t<\/div>\n\t\t\t\t<div class=\"elementor-element elementor-element-33dbf02 elementor-widget__width-initial elementor-widget elementor-widget-heading\" data-id=\"33dbf02\" data-element_type=\"widget\" data-widget_type=\"heading.default\">\n\t\t\t\t<div class=\"elementor-widget-container\">\n\t\t\t\t\t<h5 class=\"elementor-heading-title elementor-size-default\">Alta Estudio<\/h5>\t\t\t\t<\/div>\n\t\t\t\t<\/div>\n\t\t\t\t<div class=\"elementor-element elementor-element-cd38e89 elementor-align-center elementor-widget elementor-widget-button\" data-id=\"cd38e89\" data-element_type=\"widget\" data-widget_type=\"button.default\">\n\t\t\t\t<div class=\"elementor-widget-container\">\n\t\t\t\t\t\t\t\t\t<div class=\"elementor-button-wrapper\">\n\t\t\t\t\t<a class=\"elementor-button elementor-button-link elementor-size-sm\" href=\"https:\/\/www.instagram.com\/alta_estudio\/\" target=\"_blank\">\n\t\t\t\t\t\t<span class=\"elementor-button-content-wrapper\">\n\t\t\t\t\t\t\t\t\t<span class=\"elementor-button-text\">Website<\/span>\n\t\t\t\t\t<\/span>\n\t\t\t\t\t<\/a>\n\t\t\t\t<\/div>\n\t\t\t\t\t\t\t\t<\/div>\n\t\t\t\t<\/div>\n\t\t\t\t\t<\/div>\n\t\t<\/div>\n\t\t\t\t<div class=\"elementor-column elementor-col-25 elementor-top-column elementor-element elementor-element-379475a\" data-id=\"379475a\" data-element_type=\"column\">\n\t\t\t<div class=\"elementor-widget-wrap\">\n\t\t\t\t\t\t\t<\/div>\n\t\t<\/div>\n\t\t\t\t<div class=\"elementor-column elementor-col-25 elementor-top-column elementor-element elementor-element-4002311\" data-id=\"4002311\" data-element_type=\"column\">\n\t\t\t<div class=\"elementor-widget-wrap\">\n\t\t\t\t\t\t\t<\/div>\n\t\t<\/div>\n\t\t\t\t\t<\/div>\n\t\t<\/section>\n\t\t\t\t<\/div>","protected":false},"excerpt":{"rendered":"<p>La edici\u00f3n 2024 de Design Week Mexico se llena de color y creatividad con la participaci\u00f3n de Colombia como Pa\u00eds Invitado 2024. Este evento, que celebra la excelencia del dise\u00f1o en todas sus formas, se enriquece este a\u00f1o con la colaboraci\u00f3n de la Fundaci\u00f3n Gomez &#038; Tamayo y Ens\u014d, quienes traer\u00e1n a M\u00e9xico la esencia del dise\u00f1o colombiano.<\/p>","protected":false},"author":175,"featured_media":15879,"comment_status":"open","ping_status":"open","sticky":false,"template":"","format":"standard","meta":{"_themeisle_gutenberg_block_has_review":false,"_jetpack_memberships_contains_paid_content":false,"footnotes":""},"categories":[149],"tags":[151],"class_list":["post-15838","post","type-post","status-publish","format-standard","has-post-thumbnail","hentry","category-pais-invitado","tag-151"],"blocksy_meta":{"has_hero_section":"disabled","disable_featured_image":"yes","styles_descriptor":{"styles":{"desktop":"","tablet":"","mobile":""},"google_fonts":[],"version":6}},"yoast_head":"<!-- This site is optimized with the Yoast SEO plugin v27.5 - https:\/\/yoast.com\/product\/yoast-seo-wordpress\/ -->\n<title>Colombia 2024 - Design Week Mexico<\/title>\n<meta name=\"robots\" content=\"index, follow, max-snippet:-1, max-image-preview:large, max-video-preview:-1\" \/>\n<link rel=\"canonical\" href=\"https:\/\/designweekmexico.com\/en\/pais-invitado\/colombia-2024\/\" \/>\n<meta property=\"og:locale\" content=\"en_US\" \/>\n<meta property=\"og:type\" content=\"article\" \/>\n<meta property=\"og:title\" content=\"Colombia 2024 - Design Week Mexico\" \/>\n<meta property=\"og:description\" content=\"La edici\u00f3n 2024 de Design Week Mexico se llena de color y creatividad con la participaci\u00f3n de Colombia como Pa\u00eds Invitado 2024. Este evento, que celebra la excelencia del dise\u00f1o en todas sus formas, se enriquece este a\u00f1o con la colaboraci\u00f3n de la Fundaci\u00f3n Gomez &amp; Tamayo y Ens\u014d, quienes traer\u00e1n a M\u00e9xico la esencia del dise\u00f1o colombiano.\" \/>\n<meta property=\"og:url\" content=\"https:\/\/designweekmexico.com\/en\/pais-invitado\/colombia-2024\/\" \/>\n<meta property=\"og:site_name\" content=\"Design Week Mexico\" \/>\n<meta property=\"article:publisher\" content=\"https:\/\/www.facebook.com\/designweekmex\" \/>\n<meta property=\"article:published_time\" content=\"2024-06-26T23:55:46+00:00\" \/>\n<meta property=\"article:modified_time\" content=\"2024-09-30T22:38:31+00:00\" \/>\n<meta property=\"og:image\" content=\"https:\/\/designweekmexico.com\/wp-content\/uploads\/2024\/06\/432579334_336878935475819_6488403528867982337_n.jpeg\" \/>\n\t<meta property=\"og:image:width\" content=\"1440\" \/>\n\t<meta property=\"og:image:height\" content=\"1440\" \/>\n\t<meta property=\"og:image:type\" content=\"image\/jpeg\" \/>\n<meta name=\"author\" content=\"Design Week Mexico\" \/>\n<meta name=\"twitter:card\" content=\"summary_large_image\" \/>\n<meta name=\"twitter:creator\" content=\"@designweekmex\" \/>\n<meta name=\"twitter:site\" content=\"@designweekmex\" \/>\n<meta name=\"twitter:label1\" content=\"Written by\" \/>\n\t<meta name=\"twitter:data1\" content=\"Design Week Mexico\" \/>\n\t<meta name=\"twitter:label2\" content=\"Est. reading time\" \/>\n\t<meta name=\"twitter:data2\" content=\"5 minutes\" \/>\n<script type=\"application\/ld+json\" class=\"yoast-schema-graph\">{\"@context\":\"https:\\\/\\\/schema.org\",\"@graph\":[{\"@type\":\"Article\",\"@id\":\"https:\\\/\\\/designweekmexico.com\\\/pais-invitado\\\/colombia-2024\\\/#article\",\"isPartOf\":{\"@id\":\"https:\\\/\\\/designweekmexico.com\\\/pais-invitado\\\/colombia-2024\\\/\"},\"author\":{\"name\":\"Design Week Mexico\",\"@id\":\"https:\\\/\\\/designweekmexico.com\\\/#\\\/schema\\\/person\\\/ee1da898b14b7d9d29bd0bc66da7ef01\"},\"headline\":\"Colombia 2024\",\"datePublished\":\"2024-06-26T23:55:46+00:00\",\"dateModified\":\"2024-09-30T22:38:31+00:00\",\"mainEntityOfPage\":{\"@id\":\"https:\\\/\\\/designweekmexico.com\\\/pais-invitado\\\/colombia-2024\\\/\"},\"wordCount\":498,\"commentCount\":0,\"publisher\":{\"@id\":\"https:\\\/\\\/designweekmexico.com\\\/#organization\"},\"image\":{\"@id\":\"https:\\\/\\\/designweekmexico.com\\\/pais-invitado\\\/colombia-2024\\\/#primaryimage\"},\"thumbnailUrl\":\"https:\\\/\\\/designweekmexico.com\\\/wp-content\\\/uploads\\\/2024\\\/06\\\/432579334_336878935475819_6488403528867982337_n.jpeg\",\"keywords\":[\"2024\"],\"articleSection\":[\"Pais Invitado\"],\"inLanguage\":\"en-US\",\"potentialAction\":[{\"@type\":\"CommentAction\",\"name\":\"Comment\",\"target\":[\"https:\\\/\\\/designweekmexico.com\\\/pais-invitado\\\/colombia-2024\\\/#respond\"]}]},{\"@type\":\"WebPage\",\"@id\":\"https:\\\/\\\/designweekmexico.com\\\/pais-invitado\\\/colombia-2024\\\/\",\"url\":\"https:\\\/\\\/designweekmexico.com\\\/pais-invitado\\\/colombia-2024\\\/\",\"name\":\"Colombia 2024 - Design Week Mexico\",\"isPartOf\":{\"@id\":\"https:\\\/\\\/designweekmexico.com\\\/#website\"},\"primaryImageOfPage\":{\"@id\":\"https:\\\/\\\/designweekmexico.com\\\/pais-invitado\\\/colombia-2024\\\/#primaryimage\"},\"image\":{\"@id\":\"https:\\\/\\\/designweekmexico.com\\\/pais-invitado\\\/colombia-2024\\\/#primaryimage\"},\"thumbnailUrl\":\"https:\\\/\\\/designweekmexico.com\\\/wp-content\\\/uploads\\\/2024\\\/06\\\/432579334_336878935475819_6488403528867982337_n.jpeg\",\"datePublished\":\"2024-06-26T23:55:46+00:00\",\"dateModified\":\"2024-09-30T22:38:31+00:00\",\"breadcrumb\":{\"@id\":\"https:\\\/\\\/designweekmexico.com\\\/pais-invitado\\\/colombia-2024\\\/#breadcrumb\"},\"inLanguage\":\"en-US\",\"potentialAction\":[{\"@type\":\"ReadAction\",\"target\":[\"https:\\\/\\\/designweekmexico.com\\\/pais-invitado\\\/colombia-2024\\\/\"]}]},{\"@type\":\"ImageObject\",\"inLanguage\":\"en-US\",\"@id\":\"https:\\\/\\\/designweekmexico.com\\\/pais-invitado\\\/colombia-2024\\\/#primaryimage\",\"url\":\"https:\\\/\\\/designweekmexico.com\\\/wp-content\\\/uploads\\\/2024\\\/06\\\/432579334_336878935475819_6488403528867982337_n.jpeg\",\"contentUrl\":\"https:\\\/\\\/designweekmexico.com\\\/wp-content\\\/uploads\\\/2024\\\/06\\\/432579334_336878935475819_6488403528867982337_n.jpeg\",\"width\":1440,\"height\":1440},{\"@type\":\"BreadcrumbList\",\"@id\":\"https:\\\/\\\/designweekmexico.com\\\/pais-invitado\\\/colombia-2024\\\/#breadcrumb\",\"itemListElement\":[{\"@type\":\"ListItem\",\"position\":1,\"name\":\"Inicio\",\"item\":\"https:\\\/\\\/designweekmexico.com\\\/\"},{\"@type\":\"ListItem\",\"position\":2,\"name\":\"Colombia 2024\"}]},{\"@type\":\"WebSite\",\"@id\":\"https:\\\/\\\/designweekmexico.com\\\/#website\",\"url\":\"https:\\\/\\\/designweekmexico.com\\\/\",\"name\":\"Design Week Mexico\",\"description\":\"Dise\u00f1ando el futuro...\",\"publisher\":{\"@id\":\"https:\\\/\\\/designweekmexico.com\\\/#organization\"},\"potentialAction\":[{\"@type\":\"SearchAction\",\"target\":{\"@type\":\"EntryPoint\",\"urlTemplate\":\"https:\\\/\\\/designweekmexico.com\\\/?s={search_term_string}\"},\"query-input\":{\"@type\":\"PropertyValueSpecification\",\"valueRequired\":true,\"valueName\":\"search_term_string\"}}],\"inLanguage\":\"en-US\"},{\"@type\":\"Organization\",\"@id\":\"https:\\\/\\\/designweekmexico.com\\\/#organization\",\"name\":\"Design Week Mexico\",\"url\":\"https:\\\/\\\/designweekmexico.com\\\/\",\"logo\":{\"@type\":\"ImageObject\",\"inLanguage\":\"en-US\",\"@id\":\"https:\\\/\\\/designweekmexico.com\\\/#\\\/schema\\\/logo\\\/image\\\/\",\"url\":\"https:\\\/\\\/designweekmexico.com\\\/wp-content\\\/uploads\\\/2026\\\/04\\\/Asset-58-70eae4-3141d7.svg\",\"contentUrl\":\"https:\\\/\\\/designweekmexico.com\\\/wp-content\\\/uploads\\\/2026\\\/04\\\/Asset-58-70eae4-3141d7.svg\",\"width\":1741,\"height\":103,\"caption\":\"Design Week Mexico\"},\"image\":{\"@id\":\"https:\\\/\\\/designweekmexico.com\\\/#\\\/schema\\\/logo\\\/image\\\/\"},\"sameAs\":[\"https:\\\/\\\/www.facebook.com\\\/designweekmex\",\"https:\\\/\\\/x.com\\\/designweekmex\",\"https:\\\/\\\/www.instagram.com\\\/designweekmex\\\/\",\"https:\\\/\\\/www.youtube.com\\\/user\\\/designweekmexico\",\"https:\\\/\\\/vimeo.com\\\/designweekmexico\",\"https:\\\/\\\/www.linkedin.com\\\/company\\\/designweekmx\\\/\"]},{\"@type\":\"Person\",\"@id\":\"https:\\\/\\\/designweekmexico.com\\\/#\\\/schema\\\/person\\\/ee1da898b14b7d9d29bd0bc66da7ef01\",\"name\":\"Design Week Mexico\",\"image\":{\"@type\":\"ImageObject\",\"inLanguage\":\"en-US\",\"@id\":\"https:\\\/\\\/secure.gravatar.com\\\/avatar\\\/0830bfc50cafacf340fb14966c0f6cc5c88935cded635f38ae2ed050785fd609?s=96&d=mm&r=g\",\"url\":\"https:\\\/\\\/secure.gravatar.com\\\/avatar\\\/0830bfc50cafacf340fb14966c0f6cc5c88935cded635f38ae2ed050785fd609?s=96&d=mm&r=g\",\"contentUrl\":\"https:\\\/\\\/secure.gravatar.com\\\/avatar\\\/0830bfc50cafacf340fb14966c0f6cc5c88935cded635f38ae2ed050785fd609?s=96&d=mm&r=g\",\"caption\":\"Design Week Mexico\"},\"url\":\"https:\\\/\\\/designweekmexico.com\\\/en\\\/author\\\/designweekmexico\\\/\"}]}<\/script>\n<!-- \/ Yoast SEO plugin. -->","yoast_head_json":{"title":"Colombia 2024 - Design Week Mexico","robots":{"index":"index","follow":"follow","max-snippet":"max-snippet:-1","max-image-preview":"max-image-preview:large","max-video-preview":"max-video-preview:-1"},"canonical":"https:\/\/designweekmexico.com\/en\/pais-invitado\/colombia-2024\/","og_locale":"en_US","og_type":"article","og_title":"Colombia 2024 - Design Week Mexico","og_description":"La edici\u00f3n 2024 de Design Week Mexico se llena de color y creatividad con la participaci\u00f3n de Colombia como Pa\u00eds Invitado 2024. Este evento, que celebra la excelencia del dise\u00f1o en todas sus formas, se enriquece este a\u00f1o con la colaboraci\u00f3n de la Fundaci\u00f3n Gomez & Tamayo y Ens\u014d, quienes traer\u00e1n a M\u00e9xico la esencia del dise\u00f1o colombiano.","og_url":"https:\/\/designweekmexico.com\/en\/pais-invitado\/colombia-2024\/","og_site_name":"Design Week Mexico","article_publisher":"https:\/\/www.facebook.com\/designweekmex","article_published_time":"2024-06-26T23:55:46+00:00","article_modified_time":"2024-09-30T22:38:31+00:00","og_image":[{"width":1440,"height":1440,"url":"https:\/\/designweekmexico.com\/wp-content\/uploads\/2024\/06\/432579334_336878935475819_6488403528867982337_n.jpeg","type":"image\/jpeg"}],"author":"Design Week Mexico","twitter_card":"summary_large_image","twitter_creator":"@designweekmex","twitter_site":"@designweekmex","twitter_misc":{"Written by":"Design Week Mexico","Est. reading time":"5 minutes"},"schema":{"@context":"https:\/\/schema.org","@graph":[{"@type":"Article","@id":"https:\/\/designweekmexico.com\/pais-invitado\/colombia-2024\/#article","isPartOf":{"@id":"https:\/\/designweekmexico.com\/pais-invitado\/colombia-2024\/"},"author":{"name":"Design Week Mexico","@id":"https:\/\/designweekmexico.com\/#\/schema\/person\/ee1da898b14b7d9d29bd0bc66da7ef01"},"headline":"Colombia 2024","datePublished":"2024-06-26T23:55:46+00:00","dateModified":"2024-09-30T22:38:31+00:00","mainEntityOfPage":{"@id":"https:\/\/designweekmexico.com\/pais-invitado\/colombia-2024\/"},"wordCount":498,"commentCount":0,"publisher":{"@id":"https:\/\/designweekmexico.com\/#organization"},"image":{"@id":"https:\/\/designweekmexico.com\/pais-invitado\/colombia-2024\/#primaryimage"},"thumbnailUrl":"https:\/\/designweekmexico.com\/wp-content\/uploads\/2024\/06\/432579334_336878935475819_6488403528867982337_n.jpeg","keywords":["2024"],"articleSection":["Pais Invitado"],"inLanguage":"en-US","potentialAction":[{"@type":"CommentAction","name":"Comment","target":["https:\/\/designweekmexico.com\/pais-invitado\/colombia-2024\/#respond"]}]},{"@type":"WebPage","@id":"https:\/\/designweekmexico.com\/pais-invitado\/colombia-2024\/","url":"https:\/\/designweekmexico.com\/pais-invitado\/colombia-2024\/","name":"Colombia 2024 - Design Week Mexico","isPartOf":{"@id":"https:\/\/designweekmexico.com\/#website"},"primaryImageOfPage":{"@id":"https:\/\/designweekmexico.com\/pais-invitado\/colombia-2024\/#primaryimage"},"image":{"@id":"https:\/\/designweekmexico.com\/pais-invitado\/colombia-2024\/#primaryimage"},"thumbnailUrl":"https:\/\/designweekmexico.com\/wp-content\/uploads\/2024\/06\/432579334_336878935475819_6488403528867982337_n.jpeg","datePublished":"2024-06-26T23:55:46+00:00","dateModified":"2024-09-30T22:38:31+00:00","breadcrumb":{"@id":"https:\/\/designweekmexico.com\/pais-invitado\/colombia-2024\/#breadcrumb"},"inLanguage":"en-US","potentialAction":[{"@type":"ReadAction","target":["https:\/\/designweekmexico.com\/pais-invitado\/colombia-2024\/"]}]},{"@type":"ImageObject","inLanguage":"en-US","@id":"https:\/\/designweekmexico.com\/pais-invitado\/colombia-2024\/#primaryimage","url":"https:\/\/designweekmexico.com\/wp-content\/uploads\/2024\/06\/432579334_336878935475819_6488403528867982337_n.jpeg","contentUrl":"https:\/\/designweekmexico.com\/wp-content\/uploads\/2024\/06\/432579334_336878935475819_6488403528867982337_n.jpeg","width":1440,"height":1440},{"@type":"BreadcrumbList","@id":"https:\/\/designweekmexico.com\/pais-invitado\/colombia-2024\/#breadcrumb","itemListElement":[{"@type":"ListItem","position":1,"name":"Inicio","item":"https:\/\/designweekmexico.com\/"},{"@type":"ListItem","position":2,"name":"Colombia 2024"}]},{"@type":"WebSite","@id":"https:\/\/designweekmexico.com\/#website","url":"https:\/\/designweekmexico.com\/","name":"Design Week Mexico","description":"Dise\u00f1ando el futuro...","publisher":{"@id":"https:\/\/designweekmexico.com\/#organization"},"potentialAction":[{"@type":"SearchAction","target":{"@type":"EntryPoint","urlTemplate":"https:\/\/designweekmexico.com\/?s={search_term_string}"},"query-input":{"@type":"PropertyValueSpecification","valueRequired":true,"valueName":"search_term_string"}}],"inLanguage":"en-US"},{"@type":"Organization","@id":"https:\/\/designweekmexico.com\/#organization","name":"Design Week Mexico","url":"https:\/\/designweekmexico.com\/","logo":{"@type":"ImageObject","inLanguage":"en-US","@id":"https:\/\/designweekmexico.com\/#\/schema\/logo\/image\/","url":"https:\/\/designweekmexico.com\/wp-content\/uploads\/2026\/04\/Asset-58-70eae4-3141d7.svg","contentUrl":"https:\/\/designweekmexico.com\/wp-content\/uploads\/2026\/04\/Asset-58-70eae4-3141d7.svg","width":1741,"height":103,"caption":"Design Week Mexico"},"image":{"@id":"https:\/\/designweekmexico.com\/#\/schema\/logo\/image\/"},"sameAs":["https:\/\/www.facebook.com\/designweekmex","https:\/\/x.com\/designweekmex","https:\/\/www.instagram.com\/designweekmex\/","https:\/\/www.youtube.com\/user\/designweekmexico","https:\/\/vimeo.com\/designweekmexico","https:\/\/www.linkedin.com\/company\/designweekmx\/"]},{"@type":"Person","@id":"https:\/\/designweekmexico.com\/#\/schema\/person\/ee1da898b14b7d9d29bd0bc66da7ef01","name":"Design Week Mexico","image":{"@type":"ImageObject","inLanguage":"en-US","@id":"https:\/\/secure.gravatar.com\/avatar\/0830bfc50cafacf340fb14966c0f6cc5c88935cded635f38ae2ed050785fd609?s=96&d=mm&r=g","url":"https:\/\/secure.gravatar.com\/avatar\/0830bfc50cafacf340fb14966c0f6cc5c88935cded635f38ae2ed050785fd609?s=96&d=mm&r=g","contentUrl":"https:\/\/secure.gravatar.com\/avatar\/0830bfc50cafacf340fb14966c0f6cc5c88935cded635f38ae2ed050785fd609?s=96&d=mm&r=g","caption":"Design Week Mexico"},"url":"https:\/\/designweekmexico.com\/en\/author\/designweekmexico\/"}]}},"jetpack_featured_media_url":"https:\/\/designweekmexico.com\/wp-content\/uploads\/2024\/06\/432579334_336878935475819_6488403528867982337_n.jpeg","jetpack_sharing_enabled":true,"_links":{"self":[{"href":"https:\/\/designweekmexico.com\/en\/wp-json\/wp\/v2\/posts\/15838","targetHints":{"allow":["GET"]}}],"collection":[{"href":"https:\/\/designweekmexico.com\/en\/wp-json\/wp\/v2\/posts"}],"about":[{"href":"https:\/\/designweekmexico.com\/en\/wp-json\/wp\/v2\/types\/post"}],"author":[{"embeddable":true,"href":"https:\/\/designweekmexico.com\/en\/wp-json\/wp\/v2\/users\/175"}],"replies":[{"embeddable":true,"href":"https:\/\/designweekmexico.com\/en\/wp-json\/wp\/v2\/comments?post=15838"}],"version-history":[{"count":53,"href":"https:\/\/designweekmexico.com\/en\/wp-json\/wp\/v2\/posts\/15838\/revisions"}],"predecessor-version":[{"id":18084,"href":"https:\/\/designweekmexico.com\/en\/wp-json\/wp\/v2\/posts\/15838\/revisions\/18084"}],"wp:featuredmedia":[{"embeddable":true,"href":"https:\/\/designweekmexico.com\/en\/wp-json\/wp\/v2\/media\/15879"}],"wp:attachment":[{"href":"https:\/\/designweekmexico.com\/en\/wp-json\/wp\/v2\/media?parent=15838"}],"wp:term":[{"taxonomy":"category","embeddable":true,"href":"https:\/\/designweekmexico.com\/en\/wp-json\/wp\/v2\/categories?post=15838"},{"taxonomy":"post_tag","embeddable":true,"href":"https:\/\/designweekmexico.com\/en\/wp-json\/wp\/v2\/tags?post=15838"}],"curies":[{"name":"wp","href":"https:\/\/api.w.org\/{rel}","templated":true}]}}