{"id":20777,"date":"2025-02-28T12:03:31","date_gmt":"2025-02-28T18:03:31","guid":{"rendered":"https:\/\/designweekmexico.com\/?p=20777"},"modified":"2025-08-12T18:26:23","modified_gmt":"2025-08-12T23:26:23","slug":"inedito-2025","status":"publish","type":"post","link":"https:\/\/designweekmexico.com\/en\/convocatorias-2025\/inedito-2025\/","title":{"rendered":"In\u00e9dito 2025 Call"},"content":{"rendered":"<div data-elementor-type=\"wp-post\" data-elementor-id=\"20777\" class=\"elementor elementor-20777\" data-elementor-settings=\"{&quot;ha_cmc_init_switcher&quot;:&quot;no&quot;}\" data-elementor-post-type=\"post\">\n\t\t\t\t\t\t<section class=\"elementor-section elementor-top-section elementor-element elementor-element-6eee73d5 ct-section-stretched elementor-section-height-min-height elementor-section-items-bottom elementor-section-boxed elementor-section-height-default\" data-id=\"6eee73d5\" data-element_type=\"section\" data-settings=\"{&quot;background_background&quot;:&quot;slideshow&quot;,&quot;background_slideshow_gallery&quot;:[{&quot;id&quot;:20691,&quot;url&quot;:&quot;https:\\\/\\\/designweekmexico.com\\\/wp-content\\\/uploads\\\/2024\\\/03\\\/@delbo.foto-Sala-Inedito24-49.jpg&quot;},{&quot;id&quot;:20679,&quot;url&quot;:&quot;https:\\\/\\\/designweekmexico.com\\\/wp-content\\\/uploads\\\/2024\\\/03\\\/@delbo.foto-Sala-Inedito24-27.jpg&quot;},{&quot;id&quot;:20689,&quot;url&quot;:&quot;https:\\\/\\\/designweekmexico.com\\\/wp-content\\\/uploads\\\/2024\\\/03\\\/@delbo.foto-Sala-Inedito24-44.jpg&quot;},{&quot;id&quot;:20694,&quot;url&quot;:&quot;https:\\\/\\\/designweekmexico.com\\\/wp-content\\\/uploads\\\/2024\\\/03\\\/@delbo.foto-Sala-Inedito24-53.jpg&quot;},{&quot;id&quot;:20677,&quot;url&quot;:&quot;https:\\\/\\\/designweekmexico.com\\\/wp-content\\\/uploads\\\/2024\\\/03\\\/@delbo.foto-Sala-Inedito24-25.jpg&quot;},{&quot;id&quot;:20675,&quot;url&quot;:&quot;https:\\\/\\\/designweekmexico.com\\\/wp-content\\\/uploads\\\/2024\\\/03\\\/@delbo.foto-Sala-Inedito24-23.jpg&quot;},{&quot;id&quot;:20680,&quot;url&quot;:&quot;https:\\\/\\\/designweekmexico.com\\\/wp-content\\\/uploads\\\/2024\\\/03\\\/@delbo.foto-Sala-Inedito24-28.jpg&quot;},{&quot;id&quot;:20697,&quot;url&quot;:&quot;https:\\\/\\\/designweekmexico.com\\\/wp-content\\\/uploads\\\/2024\\\/03\\\/@delbo.foto-Sala-Inedito24-06.jpg&quot;}],&quot;background_slideshow_loop&quot;:&quot;yes&quot;,&quot;background_slideshow_slide_duration&quot;:5000,&quot;background_slideshow_slide_transition&quot;:&quot;fade&quot;,&quot;background_slideshow_transition_duration&quot;:500,&quot;_ha_eqh_enable&quot;:false}\">\n\t\t\t\t\t\t\t<div class=\"elementor-background-overlay\"><\/div>\n\t\t\t\t\t\t\t<div class=\"elementor-container elementor-column-gap-default\">\n\t\t\t\t\t<div class=\"elementor-column elementor-col-100 elementor-top-column elementor-element elementor-element-3dad2da2\" data-id=\"3dad2da2\" data-element_type=\"column\">\n\t\t\t<div class=\"elementor-widget-wrap elementor-element-populated\">\n\t\t\t\t\t\t<div class=\"elementor-element elementor-element-fc1c8c3 elementor-widget__width-initial elementor-widget elementor-widget-heading\" data-id=\"fc1c8c3\" data-element_type=\"widget\" data-widget_type=\"heading.default\">\n\t\t\t\t<div class=\"elementor-widget-container\">\n\t\t\t\t\t<p class=\"elementor-heading-title elementor-size-default\">OPEN CALL<\/p>\t\t\t\t<\/div>\n\t\t\t\t<\/div>\n\t\t\t\t<div class=\"elementor-element elementor-element-ba6cdc2 elementor-widget elementor-widget-heading\" data-id=\"ba6cdc2\" data-element_type=\"widget\" data-widget_type=\"heading.default\">\n\t\t\t\t<div class=\"elementor-widget-container\">\n\t\t\t\t\t<h1 class=\"elementor-heading-title elementor-size-xxl\">In\u00e9dito<br>\n2025<\/h1>\t\t\t\t<\/div>\n\t\t\t\t<\/div>\n\t\t\t\t<div class=\"elementor-element elementor-element-63b80625 animated-slow elementor-widget elementor-widget-image\" data-id=\"63b80625\" data-element_type=\"widget\" data-settings=\"{&quot;_animation&quot;:&quot;none&quot;}\" data-widget_type=\"image.default\">\n\t\t\t\t<div class=\"elementor-widget-container\">\n\t\t\t\t\t\t\t\t\t\t\t\t\t\t\t<img fetchpriority=\"high\" decoding=\"async\" data-attachment-id=\"10668\" data-permalink=\"https:\/\/designweekmexico.com\/en\/scroll-down-white\/\" data-orig-file=\"https:\/\/designweekmexico.com\/wp-content\/uploads\/2023\/07\/Scroll-Down-white.gif\" data-orig-size=\"800,600\" data-comments-opened=\"1\" data-image-meta=\"{&quot;aperture&quot;:&quot;0&quot;,&quot;credit&quot;:&quot;&quot;,&quot;camera&quot;:&quot;&quot;,&quot;caption&quot;:&quot;&quot;,&quot;created_timestamp&quot;:&quot;0&quot;,&quot;copyright&quot;:&quot;&quot;,&quot;focal_length&quot;:&quot;0&quot;,&quot;iso&quot;:&quot;0&quot;,&quot;shutter_speed&quot;:&quot;0&quot;,&quot;title&quot;:&quot;&quot;,&quot;orientation&quot;:&quot;0&quot;}\" data-image-title=\"Scroll-Down-white\" data-image-description=\"\" data-image-caption=\"\" data-medium-file=\"https:\/\/designweekmexico.com\/wp-content\/uploads\/2023\/07\/Scroll-Down-white-300x225.gif\" data-large-file=\"https:\/\/designweekmexico.com\/wp-content\/uploads\/2023\/07\/Scroll-Down-white.gif\" width=\"800\" height=\"600\" src=\"https:\/\/designweekmexico.com\/wp-content\/uploads\/2023\/07\/Scroll-Down-white.gif\" class=\"attachment-full size-full wp-image-10668\" alt=\"\" \/>\t\t\t\t\t\t\t\t\t\t\t\t\t\t\t<\/div>\n\t\t\t\t<\/div>\n\t\t\t\t<div class=\"elementor-element elementor-element-783f8a9a animated-slow elementor-widget elementor-widget-text-editor\" data-id=\"783f8a9a\" data-element_type=\"widget\" data-settings=\"{&quot;_animation&quot;:&quot;none&quot;}\" data-widget_type=\"text-editor.default\">\n\t\t\t\t<div class=\"elementor-widget-container\">\n\t\t\t\t\t\t\t\t\t<p style=\"text-align: center;\">SCROLL DOWN<\/p>\t\t\t\t\t\t\t\t<\/div>\n\t\t\t\t<\/div>\n\t\t\t\t\t<\/div>\n\t\t<\/div>\n\t\t\t\t\t<\/div>\n\t\t<\/section>\n\t\t\t\t<section class=\"elementor-section elementor-top-section elementor-element elementor-element-64d8c770 elementor-section-boxed elementor-section-height-default elementor-section-height-default\" data-id=\"64d8c770\" data-element_type=\"section\" data-settings=\"{&quot;_ha_eqh_enable&quot;:false}\">\n\t\t\t\t\t\t<div class=\"elementor-container elementor-column-gap-extended\">\n\t\t\t\t\t<div class=\"elementor-column elementor-col-100 elementor-top-column elementor-element elementor-element-34aac889\" data-id=\"34aac889\" data-element_type=\"column\">\n\t\t\t<div class=\"elementor-widget-wrap elementor-element-populated\">\n\t\t\t\t\t\t<div class=\"elementor-element elementor-element-5b0a97cc elementor-widget elementor-widget-heading\" data-id=\"5b0a97cc\" data-element_type=\"widget\" data-widget_type=\"heading.default\">\n\t\t\t\t<div class=\"elementor-widget-container\">\n\t\t\t\t\t<h1 class=\"elementor-heading-title elementor-size-default\">\u00a1Bienvenido a In\u00e9dito 2025!<\/h1>\t\t\t\t<\/div>\n\t\t\t\t<\/div>\n\t\t\t\t<div class=\"elementor-element elementor-element-31999e34 elementor-widget elementor-widget-text-editor\" data-id=\"31999e34\" data-element_type=\"widget\" data-widget_type=\"text-editor.default\">\n\t\t\t\t<div class=\"elementor-widget-container\">\n\t\t\t\t\t\t\t\t\t<p>MXTC (M\u00e9xico Territorio Creativo) se enorgullece de presentar la d\u00e9cimo primer edici\u00f3n de In\u00e9dito, una plataforma que celebra la innovaci\u00f3n y la creatividad en el dise\u00f1o contempor\u00e1neo mexicano. \u00bfQu\u00e9 nos distingue?<\/p>\t\t\t\t\t\t\t\t<\/div>\n\t\t\t\t<\/div>\n\t\t\t\t<div class=\"elementor-element elementor-element-4870eeb3 elementor-widget elementor-widget-button\" data-id=\"4870eeb3\" data-element_type=\"widget\" data-widget_type=\"button.default\">\n\t\t\t\t<div class=\"elementor-widget-container\">\n\t\t\t\t\t\t\t\t\t<div class=\"elementor-button-wrapper\">\n\t\t\t\t\t<a class=\"elementor-button elementor-button-link elementor-size-lg\" href=\"https:\/\/docs.google.com\/forms\/d\/e\/1FAIpQLSeIWhtGXyyI_Qsx2NLh5b4rQ_EvO8l3BjOfdaAK8vUDgWkcoQ\/viewform\" target=\"_blank\">\n\t\t\t\t\t\t<span class=\"elementor-button-content-wrapper\">\n\t\t\t\t\t\t\t\t\t<span class=\"elementor-button-text\">Register Now<\/span>\n\t\t\t\t\t<\/span>\n\t\t\t\t\t<\/a>\n\t\t\t\t<\/div>\n\t\t\t\t\t\t\t\t<\/div>\n\t\t\t\t<\/div>\n\t\t\t\t<div class=\"elementor-element elementor-element-5b0a6c3b elementor-widget elementor-widget-text-editor\" data-id=\"5b0a6c3b\" data-element_type=\"widget\" data-widget_type=\"text-editor.default\">\n\t\t\t\t<div class=\"elementor-widget-container\">\n\t\t\t\t\t\t\t\t\t<p><span style=\"font-size: 12pt;\">Te recomendamos leer la convocatoria completa antes de iniciar tu registro.<\/span><\/p>\t\t\t\t\t\t\t\t<\/div>\n\t\t\t\t<\/div>\n\t\t\t\t<div class=\"elementor-element elementor-element-797502b6 elementor-widget elementor-widget-image\" data-id=\"797502b6\" data-element_type=\"widget\" data-widget_type=\"image.default\">\n\t\t\t\t<div class=\"elementor-widget-container\">\n\t\t\t\t\t\t\t\t\t\t\t\t\t\t\t<img decoding=\"async\" data-attachment-id=\"20675\" data-permalink=\"https:\/\/designweekmexico.com\/en\/programa-2024\/inedito-24\/attachment\/delbo-foto-sala-inedito24-23\/\" data-orig-file=\"https:\/\/designweekmexico.com\/wp-content\/uploads\/2024\/03\/@delbo.foto-Sala-Inedito24-23.jpg\" data-orig-size=\"2048,1365\" data-comments-opened=\"1\" data-image-meta=\"{&quot;aperture&quot;:&quot;8&quot;,&quot;credit&quot;:&quot;&quot;,&quot;camera&quot;:&quot;ILCE-6100&quot;,&quot;caption&quot;:&quot;&quot;,&quot;created_timestamp&quot;:&quot;1733769564&quot;,&quot;copyright&quot;:&quot;&quot;,&quot;focal_length&quot;:&quot;18&quot;,&quot;iso&quot;:&quot;4000&quot;,&quot;shutter_speed&quot;:&quot;0.0125&quot;,&quot;title&quot;:&quot;&quot;,&quot;orientation&quot;:&quot;0&quot;}\" data-image-title=\"@delbo.foto-Sala Ine\u0301dito24-23\" data-image-description=\"\" data-image-caption=\"\" data-medium-file=\"https:\/\/designweekmexico.com\/wp-content\/uploads\/2024\/03\/@delbo.foto-Sala-Inedito24-23-300x200.jpg\" data-large-file=\"https:\/\/designweekmexico.com\/wp-content\/uploads\/2024\/03\/@delbo.foto-Sala-Inedito24-23-1024x683.jpg\" width=\"2048\" height=\"1365\" src=\"https:\/\/designweekmexico.com\/wp-content\/uploads\/2024\/03\/@delbo.foto-Sala-Inedito24-23.jpg\" class=\"attachment-full size-full wp-image-20675\" alt=\"\" srcset=\"https:\/\/designweekmexico.com\/wp-content\/uploads\/2024\/03\/@delbo.foto-Sala-Inedito24-23.jpg 2048w, https:\/\/designweekmexico.com\/wp-content\/uploads\/2024\/03\/@delbo.foto-Sala-Inedito24-23-300x200.jpg 300w, https:\/\/designweekmexico.com\/wp-content\/uploads\/2024\/03\/@delbo.foto-Sala-Inedito24-23-1024x683.jpg 1024w, https:\/\/designweekmexico.com\/wp-content\/uploads\/2024\/03\/@delbo.foto-Sala-Inedito24-23-768x512.jpg 768w, https:\/\/designweekmexico.com\/wp-content\/uploads\/2024\/03\/@delbo.foto-Sala-Inedito24-23-1536x1024.jpg 1536w, https:\/\/designweekmexico.com\/wp-content\/uploads\/2024\/03\/@delbo.foto-Sala-Inedito24-23-18x12.jpg 18w, https:\/\/designweekmexico.com\/wp-content\/uploads\/2024\/03\/@delbo.foto-Sala-Inedito24-23-600x400.jpg 600w, https:\/\/designweekmexico.com\/wp-content\/uploads\/2024\/03\/@delbo.foto-Sala-Inedito24-23-1920x1280.jpg 1920w\" sizes=\"(max-width: 2048px) 100vw, 2048px\" \/>\t\t\t\t\t\t\t\t\t\t\t\t\t\t\t<\/div>\n\t\t\t\t<\/div>\n\t\t\t\t<div class=\"elementor-element elementor-element-2b23cb0 elementor-widget elementor-widget-text-editor\" data-id=\"2b23cb0\" data-element_type=\"widget\" data-widget_type=\"text-editor.default\">\n\t\t\t\t<div class=\"elementor-widget-container\">\n\t\t\t\t\t\t\t\t\t<p>In\u00e9dito 2024. Photo: <span style=\"text-decoration: underline;\"><a href=\"https:\/\/www.instagram.com\/delbo.foto\/\">Cynthia del<\/a><a href=\"https:\/\/www.instagram.com\/delbo.foto\/\"> Bosque<\/a><\/span> (@delbo.foto)<\/p>\t\t\t\t\t\t\t\t<\/div>\n\t\t\t\t<\/div>\n\t\t\t\t\t<\/div>\n\t\t<\/div>\n\t\t\t\t\t<\/div>\n\t\t<\/section>\n\t\t\t\t<section class=\"elementor-section elementor-top-section elementor-element elementor-element-37ba625f elementor-section-boxed elementor-section-height-default elementor-section-height-default\" data-id=\"37ba625f\" data-element_type=\"section\" data-settings=\"{&quot;_ha_eqh_enable&quot;:false}\">\n\t\t\t\t\t\t<div class=\"elementor-container elementor-column-gap-extended\">\n\t\t\t\t\t<div class=\"elementor-column elementor-col-100 elementor-top-column elementor-element elementor-element-39dd7b07\" data-id=\"39dd7b07\" data-element_type=\"column\">\n\t\t\t<div class=\"elementor-widget-wrap elementor-element-populated\">\n\t\t\t\t\t\t<div class=\"elementor-element elementor-element-129d8206 elementor-widget elementor-widget-heading\" data-id=\"129d8206\" data-element_type=\"widget\" data-widget_type=\"heading.default\">\n\t\t\t\t<div class=\"elementor-widget-container\">\n\t\t\t\t\t<h2 class=\"elementor-heading-title elementor-size-default\">Nuestra Misi\u00f3n<\/h2>\t\t\t\t<\/div>\n\t\t\t\t<\/div>\n\t\t\t\t<div class=\"elementor-element elementor-element-18272580 elementor-widget elementor-widget-text-editor\" data-id=\"18272580\" data-element_type=\"widget\" data-widget_type=\"text-editor.default\">\n\t\t\t\t<div class=\"elementor-widget-container\">\n\t\t\t\t\t\t\t\t\t<p>Fomentamos el Dise\u00f1o Socialmente Responsable como motor de cambio econ\u00f3mico, social y cultural, impulsando la innovaci\u00f3n y la sana competencia.<\/p>\t\t\t\t\t\t\t\t<\/div>\n\t\t\t\t<\/div>\n\t\t\t\t\t<\/div>\n\t\t<\/div>\n\t\t\t\t\t<\/div>\n\t\t<\/section>\n\t\t\t\t<section class=\"elementor-section elementor-top-section elementor-element elementor-element-4e16e025 elementor-section-boxed elementor-section-height-default elementor-section-height-default\" data-id=\"4e16e025\" data-element_type=\"section\" data-settings=\"{&quot;_ha_eqh_enable&quot;:false}\">\n\t\t\t\t\t\t<div class=\"elementor-container elementor-column-gap-extended\">\n\t\t\t\t\t<div class=\"elementor-column elementor-col-100 elementor-top-column elementor-element elementor-element-6fb2f2bd\" data-id=\"6fb2f2bd\" data-element_type=\"column\">\n\t\t\t<div class=\"elementor-widget-wrap elementor-element-populated\">\n\t\t\t\t\t\t<div class=\"elementor-element elementor-element-4882b221 elementor-widget elementor-widget-heading\" data-id=\"4882b221\" data-element_type=\"widget\" data-widget_type=\"heading.default\">\n\t\t\t\t<div class=\"elementor-widget-container\">\n\t\t\t\t\t<h2 class=\"elementor-heading-title elementor-size-default\">\u00bfQu\u00e9 es In\u00e9dito?<\/h2>\t\t\t\t<\/div>\n\t\t\t\t<\/div>\n\t\t\t\t<div class=\"elementor-element elementor-element-70f3bcfe elementor-widget elementor-widget-text-editor\" data-id=\"70f3bcfe\" data-element_type=\"widget\" data-widget_type=\"text-editor.default\">\n\t\t\t\t<div class=\"elementor-widget-container\">\n\t\t\t\t\t\t\t\t\t<p><span style=\"font-weight: 400;\">In\u00e9dito es mucho m\u00e1s que una exhibici\u00f3n; es un escaparate para dise\u00f1adores, artesanos, talleres y estudios creativos. Cada a\u00f1o, presentamos las nuevas propuestas de dise\u00f1o utilitario hecho en M\u00e9xico, explorando la intersecci\u00f3n entre forma y funci\u00f3n, tradici\u00f3n y contemporaneidad.<\/span><\/p>\t\t\t\t\t\t\t\t<\/div>\n\t\t\t\t<\/div>\n\t\t\t\t<div class=\"elementor-element elementor-element-69cd59ea elementor-widget elementor-widget-gallery\" data-id=\"69cd59ea\" data-element_type=\"widget\" data-settings=\"{&quot;gallery_layout&quot;:&quot;masonry&quot;,&quot;gap&quot;:{&quot;unit&quot;:&quot;px&quot;,&quot;size&quot;:20,&quot;sizes&quot;:[]},&quot;gap_tablet&quot;:{&quot;unit&quot;:&quot;px&quot;,&quot;size&quot;:15,&quot;sizes&quot;:[]},&quot;columns&quot;:3,&quot;columns_tablet&quot;:3,&quot;columns_mobile&quot;:3,&quot;lazyload&quot;:&quot;yes&quot;,&quot;gap_mobile&quot;:{&quot;unit&quot;:&quot;px&quot;,&quot;size&quot;:10,&quot;sizes&quot;:[]},&quot;link_to&quot;:&quot;file&quot;,&quot;overlay_background&quot;:&quot;yes&quot;,&quot;content_hover_animation&quot;:&quot;fade-in&quot;}\" data-widget_type=\"gallery.default\">\n\t\t\t\t<div class=\"elementor-widget-container\">\n\t\t\t\t\t\t\t<div class=\"elementor-gallery__container\">\n\t\t\t\t\t\t\t<a class=\"e-gallery-item elementor-gallery-item elementor-animated-content\" href=\"https:\/\/designweekmexico.com\/wp-content\/uploads\/2025\/02\/Inedito2024\u2014DWM\u20141-scaled.jpg\" data-elementor-open-lightbox=\"yes\" data-elementor-lightbox-slideshow=\"69cd59ea\" data-elementor-lightbox-title=\"Ine\u0301dito2024\u2014DWM\u20141\" data-e-action-hash=\"#elementor-action%3Aaction%3Dlightbox%26settings%3DeyJpZCI6MjA3ODcsInVybCI6Imh0dHBzOlwvXC9kZXNpZ253ZWVrbWV4aWNvLmNvbVwvd3AtY29udGVudFwvdXBsb2Fkc1wvMjAyNVwvMDJcL0luZWRpdG8yMDI0XHUyMDE0RFdNXHUyMDE0MS1zY2FsZWQuanBnIiwic2xpZGVzaG93IjoiNjljZDU5ZWEifQ%3D%3D\">\n\t\t\t\t\t<div class=\"e-gallery-image elementor-gallery-item__image\" data-thumbnail=\"https:\/\/designweekmexico.com\/wp-content\/uploads\/2025\/02\/Inedito2024\u2014DWM\u20141-scaled.jpg\" data-width=\"2560\" data-height=\"1707\" aria-label=\"\" role=\"img\" ><\/div>\n\t\t\t\t\t\t\t\t\t\t\t<div class=\"elementor-gallery-item__overlay\"><\/div>\n\t\t\t\t\t\t\t\t\t\t\t\t\t\t<\/a>\n\t\t\t\t\t\t\t<a class=\"e-gallery-item elementor-gallery-item elementor-animated-content\" href=\"https:\/\/designweekmexico.com\/wp-content\/uploads\/2025\/02\/Inedito2024\u2014DWM\u20143-scaled.jpg\" data-elementor-open-lightbox=\"yes\" data-elementor-lightbox-slideshow=\"69cd59ea\" data-elementor-lightbox-title=\"Ine\u0301dito2024\u2014DWM\u20143\" data-e-action-hash=\"#elementor-action%3Aaction%3Dlightbox%26settings%3DeyJpZCI6MjA3ODgsInVybCI6Imh0dHBzOlwvXC9kZXNpZ253ZWVrbWV4aWNvLmNvbVwvd3AtY29udGVudFwvdXBsb2Fkc1wvMjAyNVwvMDJcL0luZWRpdG8yMDI0XHUyMDE0RFdNXHUyMDE0My1zY2FsZWQuanBnIiwic2xpZGVzaG93IjoiNjljZDU5ZWEifQ%3D%3D\">\n\t\t\t\t\t<div class=\"e-gallery-image elementor-gallery-item__image\" data-thumbnail=\"https:\/\/designweekmexico.com\/wp-content\/uploads\/2025\/02\/Inedito2024\u2014DWM\u20143-scaled.jpg\" data-width=\"1707\" data-height=\"2560\" aria-label=\"\" role=\"img\" ><\/div>\n\t\t\t\t\t\t\t\t\t\t\t<div class=\"elementor-gallery-item__overlay\"><\/div>\n\t\t\t\t\t\t\t\t\t\t\t\t\t\t<\/a>\n\t\t\t\t\t\t\t<a class=\"e-gallery-item elementor-gallery-item elementor-animated-content\" href=\"https:\/\/designweekmexico.com\/wp-content\/uploads\/2025\/02\/Inedito2024\u2014DWM\u20149-scaled.jpg\" data-elementor-open-lightbox=\"yes\" data-elementor-lightbox-slideshow=\"69cd59ea\" data-elementor-lightbox-title=\"Ine\u0301dito2024\u2014DWM\u20149\" data-e-action-hash=\"#elementor-action%3Aaction%3Dlightbox%26settings%3DeyJpZCI6MjA3OTEsInVybCI6Imh0dHBzOlwvXC9kZXNpZ253ZWVrbWV4aWNvLmNvbVwvd3AtY29udGVudFwvdXBsb2Fkc1wvMjAyNVwvMDJcL0luZWRpdG8yMDI0XHUyMDE0RFdNXHUyMDE0OS1zY2FsZWQuanBnIiwic2xpZGVzaG93IjoiNjljZDU5ZWEifQ%3D%3D\">\n\t\t\t\t\t<div class=\"e-gallery-image elementor-gallery-item__image\" data-thumbnail=\"https:\/\/designweekmexico.com\/wp-content\/uploads\/2025\/02\/Inedito2024\u2014DWM\u20149-scaled.jpg\" data-width=\"1707\" data-height=\"2560\" aria-label=\"\" role=\"img\" ><\/div>\n\t\t\t\t\t\t\t\t\t\t\t<div class=\"elementor-gallery-item__overlay\"><\/div>\n\t\t\t\t\t\t\t\t\t\t\t\t\t\t<\/a>\n\t\t\t\t\t\t\t<a class=\"e-gallery-item elementor-gallery-item elementor-animated-content\" href=\"https:\/\/designweekmexico.com\/wp-content\/uploads\/2025\/02\/Inedito2024\u2014DWM\u201410-scaled.jpg\" data-elementor-open-lightbox=\"yes\" data-elementor-lightbox-slideshow=\"69cd59ea\" data-elementor-lightbox-title=\"Ine\u0301dito2024\u2014DWM\u201410\" data-e-action-hash=\"#elementor-action%3Aaction%3Dlightbox%26settings%3DeyJpZCI6MjA3OTIsInVybCI6Imh0dHBzOlwvXC9kZXNpZ253ZWVrbWV4aWNvLmNvbVwvd3AtY29udGVudFwvdXBsb2Fkc1wvMjAyNVwvMDJcL0luZWRpdG8yMDI0XHUyMDE0RFdNXHUyMDE0MTAtc2NhbGVkLmpwZyIsInNsaWRlc2hvdyI6IjY5Y2Q1OWVhIn0%3D\">\n\t\t\t\t\t<div class=\"e-gallery-image elementor-gallery-item__image\" data-thumbnail=\"https:\/\/designweekmexico.com\/wp-content\/uploads\/2025\/02\/Inedito2024\u2014DWM\u201410-scaled.jpg\" data-width=\"1707\" data-height=\"2560\" aria-label=\"\" role=\"img\" ><\/div>\n\t\t\t\t\t\t\t\t\t\t\t<div class=\"elementor-gallery-item__overlay\"><\/div>\n\t\t\t\t\t\t\t\t\t\t\t\t\t\t<\/a>\n\t\t\t\t\t\t\t<a class=\"e-gallery-item elementor-gallery-item elementor-animated-content\" href=\"https:\/\/designweekmexico.com\/wp-content\/uploads\/2025\/02\/Inedito2024\u2014DWM\u20144-scaled.jpg\" data-elementor-open-lightbox=\"yes\" data-elementor-lightbox-slideshow=\"69cd59ea\" data-elementor-lightbox-title=\"Ine\u0301dito2024\u2014DWM\u20144\" data-e-action-hash=\"#elementor-action%3Aaction%3Dlightbox%26settings%3DeyJpZCI6MjA3ODksInVybCI6Imh0dHBzOlwvXC9kZXNpZ253ZWVrbWV4aWNvLmNvbVwvd3AtY29udGVudFwvdXBsb2Fkc1wvMjAyNVwvMDJcL0luZWRpdG8yMDI0XHUyMDE0RFdNXHUyMDE0NC1zY2FsZWQuanBnIiwic2xpZGVzaG93IjoiNjljZDU5ZWEifQ%3D%3D\">\n\t\t\t\t\t<div class=\"e-gallery-image elementor-gallery-item__image\" data-thumbnail=\"https:\/\/designweekmexico.com\/wp-content\/uploads\/2025\/02\/Inedito2024\u2014DWM\u20144-scaled.jpg\" data-width=\"2560\" data-height=\"1707\" aria-label=\"\" role=\"img\" ><\/div>\n\t\t\t\t\t\t\t\t\t\t\t<div class=\"elementor-gallery-item__overlay\"><\/div>\n\t\t\t\t\t\t\t\t\t\t\t\t\t\t<\/a>\n\t\t\t\t\t\t\t<a class=\"e-gallery-item elementor-gallery-item elementor-animated-content\" href=\"https:\/\/designweekmexico.com\/wp-content\/uploads\/2024\/03\/Inedito2024\u2014DWM\u201455-scaled.jpg\" data-elementor-open-lightbox=\"yes\" data-elementor-lightbox-slideshow=\"69cd59ea\" data-elementor-lightbox-title=\"Ine\u0301dito2024\u2014DWM\u201455\" data-e-action-hash=\"#elementor-action%3Aaction%3Dlightbox%26settings%3DeyJpZCI6MjA3MDksInVybCI6Imh0dHBzOlwvXC9kZXNpZ253ZWVrbWV4aWNvLmNvbVwvd3AtY29udGVudFwvdXBsb2Fkc1wvMjAyNFwvMDNcL0luZWRpdG8yMDI0XHUyMDE0RFdNXHUyMDE0NTUtc2NhbGVkLmpwZyIsInNsaWRlc2hvdyI6IjY5Y2Q1OWVhIn0%3D\">\n\t\t\t\t\t<div class=\"e-gallery-image elementor-gallery-item__image\" data-thumbnail=\"https:\/\/designweekmexico.com\/wp-content\/uploads\/2024\/03\/Inedito2024\u2014DWM\u201455-scaled.jpg\" data-width=\"2560\" data-height=\"1707\" aria-label=\"\" role=\"img\" ><\/div>\n\t\t\t\t\t\t\t\t\t\t\t<div class=\"elementor-gallery-item__overlay\"><\/div>\n\t\t\t\t\t\t\t\t\t\t\t\t\t\t<\/a>\n\t\t\t\t\t<\/div>\n\t\t\t\t\t<\/div>\n\t\t\t\t<\/div>\n\t\t\t\t<div class=\"elementor-element elementor-element-cfa36e6 elementor-widget elementor-widget-text-editor\" data-id=\"cfa36e6\" data-element_type=\"widget\" data-widget_type=\"text-editor.default\">\n\t\t\t\t<div class=\"elementor-widget-container\">\n\t\t\t\t\t\t\t\t\t<p>In\u00e9dito Pieces 2024. Photo: <a href=\"https:\/\/www.instagram.com\/achachfotografia\/\"><u>Mariana Achach<\/u><\/a> (@achachfotografia)<\/p>\t\t\t\t\t\t\t\t<\/div>\n\t\t\t\t<\/div>\n\t\t\t\t\t<\/div>\n\t\t<\/div>\n\t\t\t\t\t<\/div>\n\t\t<\/section>\n\t\t\t\t<section class=\"elementor-section elementor-top-section elementor-element elementor-element-1df3fa3d elementor-section-boxed elementor-section-height-default elementor-section-height-default\" data-id=\"1df3fa3d\" data-element_type=\"section\" data-settings=\"{&quot;_ha_eqh_enable&quot;:false}\">\n\t\t\t\t\t\t<div class=\"elementor-container elementor-column-gap-default\">\n\t\t\t\t\t<div class=\"elementor-column elementor-col-50 elementor-top-column elementor-element elementor-element-a7f38ed\" data-id=\"a7f38ed\" data-element_type=\"column\">\n\t\t\t<div class=\"elementor-widget-wrap elementor-element-populated\">\n\t\t\t\t\t\t<div class=\"elementor-element elementor-element-170a8795 elementor-widget elementor-widget-heading\" data-id=\"170a8795\" data-element_type=\"widget\" data-widget_type=\"heading.default\">\n\t\t\t\t<div class=\"elementor-widget-container\">\n\t\t\t\t\t<h2 class=\"elementor-heading-title elementor-size-default\">Why participate in In\u00e9dito?<\/h2>\t\t\t\t<\/div>\n\t\t\t\t<\/div>\n\t\t\t\t<div class=\"elementor-element elementor-element-7edef3b9 elementor-widget elementor-widget-text-editor\" data-id=\"7edef3b9\" data-element_type=\"widget\" data-widget_type=\"text-editor.default\">\n\t\t\t\t<div class=\"elementor-widget-container\">\n\t\t\t\t\t\t\t\t\t<ul><li style=\"font-weight: 400;\" aria-level=\"1\"><span style=\"font-weight: 400;\"><strong>Inedito Award:<\/strong> Earn <strong>$80,000 MXN!<\/strong> We recognize and reward excellence in design.<\/span><\/li><li style=\"font-weight: 400;\" aria-level=\"1\"><span style=\"font-weight: 400;\"><strong>Honorable mentions:<\/strong> In addition to the Unpublished Award, we give 8 honorable mentions that highlight creativity and innovation.<br \/><\/span><\/li><li style=\"font-weight: 400;\" aria-level=\"1\"><span style=\"font-weight: 400;\"><strong>Exclusive exhibition:<\/strong> Your work will be exhibited for three months to a specialized audience, media and industry professionals.<\/span><\/li><li style=\"font-weight: 400;\" aria-level=\"1\"><span style=\"font-weight: 400;\"><strong>Networking:<\/strong> Join Mexico's vibrant creative community, establish meaningful connections and collaborations.<\/span><\/li><\/ul>\t\t\t\t\t\t\t\t<\/div>\n\t\t\t\t<\/div>\n\t\t\t\t\t<\/div>\n\t\t<\/div>\n\t\t\t\t<div class=\"elementor-column elementor-col-50 elementor-top-column elementor-element elementor-element-1d80dad8\" data-id=\"1d80dad8\" data-element_type=\"column\">\n\t\t\t<div class=\"elementor-widget-wrap elementor-element-populated\">\n\t\t\t\t\t\t<div class=\"elementor-element elementor-element-74d96e42 elementor-widget elementor-widget-image\" data-id=\"74d96e42\" data-element_type=\"widget\" data-widget_type=\"image.default\">\n\t\t\t\t<div class=\"elementor-widget-container\">\n\t\t\t\t\t\t\t\t\t\t\t\t\t\t\t<img decoding=\"async\" data-attachment-id=\"20796\" data-permalink=\"https:\/\/designweekmexico.com\/en\/convocatorias-2025\/inedito-2025\/attachment\/inedito2024-dwm-15\/\" data-orig-file=\"https:\/\/designweekmexico.com\/wp-content\/uploads\/2025\/02\/Inedito2024\u2014DWM\u201415-scaled.jpg\" data-orig-size=\"1707,2560\" data-comments-opened=\"1\" data-image-meta=\"{&quot;aperture&quot;:&quot;7.1&quot;,&quot;credit&quot;:&quot;MARIANA ACHACH HERROZ&quot;,&quot;camera&quot;:&quot;Canon EOS 6D Mark II&quot;,&quot;caption&quot;:&quot;&quot;,&quot;created_timestamp&quot;:&quot;1728404526&quot;,&quot;copyright&quot;:&quot;ACHACH FOTOGRAFIA&quot;,&quot;focal_length&quot;:&quot;30&quot;,&quot;iso&quot;:&quot;250&quot;,&quot;shutter_speed&quot;:&quot;0.008&quot;,&quot;title&quot;:&quot;&quot;,&quot;orientation&quot;:&quot;1&quot;}\" data-image-title=\"Ine\u0301dito2024\u2014DWM\u201415\" data-image-description=\"\" data-image-caption=\"\" data-medium-file=\"https:\/\/designweekmexico.com\/wp-content\/uploads\/2025\/02\/Inedito2024\u2014DWM\u201415-200x300.jpg\" data-large-file=\"https:\/\/designweekmexico.com\/wp-content\/uploads\/2025\/02\/Inedito2024\u2014DWM\u201415-683x1024.jpg\" width=\"683\" height=\"1024\" src=\"https:\/\/designweekmexico.com\/wp-content\/uploads\/2025\/02\/Inedito2024\u2014DWM\u201415-683x1024.jpg\" class=\"attachment-large size-large wp-image-20796\" alt=\"\" srcset=\"https:\/\/designweekmexico.com\/wp-content\/uploads\/2025\/02\/Inedito2024\u2014DWM\u201415-683x1024.jpg 683w, https:\/\/designweekmexico.com\/wp-content\/uploads\/2025\/02\/Inedito2024\u2014DWM\u201415-200x300.jpg 200w, https:\/\/designweekmexico.com\/wp-content\/uploads\/2025\/02\/Inedito2024\u2014DWM\u201415-768x1152.jpg 768w, https:\/\/designweekmexico.com\/wp-content\/uploads\/2025\/02\/Inedito2024\u2014DWM\u201415-1024x1536.jpg 1024w, https:\/\/designweekmexico.com\/wp-content\/uploads\/2025\/02\/Inedito2024\u2014DWM\u201415-1365x2048.jpg 1365w, https:\/\/designweekmexico.com\/wp-content\/uploads\/2025\/02\/Inedito2024\u2014DWM\u201415-8x12.jpg 8w, https:\/\/designweekmexico.com\/wp-content\/uploads\/2025\/02\/Inedito2024\u2014DWM\u201415-400x600.jpg 400w, https:\/\/designweekmexico.com\/wp-content\/uploads\/2025\/02\/Inedito2024\u2014DWM\u201415-1920x2880.jpg 1920w, https:\/\/designweekmexico.com\/wp-content\/uploads\/2025\/02\/Inedito2024\u2014DWM\u201415-scaled.jpg 1707w\" sizes=\"(max-width: 683px) 100vw, 683px\" \/>\t\t\t\t\t\t\t\t\t\t\t\t\t\t\t<\/div>\n\t\t\t\t<\/div>\n\t\t\t\t<div class=\"elementor-element elementor-element-f0f13b5 elementor-widget elementor-widget-text-editor\" data-id=\"f0f13b5\" data-element_type=\"widget\" data-widget_type=\"text-editor.default\">\n\t\t\t\t<div class=\"elementor-widget-container\">\n\t\t\t\t\t\t\t\t\t<p>Algalma por <span style=\"text-decoration: underline;\"><a href=\"https:\/\/www.instagram.com\/plataleastudio\/\">Platalea Studio.<\/a><\/span> Honorable Mention: Concept. In\u00e9dito 2024. Photo: <a href=\"https:\/\/www.instagram.com\/achachfotografia\/\"><u>Mariana Achach.<\/u><\/a><\/p>\t\t\t\t\t\t\t\t<\/div>\n\t\t\t\t<\/div>\n\t\t\t\t\t<\/div>\n\t\t<\/div>\n\t\t\t\t\t<\/div>\n\t\t<\/section>\n\t\t\t\t<section class=\"elementor-section elementor-top-section elementor-element elementor-element-18f530c3 elementor-section-boxed elementor-section-height-default elementor-section-height-default\" data-id=\"18f530c3\" data-element_type=\"section\" data-settings=\"{&quot;_ha_eqh_enable&quot;:false}\">\n\t\t\t\t\t\t<div class=\"elementor-container elementor-column-gap-extended\">\n\t\t\t\t\t<div class=\"elementor-column elementor-col-100 elementor-top-column elementor-element elementor-element-220fa658\" data-id=\"220fa658\" data-element_type=\"column\">\n\t\t\t<div class=\"elementor-widget-wrap elementor-element-populated\">\n\t\t\t\t\t\t<div class=\"elementor-element elementor-element-3b7861fd elementor-widget elementor-widget-heading\" data-id=\"3b7861fd\" data-element_type=\"widget\" data-widget_type=\"heading.default\">\n\t\t\t\t<div class=\"elementor-widget-container\">\n\t\t\t\t\t<h2 class=\"elementor-heading-title elementor-size-default\">Participation Categories:<\/h2>\t\t\t\t<\/div>\n\t\t\t\t<\/div>\n\t\t\t\t<div class=\"elementor-element elementor-element-1106a477 elementor-widget__width-initial elementor-widget elementor-widget-text-editor\" data-id=\"1106a477\" data-element_type=\"widget\" data-widget_type=\"text-editor.default\">\n\t\t\t\t<div class=\"elementor-widget-container\">\n\t\t\t\t\t\t\t\t\t<h3><b>Inedito Professional<\/b><\/h3>\n<p><span style=\"font-family: Archivo, Sans;\"><span style=\"font-size: 22px;\">Through a completely open call, in this category, participants compete for one of the&nbsp;<\/span><\/span><strong style=\"color: var(--theme-text-color); font-family: var(--theme-font-family); font-style: var(--theme-font-style, inherit); font-variant-ligatures: inherit; font-variant-caps: inherit; letter-spacing: var(--theme-letter-spacing); text-transform: var(--theme-text-transform);\">8 honorable mentions,<\/strong><span style=\"color: var(--theme-text-color); font-family: var(--theme-font-family); font-style: var(--theme-font-style, inherit); font-variant-ligatures: inherit; font-variant-caps: inherit; font-weight: var(--theme-font-weight); letter-spacing: var(--theme-letter-spacing); text-transform: var(--theme-text-transform);\">&nbsp;as\u00ed como el &#8220;<\/span><strong style=\"color: var(--theme-text-color); font-family: var(--theme-font-family); font-style: var(--theme-font-style, inherit); font-variant-ligatures: inherit; font-variant-caps: inherit; letter-spacing: var(--theme-letter-spacing); text-transform: var(--theme-text-transform);\">Inedito Award:&nbsp;<\/strong><span style=\"color: var(--theme-text-color); font-family: var(--theme-font-family); font-style: var(--theme-font-style, inherit); font-variant-ligatures: inherit; font-variant-caps: inherit; font-weight: var(--theme-font-weight); letter-spacing: var(--theme-letter-spacing); text-transform: var(--theme-text-transform);\">Believe in yourself\u201d of&nbsp;<\/span><strong style=\"color: var(--theme-text-color); font-family: var(--theme-font-family); font-style: var(--theme-font-style, inherit); font-variant-ligatures: inherit; font-variant-caps: inherit; letter-spacing: var(--theme-letter-spacing); text-transform: var(--theme-text-transform);\">$80,000 MXN,<\/strong><span style=\"color: var(--theme-text-color); font-family: var(--theme-font-family); font-style: var(--theme-font-style, inherit); font-variant-ligatures: inherit; font-variant-caps: inherit; font-weight: var(--theme-font-weight); letter-spacing: var(--theme-letter-spacing); text-transform: var(--theme-text-transform);\">&nbsp;in collaboration with&nbsp;<\/span><strong style=\"color: var(--theme-text-color); font-family: var(--theme-font-family); font-style: var(--theme-font-style, inherit); font-variant-ligatures: inherit; font-variant-caps: inherit; letter-spacing: var(--theme-letter-spacing); text-transform: var(--theme-text-transform);\">Banco Azteca,<\/strong><span style=\"color: var(--theme-text-color); font-family: var(--theme-font-family); font-style: var(--theme-font-style, inherit); font-variant-ligatures: inherit; font-variant-caps: inherit; font-weight: var(--theme-font-weight); letter-spacing: var(--theme-letter-spacing); text-transform: var(--theme-text-transform);\">&nbsp;that recognize excellence and innovation in design. The exhibition will take place at the&nbsp;<\/span><strong style=\"color: var(--theme-text-color); font-family: var(--theme-font-family); font-style: var(--theme-font-style, inherit); font-variant-ligatures: inherit; font-variant-caps: inherit; letter-spacing: var(--theme-letter-spacing); text-transform: var(--theme-text-transform);\">Espacio CDMX Arquitectura y Dise\u00f1o,<\/strong><span style=\"color: var(--theme-text-color); font-family: var(--theme-font-family); font-style: var(--theme-font-style, inherit); font-variant-ligatures: inherit; font-variant-caps: inherit; font-weight: var(--theme-font-weight); letter-spacing: var(--theme-letter-spacing); text-transform: var(--theme-text-transform);\">&nbsp;providing a perfect environment to appreciate the pieces and immerse yourself in the atmosphere of design.<\/span><\/p>\n<h3><b>Inedito University<\/b> (Under invitation)<\/h3>\n<p><span style=\"font-size: 22px; color: var(--theme-text-color); font-family: var(--theme-font-family); font-style: var(--theme-font-style, inherit); font-variant-ligatures: inherit; font-variant-caps: inherit; font-weight: var(--theme-font-weight); letter-spacing: var(--theme-letter-spacing); text-transform: var(--theme-text-transform);\">This invitation-only category seeks to promote collaborative and multidisciplinary work within academia. Participation is by invitation to your university, which will be responsible for selecting the projects to be exhibited during Design Week Mexico. You can ask your program director to contact you to get involved.<\/span><\/p>\t\t\t\t\t\t\t\t<\/div>\n\t\t\t\t<\/div>\n\t\t\t\t<div class=\"elementor-element elementor-element-429ed3fa elementor-widget elementor-widget-gallery\" data-id=\"429ed3fa\" data-element_type=\"widget\" data-settings=\"{&quot;gallery_layout&quot;:&quot;justified&quot;,&quot;ideal_row_height&quot;:{&quot;unit&quot;:&quot;px&quot;,&quot;size&quot;:300,&quot;sizes&quot;:[]},&quot;ideal_row_height_mobile&quot;:{&quot;unit&quot;:&quot;px&quot;,&quot;size&quot;:70,&quot;sizes&quot;:[]},&quot;gap&quot;:{&quot;unit&quot;:&quot;px&quot;,&quot;size&quot;:20,&quot;sizes&quot;:[]},&quot;gap_tablet&quot;:{&quot;unit&quot;:&quot;px&quot;,&quot;size&quot;:15,&quot;sizes&quot;:[]},&quot;ideal_row_height_tablet&quot;:{&quot;unit&quot;:&quot;px&quot;,&quot;size&quot;:170,&quot;sizes&quot;:[]},&quot;lazyload&quot;:&quot;yes&quot;,&quot;gap_mobile&quot;:{&quot;unit&quot;:&quot;px&quot;,&quot;size&quot;:10,&quot;sizes&quot;:[]},&quot;link_to&quot;:&quot;file&quot;,&quot;overlay_background&quot;:&quot;yes&quot;,&quot;content_hover_animation&quot;:&quot;fade-in&quot;}\" data-widget_type=\"gallery.default\">\n\t\t\t\t<div class=\"elementor-widget-container\">\n\t\t\t\t\t\t\t<div class=\"elementor-gallery__container\">\n\t\t\t\t\t\t\t<a class=\"e-gallery-item elementor-gallery-item elementor-animated-content\" href=\"https:\/\/designweekmexico.com\/wp-content\/uploads\/2024\/03\/@delbo.foto-Sala-Inedito24-28.jpg\" data-elementor-open-lightbox=\"yes\" data-elementor-lightbox-slideshow=\"429ed3fa\" data-elementor-lightbox-title=\"@delbo.foto-Sala Ine\u0301dito24-28\" data-e-action-hash=\"#elementor-action%3Aaction%3Dlightbox%26settings%3DeyJpZCI6MjA2ODAsInVybCI6Imh0dHBzOlwvXC9kZXNpZ253ZWVrbWV4aWNvLmNvbVwvd3AtY29udGVudFwvdXBsb2Fkc1wvMjAyNFwvMDNcL0BkZWxiby5mb3RvLVNhbGEtSW5lZGl0bzI0LTI4LmpwZyIsInNsaWRlc2hvdyI6IjQyOWVkM2ZhIn0%3D\">\n\t\t\t\t\t<div class=\"e-gallery-image elementor-gallery-item__image\" data-thumbnail=\"https:\/\/designweekmexico.com\/wp-content\/uploads\/2024\/03\/@delbo.foto-Sala-Inedito24-28.jpg\" data-width=\"2048\" data-height=\"1365\" aria-label=\"\" role=\"img\" ><\/div>\n\t\t\t\t\t\t\t\t\t\t\t<div class=\"elementor-gallery-item__overlay\"><\/div>\n\t\t\t\t\t\t\t\t\t\t\t\t\t\t<\/a>\n\t\t\t\t\t\t\t<a class=\"e-gallery-item elementor-gallery-item elementor-animated-content\" href=\"https:\/\/designweekmexico.com\/wp-content\/uploads\/2024\/03\/@delbo.foto-Sala-Inedito24-24.jpg\" data-elementor-open-lightbox=\"yes\" data-elementor-lightbox-slideshow=\"429ed3fa\" data-elementor-lightbox-title=\"@delbo.foto-Sala Ine\u0301dito24-24\" data-e-action-hash=\"#elementor-action%3Aaction%3Dlightbox%26settings%3DeyJpZCI6MjA2NzYsInVybCI6Imh0dHBzOlwvXC9kZXNpZ253ZWVrbWV4aWNvLmNvbVwvd3AtY29udGVudFwvdXBsb2Fkc1wvMjAyNFwvMDNcL0BkZWxiby5mb3RvLVNhbGEtSW5lZGl0bzI0LTI0LmpwZyIsInNsaWRlc2hvdyI6IjQyOWVkM2ZhIn0%3D\">\n\t\t\t\t\t<div class=\"e-gallery-image elementor-gallery-item__image\" data-thumbnail=\"https:\/\/designweekmexico.com\/wp-content\/uploads\/2024\/03\/@delbo.foto-Sala-Inedito24-24.jpg\" data-width=\"2048\" data-height=\"1365\" aria-label=\"\" role=\"img\" ><\/div>\n\t\t\t\t\t\t\t\t\t\t\t<div class=\"elementor-gallery-item__overlay\"><\/div>\n\t\t\t\t\t\t\t\t\t\t\t\t\t\t<\/a>\n\t\t\t\t\t\t\t<a class=\"e-gallery-item elementor-gallery-item elementor-animated-content\" href=\"https:\/\/designweekmexico.com\/wp-content\/uploads\/2024\/03\/@delbo.foto-Sala-Inedito24-44.jpg\" data-elementor-open-lightbox=\"yes\" data-elementor-lightbox-slideshow=\"429ed3fa\" data-elementor-lightbox-title=\"@delbo.foto-Sala Ine\u0301dito24-44\" data-e-action-hash=\"#elementor-action%3Aaction%3Dlightbox%26settings%3DeyJpZCI6MjA2ODksInVybCI6Imh0dHBzOlwvXC9kZXNpZ253ZWVrbWV4aWNvLmNvbVwvd3AtY29udGVudFwvdXBsb2Fkc1wvMjAyNFwvMDNcL0BkZWxiby5mb3RvLVNhbGEtSW5lZGl0bzI0LTQ0LmpwZyIsInNsaWRlc2hvdyI6IjQyOWVkM2ZhIn0%3D\">\n\t\t\t\t\t<div class=\"e-gallery-image elementor-gallery-item__image\" data-thumbnail=\"https:\/\/designweekmexico.com\/wp-content\/uploads\/2024\/03\/@delbo.foto-Sala-Inedito24-44.jpg\" data-width=\"2048\" data-height=\"1365\" aria-label=\"\" role=\"img\" ><\/div>\n\t\t\t\t\t\t\t\t\t\t\t<div class=\"elementor-gallery-item__overlay\"><\/div>\n\t\t\t\t\t\t\t\t\t\t\t\t\t\t<\/a>\n\t\t\t\t\t\t\t<a class=\"e-gallery-item elementor-gallery-item elementor-animated-content\" href=\"https:\/\/designweekmexico.com\/wp-content\/uploads\/2024\/03\/@delbo.foto-Sala-Inedito24-53.jpg\" data-elementor-open-lightbox=\"yes\" data-elementor-lightbox-slideshow=\"429ed3fa\" data-elementor-lightbox-title=\"@delbo.foto-Sala Ine\u0301dito24-53\" data-e-action-hash=\"#elementor-action%3Aaction%3Dlightbox%26settings%3DeyJpZCI6MjA2OTQsInVybCI6Imh0dHBzOlwvXC9kZXNpZ253ZWVrbWV4aWNvLmNvbVwvd3AtY29udGVudFwvdXBsb2Fkc1wvMjAyNFwvMDNcL0BkZWxiby5mb3RvLVNhbGEtSW5lZGl0bzI0LTUzLmpwZyIsInNsaWRlc2hvdyI6IjQyOWVkM2ZhIn0%3D\">\n\t\t\t\t\t<div class=\"e-gallery-image elementor-gallery-item__image\" data-thumbnail=\"https:\/\/designweekmexico.com\/wp-content\/uploads\/2024\/03\/@delbo.foto-Sala-Inedito24-53.jpg\" data-width=\"2048\" data-height=\"1365\" aria-label=\"\" role=\"img\" ><\/div>\n\t\t\t\t\t\t\t\t\t\t\t<div class=\"elementor-gallery-item__overlay\"><\/div>\n\t\t\t\t\t\t\t\t\t\t\t\t\t\t<\/a>\n\t\t\t\t\t\t\t<a class=\"e-gallery-item elementor-gallery-item elementor-animated-content\" href=\"https:\/\/designweekmexico.com\/wp-content\/uploads\/2024\/03\/@delbo.foto-Sala-Inedito24-17.jpg\" data-elementor-open-lightbox=\"yes\" data-elementor-lightbox-slideshow=\"429ed3fa\" data-elementor-lightbox-title=\"@delbo.foto-Sala Ine\u0301dito24-17\" data-e-action-hash=\"#elementor-action%3Aaction%3Dlightbox%26settings%3DeyJpZCI6MjA3MDIsInVybCI6Imh0dHBzOlwvXC9kZXNpZ253ZWVrbWV4aWNvLmNvbVwvd3AtY29udGVudFwvdXBsb2Fkc1wvMjAyNFwvMDNcL0BkZWxiby5mb3RvLVNhbGEtSW5lZGl0bzI0LTE3LmpwZyIsInNsaWRlc2hvdyI6IjQyOWVkM2ZhIn0%3D\">\n\t\t\t\t\t<div class=\"e-gallery-image elementor-gallery-item__image\" data-thumbnail=\"https:\/\/designweekmexico.com\/wp-content\/uploads\/2024\/03\/@delbo.foto-Sala-Inedito24-17.jpg\" data-width=\"2048\" data-height=\"1365\" aria-label=\"\" role=\"img\" ><\/div>\n\t\t\t\t\t\t\t\t\t\t\t<div class=\"elementor-gallery-item__overlay\"><\/div>\n\t\t\t\t\t\t\t\t\t\t\t\t\t\t<\/a>\n\t\t\t\t\t<\/div>\n\t\t\t\t\t<\/div>\n\t\t\t\t<\/div>\n\t\t\t\t<div class=\"elementor-element elementor-element-29b0d66 elementor-widget elementor-widget-text-editor\" data-id=\"29b0d66\" data-element_type=\"widget\" data-widget_type=\"text-editor.default\">\n\t\t\t\t<div class=\"elementor-widget-container\">\n\t\t\t\t\t\t\t\t\t<p>In\u00e9dito 2024. Photo: <span style=\"text-decoration: underline;\"><a href=\"https:\/\/www.instagram.com\/delbo.foto\/\">Cynthia del<\/a><a href=\"https:\/\/www.instagram.com\/delbo.foto\/\"> Bosque<\/a><\/span> (@delbo.foto)<\/p>\t\t\t\t\t\t\t\t<\/div>\n\t\t\t\t<\/div>\n\t\t\t\t\t<\/div>\n\t\t<\/div>\n\t\t\t\t\t<\/div>\n\t\t<\/section>\n\t\t\t\t<section class=\"elementor-section elementor-top-section elementor-element elementor-element-51449528 elementor-section-boxed elementor-section-height-default elementor-section-height-default\" data-id=\"51449528\" data-element_type=\"section\" data-settings=\"{&quot;background_background&quot;:&quot;classic&quot;,&quot;_ha_eqh_enable&quot;:false}\">\n\t\t\t\t\t\t<div class=\"elementor-container elementor-column-gap-no\">\n\t\t\t\t\t<div class=\"elementor-column elementor-col-100 elementor-top-column elementor-element elementor-element-cf9886a\" data-id=\"cf9886a\" data-element_type=\"column\">\n\t\t\t<div class=\"elementor-widget-wrap elementor-element-populated\">\n\t\t\t\t\t\t<div class=\"elementor-element elementor-element-2d556c3d elementor-invisible elementor-widget elementor-widget-icon-box\" data-id=\"2d556c3d\" data-element_type=\"widget\" data-settings=\"{&quot;_animation&quot;:&quot;fadeIn&quot;}\" data-widget_type=\"icon-box.default\">\n\t\t\t\t<div class=\"elementor-widget-container\">\n\t\t\t\t\t\t\t<div class=\"elementor-icon-box-wrapper\">\n\n\t\t\t\n\t\t\t\t\t\t<div class=\"elementor-icon-box-content\">\n\n\t\t\t\t\t\t\t\t\t<h2 class=\"elementor-icon-box-title\">\n\t\t\t\t\t\t<span  >\n\t\t\t\t\t\t\tEVALUATION CRITERIA\t\t\t\t\t\t<\/span>\n\t\t\t\t\t<\/h2>\n\t\t\t\t\n\t\t\t\t\t\t\t\t\t<p class=\"elementor-icon-box-description\">\n\t\t\t\t\t\tThe jury for the selection process and the awards jury, composed of prominent members of the national and international community, will use the following evaluation criteria, which in turn are the honorable mentions:\t\t\t\t\t<\/p>\n\t\t\t\t\n\t\t\t<\/div>\n\t\t\t\n\t\t<\/div>\n\t\t\t\t\t\t<\/div>\n\t\t\t\t<\/div>\n\t\t\t\t\t<\/div>\n\t\t<\/div>\n\t\t\t\t\t<\/div>\n\t\t<\/section>\n\t\t\t\t<section class=\"elementor-section elementor-top-section elementor-element elementor-element-2f1a541 elementor-section-boxed elementor-section-height-default elementor-section-height-default\" data-id=\"2f1a541\" data-element_type=\"section\" data-settings=\"{&quot;background_background&quot;:&quot;classic&quot;,&quot;_ha_eqh_enable&quot;:false}\">\n\t\t\t\t\t\t<div class=\"elementor-container elementor-column-gap-wide\">\n\t\t\t\t\t<div class=\"elementor-column elementor-col-100 elementor-top-column elementor-element elementor-element-2ea24f13\" data-id=\"2ea24f13\" data-element_type=\"column\">\n\t\t\t<div class=\"elementor-widget-wrap elementor-element-populated\">\n\t\t\t\t\t\t<section class=\"elementor-section elementor-inner-section elementor-element elementor-element-25956f5 elementor-section-boxed elementor-section-height-default elementor-section-height-default\" data-id=\"25956f5\" data-element_type=\"section\" data-settings=\"{&quot;_ha_eqh_enable&quot;:false}\">\n\t\t\t\t\t\t<div class=\"elementor-container elementor-column-gap-default\">\n\t\t\t\t\t<div class=\"elementor-column elementor-col-50 elementor-inner-column elementor-element elementor-element-035924d\" data-id=\"035924d\" data-element_type=\"column\">\n\t\t\t<div class=\"elementor-widget-wrap elementor-element-populated\">\n\t\t\t\t\t\t<div class=\"elementor-element elementor-element-38500e6 elementor-invisible elementor-widget elementor-widget-icon-box\" data-id=\"38500e6\" data-element_type=\"widget\" data-settings=\"{&quot;_animation&quot;:&quot;fadeIn&quot;}\" data-widget_type=\"icon-box.default\">\n\t\t\t\t<div class=\"elementor-widget-container\">\n\t\t\t\t\t\t\t<div class=\"elementor-icon-box-wrapper\">\n\n\t\t\t\n\t\t\t\t\t\t<div class=\"elementor-icon-box-content\">\n\n\t\t\t\t\t\t\t\t\t<h2 class=\"elementor-icon-box-title\">\n\t\t\t\t\t\t<span  >\n\t\t\t\t\t\t\tInnovation\t\t\t\t\t\t<\/span>\n\t\t\t\t\t<\/h2>\n\t\t\t\t\n\t\t\t\t\t\t\t\t\t<p class=\"elementor-icon-box-description\">\n\t\t\t\t\t\tOriginal use of cutting-edge technologies and application of theories. Introduction of new ideas, approaches, or solutions that generate a positive impact on society.\n<br>\n<b>(2 pts)<\/b>\t\t\t\t\t<\/p>\n\t\t\t\t\n\t\t\t<\/div>\n\t\t\t\n\t\t<\/div>\n\t\t\t\t\t\t<\/div>\n\t\t\t\t<\/div>\n\t\t\t\t\t<\/div>\n\t\t<\/div>\n\t\t\t\t<div class=\"elementor-column elementor-col-50 elementor-inner-column elementor-element elementor-element-3d15186\" data-id=\"3d15186\" data-element_type=\"column\">\n\t\t\t<div class=\"elementor-widget-wrap elementor-element-populated\">\n\t\t\t\t\t\t<div class=\"elementor-element elementor-element-e4a582e elementor-invisible elementor-widget elementor-widget-icon-box\" data-id=\"e4a582e\" data-element_type=\"widget\" data-settings=\"{&quot;_animation&quot;:&quot;fadeIn&quot;}\" data-widget_type=\"icon-box.default\">\n\t\t\t\t<div class=\"elementor-widget-container\">\n\t\t\t\t\t\t\t<div class=\"elementor-icon-box-wrapper\">\n\n\t\t\t\n\t\t\t\t\t\t<div class=\"elementor-icon-box-content\">\n\n\t\t\t\t\t\t\t\t\t<h2 class=\"elementor-icon-box-title\">\n\t\t\t\t\t\t<span  >\n\t\t\t\t\t\t\tFunctionality\t\t\t\t\t\t<\/span>\n\t\t\t\t\t<\/h2>\n\t\t\t\t\n\t\t\t\t\t\t\t\t\t<p class=\"elementor-icon-box-description\">\n\t\t\t\t\t\tErgonomics, benefits, simplicity, and viability of the piece. Aim for your project to be sustainable in the consumer market due to its functionality, given its efficiency and effectiveness in providing solutions to societal problems and needs.\n<br>\n<b>(1 pt)<\/b>\t\t\t\t\t<\/p>\n\t\t\t\t\n\t\t\t<\/div>\n\t\t\t\n\t\t<\/div>\n\t\t\t\t\t\t<\/div>\n\t\t\t\t<\/div>\n\t\t\t\t\t<\/div>\n\t\t<\/div>\n\t\t\t\t\t<\/div>\n\t\t<\/section>\n\t\t\t\t\t<\/div>\n\t\t<\/div>\n\t\t\t\t\t<\/div>\n\t\t<\/section>\n\t\t\t\t<section class=\"elementor-section elementor-top-section elementor-element elementor-element-4903cc7 elementor-section-boxed elementor-section-height-default elementor-section-height-default\" data-id=\"4903cc7\" data-element_type=\"section\" data-settings=\"{&quot;background_background&quot;:&quot;classic&quot;,&quot;_ha_eqh_enable&quot;:false}\">\n\t\t\t\t\t\t<div class=\"elementor-container elementor-column-gap-wide\">\n\t\t\t\t\t<div class=\"elementor-column elementor-col-100 elementor-top-column elementor-element elementor-element-bd9dbdb\" data-id=\"bd9dbdb\" data-element_type=\"column\">\n\t\t\t<div class=\"elementor-widget-wrap elementor-element-populated\">\n\t\t\t\t\t\t<section class=\"elementor-section elementor-inner-section elementor-element elementor-element-6c8d0f3 elementor-section-boxed elementor-section-height-default elementor-section-height-default\" data-id=\"6c8d0f3\" data-element_type=\"section\" data-settings=\"{&quot;_ha_eqh_enable&quot;:false}\">\n\t\t\t\t\t\t<div class=\"elementor-container elementor-column-gap-default\">\n\t\t\t\t\t<div class=\"elementor-column elementor-col-50 elementor-inner-column elementor-element elementor-element-c90c6e3\" data-id=\"c90c6e3\" data-element_type=\"column\">\n\t\t\t<div class=\"elementor-widget-wrap elementor-element-populated\">\n\t\t\t\t\t\t<div class=\"elementor-element elementor-element-bdb36d0 elementor-invisible elementor-widget elementor-widget-icon-box\" data-id=\"bdb36d0\" data-element_type=\"widget\" data-settings=\"{&quot;_animation&quot;:&quot;fadeIn&quot;}\" data-widget_type=\"icon-box.default\">\n\t\t\t\t<div class=\"elementor-widget-container\">\n\t\t\t\t\t\t\t<div class=\"elementor-icon-box-wrapper\">\n\n\t\t\t\n\t\t\t\t\t\t<div class=\"elementor-icon-box-content\">\n\n\t\t\t\t\t\t\t\t\t<h2 class=\"elementor-icon-box-title\">\n\t\t\t\t\t\t<span  >\n\t\t\t\t\t\t\tConcept\t\t\t\t\t\t<\/span>\n\t\t\t\t\t<\/h2>\n\t\t\t\t\n\t\t\t\t\t\t\t\t\t<p class=\"elementor-icon-box-description\">\n\t\t\t\t\t\tWe are looking for projects that present a piece through creativity, discourse, and narrative. We seek projects that analyze the originality, clarity, and relevance of the presented idea, which must be clear and offer a new perspective or solution to an existing problem.\n<br>\n<b>(1 pt)<\/b>\t\t\t\t\t<\/p>\n\t\t\t\t\n\t\t\t<\/div>\n\t\t\t\n\t\t<\/div>\n\t\t\t\t\t\t<\/div>\n\t\t\t\t<\/div>\n\t\t\t\t\t<\/div>\n\t\t<\/div>\n\t\t\t\t<div class=\"elementor-column elementor-col-50 elementor-inner-column elementor-element elementor-element-beec323\" data-id=\"beec323\" data-element_type=\"column\">\n\t\t\t<div class=\"elementor-widget-wrap elementor-element-populated\">\n\t\t\t\t\t\t<div class=\"elementor-element elementor-element-bdffea3 elementor-invisible elementor-widget elementor-widget-icon-box\" data-id=\"bdffea3\" data-element_type=\"widget\" data-settings=\"{&quot;_animation&quot;:&quot;fadeIn&quot;}\" data-widget_type=\"icon-box.default\">\n\t\t\t\t<div class=\"elementor-widget-container\">\n\t\t\t\t\t\t\t<div class=\"elementor-icon-box-wrapper\">\n\n\t\t\t\n\t\t\t\t\t\t<div class=\"elementor-icon-box-content\">\n\n\t\t\t\t\t\t\t\t\t<h2 class=\"elementor-icon-box-title\">\n\t\t\t\t\t\t<span  >\n\t\t\t\t\t\t\tUser Experience\t\t\t\t\t\t<\/span>\n\t\t\t\t\t<\/h2>\n\t\t\t\t\n\t\t\t\t\t\t\t\t\t<p class=\"elementor-icon-box-description\">\n\t\t\t\t\t\tEffective application of theoretical principles related to user interaction with the object or the object's interaction with its environment. Projects designed to improve the user's health, well-being, and quality of life. \n<br>\n<b>(1 pt)<\/b>\t\t\t\t\t<\/p>\n\t\t\t\t\n\t\t\t<\/div>\n\t\t\t\n\t\t<\/div>\n\t\t\t\t\t\t<\/div>\n\t\t\t\t<\/div>\n\t\t\t\t\t<\/div>\n\t\t<\/div>\n\t\t\t\t\t<\/div>\n\t\t<\/section>\n\t\t\t\t\t<\/div>\n\t\t<\/div>\n\t\t\t\t\t<\/div>\n\t\t<\/section>\n\t\t\t\t<section class=\"elementor-section elementor-top-section elementor-element elementor-element-b56caad elementor-section-boxed elementor-section-height-default elementor-section-height-default\" data-id=\"b56caad\" data-element_type=\"section\" data-settings=\"{&quot;background_background&quot;:&quot;classic&quot;,&quot;_ha_eqh_enable&quot;:false}\">\n\t\t\t\t\t\t<div class=\"elementor-container elementor-column-gap-wide\">\n\t\t\t\t\t<div class=\"elementor-column elementor-col-100 elementor-top-column elementor-element elementor-element-0bd19fb\" data-id=\"0bd19fb\" data-element_type=\"column\">\n\t\t\t<div class=\"elementor-widget-wrap elementor-element-populated\">\n\t\t\t\t\t\t<section class=\"elementor-section elementor-inner-section elementor-element elementor-element-a569bc3 elementor-section-boxed elementor-section-height-default elementor-section-height-default\" data-id=\"a569bc3\" data-element_type=\"section\" data-settings=\"{&quot;_ha_eqh_enable&quot;:false}\">\n\t\t\t\t\t\t<div class=\"elementor-container elementor-column-gap-default\">\n\t\t\t\t\t<div class=\"elementor-column elementor-col-50 elementor-inner-column elementor-element elementor-element-0bf2d74\" data-id=\"0bf2d74\" data-element_type=\"column\">\n\t\t\t<div class=\"elementor-widget-wrap elementor-element-populated\">\n\t\t\t\t\t\t<div class=\"elementor-element elementor-element-b00ae06 elementor-invisible elementor-widget elementor-widget-icon-box\" data-id=\"b00ae06\" data-element_type=\"widget\" data-settings=\"{&quot;_animation&quot;:&quot;fadeIn&quot;}\" data-widget_type=\"icon-box.default\">\n\t\t\t\t<div class=\"elementor-widget-container\">\n\t\t\t\t\t\t\t<div class=\"elementor-icon-box-wrapper\">\n\n\t\t\t\n\t\t\t\t\t\t<div class=\"elementor-icon-box-content\">\n\n\t\t\t\t\t\t\t\t\t<h2 class=\"elementor-icon-box-title\">\n\t\t\t\t\t\t<span  >\n\t\t\t\t\t\t\tMaterials and Process\t\t\t\t\t\t<\/span>\n\t\t\t\t\t<\/h2>\n\t\t\t\t\n\t\t\t\t\t\t\t\t\t<p class=\"elementor-icon-box-description\">\n\t\t\t\t\t\tImplementation and development of new or improved materials, as well as the development of new techniques directly applied to the part or its production. We seek projects that can include experimental materials, biomaterials, or recycled materials that will shape the future of design.\n<br>\n<b>(1 pt)<\/b>\t\t\t\t\t<\/p>\n\t\t\t\t\n\t\t\t<\/div>\n\t\t\t\n\t\t<\/div>\n\t\t\t\t\t\t<\/div>\n\t\t\t\t<\/div>\n\t\t\t\t\t<\/div>\n\t\t<\/div>\n\t\t\t\t<div class=\"elementor-column elementor-col-50 elementor-inner-column elementor-element elementor-element-518e1ff\" data-id=\"518e1ff\" data-element_type=\"column\">\n\t\t\t<div class=\"elementor-widget-wrap elementor-element-populated\">\n\t\t\t\t\t\t<div class=\"elementor-element elementor-element-1c525c8 elementor-invisible elementor-widget elementor-widget-icon-box\" data-id=\"1c525c8\" data-element_type=\"widget\" data-settings=\"{&quot;_animation&quot;:&quot;fadeIn&quot;}\" data-widget_type=\"icon-box.default\">\n\t\t\t\t<div class=\"elementor-widget-container\">\n\t\t\t\t\t\t\t<div class=\"elementor-icon-box-wrapper\">\n\n\t\t\t\n\t\t\t\t\t\t<div class=\"elementor-icon-box-content\">\n\n\t\t\t\t\t\t\t\t\t<h2 class=\"elementor-icon-box-title\">\n\t\t\t\t\t\t<span  >\n\t\t\t\t\t\t\t Aesthetic\t\t\t\t\t\t<\/span>\n\t\t\t\t\t<\/h2>\n\t\t\t\t\n\t\t\t\t\t\t\t\t\t<p class=\"elementor-icon-box-description\">\n\t\t\t\t\t\tArt object or collectible piece. Conceptual and thematic development of the proposal's appearance and style. Visual quality, composition, color, and the ability to effectively communicate the message, challenging conventional notions of beauty.\n<br>\n<b>(1 pt)<\/b>\t\t\t\t\t<\/p>\n\t\t\t\t\n\t\t\t<\/div>\n\t\t\t\n\t\t<\/div>\n\t\t\t\t\t\t<\/div>\n\t\t\t\t<\/div>\n\t\t\t\t\t<\/div>\n\t\t<\/div>\n\t\t\t\t\t<\/div>\n\t\t<\/section>\n\t\t\t\t\t<\/div>\n\t\t<\/div>\n\t\t\t\t\t<\/div>\n\t\t<\/section>\n\t\t\t\t<section class=\"elementor-section elementor-top-section elementor-element elementor-element-57d20f0 elementor-section-boxed elementor-section-height-default elementor-section-height-default\" data-id=\"57d20f0\" data-element_type=\"section\" data-settings=\"{&quot;background_background&quot;:&quot;classic&quot;,&quot;_ha_eqh_enable&quot;:false}\">\n\t\t\t\t\t\t<div class=\"elementor-container elementor-column-gap-wide\">\n\t\t\t\t\t<div class=\"elementor-column elementor-col-100 elementor-top-column elementor-element elementor-element-503fbd0\" data-id=\"503fbd0\" data-element_type=\"column\">\n\t\t\t<div class=\"elementor-widget-wrap elementor-element-populated\">\n\t\t\t\t\t\t<section class=\"elementor-section elementor-inner-section elementor-element elementor-element-e4efdfc elementor-section-boxed elementor-section-height-default elementor-section-height-default\" data-id=\"e4efdfc\" data-element_type=\"section\" data-settings=\"{&quot;_ha_eqh_enable&quot;:false}\">\n\t\t\t\t\t\t<div class=\"elementor-container elementor-column-gap-default\">\n\t\t\t\t\t<div class=\"elementor-column elementor-col-50 elementor-inner-column elementor-element elementor-element-2da0d33\" data-id=\"2da0d33\" data-element_type=\"column\">\n\t\t\t<div class=\"elementor-widget-wrap elementor-element-populated\">\n\t\t\t\t\t\t<div class=\"elementor-element elementor-element-d5f043b elementor-invisible elementor-widget elementor-widget-icon-box\" data-id=\"d5f043b\" data-element_type=\"widget\" data-settings=\"{&quot;_animation&quot;:&quot;fadeIn&quot;}\" data-widget_type=\"icon-box.default\">\n\t\t\t\t<div class=\"elementor-widget-container\">\n\t\t\t\t\t\t\t<div class=\"elementor-icon-box-wrapper\">\n\n\t\t\t\n\t\t\t\t\t\t<div class=\"elementor-icon-box-content\">\n\n\t\t\t\t\t\t\t\t\t<h2 class=\"elementor-icon-box-title\">\n\t\t\t\t\t\t<span  >\n\t\t\t\t\t\t\tSocial Impact of Crafts\t\t\t\t\t\t<\/span>\n\t\t\t\t\t<\/h2>\n\t\t\t\t\n\t\t\t\t\t\t\t\t\t<p class=\"elementor-icon-box-description\">\n\t\t\t\t\t\tLinking with artisan production communities that generates economic and social benefits, as well as growth for individuals and their long-term well-being, seeks to ensure that your project creates new paths for the strengthening of artisan communities.\n<br>\n<b>(1 pt)<\/b>\t\t\t\t\t<\/p>\n\t\t\t\t\n\t\t\t<\/div>\n\t\t\t\n\t\t<\/div>\n\t\t\t\t\t\t<\/div>\n\t\t\t\t<\/div>\n\t\t\t\t\t<\/div>\n\t\t<\/div>\n\t\t\t\t<div class=\"elementor-column elementor-col-50 elementor-inner-column elementor-element elementor-element-172361b\" data-id=\"172361b\" data-element_type=\"column\">\n\t\t\t<div class=\"elementor-widget-wrap elementor-element-populated\">\n\t\t\t\t\t\t<div class=\"elementor-element elementor-element-61edc18 elementor-invisible elementor-widget elementor-widget-icon-box\" data-id=\"61edc18\" data-element_type=\"widget\" data-settings=\"{&quot;_animation&quot;:&quot;fadeIn&quot;}\" data-widget_type=\"icon-box.default\">\n\t\t\t\t<div class=\"elementor-widget-container\">\n\t\t\t\t\t\t\t<div class=\"elementor-icon-box-wrapper\">\n\n\t\t\t\n\t\t\t\t\t\t<div class=\"elementor-icon-box-content\">\n\n\t\t\t\t\t\t\t\t\t<h2 class=\"elementor-icon-box-title\">\n\t\t\t\t\t\t<span  >\n\t\t\t\t\t\t\tEnvironmental Impact\t\t\t\t\t\t<\/span>\n\t\t\t\t\t<\/h2>\n\t\t\t\t\n\t\t\t\t\t\t\t\t\t<p class=\"elementor-icon-box-description\">\n\t\t\t\t\t\tUse of sustainable manufacturing processes and materials that significantly reduce their impact on the carbon footprint or that implement circular economy principles by eliminating waste and reusing waste materials\/products.\n<br>\n<b>(2 pts)<\/b>\t\t\t\t\t<\/p>\n\t\t\t\t\n\t\t\t<\/div>\n\t\t\t\n\t\t<\/div>\n\t\t\t\t\t\t<\/div>\n\t\t\t\t<\/div>\n\t\t\t\t\t<\/div>\n\t\t<\/div>\n\t\t\t\t\t<\/div>\n\t\t<\/section>\n\t\t\t\t\t<\/div>\n\t\t<\/div>\n\t\t\t\t\t<\/div>\n\t\t<\/section>\n\t\t\t\t<section class=\"elementor-section elementor-top-section elementor-element elementor-element-4e36b61e elementor-section-boxed elementor-section-height-default elementor-section-height-default\" data-id=\"4e36b61e\" data-element_type=\"section\" data-settings=\"{&quot;background_background&quot;:&quot;classic&quot;,&quot;_ha_eqh_enable&quot;:false}\">\n\t\t\t\t\t\t<div class=\"elementor-container elementor-column-gap-no\">\n\t\t\t\t\t<div class=\"elementor-column elementor-col-100 elementor-top-column elementor-element elementor-element-605d8342\" data-id=\"605d8342\" data-element_type=\"column\">\n\t\t\t<div class=\"elementor-widget-wrap elementor-element-populated\">\n\t\t\t\t\t\t<div class=\"elementor-element elementor-element-4bd1b7ed elementor-invisible elementor-widget elementor-widget-icon-box\" data-id=\"4bd1b7ed\" data-element_type=\"widget\" data-settings=\"{&quot;_animation&quot;:&quot;fadeIn&quot;}\" data-widget_type=\"icon-box.default\">\n\t\t\t\t<div class=\"elementor-widget-container\">\n\t\t\t\t\t\t\t<div class=\"elementor-icon-box-wrapper\">\n\n\t\t\t\n\t\t\t\t\t\t<div class=\"elementor-icon-box-content\">\n\n\t\t\t\t\n\t\t\t\t\t\t\t\t\t<p class=\"elementor-icon-box-description\">\n\t\t\t\t\t\t<b>Las propuestas seleccionadas ser\u00e1n notificadas v\u00eda correo electr\u00f3nico. Adjunto en el mismo correo podr\u00e1s encontrar el reglamento y manual de participaci\u00f3n de In\u00e9dito 2025.<\/b>\t\t\t\t\t<\/p>\n\t\t\t\t\n\t\t\t<\/div>\n\t\t\t\n\t\t<\/div>\n\t\t\t\t\t\t<\/div>\n\t\t\t\t<\/div>\n\t\t\t\t\t<\/div>\n\t\t<\/div>\n\t\t\t\t\t<\/div>\n\t\t<\/section>\n\t\t\t\t<section class=\"elementor-section elementor-top-section elementor-element elementor-element-1dca7839 elementor-section-boxed elementor-section-height-default elementor-section-height-default\" data-id=\"1dca7839\" data-element_type=\"section\" data-settings=\"{&quot;_ha_eqh_enable&quot;:false}\">\n\t\t\t\t\t\t<div class=\"elementor-container elementor-column-gap-extended\">\n\t\t\t\t\t<div class=\"elementor-column elementor-col-50 elementor-top-column elementor-element elementor-element-6e165b0c\" data-id=\"6e165b0c\" data-element_type=\"column\">\n\t\t\t<div class=\"elementor-widget-wrap elementor-element-populated\">\n\t\t\t\t\t\t<div class=\"elementor-element elementor-element-5b93b79c elementor-widget elementor-widget-heading\" data-id=\"5b93b79c\" data-element_type=\"widget\" data-widget_type=\"heading.default\">\n\t\t\t\t<div class=\"elementor-widget-container\">\n\t\t\t\t\t<h2 class=\"elementor-heading-title elementor-size-default\">HOW TO PARTICIPATE<\/h2>\t\t\t\t<\/div>\n\t\t\t\t<\/div>\n\t\t\t\t<div class=\"elementor-element elementor-element-3c0ca151 elementor-widget elementor-widget-text-editor\" data-id=\"3c0ca151\" data-element_type=\"widget\" data-widget_type=\"text-editor.default\">\n\t\t\t\t<div class=\"elementor-widget-container\">\n\t\t\t\t\t\t\t\t\t<ul><li>Fill out the registration form at: <span style=\"text-decoration: underline;\"><a href=\"https:\/\/docs.google.com\/forms\/d\/e\/1FAIpQLSeIWhtGXyyI_Qsx2NLh5b4rQ_EvO8l3BjOfdaAK8vUDgWkcoQ\/viewform?usp=sharing\" target=\"_blank\" rel=\"noopener\">Link to the form.<\/a><\/span><\/li><li>Please attach your project details, including title, description, materials, techniques, and measurements.<\/li><li>Share a URL with images and a short video (maximum 1 minute) explaining your project.<\/li><li>Wait for selection confirmation via email.<\/li><\/ul>\t\t\t\t\t\t\t\t<\/div>\n\t\t\t\t<\/div>\n\t\t\t\t<div class=\"elementor-element elementor-element-503e06bb elementor-widget elementor-widget-button\" data-id=\"503e06bb\" data-element_type=\"widget\" data-widget_type=\"button.default\">\n\t\t\t\t<div class=\"elementor-widget-container\">\n\t\t\t\t\t\t\t\t\t<div class=\"elementor-button-wrapper\">\n\t\t\t\t\t<a class=\"elementor-button elementor-button-link elementor-size-lg\" href=\"https:\/\/docs.google.com\/forms\/d\/e\/1FAIpQLSeIWhtGXyyI_Qsx2NLh5b4rQ_EvO8l3BjOfdaAK8vUDgWkcoQ\/viewform?usp=sharing\" target=\"_blank\">\n\t\t\t\t\t\t<span class=\"elementor-button-content-wrapper\">\n\t\t\t\t\t\t\t\t\t<span class=\"elementor-button-text\">Register Now<\/span>\n\t\t\t\t\t<\/span>\n\t\t\t\t\t<\/a>\n\t\t\t\t<\/div>\n\t\t\t\t\t\t\t\t<\/div>\n\t\t\t\t<\/div>\n\t\t\t\t\t<\/div>\n\t\t<\/div>\n\t\t\t\t<div class=\"elementor-column elementor-col-50 elementor-top-column elementor-element elementor-element-67a3a050\" data-id=\"67a3a050\" data-element_type=\"column\">\n\t\t\t<div class=\"elementor-widget-wrap elementor-element-populated\">\n\t\t\t\t\t\t<div class=\"elementor-element elementor-element-2645087a elementor-widget elementor-widget-image\" data-id=\"2645087a\" data-element_type=\"widget\" data-widget_type=\"image.default\">\n\t\t\t\t<div class=\"elementor-widget-container\">\n\t\t\t\t\t\t\t\t\t\t\t\t\t\t\t<img loading=\"lazy\" decoding=\"async\" data-attachment-id=\"20800\" data-permalink=\"https:\/\/designweekmexico.com\/en\/convocatorias-2025\/inedito-2025\/attachment\/inedito2024-dwm-24\/\" data-orig-file=\"https:\/\/designweekmexico.com\/wp-content\/uploads\/2025\/02\/Inedito2024\u2014DWM\u201424-scaled.jpg\" data-orig-size=\"1707,2560\" data-comments-opened=\"1\" data-image-meta=\"{&quot;aperture&quot;:&quot;9&quot;,&quot;credit&quot;:&quot;MARIANA ACHACH HERROZ&quot;,&quot;camera&quot;:&quot;Canon EOS 6D Mark II&quot;,&quot;caption&quot;:&quot;&quot;,&quot;created_timestamp&quot;:&quot;1728310249&quot;,&quot;copyright&quot;:&quot;ACHACH FOTOGRAFIA&quot;,&quot;focal_length&quot;:&quot;91&quot;,&quot;iso&quot;:&quot;320&quot;,&quot;shutter_speed&quot;:&quot;0.025&quot;,&quot;title&quot;:&quot;&quot;,&quot;orientation&quot;:&quot;1&quot;}\" data-image-title=\"Ine\u0301dito2024\u2014DWM\u201424\" data-image-description=\"\" data-image-caption=\"\" data-medium-file=\"https:\/\/designweekmexico.com\/wp-content\/uploads\/2025\/02\/Inedito2024\u2014DWM\u201424-200x300.jpg\" data-large-file=\"https:\/\/designweekmexico.com\/wp-content\/uploads\/2025\/02\/Inedito2024\u2014DWM\u201424-683x1024.jpg\" width=\"1707\" height=\"2560\" src=\"https:\/\/designweekmexico.com\/wp-content\/uploads\/2025\/02\/Inedito2024\u2014DWM\u201424-scaled.jpg\" class=\"attachment-full size-full wp-image-20800\" alt=\"\" srcset=\"https:\/\/designweekmexico.com\/wp-content\/uploads\/2025\/02\/Inedito2024\u2014DWM\u201424-scaled.jpg 1707w, https:\/\/designweekmexico.com\/wp-content\/uploads\/2025\/02\/Inedito2024\u2014DWM\u201424-200x300.jpg 200w, https:\/\/designweekmexico.com\/wp-content\/uploads\/2025\/02\/Inedito2024\u2014DWM\u201424-683x1024.jpg 683w, https:\/\/designweekmexico.com\/wp-content\/uploads\/2025\/02\/Inedito2024\u2014DWM\u201424-768x1152.jpg 768w, https:\/\/designweekmexico.com\/wp-content\/uploads\/2025\/02\/Inedito2024\u2014DWM\u201424-1024x1536.jpg 1024w, https:\/\/designweekmexico.com\/wp-content\/uploads\/2025\/02\/Inedito2024\u2014DWM\u201424-1365x2048.jpg 1365w, https:\/\/designweekmexico.com\/wp-content\/uploads\/2025\/02\/Inedito2024\u2014DWM\u201424-8x12.jpg 8w, https:\/\/designweekmexico.com\/wp-content\/uploads\/2025\/02\/Inedito2024\u2014DWM\u201424-400x600.jpg 400w, https:\/\/designweekmexico.com\/wp-content\/uploads\/2025\/02\/Inedito2024\u2014DWM\u201424-1920x2880.jpg 1920w\" sizes=\"(max-width: 1707px) 100vw, 1707px\" \/>\t\t\t\t\t\t\t\t\t\t\t\t\t\t\t<\/div>\n\t\t\t\t<\/div>\n\t\t\t\t<div class=\"elementor-element elementor-element-8e44c95 elementor-widget elementor-widget-text-editor\" data-id=\"8e44c95\" data-element_type=\"widget\" data-widget_type=\"text-editor.default\">\n\t\t\t\t<div class=\"elementor-widget-container\">\n\t\t\t\t\t\t\t\t\t<p>In\u00e9dito Pieces 2024. Photo: <a href=\"https:\/\/www.instagram.com\/achachfotografia\/\"><u>Mariana Achach<\/u><\/a> (@achachfotografia)<\/p>\t\t\t\t\t\t\t\t<\/div>\n\t\t\t\t<\/div>\n\t\t\t\t\t<\/div>\n\t\t<\/div>\n\t\t\t\t\t<\/div>\n\t\t<\/section>\n\t\t\t\t<section class=\"elementor-section elementor-top-section elementor-element elementor-element-1dca6e8 elementor-section-boxed elementor-section-height-default elementor-section-height-default\" data-id=\"1dca6e8\" data-element_type=\"section\" data-settings=\"{&quot;_ha_eqh_enable&quot;:false}\">\n\t\t\t\t\t\t<div class=\"elementor-container elementor-column-gap-default\">\n\t\t\t\t\t<div class=\"elementor-column elementor-col-100 elementor-top-column elementor-element elementor-element-6e135c6e\" data-id=\"6e135c6e\" data-element_type=\"column\">\n\t\t\t<div class=\"elementor-widget-wrap elementor-element-populated\">\n\t\t\t\t\t\t<div class=\"elementor-element elementor-element-3b1784b0 elementor-widget elementor-widget-image\" data-id=\"3b1784b0\" data-element_type=\"widget\" data-widget_type=\"image.default\">\n\t\t\t\t<div class=\"elementor-widget-container\">\n\t\t\t\t\t\t\t\t\t\t\t\t\t\t\t<img loading=\"lazy\" decoding=\"async\" data-attachment-id=\"20696\" data-permalink=\"https:\/\/designweekmexico.com\/en\/programa-2024\/inedito-24\/attachment\/delbo-foto-sala-inedito24-03\/\" data-orig-file=\"https:\/\/designweekmexico.com\/wp-content\/uploads\/2024\/03\/@delbo.foto-Sala-Inedito24-03.jpg\" data-orig-size=\"2048,1365\" data-comments-opened=\"1\" data-image-meta=\"{&quot;aperture&quot;:&quot;8&quot;,&quot;credit&quot;:&quot;&quot;,&quot;camera&quot;:&quot;ILCE-6100&quot;,&quot;caption&quot;:&quot;&quot;,&quot;created_timestamp&quot;:&quot;1733770832&quot;,&quot;copyright&quot;:&quot;&quot;,&quot;focal_length&quot;:&quot;21&quot;,&quot;iso&quot;:&quot;4000&quot;,&quot;shutter_speed&quot;:&quot;0.0125&quot;,&quot;title&quot;:&quot;&quot;,&quot;orientation&quot;:&quot;0&quot;}\" data-image-title=\"@delbo.foto-Sala Ine\u0301dito24-03\" data-image-description=\"\" data-image-caption=\"\" data-medium-file=\"https:\/\/designweekmexico.com\/wp-content\/uploads\/2024\/03\/@delbo.foto-Sala-Inedito24-03-300x200.jpg\" data-large-file=\"https:\/\/designweekmexico.com\/wp-content\/uploads\/2024\/03\/@delbo.foto-Sala-Inedito24-03-1024x683.jpg\" width=\"2048\" height=\"1365\" src=\"https:\/\/designweekmexico.com\/wp-content\/uploads\/2024\/03\/@delbo.foto-Sala-Inedito24-03.jpg\" class=\"attachment-full size-full wp-image-20696\" alt=\"\" srcset=\"https:\/\/designweekmexico.com\/wp-content\/uploads\/2024\/03\/@delbo.foto-Sala-Inedito24-03.jpg 2048w, https:\/\/designweekmexico.com\/wp-content\/uploads\/2024\/03\/@delbo.foto-Sala-Inedito24-03-300x200.jpg 300w, https:\/\/designweekmexico.com\/wp-content\/uploads\/2024\/03\/@delbo.foto-Sala-Inedito24-03-1024x683.jpg 1024w, https:\/\/designweekmexico.com\/wp-content\/uploads\/2024\/03\/@delbo.foto-Sala-Inedito24-03-768x512.jpg 768w, https:\/\/designweekmexico.com\/wp-content\/uploads\/2024\/03\/@delbo.foto-Sala-Inedito24-03-1536x1024.jpg 1536w, https:\/\/designweekmexico.com\/wp-content\/uploads\/2024\/03\/@delbo.foto-Sala-Inedito24-03-18x12.jpg 18w, https:\/\/designweekmexico.com\/wp-content\/uploads\/2024\/03\/@delbo.foto-Sala-Inedito24-03-600x400.jpg 600w, https:\/\/designweekmexico.com\/wp-content\/uploads\/2024\/03\/@delbo.foto-Sala-Inedito24-03-1920x1280.jpg 1920w\" sizes=\"(max-width: 2048px) 100vw, 2048px\" \/>\t\t\t\t\t\t\t\t\t\t\t\t\t\t\t<\/div>\n\t\t\t\t<\/div>\n\t\t\t\t<div class=\"elementor-element elementor-element-2aa5895 elementor-widget elementor-widget-text-editor\" data-id=\"2aa5895\" data-element_type=\"widget\" data-widget_type=\"text-editor.default\">\n\t\t\t\t<div class=\"elementor-widget-container\">\n\t\t\t\t\t\t\t\t\t<p>In\u00e9dito 2024. Photo: <span style=\"text-decoration: underline;\"><a href=\"https:\/\/www.instagram.com\/delbo.foto\/\">Cynthia del<\/a><a href=\"https:\/\/www.instagram.com\/delbo.foto\/\"> Bosque<\/a><\/span> (@delbo.foto)<\/p>\t\t\t\t\t\t\t\t<\/div>\n\t\t\t\t<\/div>\n\t\t\t\t\t<\/div>\n\t\t<\/div>\n\t\t\t\t\t<\/div>\n\t\t<\/section>\n\t\t\t\t<section class=\"elementor-section elementor-top-section elementor-element elementor-element-27c826b2 elementor-section-boxed elementor-section-height-default elementor-section-height-default\" data-id=\"27c826b2\" data-element_type=\"section\" data-settings=\"{&quot;background_background&quot;:&quot;classic&quot;,&quot;_ha_eqh_enable&quot;:false}\">\n\t\t\t\t\t\t<div class=\"elementor-container elementor-column-gap-extended\">\n\t\t\t\t\t<div class=\"elementor-column elementor-col-100 elementor-top-column elementor-element elementor-element-20a4ead5\" data-id=\"20a4ead5\" data-element_type=\"column\">\n\t\t\t<div class=\"elementor-widget-wrap elementor-element-populated\">\n\t\t\t\t\t\t<div class=\"elementor-element elementor-element-4d6e7c64 elementor-widget elementor-widget-heading\" data-id=\"4d6e7c64\" data-element_type=\"widget\" data-widget_type=\"heading.default\">\n\t\t\t\t<div class=\"elementor-widget-container\">\n\t\t\t\t\t<h2 class=\"elementor-heading-title elementor-size-default\">Important Dates<\/h2>\t\t\t\t<\/div>\n\t\t\t\t<\/div>\n\t\t\t\t<div class=\"elementor-element elementor-element-3c7a5da elementor-widget elementor-widget-text-editor\" data-id=\"3c7a5da\" data-element_type=\"widget\" data-widget_type=\"text-editor.default\">\n\t\t\t\t<div class=\"elementor-widget-container\">\n\t\t\t\t\t\t\t\t\t<p style=\"text-align: center;\"><span style=\"font-size: 14pt;\">After reviewing the registered proposals, the curation process begins, where those selected will be notified via a confirmation email.<\/span><\/p>\t\t\t\t\t\t\t\t<\/div>\n\t\t\t\t<\/div>\n\t\t\t\t<div class=\"elementor-element elementor-element-1967338c elementor-widget elementor-widget-text-editor\" data-id=\"1967338c\" data-element_type=\"widget\" data-widget_type=\"text-editor.default\">\n\t\t\t\t<div class=\"elementor-widget-container\">\n\t\t\t\t\t\t\t\t\t<p><span style=\"font-weight: 400;\"><strong>Registration start:<\/strong><br \/>01 marzo 2025<\/span><\/p><p><b>Last day to register:<br \/><\/b>30 Abril 2025<\/p><p><b>Confirmation of selected projects:<br \/><\/b>1ro Junio 2025*<br \/><span style=\"font-size: 12pt;\">*This date may vary depending on the number of registrations received. Thank you for your understanding.<\/span><\/p><p><span style=\"font-weight: 400;\"><strong>Inauguraci\u00f3n In\u00e9dito 2025:<\/strong><br \/>10 Octubre 2025<\/span><\/p><p><span style=\"font-weight: 400;\"><strong>Clausura de In\u00e9dito 2025:<\/strong><br \/>Enero 2025 (segunda semana)<\/span><\/p>\t\t\t\t\t\t\t\t<\/div>\n\t\t\t\t<\/div>\n\t\t\t\t\t<\/div>\n\t\t<\/div>\n\t\t\t\t\t<\/div>\n\t\t<\/section>\n\t\t\t\t<section class=\"elementor-section elementor-top-section elementor-element elementor-element-1a03da95 ct-section-stretched elementor-section-full_width elementor-section-height-default elementor-section-height-default\" data-id=\"1a03da95\" data-element_type=\"section\" data-settings=\"{&quot;background_background&quot;:&quot;classic&quot;,&quot;_ha_eqh_enable&quot;:false}\">\n\t\t\t\t\t\t<div class=\"elementor-container elementor-column-gap-extended\">\n\t\t\t\t\t<div class=\"elementor-column elementor-col-100 elementor-top-column elementor-element elementor-element-235185a2\" data-id=\"235185a2\" data-element_type=\"column\">\n\t\t\t<div class=\"elementor-widget-wrap elementor-element-populated\">\n\t\t\t\t\t\t<div class=\"elementor-element elementor-element-6a98642e elementor-widget elementor-widget-heading\" data-id=\"6a98642e\" data-element_type=\"widget\" data-widget_type=\"heading.default\">\n\t\t\t\t<div class=\"elementor-widget-container\">\n\t\t\t\t\t<h2 class=\"elementor-heading-title elementor-size-default\">Participation Fee<\/h2>\t\t\t\t<\/div>\n\t\t\t\t<\/div>\n\t\t\t\t<div class=\"elementor-element elementor-element-590912f elementor-widget elementor-widget-text-editor\" data-id=\"590912f\" data-element_type=\"widget\" data-widget_type=\"text-editor.default\">\n\t\t\t\t<div class=\"elementor-widget-container\">\n\t\t\t\t\t\t\t\t\t<p style=\"text-align: center;\"><strong><span style=\"font-size: 24pt;\">$13,000.00 MXN + IVA<\/span><\/strong><span style=\"font-weight: 400;\"><br><\/span><span style=\"font-weight: 400;\">(Only if selected)<\/span><\/p>\t\t\t\t\t\t\t\t<\/div>\n\t\t\t\t<\/div>\n\t\t\t\t\t<\/div>\n\t\t<\/div>\n\t\t\t\t\t<\/div>\n\t\t<\/section>\n\t\t\t\t<section class=\"elementor-section elementor-top-section elementor-element elementor-element-3679b648 elementor-section-boxed elementor-section-height-default elementor-section-height-default\" data-id=\"3679b648\" data-element_type=\"section\" data-settings=\"{&quot;_ha_eqh_enable&quot;:false}\">\n\t\t\t\t\t\t<div class=\"elementor-container elementor-column-gap-extended\">\n\t\t\t\t\t<div class=\"elementor-column elementor-col-50 elementor-top-column elementor-element elementor-element-4a619008\" data-id=\"4a619008\" data-element_type=\"column\">\n\t\t\t<div class=\"elementor-widget-wrap elementor-element-populated\">\n\t\t\t\t\t\t<div class=\"elementor-element elementor-element-4813c976 elementor-widget elementor-widget-image\" data-id=\"4813c976\" data-element_type=\"widget\" data-widget_type=\"image.default\">\n\t\t\t\t<div class=\"elementor-widget-container\">\n\t\t\t\t\t\t\t\t\t\t\t\t\t\t\t<img loading=\"lazy\" decoding=\"async\" data-attachment-id=\"20857\" data-permalink=\"https:\/\/designweekmexico.com\/en\/convocatorias-2025\/inedito-2025\/attachment\/inedito2024-dwm-16\/\" data-orig-file=\"https:\/\/designweekmexico.com\/wp-content\/uploads\/2025\/02\/Inedito2024\u2014DWM\u201416-scaled.jpg\" data-orig-size=\"1707,2560\" data-comments-opened=\"1\" data-image-meta=\"{&quot;aperture&quot;:&quot;11&quot;,&quot;credit&quot;:&quot;MARIANA ACHACH HERROZ&quot;,&quot;camera&quot;:&quot;Canon EOS 6D Mark II&quot;,&quot;caption&quot;:&quot;&quot;,&quot;created_timestamp&quot;:&quot;1728306483&quot;,&quot;copyright&quot;:&quot;ACHACH FOTOGRAFIA&quot;,&quot;focal_length&quot;:&quot;50&quot;,&quot;iso&quot;:&quot;320&quot;,&quot;shutter_speed&quot;:&quot;0.066666666666667&quot;,&quot;title&quot;:&quot;&quot;,&quot;orientation&quot;:&quot;1&quot;}\" data-image-title=\"Ine\u0301dito2024\u2014DWM\u201416\" data-image-description=\"\" data-image-caption=\"\" data-medium-file=\"https:\/\/designweekmexico.com\/wp-content\/uploads\/2025\/02\/Inedito2024\u2014DWM\u201416-200x300.jpg\" data-large-file=\"https:\/\/designweekmexico.com\/wp-content\/uploads\/2025\/02\/Inedito2024\u2014DWM\u201416-683x1024.jpg\" width=\"1707\" height=\"2560\" src=\"https:\/\/designweekmexico.com\/wp-content\/uploads\/2025\/02\/Inedito2024\u2014DWM\u201416-scaled.jpg\" class=\"attachment-full size-full wp-image-20857\" alt=\"\" srcset=\"https:\/\/designweekmexico.com\/wp-content\/uploads\/2025\/02\/Inedito2024\u2014DWM\u201416-scaled.jpg 1707w, https:\/\/designweekmexico.com\/wp-content\/uploads\/2025\/02\/Inedito2024\u2014DWM\u201416-200x300.jpg 200w, https:\/\/designweekmexico.com\/wp-content\/uploads\/2025\/02\/Inedito2024\u2014DWM\u201416-683x1024.jpg 683w, https:\/\/designweekmexico.com\/wp-content\/uploads\/2025\/02\/Inedito2024\u2014DWM\u201416-768x1152.jpg 768w, https:\/\/designweekmexico.com\/wp-content\/uploads\/2025\/02\/Inedito2024\u2014DWM\u201416-1024x1536.jpg 1024w, https:\/\/designweekmexico.com\/wp-content\/uploads\/2025\/02\/Inedito2024\u2014DWM\u201416-1365x2048.jpg 1365w, https:\/\/designweekmexico.com\/wp-content\/uploads\/2025\/02\/Inedito2024\u2014DWM\u201416-8x12.jpg 8w, https:\/\/designweekmexico.com\/wp-content\/uploads\/2025\/02\/Inedito2024\u2014DWM\u201416-400x600.jpg 400w, https:\/\/designweekmexico.com\/wp-content\/uploads\/2025\/02\/Inedito2024\u2014DWM\u201416-1920x2880.jpg 1920w\" sizes=\"(max-width: 1707px) 100vw, 1707px\" \/>\t\t\t\t\t\t\t\t\t\t\t\t\t\t\t<\/div>\n\t\t\t\t<\/div>\n\t\t\t\t<div class=\"elementor-element elementor-element-25f68d6 elementor-widget elementor-widget-text-editor\" data-id=\"25f68d6\" data-element_type=\"widget\" data-widget_type=\"text-editor.default\">\n\t\t\t\t<div class=\"elementor-widget-container\">\n\t\t\t\t\t\t\t\t\t<p>In\u00e9dito Pieces 2024. Photo: <a href=\"https:\/\/www.instagram.com\/achachfotografia\/\"><u>Mariana Achach<\/u><\/a> (@achachfotografia)<\/p>\t\t\t\t\t\t\t\t<\/div>\n\t\t\t\t<\/div>\n\t\t\t\t\t<\/div>\n\t\t<\/div>\n\t\t\t\t<div class=\"elementor-column elementor-col-50 elementor-top-column elementor-element elementor-element-4fb5e3a2\" data-id=\"4fb5e3a2\" data-element_type=\"column\">\n\t\t\t<div class=\"elementor-widget-wrap elementor-element-populated\">\n\t\t\t\t\t\t<div class=\"elementor-element elementor-element-1fe58fd5 elementor-widget elementor-widget-heading\" data-id=\"1fe58fd5\" data-element_type=\"widget\" data-widget_type=\"heading.default\">\n\t\t\t\t<div class=\"elementor-widget-container\">\n\t\t\t\t\t<h2 class=\"elementor-heading-title elementor-size-default\">Background<\/h2>\t\t\t\t<\/div>\n\t\t\t\t<\/div>\n\t\t\t\t<div class=\"elementor-element elementor-element-6aec59ac elementor-widget elementor-widget-text-editor\" data-id=\"6aec59ac\" data-element_type=\"widget\" data-widget_type=\"text-editor.default\">\n\t\t\t\t<div class=\"elementor-widget-container\">\n\t\t\t\t\t\t\t\t\t<p><span style=\"font-weight: 400;\">In\u00e9dito has been internationally recognized as a cutting-edge platform for Mexican design, with renowned juries and innovative projects in every edition.<\/span><\/p><p><strong>\u00a1\u00danete a nosotros y s\u00e9 parte del futuro del dise\u00f1o mexicano en In\u00e9dito 2025!<\/strong><\/p><p><span style=\"font-weight: 400;\">For more information, send an email to: <span style=\"text-decoration: underline;\"><a href=\"mailto:oscar@mxterritoriocreativo.com\">oscar@mxterritoriocreativo.com<\/a><\/span><\/span><\/p>\t\t\t\t\t\t\t\t<\/div>\n\t\t\t\t<\/div>\n\t\t\t\t\t<\/div>\n\t\t<\/div>\n\t\t\t\t\t<\/div>\n\t\t<\/section>\n\t\t\t\t<\/div>","protected":false},"excerpt":{"rendered":"<p>MXTC (M\u00e9xico Territorio Creativo) se enorgullece de presentar la d\u00e9cimo primer edici\u00f3n de In\u00e9dito, una plataforma que celebra la innovaci\u00f3n y la creatividad en el dise\u00f1o contempor\u00e1neo mexicano.<\/p>","protected":false},"author":175,"featured_media":21872,"comment_status":"open","ping_status":"open","sticky":false,"template":"","format":"standard","meta":{"_themeisle_gutenberg_block_has_review":false,"_jetpack_memberships_contains_paid_content":false,"footnotes":""},"categories":[157],"tags":[],"class_list":["post-20777","post","type-post","status-publish","format-standard","has-post-thumbnail","hentry","category-convocatorias-2025"],"blocksy_meta":{"has_hero_section":"disabled","disable_featured_image":"yes","styles_descriptor":{"styles":{"desktop":"","tablet":"","mobile":""},"google_fonts":[],"version":6}},"yoast_head":"<!-- This site is optimized with the Yoast SEO plugin v27.5 - https:\/\/yoast.com\/product\/yoast-seo-wordpress\/ -->\n<title>Convocatoria In\u00e9dito 2025 - Design Week Mexico<\/title>\n<meta name=\"robots\" content=\"index, follow, max-snippet:-1, max-image-preview:large, max-video-preview:-1\" \/>\n<link rel=\"canonical\" href=\"https:\/\/designweekmexico.com\/en\/convocatorias-2025\/inedito-2025\/\" \/>\n<meta property=\"og:locale\" content=\"en_US\" \/>\n<meta property=\"og:type\" content=\"article\" \/>\n<meta property=\"og:title\" content=\"Convocatoria In\u00e9dito 2025 - Design Week Mexico\" \/>\n<meta property=\"og:description\" content=\"MXTC (M\u00e9xico Territorio Creativo) se enorgullece de presentar la d\u00e9cimo primer edici\u00f3n de In\u00e9dito, una plataforma que celebra la innovaci\u00f3n y la creatividad en el dise\u00f1o contempor\u00e1neo mexicano.\" \/>\n<meta property=\"og:url\" content=\"https:\/\/designweekmexico.com\/en\/convocatorias-2025\/inedito-2025\/\" \/>\n<meta property=\"og:site_name\" content=\"Design Week Mexico\" \/>\n<meta property=\"article:publisher\" content=\"https:\/\/www.facebook.com\/designweekmex\" \/>\n<meta property=\"article:published_time\" content=\"2025-02-28T18:03:31+00:00\" \/>\n<meta property=\"article:modified_time\" content=\"2025-08-12T23:26:23+00:00\" \/>\n<meta property=\"og:image\" content=\"https:\/\/designweekmexico.com\/wp-content\/uploads\/2025\/02\/clsd-Artboard-1-copy-10-1024x683.png\" \/>\n\t<meta property=\"og:image:width\" content=\"1024\" \/>\n\t<meta property=\"og:image:height\" content=\"683\" \/>\n\t<meta property=\"og:image:type\" content=\"image\/png\" \/>\n<meta name=\"author\" content=\"Design Week Mexico\" \/>\n<meta name=\"twitter:card\" content=\"summary_large_image\" \/>\n<meta name=\"twitter:creator\" content=\"@designweekmex\" \/>\n<meta name=\"twitter:site\" content=\"@designweekmex\" \/>\n<meta name=\"twitter:label1\" content=\"Written by\" \/>\n\t<meta name=\"twitter:data1\" content=\"Design Week Mexico\" \/>\n\t<meta name=\"twitter:label2\" content=\"Est. reading time\" \/>\n\t<meta name=\"twitter:data2\" content=\"6 minutes\" \/>\n<script type=\"application\/ld+json\" class=\"yoast-schema-graph\">{\"@context\":\"https:\\\/\\\/schema.org\",\"@graph\":[{\"@type\":\"Article\",\"@id\":\"https:\\\/\\\/designweekmexico.com\\\/convocatorias-2025\\\/inedito-2025\\\/#article\",\"isPartOf\":{\"@id\":\"https:\\\/\\\/designweekmexico.com\\\/convocatorias-2025\\\/inedito-2025\\\/\"},\"author\":{\"name\":\"Design Week Mexico\",\"@id\":\"https:\\\/\\\/designweekmexico.com\\\/#\\\/schema\\\/person\\\/ee1da898b14b7d9d29bd0bc66da7ef01\"},\"headline\":\"Convocatoria In\u00e9dito 2025\",\"datePublished\":\"2025-02-28T18:03:31+00:00\",\"dateModified\":\"2025-08-12T23:26:23+00:00\",\"mainEntityOfPage\":{\"@id\":\"https:\\\/\\\/designweekmexico.com\\\/convocatorias-2025\\\/inedito-2025\\\/\"},\"wordCount\":1064,\"commentCount\":0,\"publisher\":{\"@id\":\"https:\\\/\\\/designweekmexico.com\\\/#organization\"},\"image\":{\"@id\":\"https:\\\/\\\/designweekmexico.com\\\/convocatorias-2025\\\/inedito-2025\\\/#primaryimage\"},\"thumbnailUrl\":\"https:\\\/\\\/designweekmexico.com\\\/wp-content\\\/uploads\\\/2025\\\/02\\\/clsd-Artboard-1-copy-10-scaled.png\",\"articleSection\":[\"Convocatorias 2025\"],\"inLanguage\":\"en-US\",\"potentialAction\":[{\"@type\":\"CommentAction\",\"name\":\"Comment\",\"target\":[\"https:\\\/\\\/designweekmexico.com\\\/convocatorias-2025\\\/inedito-2025\\\/#respond\"]}]},{\"@type\":\"WebPage\",\"@id\":\"https:\\\/\\\/designweekmexico.com\\\/convocatorias-2025\\\/inedito-2025\\\/\",\"url\":\"https:\\\/\\\/designweekmexico.com\\\/convocatorias-2025\\\/inedito-2025\\\/\",\"name\":\"Convocatoria In\u00e9dito 2025 - Design Week Mexico\",\"isPartOf\":{\"@id\":\"https:\\\/\\\/designweekmexico.com\\\/#website\"},\"primaryImageOfPage\":{\"@id\":\"https:\\\/\\\/designweekmexico.com\\\/convocatorias-2025\\\/inedito-2025\\\/#primaryimage\"},\"image\":{\"@id\":\"https:\\\/\\\/designweekmexico.com\\\/convocatorias-2025\\\/inedito-2025\\\/#primaryimage\"},\"thumbnailUrl\":\"https:\\\/\\\/designweekmexico.com\\\/wp-content\\\/uploads\\\/2025\\\/02\\\/clsd-Artboard-1-copy-10-scaled.png\",\"datePublished\":\"2025-02-28T18:03:31+00:00\",\"dateModified\":\"2025-08-12T23:26:23+00:00\",\"breadcrumb\":{\"@id\":\"https:\\\/\\\/designweekmexico.com\\\/convocatorias-2025\\\/inedito-2025\\\/#breadcrumb\"},\"inLanguage\":\"en-US\",\"potentialAction\":[{\"@type\":\"ReadAction\",\"target\":[\"https:\\\/\\\/designweekmexico.com\\\/convocatorias-2025\\\/inedito-2025\\\/\"]}]},{\"@type\":\"ImageObject\",\"inLanguage\":\"en-US\",\"@id\":\"https:\\\/\\\/designweekmexico.com\\\/convocatorias-2025\\\/inedito-2025\\\/#primaryimage\",\"url\":\"https:\\\/\\\/designweekmexico.com\\\/wp-content\\\/uploads\\\/2025\\\/02\\\/clsd-Artboard-1-copy-10-scaled.png\",\"contentUrl\":\"https:\\\/\\\/designweekmexico.com\\\/wp-content\\\/uploads\\\/2025\\\/02\\\/clsd-Artboard-1-copy-10-scaled.png\",\"width\":2560,\"height\":1707},{\"@type\":\"BreadcrumbList\",\"@id\":\"https:\\\/\\\/designweekmexico.com\\\/convocatorias-2025\\\/inedito-2025\\\/#breadcrumb\",\"itemListElement\":[{\"@type\":\"ListItem\",\"position\":1,\"name\":\"Inicio\",\"item\":\"https:\\\/\\\/designweekmexico.com\\\/\"},{\"@type\":\"ListItem\",\"position\":2,\"name\":\"Convocatoria In\u00e9dito 2025\"}]},{\"@type\":\"WebSite\",\"@id\":\"https:\\\/\\\/designweekmexico.com\\\/#website\",\"url\":\"https:\\\/\\\/designweekmexico.com\\\/\",\"name\":\"Design Week Mexico\",\"description\":\"Dise\u00f1ando el futuro...\",\"publisher\":{\"@id\":\"https:\\\/\\\/designweekmexico.com\\\/#organization\"},\"potentialAction\":[{\"@type\":\"SearchAction\",\"target\":{\"@type\":\"EntryPoint\",\"urlTemplate\":\"https:\\\/\\\/designweekmexico.com\\\/?s={search_term_string}\"},\"query-input\":{\"@type\":\"PropertyValueSpecification\",\"valueRequired\":true,\"valueName\":\"search_term_string\"}}],\"inLanguage\":\"en-US\"},{\"@type\":\"Organization\",\"@id\":\"https:\\\/\\\/designweekmexico.com\\\/#organization\",\"name\":\"Design Week Mexico\",\"url\":\"https:\\\/\\\/designweekmexico.com\\\/\",\"logo\":{\"@type\":\"ImageObject\",\"inLanguage\":\"en-US\",\"@id\":\"https:\\\/\\\/designweekmexico.com\\\/#\\\/schema\\\/logo\\\/image\\\/\",\"url\":\"https:\\\/\\\/designweekmexico.com\\\/wp-content\\\/uploads\\\/2026\\\/04\\\/Asset-58-70eae4-3141d7.svg\",\"contentUrl\":\"https:\\\/\\\/designweekmexico.com\\\/wp-content\\\/uploads\\\/2026\\\/04\\\/Asset-58-70eae4-3141d7.svg\",\"width\":1741,\"height\":103,\"caption\":\"Design Week Mexico\"},\"image\":{\"@id\":\"https:\\\/\\\/designweekmexico.com\\\/#\\\/schema\\\/logo\\\/image\\\/\"},\"sameAs\":[\"https:\\\/\\\/www.facebook.com\\\/designweekmex\",\"https:\\\/\\\/x.com\\\/designweekmex\",\"https:\\\/\\\/www.instagram.com\\\/designweekmex\\\/\",\"https:\\\/\\\/www.youtube.com\\\/user\\\/designweekmexico\",\"https:\\\/\\\/vimeo.com\\\/designweekmexico\",\"https:\\\/\\\/www.linkedin.com\\\/company\\\/designweekmx\\\/\"]},{\"@type\":\"Person\",\"@id\":\"https:\\\/\\\/designweekmexico.com\\\/#\\\/schema\\\/person\\\/ee1da898b14b7d9d29bd0bc66da7ef01\",\"name\":\"Design Week Mexico\",\"image\":{\"@type\":\"ImageObject\",\"inLanguage\":\"en-US\",\"@id\":\"https:\\\/\\\/secure.gravatar.com\\\/avatar\\\/0830bfc50cafacf340fb14966c0f6cc5c88935cded635f38ae2ed050785fd609?s=96&d=mm&r=g\",\"url\":\"https:\\\/\\\/secure.gravatar.com\\\/avatar\\\/0830bfc50cafacf340fb14966c0f6cc5c88935cded635f38ae2ed050785fd609?s=96&d=mm&r=g\",\"contentUrl\":\"https:\\\/\\\/secure.gravatar.com\\\/avatar\\\/0830bfc50cafacf340fb14966c0f6cc5c88935cded635f38ae2ed050785fd609?s=96&d=mm&r=g\",\"caption\":\"Design Week Mexico\"},\"url\":\"https:\\\/\\\/designweekmexico.com\\\/en\\\/author\\\/designweekmexico\\\/\"}]}<\/script>\n<!-- \/ Yoast SEO plugin. -->","yoast_head_json":{"title":"Convocatoria In\u00e9dito 2025 - Design Week Mexico","robots":{"index":"index","follow":"follow","max-snippet":"max-snippet:-1","max-image-preview":"max-image-preview:large","max-video-preview":"max-video-preview:-1"},"canonical":"https:\/\/designweekmexico.com\/en\/convocatorias-2025\/inedito-2025\/","og_locale":"en_US","og_type":"article","og_title":"Convocatoria In\u00e9dito 2025 - Design Week Mexico","og_description":"MXTC (M\u00e9xico Territorio Creativo) se enorgullece de presentar la d\u00e9cimo primer edici\u00f3n de In\u00e9dito, una plataforma que celebra la innovaci\u00f3n y la creatividad en el dise\u00f1o contempor\u00e1neo mexicano.","og_url":"https:\/\/designweekmexico.com\/en\/convocatorias-2025\/inedito-2025\/","og_site_name":"Design Week Mexico","article_publisher":"https:\/\/www.facebook.com\/designweekmex","article_published_time":"2025-02-28T18:03:31+00:00","article_modified_time":"2025-08-12T23:26:23+00:00","og_image":[{"width":1024,"height":683,"url":"https:\/\/designweekmexico.com\/wp-content\/uploads\/2025\/02\/clsd-Artboard-1-copy-10-1024x683.png","type":"image\/png"}],"author":"Design Week Mexico","twitter_card":"summary_large_image","twitter_creator":"@designweekmex","twitter_site":"@designweekmex","twitter_misc":{"Written by":"Design Week Mexico","Est. reading time":"6 minutes"},"schema":{"@context":"https:\/\/schema.org","@graph":[{"@type":"Article","@id":"https:\/\/designweekmexico.com\/convocatorias-2025\/inedito-2025\/#article","isPartOf":{"@id":"https:\/\/designweekmexico.com\/convocatorias-2025\/inedito-2025\/"},"author":{"name":"Design Week Mexico","@id":"https:\/\/designweekmexico.com\/#\/schema\/person\/ee1da898b14b7d9d29bd0bc66da7ef01"},"headline":"Convocatoria In\u00e9dito 2025","datePublished":"2025-02-28T18:03:31+00:00","dateModified":"2025-08-12T23:26:23+00:00","mainEntityOfPage":{"@id":"https:\/\/designweekmexico.com\/convocatorias-2025\/inedito-2025\/"},"wordCount":1064,"commentCount":0,"publisher":{"@id":"https:\/\/designweekmexico.com\/#organization"},"image":{"@id":"https:\/\/designweekmexico.com\/convocatorias-2025\/inedito-2025\/#primaryimage"},"thumbnailUrl":"https:\/\/designweekmexico.com\/wp-content\/uploads\/2025\/02\/clsd-Artboard-1-copy-10-scaled.png","articleSection":["Convocatorias 2025"],"inLanguage":"en-US","potentialAction":[{"@type":"CommentAction","name":"Comment","target":["https:\/\/designweekmexico.com\/convocatorias-2025\/inedito-2025\/#respond"]}]},{"@type":"WebPage","@id":"https:\/\/designweekmexico.com\/convocatorias-2025\/inedito-2025\/","url":"https:\/\/designweekmexico.com\/convocatorias-2025\/inedito-2025\/","name":"Convocatoria In\u00e9dito 2025 - Design Week Mexico","isPartOf":{"@id":"https:\/\/designweekmexico.com\/#website"},"primaryImageOfPage":{"@id":"https:\/\/designweekmexico.com\/convocatorias-2025\/inedito-2025\/#primaryimage"},"image":{"@id":"https:\/\/designweekmexico.com\/convocatorias-2025\/inedito-2025\/#primaryimage"},"thumbnailUrl":"https:\/\/designweekmexico.com\/wp-content\/uploads\/2025\/02\/clsd-Artboard-1-copy-10-scaled.png","datePublished":"2025-02-28T18:03:31+00:00","dateModified":"2025-08-12T23:26:23+00:00","breadcrumb":{"@id":"https:\/\/designweekmexico.com\/convocatorias-2025\/inedito-2025\/#breadcrumb"},"inLanguage":"en-US","potentialAction":[{"@type":"ReadAction","target":["https:\/\/designweekmexico.com\/convocatorias-2025\/inedito-2025\/"]}]},{"@type":"ImageObject","inLanguage":"en-US","@id":"https:\/\/designweekmexico.com\/convocatorias-2025\/inedito-2025\/#primaryimage","url":"https:\/\/designweekmexico.com\/wp-content\/uploads\/2025\/02\/clsd-Artboard-1-copy-10-scaled.png","contentUrl":"https:\/\/designweekmexico.com\/wp-content\/uploads\/2025\/02\/clsd-Artboard-1-copy-10-scaled.png","width":2560,"height":1707},{"@type":"BreadcrumbList","@id":"https:\/\/designweekmexico.com\/convocatorias-2025\/inedito-2025\/#breadcrumb","itemListElement":[{"@type":"ListItem","position":1,"name":"Inicio","item":"https:\/\/designweekmexico.com\/"},{"@type":"ListItem","position":2,"name":"Convocatoria In\u00e9dito 2025"}]},{"@type":"WebSite","@id":"https:\/\/designweekmexico.com\/#website","url":"https:\/\/designweekmexico.com\/","name":"Design Week Mexico","description":"Dise\u00f1ando el futuro...","publisher":{"@id":"https:\/\/designweekmexico.com\/#organization"},"potentialAction":[{"@type":"SearchAction","target":{"@type":"EntryPoint","urlTemplate":"https:\/\/designweekmexico.com\/?s={search_term_string}"},"query-input":{"@type":"PropertyValueSpecification","valueRequired":true,"valueName":"search_term_string"}}],"inLanguage":"en-US"},{"@type":"Organization","@id":"https:\/\/designweekmexico.com\/#organization","name":"Design Week Mexico","url":"https:\/\/designweekmexico.com\/","logo":{"@type":"ImageObject","inLanguage":"en-US","@id":"https:\/\/designweekmexico.com\/#\/schema\/logo\/image\/","url":"https:\/\/designweekmexico.com\/wp-content\/uploads\/2026\/04\/Asset-58-70eae4-3141d7.svg","contentUrl":"https:\/\/designweekmexico.com\/wp-content\/uploads\/2026\/04\/Asset-58-70eae4-3141d7.svg","width":1741,"height":103,"caption":"Design Week Mexico"},"image":{"@id":"https:\/\/designweekmexico.com\/#\/schema\/logo\/image\/"},"sameAs":["https:\/\/www.facebook.com\/designweekmex","https:\/\/x.com\/designweekmex","https:\/\/www.instagram.com\/designweekmex\/","https:\/\/www.youtube.com\/user\/designweekmexico","https:\/\/vimeo.com\/designweekmexico","https:\/\/www.linkedin.com\/company\/designweekmx\/"]},{"@type":"Person","@id":"https:\/\/designweekmexico.com\/#\/schema\/person\/ee1da898b14b7d9d29bd0bc66da7ef01","name":"Design Week Mexico","image":{"@type":"ImageObject","inLanguage":"en-US","@id":"https:\/\/secure.gravatar.com\/avatar\/0830bfc50cafacf340fb14966c0f6cc5c88935cded635f38ae2ed050785fd609?s=96&d=mm&r=g","url":"https:\/\/secure.gravatar.com\/avatar\/0830bfc50cafacf340fb14966c0f6cc5c88935cded635f38ae2ed050785fd609?s=96&d=mm&r=g","contentUrl":"https:\/\/secure.gravatar.com\/avatar\/0830bfc50cafacf340fb14966c0f6cc5c88935cded635f38ae2ed050785fd609?s=96&d=mm&r=g","caption":"Design Week Mexico"},"url":"https:\/\/designweekmexico.com\/en\/author\/designweekmexico\/"}]}},"jetpack_featured_media_url":"https:\/\/designweekmexico.com\/wp-content\/uploads\/2025\/02\/clsd-Artboard-1-copy-10-scaled.png","jetpack_sharing_enabled":true,"_links":{"self":[{"href":"https:\/\/designweekmexico.com\/en\/wp-json\/wp\/v2\/posts\/20777","targetHints":{"allow":["GET"]}}],"collection":[{"href":"https:\/\/designweekmexico.com\/en\/wp-json\/wp\/v2\/posts"}],"about":[{"href":"https:\/\/designweekmexico.com\/en\/wp-json\/wp\/v2\/types\/post"}],"author":[{"embeddable":true,"href":"https:\/\/designweekmexico.com\/en\/wp-json\/wp\/v2\/users\/175"}],"replies":[{"embeddable":true,"href":"https:\/\/designweekmexico.com\/en\/wp-json\/wp\/v2\/comments?post=20777"}],"version-history":[{"count":60,"href":"https:\/\/designweekmexico.com\/en\/wp-json\/wp\/v2\/posts\/20777\/revisions"}],"predecessor-version":[{"id":26778,"href":"https:\/\/designweekmexico.com\/en\/wp-json\/wp\/v2\/posts\/20777\/revisions\/26778"}],"wp:featuredmedia":[{"embeddable":true,"href":"https:\/\/designweekmexico.com\/en\/wp-json\/wp\/v2\/media\/21872"}],"wp:attachment":[{"href":"https:\/\/designweekmexico.com\/en\/wp-json\/wp\/v2\/media?parent=20777"}],"wp:term":[{"taxonomy":"category","embeddable":true,"href":"https:\/\/designweekmexico.com\/en\/wp-json\/wp\/v2\/categories?post=20777"},{"taxonomy":"post_tag","embeddable":true,"href":"https:\/\/designweekmexico.com\/en\/wp-json\/wp\/v2\/tags?post=20777"}],"curies":[{"name":"wp","href":"https:\/\/api.w.org\/{rel}","templated":true}]}}