{"id":20882,"date":"2025-04-02T14:00:59","date_gmt":"2025-04-02T20:00:59","guid":{"rendered":"https:\/\/designweekmexico.com\/?p=20882"},"modified":"2025-08-12T18:26:17","modified_gmt":"2025-08-12T23:26:17","slug":"convocatoria-print-2025","status":"publish","type":"post","link":"https:\/\/designweekmexico.com\/en\/convocatorias-2025\/convocatoria-print-2025\/","title":{"rendered":"Print 2025 Call"},"content":{"rendered":"<div data-elementor-type=\"wp-post\" data-elementor-id=\"20882\" class=\"elementor elementor-20882\" data-elementor-settings=\"{&quot;ha_cmc_init_switcher&quot;:&quot;no&quot;}\" data-elementor-post-type=\"post\">\n\t\t\t\t\t\t<section class=\"elementor-section elementor-top-section elementor-element elementor-element-2f25f5b ct-section-stretched elementor-section-height-min-height elementor-section-items-bottom elementor-section-boxed elementor-section-height-default\" data-id=\"2f25f5b\" data-element_type=\"section\" data-settings=\"{&quot;background_background&quot;:&quot;slideshow&quot;,&quot;background_slideshow_gallery&quot;:[{&quot;id&quot;:20884,&quot;url&quot;:&quot;https:\\\/\\\/designweekmexico.com\\\/wp-content\\\/uploads\\\/2025\\\/04\\\/delbo.foto-FeriaTRT2025-03-scaled.jpeg&quot;},{&quot;id&quot;:20899,&quot;url&quot;:&quot;https:\\\/\\\/designweekmexico.com\\\/wp-content\\\/uploads\\\/2025\\\/04\\\/ORMA-AHW-WEB-1-1-scaled.jpg&quot;},{&quot;id&quot;:20888,&quot;url&quot;:&quot;https:\\\/\\\/designweekmexico.com\\\/wp-content\\\/uploads\\\/2025\\\/04\\\/DWMJavierArjona.png&quot;},{&quot;id&quot;:20887,&quot;url&quot;:&quot;https:\\\/\\\/designweekmexico.com\\\/wp-content\\\/uploads\\\/2025\\\/04\\\/A-donde-se-fue-el-ALMA-imprimir-.png&quot;},{&quot;id&quot;:20915,&quot;url&quot;:&quot;https:\\\/\\\/designweekmexico.com\\\/wp-content\\\/uploads\\\/2025\\\/04\\\/348649280_3495297910728806_4006055725018681530_n.jpg&quot;},{&quot;id&quot;:20893,&quot;url&quot;:&quot;https:\\\/\\\/designweekmexico.com\\\/wp-content\\\/uploads\\\/2025\\\/04\\\/SOLO-CODIGO-ARDE-VILLANO-24-luis-fernando-perez-scaled.jpg&quot;},{&quot;id&quot;:20892,&quot;url&quot;:&quot;https:\\\/\\\/designweekmexico.com\\\/wp-content\\\/uploads\\\/2025\\\/04\\\/YHassan_PayphoneGreenhouse.png&quot;},{&quot;id&quot;:20890,&quot;url&quot;:&quot;https:\\\/\\\/designweekmexico.com\\\/wp-content\\\/uploads\\\/2025\\\/04\\\/Reflejo.png&quot;}],&quot;background_slideshow_loop&quot;:&quot;yes&quot;,&quot;background_slideshow_slide_duration&quot;:5000,&quot;background_slideshow_slide_transition&quot;:&quot;fade&quot;,&quot;background_slideshow_transition_duration&quot;:500,&quot;_ha_eqh_enable&quot;:false}\">\n\t\t\t\t\t\t\t<div class=\"elementor-background-overlay\"><\/div>\n\t\t\t\t\t\t\t<div class=\"elementor-container elementor-column-gap-default\">\n\t\t\t\t\t<div class=\"elementor-column elementor-col-100 elementor-top-column elementor-element elementor-element-5c85d69\" data-id=\"5c85d69\" data-element_type=\"column\">\n\t\t\t<div class=\"elementor-widget-wrap elementor-element-populated\">\n\t\t\t\t\t\t<div class=\"elementor-element elementor-element-f58b690 elementor-widget__width-initial elementor-widget elementor-widget-heading\" data-id=\"f58b690\" data-element_type=\"widget\" data-widget_type=\"heading.default\">\n\t\t\t\t<div class=\"elementor-widget-container\">\n\t\t\t\t\t<p class=\"elementor-heading-title elementor-size-default\">OPEN CALL<\/p>\t\t\t\t<\/div>\n\t\t\t\t<\/div>\n\t\t\t\t<div class=\"elementor-element elementor-element-1b4f9b6 elementor-widget elementor-widget-heading\" data-id=\"1b4f9b6\" data-element_type=\"widget\" data-widget_type=\"heading.default\">\n\t\t\t\t<div class=\"elementor-widget-container\">\n\t\t\t\t\t<h1 class=\"elementor-heading-title elementor-size-xxl\">PRINT<br>\n2025<\/h1>\t\t\t\t<\/div>\n\t\t\t\t<\/div>\n\t\t\t\t<div class=\"elementor-element elementor-element-80c336d animated-slow elementor-widget elementor-widget-image\" data-id=\"80c336d\" data-element_type=\"widget\" data-settings=\"{&quot;_animation&quot;:&quot;none&quot;}\" data-widget_type=\"image.default\">\n\t\t\t\t<div class=\"elementor-widget-container\">\n\t\t\t\t\t\t\t\t\t\t\t\t\t\t\t<img fetchpriority=\"high\" decoding=\"async\" data-attachment-id=\"10668\" data-permalink=\"https:\/\/designweekmexico.com\/en\/scroll-down-white\/\" data-orig-file=\"https:\/\/designweekmexico.com\/wp-content\/uploads\/2023\/07\/Scroll-Down-white.gif\" data-orig-size=\"800,600\" data-comments-opened=\"1\" data-image-meta=\"{&quot;aperture&quot;:&quot;0&quot;,&quot;credit&quot;:&quot;&quot;,&quot;camera&quot;:&quot;&quot;,&quot;caption&quot;:&quot;&quot;,&quot;created_timestamp&quot;:&quot;0&quot;,&quot;copyright&quot;:&quot;&quot;,&quot;focal_length&quot;:&quot;0&quot;,&quot;iso&quot;:&quot;0&quot;,&quot;shutter_speed&quot;:&quot;0&quot;,&quot;title&quot;:&quot;&quot;,&quot;orientation&quot;:&quot;0&quot;}\" data-image-title=\"Scroll-Down-white\" data-image-description=\"\" data-image-caption=\"\" data-medium-file=\"https:\/\/designweekmexico.com\/wp-content\/uploads\/2023\/07\/Scroll-Down-white-300x225.gif\" data-large-file=\"https:\/\/designweekmexico.com\/wp-content\/uploads\/2023\/07\/Scroll-Down-white.gif\" width=\"800\" height=\"600\" src=\"https:\/\/designweekmexico.com\/wp-content\/uploads\/2023\/07\/Scroll-Down-white.gif\" class=\"attachment-full size-full wp-image-10668\" alt=\"\" \/>\t\t\t\t\t\t\t\t\t\t\t\t\t\t\t<\/div>\n\t\t\t\t<\/div>\n\t\t\t\t<div class=\"elementor-element elementor-element-cc1b92a animated-slow elementor-widget elementor-widget-text-editor\" data-id=\"cc1b92a\" data-element_type=\"widget\" data-settings=\"{&quot;_animation&quot;:&quot;none&quot;}\" data-widget_type=\"text-editor.default\">\n\t\t\t\t<div class=\"elementor-widget-container\">\n\t\t\t\t\t\t\t\t\t<p style=\"text-align: center;\">SCROLL DOWN<\/p>\t\t\t\t\t\t\t\t<\/div>\n\t\t\t\t<\/div>\n\t\t\t\t\t<\/div>\n\t\t<\/div>\n\t\t\t\t\t<\/div>\n\t\t<\/section>\n\t\t\t\t<section class=\"elementor-section elementor-top-section elementor-element elementor-element-924d9e2 elementor-section-boxed elementor-section-height-default elementor-section-height-default\" data-id=\"924d9e2\" data-element_type=\"section\" data-settings=\"{&quot;_ha_eqh_enable&quot;:false}\">\n\t\t\t\t\t\t<div class=\"elementor-container elementor-column-gap-default\">\n\t\t\t\t\t<div class=\"elementor-column elementor-col-100 elementor-top-column elementor-element elementor-element-1bbc3d8\" data-id=\"1bbc3d8\" data-element_type=\"column\">\n\t\t\t<div class=\"elementor-widget-wrap elementor-element-populated\">\n\t\t\t\t\t\t<div class=\"elementor-element elementor-element-a06a138 elementor-widget elementor-widget-heading\" data-id=\"a06a138\" data-element_type=\"widget\" data-widget_type=\"heading.default\">\n\t\t\t\t<div class=\"elementor-widget-container\">\n\t\t\t\t\t<h1 class=\"elementor-heading-title elementor-size-default\">PRINT 2025<\/h1>\t\t\t\t<\/div>\n\t\t\t\t<\/div>\n\t\t\t\t<div class=\"elementor-element elementor-element-7e98fe0 elementor-widget elementor-widget-text-editor\" data-id=\"7e98fe0\" data-element_type=\"widget\" data-widget_type=\"text-editor.default\">\n\t\t\t\t<div class=\"elementor-widget-container\">\n\t\t\t\t\t\t\t\t\t<p class=\" translation-block\"><b>PRINT<\/b><span style=\"font-weight: 400\"> returns in 2025 as a platform to showcase talent in graphic design, illustration, and print media within the framework of <\/span><b>Design Week M\u00e9xico.<\/b><span style=\"font-weight: 400\"> In this edition, we seek to expand the participation categories and guarantee a high-quality presentation through clear specifications for the delivery of works. <\/span><b>PRINT 2025<\/b><span style=\"font-weight: 400\"> will take place again in the <\/span><b>White Box<\/b><span style=\"font-weight: 400\"> of <\/span><b>G.56 Hub Creativo<\/b><span style=\"font-weight: 400\"> during Design Week M\u00e9xico. A specialized jury will select the participants and award the Print Prize of $20,000 MXN to the most outstanding piece. An honorable mention will also be given to the most outstanding piece in each category.<\/p><p class=\" translation-block\"><span style=\"font-weight: 400\">Participation has a recovery fee of $1,000 MXN, <\/span><b>applicable only if selected.<\/b><\/p>\t\t\t\t\t\t\t\t<\/div>\n\t\t\t\t<\/div>\n\t\t\t\t<div class=\"elementor-element elementor-element-45fefcc elementor-widget elementor-widget-image\" data-id=\"45fefcc\" data-element_type=\"widget\" data-widget_type=\"image.default\">\n\t\t\t\t<div class=\"elementor-widget-container\">\n\t\t\t\t\t\t\t\t\t\t\t\t\t\t\t<img decoding=\"async\" data-attachment-id=\"20884\" data-permalink=\"https:\/\/designweekmexico.com\/en\/delbo-foto-feriatrt2025-03\/\" data-orig-file=\"https:\/\/designweekmexico.com\/wp-content\/uploads\/2025\/04\/delbo.foto-FeriaTRT2025-03-scaled.jpeg\" data-orig-size=\"2560,1706\" data-comments-opened=\"1\" data-image-meta=\"{&quot;aperture&quot;:&quot;11&quot;,&quot;credit&quot;:&quot;&quot;,&quot;camera&quot;:&quot;ILCE-6100&quot;,&quot;caption&quot;:&quot;&quot;,&quot;created_timestamp&quot;:&quot;1738944998&quot;,&quot;copyright&quot;:&quot;&quot;,&quot;focal_length&quot;:&quot;15&quot;,&quot;iso&quot;:&quot;4000&quot;,&quot;shutter_speed&quot;:&quot;0.033333333333333&quot;,&quot;title&quot;:&quot;&quot;,&quot;orientation&quot;:&quot;0&quot;}\" data-image-title=\"delbo.foto-FeriaTRT2025-03\" data-image-description=\"\" data-image-caption=\"\" data-medium-file=\"https:\/\/designweekmexico.com\/wp-content\/uploads\/2025\/04\/delbo.foto-FeriaTRT2025-03-300x200.jpeg\" data-large-file=\"https:\/\/designweekmexico.com\/wp-content\/uploads\/2025\/04\/delbo.foto-FeriaTRT2025-03-1024x683.jpeg\" width=\"2560\" height=\"1706\" src=\"https:\/\/designweekmexico.com\/wp-content\/uploads\/2025\/04\/delbo.foto-FeriaTRT2025-03-scaled.jpeg\" class=\"attachment-full size-full wp-image-20884\" alt=\"\" srcset=\"https:\/\/designweekmexico.com\/wp-content\/uploads\/2025\/04\/delbo.foto-FeriaTRT2025-03-scaled.jpeg 2560w, https:\/\/designweekmexico.com\/wp-content\/uploads\/2025\/04\/delbo.foto-FeriaTRT2025-03-300x200.jpeg 300w, https:\/\/designweekmexico.com\/wp-content\/uploads\/2025\/04\/delbo.foto-FeriaTRT2025-03-1024x683.jpeg 1024w, https:\/\/designweekmexico.com\/wp-content\/uploads\/2025\/04\/delbo.foto-FeriaTRT2025-03-768x512.jpeg 768w, https:\/\/designweekmexico.com\/wp-content\/uploads\/2025\/04\/delbo.foto-FeriaTRT2025-03-1536x1024.jpeg 1536w, https:\/\/designweekmexico.com\/wp-content\/uploads\/2025\/04\/delbo.foto-FeriaTRT2025-03-2048x1365.jpeg 2048w, https:\/\/designweekmexico.com\/wp-content\/uploads\/2025\/04\/delbo.foto-FeriaTRT2025-03-18x12.jpeg 18w, https:\/\/designweekmexico.com\/wp-content\/uploads\/2025\/04\/delbo.foto-FeriaTRT2025-03-600x400.jpeg 600w, https:\/\/designweekmexico.com\/wp-content\/uploads\/2025\/04\/delbo.foto-FeriaTRT2025-03-1920x1280.jpeg 1920w\" sizes=\"(max-width: 2560px) 100vw, 2560px\" \/>\t\t\t\t\t\t\t\t\t\t\t\t\t\t\t<\/div>\n\t\t\t\t<\/div>\n\t\t\t\t<div class=\"elementor-element elementor-element-7dde885 elementor-widget elementor-widget-text-editor\" data-id=\"7dde885\" data-element_type=\"widget\" data-widget_type=\"text-editor.default\">\n\t\t\t\t<div class=\"elementor-widget-container\">\n\t\t\t\t\t\t\t\t\t<p>PRINT 2024 en Feria Territorio en Espacio CDMX. Semana del arte CDMX 2025. Foto: <span style=\"text-decoration: underline;\"><a href=\"https:\/\/www.instagram.com\/delbo.foto\/\">Cynthia del<\/a><a href=\"https:\/\/www.instagram.com\/delbo.foto\/\"> Bosque<\/a><\/span> (@delbo.foto).<\/p>\t\t\t\t\t\t\t\t<\/div>\n\t\t\t\t<\/div>\n\t\t\t\t\t<\/div>\n\t\t<\/div>\n\t\t\t\t\t<\/div>\n\t\t<\/section>\n\t\t\t\t<section class=\"elementor-section elementor-top-section elementor-element elementor-element-59c5449 elementor-section-boxed elementor-section-height-default elementor-section-height-default\" data-id=\"59c5449\" data-element_type=\"section\" data-settings=\"{&quot;background_background&quot;:&quot;classic&quot;,&quot;_ha_eqh_enable&quot;:false}\">\n\t\t\t\t\t\t<div class=\"elementor-container elementor-column-gap-default\">\n\t\t\t\t\t<div class=\"elementor-column elementor-col-100 elementor-top-column elementor-element elementor-element-bc51532\" data-id=\"bc51532\" data-element_type=\"column\">\n\t\t\t<div class=\"elementor-widget-wrap elementor-element-populated\">\n\t\t\t\t\t\t<div class=\"elementor-element elementor-element-75c3c28 elementor-widget elementor-widget-text-editor\" data-id=\"75c3c28\" data-element_type=\"widget\" data-widget_type=\"text-editor.default\">\n\t\t\t\t<div class=\"elementor-widget-container\">\n\t\t\t\t\t\t\t\t\t<p class=\" translation-block\"><b>Note:<\/b><span style=\"font-weight: 400\"> Participants must guarantee that their works are original and do not infringe the copyright or intellectual property rights of third parties. They also grant Design Week M\u00e9xico the right to display the works for promotional purposes, before and during the exhibition. Design Week M\u00e9xico may disqualify any work that does not meet these requirements.<\/span><\/p>\t\t\t\t\t\t\t\t<\/div>\n\t\t\t\t<\/div>\n\t\t\t\t\t<\/div>\n\t\t<\/div>\n\t\t\t\t\t<\/div>\n\t\t<\/section>\n\t\t\t\t<section class=\"elementor-section elementor-top-section elementor-element elementor-element-120d7cc elementor-section-boxed elementor-section-height-default elementor-section-height-default\" data-id=\"120d7cc\" data-element_type=\"section\" data-settings=\"{&quot;_ha_eqh_enable&quot;:false}\">\n\t\t\t\t\t\t<div class=\"elementor-container elementor-column-gap-default\">\n\t\t\t\t\t<div class=\"elementor-column elementor-col-100 elementor-top-column elementor-element elementor-element-8a77da1\" data-id=\"8a77da1\" data-element_type=\"column\">\n\t\t\t<div class=\"elementor-widget-wrap elementor-element-populated\">\n\t\t\t\t\t\t<div class=\"elementor-element elementor-element-58eb2bb elementor-widget-divider--view-line elementor-widget elementor-widget-divider\" data-id=\"58eb2bb\" data-element_type=\"widget\" data-widget_type=\"divider.default\">\n\t\t\t\t<div class=\"elementor-widget-container\">\n\t\t\t\t\t\t\t<div class=\"elementor-divider\">\n\t\t\t<span class=\"elementor-divider-separator\">\n\t\t\t\t\t\t<\/span>\n\t\t<\/div>\n\t\t\t\t\t\t<\/div>\n\t\t\t\t<\/div>\n\t\t\t\t<div class=\"elementor-element elementor-element-e08b9ad elementor-widget elementor-widget-heading\" data-id=\"e08b9ad\" data-element_type=\"widget\" data-widget_type=\"heading.default\">\n\t\t\t\t<div class=\"elementor-widget-container\">\n\t\t\t\t\t<h1 class=\"elementor-heading-title elementor-size-default\">TEM\u00c1TICA: DISE\u00d1ADO EN M\u00c9XICO<\/h1>\t\t\t\t<\/div>\n\t\t\t\t<\/div>\n\t\t\t\t<div class=\"elementor-element elementor-element-3408933 elementor-widget elementor-widget-text-editor\" data-id=\"3408933\" data-element_type=\"widget\" data-widget_type=\"text-editor.default\">\n\t\t\t\t<div class=\"elementor-widget-container\">\n\t\t\t\t\t\t\t\t\t<p class=\" translation-block\"><span style=\"font-weight: 400\">This edition of <\/span><b>PRINT 2025<\/b><span style=\"font-weight: 400\"> is framed within the theme <\/span><b>\u201cDesigned in Mexico\u201d,<\/b><span style=\"font-weight: 400\"> with the aim of consolidating Mexico as a country of high-quality design recognized internationally. We are looking for works that reflect the talent, creativity and innovation of graphic design and illustration in Mexico, projecting it beyond our borders.<\/span><\/p>\t\t\t\t\t\t\t\t<\/div>\n\t\t\t\t<\/div>\n\t\t\t\t<div class=\"elementor-element elementor-element-62082cd elementor-widget elementor-widget-gallery\" data-id=\"62082cd\" data-element_type=\"widget\" data-settings=\"{&quot;gallery_layout&quot;:&quot;masonry&quot;,&quot;columns&quot;:3,&quot;gap&quot;:{&quot;unit&quot;:&quot;px&quot;,&quot;size&quot;:15,&quot;sizes&quot;:[]},&quot;columns_tablet&quot;:3,&quot;columns_mobile&quot;:3,&quot;lazyload&quot;:&quot;yes&quot;,&quot;gap_tablet&quot;:{&quot;unit&quot;:&quot;px&quot;,&quot;size&quot;:10,&quot;sizes&quot;:[]},&quot;gap_mobile&quot;:{&quot;unit&quot;:&quot;px&quot;,&quot;size&quot;:10,&quot;sizes&quot;:[]},&quot;overlay_background&quot;:&quot;yes&quot;,&quot;content_hover_animation&quot;:&quot;fade-in&quot;}\" data-widget_type=\"gallery.default\">\n\t\t\t\t<div class=\"elementor-widget-container\">\n\t\t\t\t\t\t\t<div class=\"elementor-gallery__container\">\n\t\t\t\t\t\t\t<div class=\"e-gallery-item elementor-gallery-item elementor-animated-content\">\n\t\t\t\t\t<div class=\"e-gallery-image elementor-gallery-item__image\" data-thumbnail=\"https:\/\/designweekmexico.com\/wp-content\/uploads\/2025\/04\/KOSKATOL_R-V1.jpg\" data-width=\"1080\" data-height=\"1350\" aria-label=\"\" role=\"img\" ><\/div>\n\t\t\t\t\t\t\t\t\t\t\t<div class=\"elementor-gallery-item__overlay\"><\/div>\n\t\t\t\t\t\t\t\t\t\t\t\t\t\t<\/div>\n\t\t\t\t\t\t\t<div class=\"e-gallery-item elementor-gallery-item elementor-animated-content\">\n\t\t\t\t\t<div class=\"e-gallery-image elementor-gallery-item__image\" data-thumbnail=\"https:\/\/designweekmexico.com\/wp-content\/uploads\/2025\/04\/KOSKATL_G-V1.jpg\" data-width=\"1080\" data-height=\"1350\" aria-label=\"\" role=\"img\" ><\/div>\n\t\t\t\t\t\t\t\t\t\t\t<div class=\"elementor-gallery-item__overlay\"><\/div>\n\t\t\t\t\t\t\t\t\t\t\t\t\t\t<\/div>\n\t\t\t\t\t\t\t<div class=\"e-gallery-item elementor-gallery-item elementor-animated-content\">\n\t\t\t\t\t<div class=\"e-gallery-image elementor-gallery-item__image\" data-thumbnail=\"https:\/\/designweekmexico.com\/wp-content\/uploads\/2025\/04\/KOSKATL_B-V1.jpg\" data-width=\"1080\" data-height=\"1350\" aria-label=\"\" role=\"img\" ><\/div>\n\t\t\t\t\t\t\t\t\t\t\t<div class=\"elementor-gallery-item__overlay\"><\/div>\n\t\t\t\t\t\t\t\t\t\t\t\t\t\t<\/div>\n\t\t\t\t\t<\/div>\n\t\t\t\t\t<\/div>\n\t\t\t\t<\/div>\n\t\t\t\t<div class=\"elementor-element elementor-element-941671a elementor-widget elementor-widget-text-editor\" data-id=\"941671a\" data-element_type=\"widget\" data-widget_type=\"text-editor.default\">\n\t\t\t\t<div class=\"elementor-widget-container\">\n\t\t\t\t\t\t\t\t\t<p><strong>Koskatl_R V1, <\/strong><span style=\"text-decoration: underline;\"><a href=\"https:\/\/www.instagram.com\/dos_viento\/\">Ome Ehekatl 2023.<\/a><\/span> <strong>Koskatl_G V1, <\/strong><span style=\"text-decoration: underline;\"><a href=\"https:\/\/www.instagram.com\/dos_viento\/\">Ome Ehekatl 2023. <\/a><\/span><strong>Koskatl_B V1, <\/strong><span style=\"text-decoration: underline;\"><a href=\"https:\/\/www.instagram.com\/dos_viento\/\">Ome Ehekatl 2023.<\/a><\/span><span data-sheets-root=\"1\">\u00a0PRINT 2024 Participant.<\/span><\/p>\t\t\t\t\t\t\t\t<\/div>\n\t\t\t\t<\/div>\n\t\t\t\t<div class=\"elementor-element elementor-element-8bf72fd elementor-widget elementor-widget-text-editor\" data-id=\"8bf72fd\" data-element_type=\"widget\" data-widget_type=\"text-editor.default\">\n\t\t\t\t<div class=\"elementor-widget-container\">\n\t\t\t\t\t\t\t\t\t<p><b>Se valorar\u00e1n propuestas que exploren:<\/b><\/p><ul><li style=\"font-weight: 400;\" aria-level=\"1\"><span style=\"font-weight: 400;\">El impacto del dise\u00f1o mexicano en el panorama global.<\/span><\/li><li style=\"font-weight: 400;\" aria-level=\"1\"><span style=\"font-weight: 400;\">La reinterpretaci\u00f3n de s\u00edmbolos, materiales y procesos desde una mirada contempor\u00e1nea.<\/span><\/li><li style=\"font-weight: 400;\" aria-level=\"1\"><span style=\"font-weight: 400;\">C\u00f3mo el dise\u00f1o gr\u00e1fico y la ilustraci\u00f3n generan identidad, di\u00e1logos y conexiones con el mundo.<\/span><\/li><\/ul>\t\t\t\t\t\t\t\t<\/div>\n\t\t\t\t<\/div>\n\t\t\t\t<div class=\"elementor-element elementor-element-c0e004f elementor-widget-divider--view-line elementor-widget elementor-widget-divider\" data-id=\"c0e004f\" data-element_type=\"widget\" data-widget_type=\"divider.default\">\n\t\t\t\t<div class=\"elementor-widget-container\">\n\t\t\t\t\t\t\t<div class=\"elementor-divider\">\n\t\t\t<span class=\"elementor-divider-separator\">\n\t\t\t\t\t\t<\/span>\n\t\t<\/div>\n\t\t\t\t\t\t<\/div>\n\t\t\t\t<\/div>\n\t\t\t\t\t<\/div>\n\t\t<\/div>\n\t\t\t\t\t<\/div>\n\t\t<\/section>\n\t\t\t\t<section class=\"elementor-section elementor-top-section elementor-element elementor-element-5118f4d elementor-section-boxed elementor-section-height-default elementor-section-height-default\" data-id=\"5118f4d\" data-element_type=\"section\" data-settings=\"{&quot;_ha_eqh_enable&quot;:false}\">\n\t\t\t\t\t\t<div class=\"elementor-container elementor-column-gap-default\">\n\t\t\t\t\t<div class=\"elementor-column elementor-col-100 elementor-top-column elementor-element elementor-element-571d0a3\" data-id=\"571d0a3\" data-element_type=\"column\">\n\t\t\t<div class=\"elementor-widget-wrap elementor-element-populated\">\n\t\t\t\t\t\t<div class=\"elementor-element elementor-element-9ffb0d3 elementor-widget elementor-widget-heading\" data-id=\"9ffb0d3\" data-element_type=\"widget\" data-widget_type=\"heading.default\">\n\t\t\t\t<div class=\"elementor-widget-container\">\n\t\t\t\t\t<h1 class=\"elementor-heading-title elementor-size-default\">JURY<\/h1>\t\t\t\t<\/div>\n\t\t\t\t<\/div>\n\t\t\t\t<div class=\"elementor-element elementor-element-94ac8ab elementor-widget elementor-widget-text-editor\" data-id=\"94ac8ab\" data-element_type=\"widget\" data-widget_type=\"text-editor.default\">\n\t\t\t\t<div class=\"elementor-widget-container\">\n\t\t\t\t\t\t\t\t\t<p><span style=\"font-weight: 400;\">Un jurado especializado, compuesto por reconocidos dise\u00f1adores gr\u00e1ficos, ilustradores, tip\u00f3grafos y expertos en la industria del dise\u00f1o, ser\u00e1 el encargado de revisar las propuestas y seleccionar las obras que formar\u00e1n parte de la exposici\u00f3n. Los miembros del jurado ser\u00e1n anunciados m\u00e1s adelante.<\/span><\/p>\t\t\t\t\t\t\t\t<\/div>\n\t\t\t\t<\/div>\n\t\t\t\t<div class=\"elementor-element elementor-element-66f9634 elementor-widget-divider--view-line elementor-widget elementor-widget-divider\" data-id=\"66f9634\" data-element_type=\"widget\" data-widget_type=\"divider.default\">\n\t\t\t\t<div class=\"elementor-widget-container\">\n\t\t\t\t\t\t\t<div class=\"elementor-divider\">\n\t\t\t<span class=\"elementor-divider-separator\">\n\t\t\t\t\t\t<\/span>\n\t\t<\/div>\n\t\t\t\t\t\t<\/div>\n\t\t\t\t<\/div>\n\t\t\t\t\t<\/div>\n\t\t<\/div>\n\t\t\t\t\t<\/div>\n\t\t<\/section>\n\t\t\t\t<section class=\"elementor-section elementor-top-section elementor-element elementor-element-cdfaf68 elementor-section-boxed elementor-section-height-default elementor-section-height-default\" data-id=\"cdfaf68\" data-element_type=\"section\" data-settings=\"{&quot;_ha_eqh_enable&quot;:false}\">\n\t\t\t\t\t\t<div class=\"elementor-container elementor-column-gap-default\">\n\t\t\t\t\t<div class=\"elementor-column elementor-col-100 elementor-top-column elementor-element elementor-element-8df7115\" data-id=\"8df7115\" data-element_type=\"column\">\n\t\t\t<div class=\"elementor-widget-wrap elementor-element-populated\">\n\t\t\t\t\t\t<div class=\"elementor-element elementor-element-d67b632 elementor-widget elementor-widget-heading\" data-id=\"d67b632\" data-element_type=\"widget\" data-widget_type=\"heading.default\">\n\t\t\t\t<div class=\"elementor-widget-container\">\n\t\t\t\t\t<h1 class=\"elementor-heading-title elementor-size-default\">\u00bfQUI\u00c9NES PUEDEN PARTICIPAR?<\/h1>\t\t\t\t<\/div>\n\t\t\t\t<\/div>\n\t\t\t\t<div class=\"elementor-element elementor-element-d103e31 elementor-widget elementor-widget-text-editor\" data-id=\"d103e31\" data-element_type=\"widget\" data-widget_type=\"text-editor.default\">\n\t\t\t\t<div class=\"elementor-widget-container\">\n\t\t\t\t\t\t\t\t\t<p class=\" translation-block\"><b>Graphic designers, illustrators, typographers and visual content creators,<\/b><span style=\"font-weight: 400\"> both national and international, interested in exhibiting their work in a curated space within <\/span><b>Design Week Mexico 2025.<\/b><\/p>\t\t\t\t\t\t\t\t<\/div>\n\t\t\t\t<\/div>\n\t\t\t\t<div class=\"elementor-element elementor-element-5ed24dd elementor-widget elementor-widget-gallery\" data-id=\"5ed24dd\" data-element_type=\"widget\" data-settings=\"{&quot;gallery_layout&quot;:&quot;masonry&quot;,&quot;columns&quot;:2,&quot;gap&quot;:{&quot;unit&quot;:&quot;px&quot;,&quot;size&quot;:15,&quot;sizes&quot;:[]},&quot;columns_tablet&quot;:2,&quot;columns_mobile&quot;:1,&quot;gap_tablet&quot;:{&quot;unit&quot;:&quot;px&quot;,&quot;size&quot;:10,&quot;sizes&quot;:[]},&quot;gap_mobile&quot;:{&quot;unit&quot;:&quot;px&quot;,&quot;size&quot;:10,&quot;sizes&quot;:[]},&quot;overlay_background&quot;:&quot;yes&quot;,&quot;content_hover_animation&quot;:&quot;fade-in&quot;}\" data-widget_type=\"gallery.default\">\n\t\t\t\t<div class=\"elementor-widget-container\">\n\t\t\t\t\t\t\t<div class=\"elementor-gallery__container\">\n\t\t\t\t\t\t\t<div class=\"e-gallery-item elementor-gallery-item elementor-animated-content\">\n\t\t\t\t\t<div class=\"e-gallery-image elementor-gallery-item__image\" data-thumbnail=\"https:\/\/designweekmexico.com\/wp-content\/uploads\/2025\/04\/ORMA-AHW-WEB-22-1-scaled.jpg\" data-width=\"2560\" data-height=\"1440\" aria-label=\"\" role=\"img\" ><\/div>\n\t\t\t\t\t\t\t\t\t\t\t<div class=\"elementor-gallery-item__overlay\"><\/div>\n\t\t\t\t\t\t\t\t\t\t\t\t\t\t<\/div>\n\t\t\t\t\t\t\t<div class=\"e-gallery-item elementor-gallery-item elementor-animated-content\">\n\t\t\t\t\t<div class=\"e-gallery-image elementor-gallery-item__image\" data-thumbnail=\"https:\/\/designweekmexico.com\/wp-content\/uploads\/2025\/04\/ORMA-AHW-WEB-25-scaled.jpg\" data-width=\"2560\" data-height=\"1440\" aria-label=\"\" role=\"img\" ><\/div>\n\t\t\t\t\t\t\t\t\t\t\t<div class=\"elementor-gallery-item__overlay\"><\/div>\n\t\t\t\t\t\t\t\t\t\t\t\t\t\t<\/div>\n\t\t\t\t\t<\/div>\n\t\t\t\t\t<\/div>\n\t\t\t\t<\/div>\n\t\t\t\t<div class=\"elementor-element elementor-element-124cbe7 elementor-widget elementor-widget-image\" data-id=\"124cbe7\" data-element_type=\"widget\" data-widget_type=\"image.default\">\n\t\t\t\t<div class=\"elementor-widget-container\">\n\t\t\t\t\t\t\t\t\t\t\t\t\t\t\t<img decoding=\"async\" data-attachment-id=\"20899\" data-permalink=\"https:\/\/designweekmexico.com\/en\/convocatorias-2025\/convocatoria-print-2025\/attachment\/orma-ahw-web-1-1\/\" data-orig-file=\"https:\/\/designweekmexico.com\/wp-content\/uploads\/2025\/04\/ORMA-AHW-WEB-1-1-scaled.jpg\" data-orig-size=\"2560,1708\" data-comments-opened=\"1\" data-image-meta=\"{&quot;aperture&quot;:&quot;0&quot;,&quot;credit&quot;:&quot;&quot;,&quot;camera&quot;:&quot;&quot;,&quot;caption&quot;:&quot;&quot;,&quot;created_timestamp&quot;:&quot;0&quot;,&quot;copyright&quot;:&quot;&quot;,&quot;focal_length&quot;:&quot;0&quot;,&quot;iso&quot;:&quot;0&quot;,&quot;shutter_speed&quot;:&quot;0&quot;,&quot;title&quot;:&quot;&quot;,&quot;orientation&quot;:&quot;0&quot;}\" data-image-title=\"ORMA-AHW-WEB-1 (1)\" data-image-description=\"\" data-image-caption=\"\" data-medium-file=\"https:\/\/designweekmexico.com\/wp-content\/uploads\/2025\/04\/ORMA-AHW-WEB-1-1-300x200.jpg\" data-large-file=\"https:\/\/designweekmexico.com\/wp-content\/uploads\/2025\/04\/ORMA-AHW-WEB-1-1-1024x683.jpg\" width=\"2560\" height=\"1708\" src=\"https:\/\/designweekmexico.com\/wp-content\/uploads\/2025\/04\/ORMA-AHW-WEB-1-1-scaled.jpg\" class=\"attachment-full size-full wp-image-20899\" alt=\"\" srcset=\"https:\/\/designweekmexico.com\/wp-content\/uploads\/2025\/04\/ORMA-AHW-WEB-1-1-scaled.jpg 2560w, https:\/\/designweekmexico.com\/wp-content\/uploads\/2025\/04\/ORMA-AHW-WEB-1-1-300x200.jpg 300w, https:\/\/designweekmexico.com\/wp-content\/uploads\/2025\/04\/ORMA-AHW-WEB-1-1-1024x683.jpg 1024w, https:\/\/designweekmexico.com\/wp-content\/uploads\/2025\/04\/ORMA-AHW-WEB-1-1-768x512.jpg 768w, https:\/\/designweekmexico.com\/wp-content\/uploads\/2025\/04\/ORMA-AHW-WEB-1-1-1536x1025.jpg 1536w, https:\/\/designweekmexico.com\/wp-content\/uploads\/2025\/04\/ORMA-AHW-WEB-1-1-2048x1366.jpg 2048w, https:\/\/designweekmexico.com\/wp-content\/uploads\/2025\/04\/ORMA-AHW-WEB-1-1-18x12.jpg 18w, https:\/\/designweekmexico.com\/wp-content\/uploads\/2025\/04\/ORMA-AHW-WEB-1-1-600x400.jpg 600w, https:\/\/designweekmexico.com\/wp-content\/uploads\/2025\/04\/ORMA-AHW-WEB-1-1-1920x1281.jpg 1920w\" sizes=\"(max-width: 2560px) 100vw, 2560px\" \/>\t\t\t\t\t\t\t\t\t\t\t\t\t\t\t<\/div>\n\t\t\t\t<\/div>\n\t\t\t\t<div class=\"elementor-element elementor-element-587827c elementor-widget elementor-widget-text-editor\" data-id=\"587827c\" data-element_type=\"widget\" data-widget_type=\"text-editor.default\">\n\t\t\t\t<div class=\"elementor-widget-container\">\n\t\t\t\t\t\t\t\t\t<p><strong>AH Forma.<\/strong> Dise\u00f1o: <span style=\"text-decoration: underline;\"><a href=\"https:\/\/www.andreshigueros.com\/\">Andr\u00e9s Higueros.<\/a><\/span> <strong>Orma Chair.<\/strong> Dise\u00f1o: <span style=\"text-decoration: underline;\"><a href=\"https:\/\/www.andreshigueros.com\/\">Andr\u00e9s Higueros<\/a><\/span> in collaboration with <span style=\"text-decoration: underline;\"><a href=\"https:\/\/www.rodrigo-mendez.com\/\">(ro)drigo m\u00e9ndez s.<\/a><\/span> Photo: <span style=\"text-decoration: underline;\"><a href=\"https:\/\/www.instagram.com\/betopintomora\/\">Alberto Pinto Mora.<\/a><\/span> 3D Renders: <span style=\"text-decoration: underline;\"><a href=\"https:\/\/www.instagram.com\/adrianamoram\/\">Electra.<\/a><\/span> Special Guest <span style=\"text-decoration: underline;\"><a href=\"https:\/\/designweekmexico.com\/programa\/print-2024\/\/\">PRINT 2024.<\/a><\/span><\/p>\t\t\t\t\t\t\t\t<\/div>\n\t\t\t\t<\/div>\n\t\t\t\t\t<\/div>\n\t\t<\/div>\n\t\t\t\t\t<\/div>\n\t\t<\/section>\n\t\t\t\t<section class=\"elementor-section elementor-top-section elementor-element elementor-element-8e6b6f7 elementor-section-boxed elementor-section-height-default elementor-section-height-default\" data-id=\"8e6b6f7\" data-element_type=\"section\" data-settings=\"{&quot;_ha_eqh_enable&quot;:false}\">\n\t\t\t\t\t\t<div class=\"elementor-container elementor-column-gap-default\">\n\t\t\t\t\t<div class=\"elementor-column elementor-col-100 elementor-top-column elementor-element elementor-element-fc83efd\" data-id=\"fc83efd\" data-element_type=\"column\">\n\t\t\t<div class=\"elementor-widget-wrap elementor-element-populated\">\n\t\t\t\t\t\t<div class=\"elementor-element elementor-element-fdffb91 elementor-widget elementor-widget-heading\" data-id=\"fdffb91\" data-element_type=\"widget\" data-widget_type=\"heading.default\">\n\t\t\t\t<div class=\"elementor-widget-container\">\n\t\t\t\t\t<h2 class=\"elementor-heading-title elementor-size-default\">CATEGOR\u00cdAS DE PARTICIPACI\u00d3N<\/h2>\t\t\t\t<\/div>\n\t\t\t\t<\/div>\n\t\t\t\t<section class=\"elementor-section elementor-inner-section elementor-element elementor-element-d6bd0bc elementor-section-boxed elementor-section-height-default elementor-section-height-default\" data-id=\"d6bd0bc\" data-element_type=\"section\" data-settings=\"{&quot;_ha_eqh_enable&quot;:false}\">\n\t\t\t\t\t\t<div class=\"elementor-container elementor-column-gap-default\">\n\t\t\t\t\t<div class=\"elementor-column elementor-col-50 elementor-inner-column elementor-element elementor-element-27711e9\" data-id=\"27711e9\" data-element_type=\"column\">\n\t\t\t<div class=\"elementor-widget-wrap elementor-element-populated\">\n\t\t\t\t\t\t<div class=\"elementor-element elementor-element-61553ec elementor-widget elementor-widget-text-editor\" data-id=\"61553ec\" data-element_type=\"widget\" data-widget_type=\"text-editor.default\">\n\t\t\t\t<div class=\"elementor-widget-container\">\n\t\t\t\t\t\t\t\t\t<ul><li style=\"font-weight: 400;\" aria-level=\"1\" class=\" translation-block\"><b>Editorial Design<\/b><span style=\"font-weight: 400\">: Printed publications that stand out for their design and content, such as books, magazines, fanzines, or catalogs. The submission format for this category is more flexible. Participants can submit just a spread within the specified dimensions or the complete work, tailored to the physical presentation that will be given at the exhibition.<\/span><\/li><li style=\"font-weight: 400;\" aria-level=\"1\"><b>Dise\u00f1o Editorial<\/b><span style=\"font-weight: 400;\">: Publicaciones impresas que destaquen por su dise\u00f1o y contenido, tales como libros, revistas, fanzines o cat\u00e1logos. El formato de entrega para esta categor\u00eda es m\u00e1s flexible. Los participantes pueden presentar solo un spread dentro de las dimensiones especificadas o bien el trabajo completo, adaptado a la presentaci\u00f3n f\u00edsica que se har\u00e1 en la exposici\u00f3n.<\/span><\/li><li style=\"font-weight: 400;\" aria-level=\"1\" class=\" translation-block\"><b>Typography<\/b><span style=\"font-weight: 400\">: Typographic designs presented in print formats, such as font specimens, typographic posters, or projects that highlight creativity in the use of type.<\/span><\/li><li style=\"font-weight: 400;\" aria-level=\"1\" class=\" translation-block\"><b>Augmented Reality and Interaction<\/b><span style=\"font-weight: 400\">: Works that integrate interactive or augmented reality elements, combining print with digital experiences. For example, pieces that, when scanned with mobile devices, trigger additional content.<\/span><\/li><li style=\"font-weight: 400;\" aria-level=\"1\"><b>Motion Graphics y Animaci\u00f3n<\/b><span style=\"font-weight: 400;\"><span style=\"font-weight: 400;\">: Proyectos de animaci\u00f3n o gr\u00e1ficos en movimiento que incluyan una representaci\u00f3n impresa complementaria, como secuencias de fotogramas, storyboards o p\u00f3sters que reflejen el proceso creativo.<\/span><\/span><\/li><li style=\"font-weight: 400;\" aria-level=\"1\" class=\" translation-block\"><span style=\"font-weight: 400\"><b>Photography<\/b>: Photographic works, both individual and collages, in which photography is an essential element. We are looking for pieces that explore creativity, composition, and the use of photography in its relationship with other visual elements.<\/li><\/ul>\t\t\t\t\t\t\t\t<\/div>\n\t\t\t\t<\/div>\n\t\t\t\t\t<\/div>\n\t\t<\/div>\n\t\t\t\t<div class=\"elementor-column elementor-col-50 elementor-inner-column elementor-element elementor-element-f79d782\" data-id=\"f79d782\" data-element_type=\"column\">\n\t\t\t<div class=\"elementor-widget-wrap elementor-element-populated\">\n\t\t\t\t\t\t<div class=\"elementor-element elementor-element-7526a81 elementor-widget elementor-widget-gallery\" data-id=\"7526a81\" data-element_type=\"widget\" data-settings=\"{&quot;gallery_layout&quot;:&quot;justified&quot;,&quot;ideal_row_height&quot;:{&quot;unit&quot;:&quot;px&quot;,&quot;size&quot;:400,&quot;sizes&quot;:[]},&quot;gap&quot;:{&quot;unit&quot;:&quot;px&quot;,&quot;size&quot;:15,&quot;sizes&quot;:[]},&quot;ideal_row_height_tablet&quot;:{&quot;unit&quot;:&quot;px&quot;,&quot;size&quot;:150,&quot;sizes&quot;:[]},&quot;ideal_row_height_mobile&quot;:{&quot;unit&quot;:&quot;px&quot;,&quot;size&quot;:150,&quot;sizes&quot;:[]},&quot;gap_tablet&quot;:{&quot;unit&quot;:&quot;px&quot;,&quot;size&quot;:10,&quot;sizes&quot;:[]},&quot;gap_mobile&quot;:{&quot;unit&quot;:&quot;px&quot;,&quot;size&quot;:10,&quot;sizes&quot;:[]},&quot;overlay_background&quot;:&quot;yes&quot;,&quot;content_hover_animation&quot;:&quot;fade-in&quot;}\" data-widget_type=\"gallery.default\">\n\t\t\t\t<div class=\"elementor-widget-container\">\n\t\t\t\t\t\t\t<div class=\"elementor-gallery__container\">\n\t\t\t\t\t\t\t<div class=\"e-gallery-item elementor-gallery-item elementor-animated-content\">\n\t\t\t\t\t<div class=\"e-gallery-image elementor-gallery-item__image\" data-thumbnail=\"https:\/\/designweekmexico.com\/wp-content\/uploads\/2025\/04\/ABLOOM_3-Luis-Carlos-Rodriguez-Aguayo.png\" data-width=\"2000\" data-height=\"3000\" aria-label=\"\" role=\"img\" ><\/div>\n\t\t\t\t\t\t\t\t\t\t\t<div class=\"elementor-gallery-item__overlay\"><\/div>\n\t\t\t\t\t\t\t\t\t\t\t\t\t\t<\/div>\n\t\t\t\t\t\t\t<div class=\"e-gallery-item elementor-gallery-item elementor-animated-content\">\n\t\t\t\t\t<div class=\"e-gallery-image elementor-gallery-item__image\" data-thumbnail=\"https:\/\/designweekmexico.com\/wp-content\/uploads\/2025\/04\/Reflejo.png\" data-width=\"1476\" data-height=\"1125\" aria-label=\"\" role=\"img\" ><\/div>\n\t\t\t\t\t\t\t\t\t\t\t<div class=\"elementor-gallery-item__overlay\"><\/div>\n\t\t\t\t\t\t\t\t\t\t\t\t\t\t<\/div>\n\t\t\t\t\t\t\t<div class=\"e-gallery-item elementor-gallery-item elementor-animated-content\">\n\t\t\t\t\t<div class=\"e-gallery-image elementor-gallery-item__image\" data-thumbnail=\"https:\/\/designweekmexico.com\/wp-content\/uploads\/2025\/04\/YHassan_PayphoneGreenhouse.png\" data-width=\"1713\" data-height=\"2173\" aria-label=\"\" role=\"img\" ><\/div>\n\t\t\t\t\t\t\t\t\t\t\t<div class=\"elementor-gallery-item__overlay\"><\/div>\n\t\t\t\t\t\t\t\t\t\t\t\t\t\t<\/div>\n\t\t\t\t\t\t\t<div class=\"e-gallery-item elementor-gallery-item elementor-animated-content\">\n\t\t\t\t\t<div class=\"e-gallery-image elementor-gallery-item__image\" data-thumbnail=\"https:\/\/designweekmexico.com\/wp-content\/uploads\/2025\/04\/DWMJavierArjona.png\" data-width=\"720\" data-height=\"1080\" aria-label=\"\" role=\"img\" ><\/div>\n\t\t\t\t\t\t\t\t\t\t\t<div class=\"elementor-gallery-item__overlay\"><\/div>\n\t\t\t\t\t\t\t\t\t\t\t\t\t\t<\/div>\n\t\t\t\t\t\t\t<div class=\"e-gallery-item elementor-gallery-item elementor-animated-content\">\n\t\t\t\t\t<div class=\"e-gallery-image elementor-gallery-item__image\" data-thumbnail=\"https:\/\/designweekmexico.com\/wp-content\/uploads\/2025\/04\/SOLO-CODIGO-ARDE-VILLANO-24-luis-fernando-perez-scaled.jpg\" data-width=\"2560\" data-height=\"1707\" aria-label=\"\" role=\"img\" ><\/div>\n\t\t\t\t\t\t\t\t\t\t\t<div class=\"elementor-gallery-item__overlay\"><\/div>\n\t\t\t\t\t\t\t\t\t\t\t\t\t\t<\/div>\n\t\t\t\t\t<\/div>\n\t\t\t\t\t<\/div>\n\t\t\t\t<\/div>\n\t\t\t\t<div class=\"elementor-element elementor-element-1adbe5b elementor-widget elementor-widget-text-editor\" data-id=\"1adbe5b\" data-element_type=\"widget\" data-widget_type=\"text-editor.default\">\n\t\t\t\t<div class=\"elementor-widget-container\">\n\t\t\t\t\t\t\t\t\t<p><strong><span data-sheets-root=\"1\">Abloom,<\/span><\/strong>\u00a0<span style=\"text-decoration: underline;\"><a href=\"https:\/\/shirobeta.com\/\">Shiro Beta.<\/a><\/span> <strong>Reflejo,<\/strong> <span style=\"text-decoration: underline;\"><a href=\"https:\/\/www.instagram.com\/bellabomdoll\">Marcelo Cant\u00fa.<\/a><\/span> <strong>Payphone Greenhouse, <\/strong><span style=\"text-decoration: underline;\"><a href=\"https:\/\/www.ysmnhssn.com\/\">Yasmine Hassan.<\/a><\/span> <span data-sheets-root=\"1\"><strong>Mapa mental 01,<\/strong> <span style=\"text-decoration: underline;\"><a href=\"https:\/\/www.rabiaweb.com\/\">Javier Arjona.<\/a><\/span> <strong>SOLO C\u00d3DIGO,<\/strong> <span style=\"text-decoration: underline;\"><a href=\"https:\/\/www.behance.net\/luisfeperez2\">Arde Villano.<\/a><\/span> Participants <span style=\"text-decoration: underline;\"><a href=\"https:\/\/designweekmexico.com\/programa\/print-2024\/\">PRINT 2024.<\/a><\/span><\/span><\/p>\t\t\t\t\t\t\t\t<\/div>\n\t\t\t\t<\/div>\n\t\t\t\t\t<\/div>\n\t\t<\/div>\n\t\t\t\t\t<\/div>\n\t\t<\/section>\n\t\t\t\t<div class=\"elementor-element elementor-element-2c531ec elementor-widget elementor-widget-gallery\" data-id=\"2c531ec\" data-element_type=\"widget\" data-settings=\"{&quot;gallery_layout&quot;:&quot;masonry&quot;,&quot;columns&quot;:3,&quot;gap&quot;:{&quot;unit&quot;:&quot;px&quot;,&quot;size&quot;:15,&quot;sizes&quot;:[]},&quot;columns_tablet&quot;:3,&quot;columns_mobile&quot;:3,&quot;gap_tablet&quot;:{&quot;unit&quot;:&quot;px&quot;,&quot;size&quot;:10,&quot;sizes&quot;:[]},&quot;gap_mobile&quot;:{&quot;unit&quot;:&quot;px&quot;,&quot;size&quot;:10,&quot;sizes&quot;:[]},&quot;overlay_background&quot;:&quot;yes&quot;,&quot;content_hover_animation&quot;:&quot;fade-in&quot;}\" data-widget_type=\"gallery.default\">\n\t\t\t\t<div class=\"elementor-widget-container\">\n\t\t\t\t\t\t\t<div class=\"elementor-gallery__container\">\n\t\t\t\t\t\t\t<div class=\"e-gallery-item elementor-gallery-item elementor-animated-content\">\n\t\t\t\t\t<div class=\"e-gallery-image elementor-gallery-item__image\" data-thumbnail=\"https:\/\/designweekmexico.com\/wp-content\/uploads\/2025\/04\/348478575_1395848894532804_460717079582018982_n.jpg\" data-width=\"1440\" data-height=\"1719\" aria-label=\"\" role=\"img\" ><\/div>\n\t\t\t\t\t\t\t\t\t\t\t<div class=\"elementor-gallery-item__overlay\"><\/div>\n\t\t\t\t\t\t\t\t\t\t\t\t\t\t<\/div>\n\t\t\t\t\t\t\t<div class=\"e-gallery-item elementor-gallery-item elementor-animated-content\">\n\t\t\t\t\t<div class=\"e-gallery-image elementor-gallery-item__image\" data-thumbnail=\"https:\/\/designweekmexico.com\/wp-content\/uploads\/2025\/04\/348649280_3495297910728806_4006055725018681530_n.jpg\" data-width=\"1440\" data-height=\"1719\" aria-label=\"\" role=\"img\" ><\/div>\n\t\t\t\t\t\t\t\t\t\t\t<div class=\"elementor-gallery-item__overlay\"><\/div>\n\t\t\t\t\t\t\t\t\t\t\t\t\t\t<\/div>\n\t\t\t\t\t\t\t<div class=\"e-gallery-item elementor-gallery-item elementor-animated-content\">\n\t\t\t\t\t<div class=\"e-gallery-image elementor-gallery-item__image\" data-thumbnail=\"https:\/\/designweekmexico.com\/wp-content\/uploads\/2025\/04\/349054303_914863962936073_3377685118009491511_n.jpg\" data-width=\"1440\" data-height=\"1721\" aria-label=\"\" role=\"img\" ><\/div>\n\t\t\t\t\t\t\t\t\t\t\t<div class=\"elementor-gallery-item__overlay\"><\/div>\n\t\t\t\t\t\t\t\t\t\t\t\t\t\t<\/div>\n\t\t\t\t\t<\/div>\n\t\t\t\t\t<\/div>\n\t\t\t\t<\/div>\n\t\t\t\t<div class=\"elementor-element elementor-element-6426df1 elementor-widget elementor-widget-text-editor\" data-id=\"6426df1\" data-element_type=\"widget\" data-widget_type=\"text-editor.default\">\n\t\t\t\t<div class=\"elementor-widget-container\">\n\t\t\t\t\t\t\t\t\t<p><strong>\u201cBaraja\u201d &#8211; Primera Edici\u00f3n<\/strong><b>, <\/b>Arte: <span style=\"text-decoration: underline;\"><a href=\"https:\/\/www.instagram.com\/findelmundo.studio\/\">Fin del Mundo<\/a><a href=\"https:\/\/www.instagram.com\/findelmundo.studio\/\"> Studio. <\/a><\/span>(@findelmundo.studio) Fotograf\u00eda: <span style=\"text-decoration: underline;\"><a href=\"https:\/\/www.instagram.com\/k.vv.n\/\">Kevin V\u00e1squez<\/a><\/span> (@k.vv.n). Special Guest PRINT 2024.<\/p>\t\t\t\t\t\t\t\t<\/div>\n\t\t\t\t<\/div>\n\t\t\t\t\t<\/div>\n\t\t<\/div>\n\t\t\t\t\t<\/div>\n\t\t<\/section>\n\t\t\t\t<section class=\"elementor-section elementor-top-section elementor-element elementor-element-30d50e7 elementor-section-boxed elementor-section-height-default elementor-section-height-default\" data-id=\"30d50e7\" data-element_type=\"section\" data-settings=\"{&quot;_ha_eqh_enable&quot;:false}\">\n\t\t\t\t\t\t<div class=\"elementor-container elementor-column-gap-default\">\n\t\t\t\t\t<div class=\"elementor-column elementor-col-100 elementor-top-column elementor-element elementor-element-7f6e81a\" data-id=\"7f6e81a\" data-element_type=\"column\">\n\t\t\t<div class=\"elementor-widget-wrap elementor-element-populated\">\n\t\t\t\t\t\t<div class=\"elementor-element elementor-element-47a008b elementor-widget-divider--view-line elementor-widget elementor-widget-divider\" data-id=\"47a008b\" data-element_type=\"widget\" data-widget_type=\"divider.default\">\n\t\t\t\t<div class=\"elementor-widget-container\">\n\t\t\t\t\t\t\t<div class=\"elementor-divider\">\n\t\t\t<span class=\"elementor-divider-separator\">\n\t\t\t\t\t\t<\/span>\n\t\t<\/div>\n\t\t\t\t\t\t<\/div>\n\t\t\t\t<\/div>\n\t\t\t\t<div class=\"elementor-element elementor-element-be5011e elementor-widget elementor-widget-heading\" data-id=\"be5011e\" data-element_type=\"widget\" data-widget_type=\"heading.default\">\n\t\t\t\t<div class=\"elementor-widget-container\">\n\t\t\t\t\t<h1 class=\"elementor-heading-title elementor-size-default\">HOW TO PARTICIPATE<\/h1>\t\t\t\t<\/div>\n\t\t\t\t<\/div>\n\t\t\t\t<section class=\"elementor-section elementor-inner-section elementor-element elementor-element-7507b42 elementor-section-boxed elementor-section-height-default elementor-section-height-default\" data-id=\"7507b42\" data-element_type=\"section\" data-settings=\"{&quot;_ha_eqh_enable&quot;:false}\">\n\t\t\t\t\t\t<div class=\"elementor-container elementor-column-gap-default\">\n\t\t\t\t\t<div class=\"elementor-column elementor-col-50 elementor-inner-column elementor-element elementor-element-77ed4d7\" data-id=\"77ed4d7\" data-element_type=\"column\">\n\t\t\t<div class=\"elementor-widget-wrap elementor-element-populated\">\n\t\t\t\t\t\t<div class=\"elementor-element elementor-element-28af97d elementor-widget elementor-widget-text-editor\" data-id=\"28af97d\" data-element_type=\"widget\" data-widget_type=\"text-editor.default\">\n\t\t\t\t<div class=\"elementor-widget-container\">\n\t\t\t\t\t\t\t\t\t<ol><li style=\"font-weight: 400;\" aria-level=\"1\" class=\" translation-block\"><b>Registration<\/b><span style=\"font-weight: 400\">: Complete the registration form available <span style=\"text-decoration: underline\"><a href=\"https:\/\/forms.gle\/UThD1pR9gvjvz68X6\" target=\"_self\">here.<\/a><\/span> The recovery fee only applies if you are selected.<\/span><\/li><li style=\"font-weight: 400;\" aria-level=\"1\" class=\" translation-block\"><b>Proposal Submission<\/b><span style=\"font-weight: 400\">: Attach images or renderings of the proposed work along with a brief description that includes details about the technique, materials, and concept of the piece.<\/span><\/li><li style=\"font-weight: 400;\" aria-level=\"1\" class=\" translation-block\"><b>Selection of participants<\/b><span style=\"font-weight: 400\"><span style=\"font-weight: 400\">: A specialized jury will review the proposals and select those that will be part of the exhibition.<\/span><\/span><\/li><li style=\"font-weight: 400;\" aria-level=\"1\" class=\" translation-block\"><span style=\"font-weight: 400\"><b>Delivery of printed work<\/b>: Selected participants must deliver their printed piece following the specifications mentioned, within the indicated period.<\/span><\/li><\/ol>\t\t\t\t\t\t\t\t<\/div>\n\t\t\t\t<\/div>\n\t\t\t\t<div class=\"elementor-element elementor-element-ae72fde elementor-widget elementor-widget-button\" data-id=\"ae72fde\" data-element_type=\"widget\" data-widget_type=\"button.default\">\n\t\t\t\t<div class=\"elementor-widget-container\">\n\t\t\t\t\t\t\t\t\t<div class=\"elementor-button-wrapper\">\n\t\t\t\t\t<a class=\"elementor-button elementor-button-link elementor-size-lg\" href=\"https:\/\/forms.gle\/UThD1pR9gvjvz68X6\" target=\"_blank\">\n\t\t\t\t\t\t<span class=\"elementor-button-content-wrapper\">\n\t\t\t\t\t\t\t\t\t<span class=\"elementor-button-text\">Register Now<\/span>\n\t\t\t\t\t<\/span>\n\t\t\t\t\t<\/a>\n\t\t\t\t<\/div>\n\t\t\t\t\t\t\t\t<\/div>\n\t\t\t\t<\/div>\n\t\t\t\t\t<\/div>\n\t\t<\/div>\n\t\t\t\t<div class=\"elementor-column elementor-col-50 elementor-inner-column elementor-element elementor-element-370b67c\" data-id=\"370b67c\" data-element_type=\"column\">\n\t\t\t<div class=\"elementor-widget-wrap elementor-element-populated\">\n\t\t\t\t\t\t<div class=\"elementor-element elementor-element-0179060 elementor-widget elementor-widget-image\" data-id=\"0179060\" data-element_type=\"widget\" data-widget_type=\"image.default\">\n\t\t\t\t<div class=\"elementor-widget-container\">\n\t\t\t\t\t\t\t\t\t\t\t\t\t\t\t<img loading=\"lazy\" decoding=\"async\" data-attachment-id=\"20887\" data-permalink=\"https:\/\/designweekmexico.com\/en\/convocatorias-2025\/convocatoria-print-2025\/attachment\/a-donde-se-fue-el-alma-imprimir\/\" data-orig-file=\"https:\/\/designweekmexico.com\/wp-content\/uploads\/2025\/04\/A-donde-se-fue-el-ALMA-imprimir-.png\" data-orig-size=\"720,1080\" data-comments-opened=\"1\" data-image-meta=\"{&quot;aperture&quot;:&quot;0&quot;,&quot;credit&quot;:&quot;&quot;,&quot;camera&quot;:&quot;&quot;,&quot;caption&quot;:&quot;&quot;,&quot;created_timestamp&quot;:&quot;0&quot;,&quot;copyright&quot;:&quot;&quot;,&quot;focal_length&quot;:&quot;0&quot;,&quot;iso&quot;:&quot;0&quot;,&quot;shutter_speed&quot;:&quot;0&quot;,&quot;title&quot;:&quot;&quot;,&quot;orientation&quot;:&quot;0&quot;}\" data-image-title=\"A donde se fue el ALMA imprimir\" data-image-description=\"\" data-image-caption=\"\" data-medium-file=\"https:\/\/designweekmexico.com\/wp-content\/uploads\/2025\/04\/A-donde-se-fue-el-ALMA-imprimir--200x300.png\" data-large-file=\"https:\/\/designweekmexico.com\/wp-content\/uploads\/2025\/04\/A-donde-se-fue-el-ALMA-imprimir--683x1024.png\" width=\"683\" height=\"1024\" src=\"https:\/\/designweekmexico.com\/wp-content\/uploads\/2025\/04\/A-donde-se-fue-el-ALMA-imprimir--683x1024.png\" class=\"attachment-large size-large wp-image-20887\" alt=\"\" srcset=\"https:\/\/designweekmexico.com\/wp-content\/uploads\/2025\/04\/A-donde-se-fue-el-ALMA-imprimir--683x1024.png 683w, https:\/\/designweekmexico.com\/wp-content\/uploads\/2025\/04\/A-donde-se-fue-el-ALMA-imprimir--200x300.png 200w, https:\/\/designweekmexico.com\/wp-content\/uploads\/2025\/04\/A-donde-se-fue-el-ALMA-imprimir--8x12.png 8w, https:\/\/designweekmexico.com\/wp-content\/uploads\/2025\/04\/A-donde-se-fue-el-ALMA-imprimir--400x600.png 400w, https:\/\/designweekmexico.com\/wp-content\/uploads\/2025\/04\/A-donde-se-fue-el-ALMA-imprimir-.png 720w\" sizes=\"(max-width: 683px) 100vw, 683px\" \/>\t\t\t\t\t\t\t\t\t\t\t\t\t\t\t<\/div>\n\t\t\t\t<\/div>\n\t\t\t\t<div class=\"elementor-element elementor-element-01eb0e9 elementor-widget elementor-widget-text-editor\" data-id=\"01eb0e9\" data-element_type=\"widget\" data-widget_type=\"text-editor.default\">\n\t\t\t\t<div class=\"elementor-widget-container\">\n\t\t\t\t\t\t\t\t\t<p><strong><span data-sheets-root=\"1\">A donde se fue el ALMA<\/span>, <\/strong><span style=\"text-decoration: underline;\"><a href=\"https:\/\/www.instagram.com\/a.starboy1999\">Jos\u00e9 Mauricio.<\/a><\/span> Prize Winner <span style=\"text-decoration: underline;\"><a href=\"https:\/\/designweekmexico.com\/programa\/print-2024\/\/\">Print 2024.<\/a><\/span><\/p>\t\t\t\t\t\t\t\t<\/div>\n\t\t\t\t<\/div>\n\t\t\t\t\t<\/div>\n\t\t<\/div>\n\t\t\t\t\t<\/div>\n\t\t<\/section>\n\t\t\t\t\t<\/div>\n\t\t<\/div>\n\t\t\t\t\t<\/div>\n\t\t<\/section>\n\t\t\t\t<section class=\"elementor-section elementor-top-section elementor-element elementor-element-4a1a9e7 elementor-section-boxed elementor-section-height-default elementor-section-height-default\" data-id=\"4a1a9e7\" data-element_type=\"section\" data-settings=\"{&quot;_ha_eqh_enable&quot;:false}\">\n\t\t\t\t\t\t<div class=\"elementor-container elementor-column-gap-default\">\n\t\t\t\t\t<div class=\"elementor-column elementor-col-100 elementor-top-column elementor-element elementor-element-0461262\" data-id=\"0461262\" data-element_type=\"column\">\n\t\t\t<div class=\"elementor-widget-wrap elementor-element-populated\">\n\t\t\t\t\t\t<div class=\"elementor-element elementor-element-6790775 elementor-widget-divider--view-line elementor-widget elementor-widget-divider\" data-id=\"6790775\" data-element_type=\"widget\" data-widget_type=\"divider.default\">\n\t\t\t\t<div class=\"elementor-widget-container\">\n\t\t\t\t\t\t\t<div class=\"elementor-divider\">\n\t\t\t<span class=\"elementor-divider-separator\">\n\t\t\t\t\t\t<\/span>\n\t\t<\/div>\n\t\t\t\t\t\t<\/div>\n\t\t\t\t<\/div>\n\t\t\t\t<div class=\"elementor-element elementor-element-11a966b elementor-widget elementor-widget-heading\" data-id=\"11a966b\" data-element_type=\"widget\" data-widget_type=\"heading.default\">\n\t\t\t\t<div class=\"elementor-widget-container\">\n\t\t\t\t\t<h1 class=\"elementor-heading-title elementor-size-default\">ENMARCADO Y PRESENTACI\u00d3N<\/h1>\t\t\t\t<\/div>\n\t\t\t\t<\/div>\n\t\t\t\t<div class=\"elementor-element elementor-element-a9f1f97 elementor-widget elementor-widget-text-editor\" data-id=\"a9f1f97\" data-element_type=\"widget\" data-widget_type=\"text-editor.default\">\n\t\t\t\t<div class=\"elementor-widget-container\">\n\t\t\t\t\t\t\t\t\t<p><span style=\"font-weight: 400;\">Las piezas ser\u00e1n presentadas utilizando formatos est\u00e1ndar determinados por Design Week M\u00e9xico, con el objetivo de garantizar una presentaci\u00f3n uniforme y facilitar el montaje.<\/span><\/p><p class=\" translation-block\"><span style=\"font-weight: 400\">This will also facilitate the evaluation of the pieces for the selection of <\/span><b>honorable mentions<\/b><span style=\"font-weight: 400\"> and the <\/span><b>Print 2025 Award.<\/b><span style=\"font-weight: 400\"> At the end of the exhibition, the printed works will be returned to the participants.<\/span><\/p>\t\t\t\t\t\t\t\t<\/div>\n\t\t\t\t<\/div>\n\t\t\t\t<div class=\"elementor-element elementor-element-bb53195 elementor-widget elementor-widget-image\" data-id=\"bb53195\" data-element_type=\"widget\" data-widget_type=\"image.default\">\n\t\t\t\t<div class=\"elementor-widget-container\">\n\t\t\t\t\t\t\t\t\t\t\t\t\t\t\t<img loading=\"lazy\" decoding=\"async\" data-attachment-id=\"20903\" data-permalink=\"https:\/\/designweekmexico.com\/en\/convocatorias-2025\/convocatoria-print-2025\/attachment\/enmarcado-print-2025\/\" data-orig-file=\"https:\/\/designweekmexico.com\/wp-content\/uploads\/2025\/04\/enmarcado-print-2025.png\" data-orig-size=\"4624,2494\" data-comments-opened=\"1\" data-image-meta=\"{&quot;aperture&quot;:&quot;0&quot;,&quot;credit&quot;:&quot;&quot;,&quot;camera&quot;:&quot;&quot;,&quot;caption&quot;:&quot;&quot;,&quot;created_timestamp&quot;:&quot;0&quot;,&quot;copyright&quot;:&quot;&quot;,&quot;focal_length&quot;:&quot;0&quot;,&quot;iso&quot;:&quot;0&quot;,&quot;shutter_speed&quot;:&quot;0&quot;,&quot;title&quot;:&quot;&quot;,&quot;orientation&quot;:&quot;0&quot;}\" data-image-title=\"enmarcado print 2025\" data-image-description=\"\" data-image-caption=\"\" data-medium-file=\"https:\/\/designweekmexico.com\/wp-content\/uploads\/2025\/04\/enmarcado-print-2025-300x162.png\" data-large-file=\"https:\/\/designweekmexico.com\/wp-content\/uploads\/2025\/04\/enmarcado-print-2025-1024x552.png\" width=\"4624\" height=\"2494\" src=\"https:\/\/designweekmexico.com\/wp-content\/uploads\/2025\/04\/enmarcado-print-2025.png\" class=\"attachment-full size-full wp-image-20903\" alt=\"\" srcset=\"https:\/\/designweekmexico.com\/wp-content\/uploads\/2025\/04\/enmarcado-print-2025.png 4624w, https:\/\/designweekmexico.com\/wp-content\/uploads\/2025\/04\/enmarcado-print-2025-300x162.png 300w, https:\/\/designweekmexico.com\/wp-content\/uploads\/2025\/04\/enmarcado-print-2025-1024x552.png 1024w, https:\/\/designweekmexico.com\/wp-content\/uploads\/2025\/04\/enmarcado-print-2025-768x414.png 768w, https:\/\/designweekmexico.com\/wp-content\/uploads\/2025\/04\/enmarcado-print-2025-1536x828.png 1536w, https:\/\/designweekmexico.com\/wp-content\/uploads\/2025\/04\/enmarcado-print-2025-2048x1105.png 2048w, https:\/\/designweekmexico.com\/wp-content\/uploads\/2025\/04\/enmarcado-print-2025-18x10.png 18w, https:\/\/designweekmexico.com\/wp-content\/uploads\/2025\/04\/enmarcado-print-2025-600x324.png 600w, https:\/\/designweekmexico.com\/wp-content\/uploads\/2025\/04\/enmarcado-print-2025-1920x1036.png 1920w\" sizes=\"(max-width: 4624px) 100vw, 4624px\" \/>\t\t\t\t\t\t\t\t\t\t\t\t\t\t\t<\/div>\n\t\t\t\t<\/div>\n\t\t\t\t<div class=\"elementor-element elementor-element-2ad8ebc elementor-widget elementor-widget-text-editor\" data-id=\"2ad8ebc\" data-element_type=\"widget\" data-widget_type=\"text-editor.default\">\n\t\t\t\t<div class=\"elementor-widget-container\">\n\t\t\t\t\t\t\t\t\t<p><strong>Koskatl_G V1, <\/strong><span style=\"text-decoration: underline;\"><a href=\"https:\/\/www.instagram.com\/dos_viento\/\">Ome Ehekatl 2023.<\/a><\/span> <span data-sheets-root=\"1\"><strong>Accesorio de Itzpapalotl,<\/strong> <span style=\"text-decoration: underline;\"><a href=\"https:\/\/www.instagram.com\/paaru_pinku\">Ileana Moreno.<\/a><\/span> <strong>Tlaokoya In,<\/strong> <span style=\"text-decoration: underline;\"><a href=\"https:\/\/www.instagram.com\/dos_viento\/\">Ome Ehekatl 2023.<\/a><\/span> PRINT 2024 Participants.<\/span><\/p>\t\t\t\t\t\t\t\t<\/div>\n\t\t\t\t<\/div>\n\t\t\t\t<div class=\"elementor-element elementor-element-e510b93 elementor-widget-divider--view-line elementor-widget elementor-widget-divider\" data-id=\"e510b93\" data-element_type=\"widget\" data-widget_type=\"divider.default\">\n\t\t\t\t<div class=\"elementor-widget-container\">\n\t\t\t\t\t\t\t<div class=\"elementor-divider\">\n\t\t\t<span class=\"elementor-divider-separator\">\n\t\t\t\t\t\t<\/span>\n\t\t<\/div>\n\t\t\t\t\t\t<\/div>\n\t\t\t\t<\/div>\n\t\t\t\t<div class=\"elementor-element elementor-element-869e04f elementor-widget elementor-widget-heading\" data-id=\"869e04f\" data-element_type=\"widget\" data-widget_type=\"heading.default\">\n\t\t\t\t<div class=\"elementor-widget-container\">\n\t\t\t\t\t<h1 class=\"elementor-heading-title elementor-size-default\">PRINTS SPECIFICATIONS <\/h1>\t\t\t\t<\/div>\n\t\t\t\t<\/div>\n\t\t\t\t<div class=\"elementor-element elementor-element-db08abf elementor-widget elementor-widget-text-editor\" data-id=\"db08abf\" data-element_type=\"widget\" data-widget_type=\"text-editor.default\">\n\t\t\t\t<div class=\"elementor-widget-container\">\n\t\t\t\t\t\t\t\t\t<p><span style=\"font-weight: 400;\">Para asegurar una presentaci\u00f3n uniforme y de alta calidad, todas las piezas deben entregarse ya impresas bajo las siguientes especificaciones <\/span><b>solo si eres seleccionado para la exposici\u00f3n en octubre 2025<\/b><span style=\"font-weight: 400;\">:<\/span><\/p>\t\t\t\t\t\t\t\t<\/div>\n\t\t\t\t<\/div>\n\t\t\t\t<div class=\"elementor-element elementor-element-5f70de0 elementor-widget elementor-widget-heading\" data-id=\"5f70de0\" data-element_type=\"widget\" data-widget_type=\"heading.default\">\n\t\t\t\t<div class=\"elementor-widget-container\">\n\t\t\t\t\t<h2 class=\"elementor-heading-title elementor-size-default\">Tama\u00f1os<\/h2>\t\t\t\t<\/div>\n\t\t\t\t<\/div>\n\t\t\t\t<div class=\"elementor-element elementor-element-7fd4752 elementor-widget elementor-widget-text-editor\" data-id=\"7fd4752\" data-element_type=\"widget\" data-widget_type=\"text-editor.default\">\n\t\t\t\t<div class=\"elementor-widget-container\">\n\t\t\t\t\t\t\t\t\t<ul><li style=\"font-weight: 400;\" aria-level=\"1\" class=\" translation-block\"><b>3:2 (Vertical or horizontal):<\/b><span style=\"font-weight: 400\"><br><\/span><span style=\"font-weight: 400\">91x61cm (Full Canvas)<\/span><span style=\"font-weight: 400\"><br><\/span><span style=\"font-weight: 400\">70x50cm (Will be mounted with passe-partout)<\/span><span style=\"font-weight: 400\"><br><br><\/span><\/li><li style=\"font-weight: 400;\" aria-level=\"1\" class=\" translation-block\"><b>1:1 (Square):<\/b><span style=\"font-weight: 400\"><br><\/span><span style=\"font-weight: 400\">50x50cm (Will be assembled with passe-partout)<br><\/span><span style=\"font-weight: 400\"><br><\/span><\/li><li style=\"font-weight: 400;\" aria-level=\"1\" class=\" translation-block\"><span style=\"font-weight: 400\">You can suggest a different size as long as it fits within the 91x61cm canvas. It will be mounted with passe-partout. <b>Free formats may be considered at the discretion of the museum team.<\/b><\/span><\/li><\/ul>\t\t\t\t\t\t\t\t<\/div>\n\t\t\t\t<\/div>\n\t\t\t\t<div class=\"elementor-element elementor-element-579522f elementor-widget elementor-widget-heading\" data-id=\"579522f\" data-element_type=\"widget\" data-widget_type=\"heading.default\">\n\t\t\t\t<div class=\"elementor-widget-container\">\n\t\t\t\t\t<h2 class=\"elementor-heading-title elementor-size-default\">Paper<\/h2>\t\t\t\t<\/div>\n\t\t\t\t<\/div>\n\t\t\t\t<div class=\"elementor-element elementor-element-30c810b elementor-widget elementor-widget-text-editor\" data-id=\"30c810b\" data-element_type=\"widget\" data-widget_type=\"text-editor.default\">\n\t\t\t\t<div class=\"elementor-widget-container\">\n\t\t\t\t\t\t\t\t\t<p><span style=\"font-weight: 400;\">Recommended options:<\/span><\/p><ul><li style=\"font-weight: 400;\" aria-level=\"1\"><span style=\"font-weight: 400;\">Natural fiber paper<\/span><\/li><li style=\"font-weight: 400;\" aria-level=\"1\"><span style=\"font-weight: 400;\">Papel fotogr\u00e1fico<\/span><\/li><li style=\"font-weight: 400;\" aria-level=\"1\"><span style=\"font-weight: 400;\">Textured paper<\/span><\/li><\/ul>\t\t\t\t\t\t\t\t<\/div>\n\t\t\t\t<\/div>\n\t\t\t\t<div class=\"elementor-element elementor-element-979178b elementor-widget elementor-widget-heading\" data-id=\"979178b\" data-element_type=\"widget\" data-widget_type=\"heading.default\">\n\t\t\t\t<div class=\"elementor-widget-container\">\n\t\t\t\t\t<h2 class=\"elementor-heading-title elementor-size-default\">M\u00e9todos de impresi\u00f3n sugeridos<\/h2>\t\t\t\t<\/div>\n\t\t\t\t<\/div>\n\t\t\t\t<div class=\"elementor-element elementor-element-63ea5d4 elementor-widget elementor-widget-text-editor\" data-id=\"63ea5d4\" data-element_type=\"widget\" data-widget_type=\"text-editor.default\">\n\t\t\t\t<div class=\"elementor-widget-container\">\n\t\t\t\t\t\t\t\t\t<p class=\" translation-block\"><b>Risography:<\/b><span style=\"font-weight: 400\"> Allows for creative and unique results. This printing system has size limitations; please contact us for assembly details.<\/span><\/p><p><b>Risograf\u00eda:<\/b><span style=\"font-weight: 400;\"> Permite resultados creativos y \u00fanicos. Este sistema de impresi\u00f3n presenta limitaciones de tama\u00f1o, puedes consultarnos para resolver el montaje.<\/span><\/p><p class=\" translation-block\"><b>Collage or mixed printing<\/b><span style=\"font-weight: 400\">: The combination of printing techniques can be accepted to generate hybrid pieces that play with different textures and materials.<\/span><\/p><p><b>Collage o impresi\u00f3n mixta<\/b><span style=\"font-weight: 400;\">: Se puede aceptar la combinaci\u00f3n de t\u00e9cnicas de impresi\u00f3n para generar piezas h\u00edbridas que jueguen con texturas y materiales distintos.<\/span><\/p>\t\t\t\t\t\t\t\t<\/div>\n\t\t\t\t<\/div>\n\t\t\t\t<div class=\"elementor-element elementor-element-3b80c6e elementor-widget elementor-widget-heading\" data-id=\"3b80c6e\" data-element_type=\"widget\" data-widget_type=\"heading.default\">\n\t\t\t\t<div class=\"elementor-widget-container\">\n\t\t\t\t\t<h2 class=\"elementor-heading-title elementor-size-default\">File formats for recording the piece<\/h2>\t\t\t\t<\/div>\n\t\t\t\t<\/div>\n\t\t\t\t<div class=\"elementor-element elementor-element-0292bbe elementor-widget elementor-widget-text-editor\" data-id=\"0292bbe\" data-element_type=\"widget\" data-widget_type=\"text-editor.default\">\n\t\t\t\t<div class=\"elementor-widget-container\">\n\t\t\t\t\t\t\t\t\t<p class=\" translation-block\"><b style=\"font-family: inherit;font-size: inherit;font-style: inherit\">Images:<\/b><span style=\"font-family: inherit;font-size: inherit;font-style: inherit\"> PNG, JPG, PDF (72-150 ppi, maximum 5MB)<\/span><\/p><p class=\" translation-block\"><b>Videos\/ Motion Graphics:<\/b><span style=\"font-weight: 400\"> GIF, MP4 (maximum 10MB)<\/span><\/p><p class=\" translation-block\"><b>Augmented Reality:<\/b><span style=\"font-weight: 400\"> Include clear viewing instructions. These instructions must allow the piece to be evaluated by Design Week Mexico to determine if it is selected.<\/span><\/p>\t\t\t\t\t\t\t\t<\/div>\n\t\t\t\t<\/div>\n\t\t\t\t\t<\/div>\n\t\t<\/div>\n\t\t\t\t\t<\/div>\n\t\t<\/section>\n\t\t\t\t<section class=\"elementor-section elementor-top-section elementor-element elementor-element-7b48a3b elementor-section-boxed elementor-section-height-default elementor-section-height-default\" data-id=\"7b48a3b\" data-element_type=\"section\" data-settings=\"{&quot;background_background&quot;:&quot;classic&quot;,&quot;_ha_eqh_enable&quot;:false}\">\n\t\t\t\t\t\t<div class=\"elementor-container elementor-column-gap-default\">\n\t\t\t\t\t<div class=\"elementor-column elementor-col-100 elementor-top-column elementor-element elementor-element-9551327\" data-id=\"9551327\" data-element_type=\"column\">\n\t\t\t<div class=\"elementor-widget-wrap elementor-element-populated\">\n\t\t\t\t\t\t<div class=\"elementor-element elementor-element-862006d elementor-widget elementor-widget-text-editor\" data-id=\"862006d\" data-element_type=\"widget\" data-widget_type=\"text-editor.default\">\n\t\t\t\t<div class=\"elementor-widget-container\">\n\t\t\t\t\t\t\t\t\t<p class=\" translation-block\"><b>Note:<\/b><span style=\"font-weight: 400\">Each participant is responsible for printing their artwork and must ensure that it meets the specifications mentioned above to maintain the consistency and quality of the exhibition. If you have any questions, please contact us.<\/span><\/p>\t\t\t\t\t\t\t\t<\/div>\n\t\t\t\t<\/div>\n\t\t\t\t\t<\/div>\n\t\t<\/div>\n\t\t\t\t\t<\/div>\n\t\t<\/section>\n\t\t\t\t<section class=\"elementor-section elementor-top-section elementor-element elementor-element-96262b5 elementor-section-boxed elementor-section-height-default elementor-section-height-default\" data-id=\"96262b5\" data-element_type=\"section\" data-settings=\"{&quot;_ha_eqh_enable&quot;:false}\">\n\t\t\t\t\t\t<div class=\"elementor-container elementor-column-gap-default\">\n\t\t\t\t\t<div class=\"elementor-column elementor-col-100 elementor-top-column elementor-element elementor-element-2f12c5e\" data-id=\"2f12c5e\" data-element_type=\"column\">\n\t\t\t<div class=\"elementor-widget-wrap elementor-element-populated\">\n\t\t\t\t\t\t<div class=\"elementor-element elementor-element-5f3a13c elementor-widget-divider--view-line elementor-widget elementor-widget-divider\" data-id=\"5f3a13c\" data-element_type=\"widget\" data-widget_type=\"divider.default\">\n\t\t\t\t<div class=\"elementor-widget-container\">\n\t\t\t\t\t\t\t<div class=\"elementor-divider\">\n\t\t\t<span class=\"elementor-divider-separator\">\n\t\t\t\t\t\t<\/span>\n\t\t<\/div>\n\t\t\t\t\t\t<\/div>\n\t\t\t\t<\/div>\n\t\t\t\t<div class=\"elementor-element elementor-element-7afec54 elementor-widget elementor-widget-heading\" data-id=\"7afec54\" data-element_type=\"widget\" data-widget_type=\"heading.default\">\n\t\t\t\t<div class=\"elementor-widget-container\">\n\t\t\t\t\t<h1 class=\"elementor-heading-title elementor-size-default\">BENEFITS<\/h1>\t\t\t\t<\/div>\n\t\t\t\t<\/div>\n\t\t\t\t<section class=\"elementor-section elementor-inner-section elementor-element elementor-element-f9972b9 elementor-section-boxed elementor-section-height-default elementor-section-height-default\" data-id=\"f9972b9\" data-element_type=\"section\" data-settings=\"{&quot;_ha_eqh_enable&quot;:false}\">\n\t\t\t\t\t\t<div class=\"elementor-container elementor-column-gap-default\">\n\t\t\t\t\t<div class=\"elementor-column elementor-col-50 elementor-inner-column elementor-element elementor-element-bb249bf\" data-id=\"bb249bf\" data-element_type=\"column\">\n\t\t\t<div class=\"elementor-widget-wrap elementor-element-populated\">\n\t\t\t\t\t\t<div class=\"elementor-element elementor-element-4a6b76b elementor-widget elementor-widget-text-editor\" data-id=\"4a6b76b\" data-element_type=\"widget\" data-widget_type=\"text-editor.default\">\n\t\t\t\t<div class=\"elementor-widget-container\">\n\t\t\t\t\t\t\t\t\t<ul><li style=\"font-weight: 400;\" aria-level=\"1\" class=\" translation-block\"><b>Featured Exhibition<\/b><span style=\"font-weight: 400\">: Selected pieces will be exhibited during <\/span><b>Design Week M\u00e9xico 2025<\/b><span style=\"font-weight: 400\">, an internationally recognized event in the world of design, ensuring wide visibility for artists and their work.<\/span><span style=\"font-weight: 400\"><br><\/span><\/li><li style=\"font-weight: 400;\" aria-level=\"1\" class=\" translation-block\"><b>Prize and Mentions<\/b><span style=\"font-weight: 400\">: The jury will award a prize of $20,000 MXN to the most outstanding piece. In addition, an honorable mention will be given to the most outstanding pieces within each category.<\/span><span style=\"font-weight: 400\"><br><\/span><\/li><li style=\"font-weight: 400;\" aria-level=\"1\" class=\" translation-block\"><b>Media Coverage<\/b><span style=\"font-weight: 400\">: The exhibition will be covered in specialized media, social networks and platforms associated with Design Week Mexico, which will provide additional exposure to the selected works and their authors.<\/span><span style=\"font-weight: 400\"><br><\/span><\/li><li style=\"font-weight: 400;\" aria-level=\"1\" class=\" translation-block\"><b>Possibilities for alliances and contacts<\/b><span style=\"font-weight: 400\">: Those selected will have the opportunity to establish relationships with other design professionals, brands, and collaborators in the creative field. The exhibition will serve as a meeting point to strengthen networking and business opportunities in the design and illustration industry.<\/span><span style=\"font-weight: 400\"><br><b><\/b><\/span><\/li><li style=\"font-weight: 400;\" aria-level=\"1\" class=\" translation-block\"><span style=\"font-weight: 400\"><b>Participation in a high-profile platform<\/b>: PRINT is one of the most relevant exhibitions within Design Week Mexico, so those selected will be part of an innovative and high-quality curatorial proposal.<\/span><\/li><\/ul>\t\t\t\t\t\t\t\t<\/div>\n\t\t\t\t<\/div>\n\t\t\t\t\t<\/div>\n\t\t<\/div>\n\t\t\t\t<div class=\"elementor-column elementor-col-50 elementor-inner-column elementor-element elementor-element-e81884b\" data-id=\"e81884b\" data-element_type=\"column\">\n\t\t\t<div class=\"elementor-widget-wrap elementor-element-populated\">\n\t\t\t\t\t\t<div class=\"elementor-element elementor-element-988b2b2 elementor-widget elementor-widget-image\" data-id=\"988b2b2\" data-element_type=\"widget\" data-widget_type=\"image.default\">\n\t\t\t\t<div class=\"elementor-widget-container\">\n\t\t\t\t\t\t\t\t\t\t\t\t\t\t\t<img loading=\"lazy\" decoding=\"async\" data-attachment-id=\"20905\" data-permalink=\"https:\/\/designweekmexico.com\/en\/convocatorias-2025\/convocatoria-print-2025\/attachment\/print24-ma\/\" data-orig-file=\"https:\/\/designweekmexico.com\/wp-content\/uploads\/2025\/04\/print24-ma-scaled.jpg\" data-orig-size=\"1920,2560\" data-comments-opened=\"1\" data-image-meta=\"{&quot;aperture&quot;:&quot;1.6&quot;,&quot;credit&quot;:&quot;&quot;,&quot;camera&quot;:&quot;iPhone 12 mini&quot;,&quot;caption&quot;:&quot;&quot;,&quot;created_timestamp&quot;:&quot;1730388426&quot;,&quot;copyright&quot;:&quot;&quot;,&quot;focal_length&quot;:&quot;4.2&quot;,&quot;iso&quot;:&quot;80&quot;,&quot;shutter_speed&quot;:&quot;0.0083333333333333&quot;,&quot;title&quot;:&quot;&quot;,&quot;orientation&quot;:&quot;1&quot;}\" data-image-title=\"print24-ma\" data-image-description=\"\" data-image-caption=\"\" data-medium-file=\"https:\/\/designweekmexico.com\/wp-content\/uploads\/2025\/04\/print24-ma-225x300.jpg\" data-large-file=\"https:\/\/designweekmexico.com\/wp-content\/uploads\/2025\/04\/print24-ma-768x1024.jpg\" width=\"1920\" height=\"2560\" src=\"https:\/\/designweekmexico.com\/wp-content\/uploads\/2025\/04\/print24-ma-scaled.jpg\" class=\"attachment-full size-full wp-image-20905\" alt=\"\" srcset=\"https:\/\/designweekmexico.com\/wp-content\/uploads\/2025\/04\/print24-ma-scaled.jpg 1920w, https:\/\/designweekmexico.com\/wp-content\/uploads\/2025\/04\/print24-ma-225x300.jpg 225w, https:\/\/designweekmexico.com\/wp-content\/uploads\/2025\/04\/print24-ma-768x1024.jpg 768w, https:\/\/designweekmexico.com\/wp-content\/uploads\/2025\/04\/print24-ma-1152x1536.jpg 1152w, https:\/\/designweekmexico.com\/wp-content\/uploads\/2025\/04\/print24-ma-1536x2048.jpg 1536w, https:\/\/designweekmexico.com\/wp-content\/uploads\/2025\/04\/print24-ma-9x12.jpg 9w, https:\/\/designweekmexico.com\/wp-content\/uploads\/2025\/04\/print24-ma-450x600.jpg 450w\" sizes=\"(max-width: 1920px) 100vw, 1920px\" \/>\t\t\t\t\t\t\t\t\t\t\t\t\t\t\t<\/div>\n\t\t\t\t<\/div>\n\t\t\t\t<div class=\"elementor-element elementor-element-a09bfcc elementor-widget elementor-widget-text-editor\" data-id=\"a09bfcc\" data-element_type=\"widget\" data-widget_type=\"text-editor.default\">\n\t\t\t\t<div class=\"elementor-widget-container\">\n\t\t\t\t\t\t\t\t\t<p><strong><span data-sheets-root=\"1\">Interfaz de Realidades<\/span>, <\/strong><span style=\"text-decoration: underline;\"><a href=\"https:\/\/www.instagram.com\/valechuerta\/\">Valentina Castillo Huerta.<\/a><\/span> Participante <span style=\"text-decoration: underline;\"><a href=\"https:\/\/designweekmexico.com\/programa\/print-2024\/\/\">Print 2024.<\/a><\/span><\/p>\t\t\t\t\t\t\t\t<\/div>\n\t\t\t\t<\/div>\n\t\t\t\t\t<\/div>\n\t\t<\/div>\n\t\t\t\t\t<\/div>\n\t\t<\/section>\n\t\t\t\t\t<\/div>\n\t\t<\/div>\n\t\t\t\t\t<\/div>\n\t\t<\/section>\n\t\t\t\t<section class=\"elementor-section elementor-top-section elementor-element elementor-element-35e6278 elementor-section-boxed elementor-section-height-default elementor-section-height-default\" data-id=\"35e6278\" data-element_type=\"section\" data-settings=\"{&quot;background_background&quot;:&quot;classic&quot;,&quot;_ha_eqh_enable&quot;:false}\">\n\t\t\t\t\t\t<div class=\"elementor-container elementor-column-gap-extended\">\n\t\t\t\t\t<div class=\"elementor-column elementor-col-100 elementor-top-column elementor-element elementor-element-69d38fa\" data-id=\"69d38fa\" data-element_type=\"column\">\n\t\t\t<div class=\"elementor-widget-wrap elementor-element-populated\">\n\t\t\t\t\t\t<div class=\"elementor-element elementor-element-78a116a elementor-widget elementor-widget-heading\" data-id=\"78a116a\" data-element_type=\"widget\" data-widget_type=\"heading.default\">\n\t\t\t\t<div class=\"elementor-widget-container\">\n\t\t\t\t\t<h1 class=\"elementor-heading-title elementor-size-default\">KEY DATES<\/h1>\t\t\t\t<\/div>\n\t\t\t\t<\/div>\n\t\t\t\t<div class=\"elementor-element elementor-element-37d40fb elementor-widget elementor-widget-text-editor\" data-id=\"37d40fb\" data-element_type=\"widget\" data-widget_type=\"text-editor.default\">\n\t\t\t\t<div class=\"elementor-widget-container\">\n\t\t\t\t\t\t\t\t\t<p style=\"text-align: center;\" class=\" translation-block\"><strong>Call for applications:<\/strong> April 1, 2025<\/p><p style=\"text-align: center;\" class=\" translation-block\"><strong>Registration deadline:<\/strong>  May 31, 2025<\/p><p style=\"text-align: center;\" class=\" translation-block\"><strong>Announcement of selected designers:<\/strong> July 1, 2025<\/p><p style=\"text-align: center;\"><strong>Entrega de obras impresas:<\/strong> 22-24 de septiembre 2025<\/p><p style=\"text-align: center;\" class=\" translation-block\"><strong>Exhibition Installation:<\/strong> September 29 to October 3, 2025<\/p><p style=\"text-align: center;\" class=\" translation-block\"><strong>Opening:<\/strong> October 8, 2025<\/p><p style=\"text-align: center;\" class=\" translation-block\"><strong>Exhibition:<\/strong> October 8, 2025 to November 2, 2025<\/p>\t\t\t\t\t\t\t\t<\/div>\n\t\t\t\t<\/div>\n\t\t\t\t\t<\/div>\n\t\t<\/div>\n\t\t\t\t\t<\/div>\n\t\t<\/section>\n\t\t\t\t<section class=\"elementor-section elementor-top-section elementor-element elementor-element-cef2ee1 elementor-section-boxed elementor-section-height-default elementor-section-height-default\" data-id=\"cef2ee1\" data-element_type=\"section\" data-settings=\"{&quot;_ha_eqh_enable&quot;:false}\">\n\t\t\t\t\t\t<div class=\"elementor-container elementor-column-gap-default\">\n\t\t\t\t\t<div class=\"elementor-column elementor-col-100 elementor-top-column elementor-element elementor-element-7a6af39\" data-id=\"7a6af39\" data-element_type=\"column\">\n\t\t\t<div class=\"elementor-widget-wrap elementor-element-populated\">\n\t\t\t\t\t\t<div class=\"elementor-element elementor-element-de05530 elementor-widget-divider--view-line elementor-widget elementor-widget-divider\" data-id=\"de05530\" data-element_type=\"widget\" data-widget_type=\"divider.default\">\n\t\t\t\t<div class=\"elementor-widget-container\">\n\t\t\t\t\t\t\t<div class=\"elementor-divider\">\n\t\t\t<span class=\"elementor-divider-separator\">\n\t\t\t\t\t\t<\/span>\n\t\t<\/div>\n\t\t\t\t\t\t<\/div>\n\t\t\t\t<\/div>\n\t\t\t\t<div class=\"elementor-element elementor-element-41a3b10 elementor-widget elementor-widget-image\" data-id=\"41a3b10\" data-element_type=\"widget\" data-widget_type=\"image.default\">\n\t\t\t\t<div class=\"elementor-widget-container\">\n\t\t\t\t\t\t\t\t\t\t\t\t\t\t\t<img loading=\"lazy\" decoding=\"async\" data-attachment-id=\"20913\" data-permalink=\"https:\/\/designweekmexico.com\/en\/convocatorias-2025\/convocatoria-print-2025\/attachment\/img_2142\/\" data-orig-file=\"https:\/\/designweekmexico.com\/wp-content\/uploads\/2025\/04\/IMG_2142-scaled.jpg\" data-orig-size=\"2560,2074\" data-comments-opened=\"1\" data-image-meta=\"{&quot;aperture&quot;:&quot;2.4&quot;,&quot;credit&quot;:&quot;&quot;,&quot;camera&quot;:&quot;iPhone 12 mini&quot;,&quot;caption&quot;:&quot;&quot;,&quot;created_timestamp&quot;:&quot;1729676844&quot;,&quot;copyright&quot;:&quot;&quot;,&quot;focal_length&quot;:&quot;1.55&quot;,&quot;iso&quot;:&quot;125&quot;,&quot;shutter_speed&quot;:&quot;0.0083333333333333&quot;,&quot;title&quot;:&quot;&quot;,&quot;orientation&quot;:&quot;1&quot;}\" data-image-title=\"IMG_2142\" data-image-description=\"\" data-image-caption=\"\" data-medium-file=\"https:\/\/designweekmexico.com\/wp-content\/uploads\/2025\/04\/IMG_2142-300x243.jpg\" data-large-file=\"https:\/\/designweekmexico.com\/wp-content\/uploads\/2025\/04\/IMG_2142-1024x830.jpg\" width=\"2560\" height=\"2074\" src=\"https:\/\/designweekmexico.com\/wp-content\/uploads\/2025\/04\/IMG_2142-scaled.jpg\" class=\"attachment-full size-full wp-image-20913\" alt=\"\" srcset=\"https:\/\/designweekmexico.com\/wp-content\/uploads\/2025\/04\/IMG_2142-scaled.jpg 2560w, https:\/\/designweekmexico.com\/wp-content\/uploads\/2025\/04\/IMG_2142-300x243.jpg 300w, https:\/\/designweekmexico.com\/wp-content\/uploads\/2025\/04\/IMG_2142-1024x830.jpg 1024w, https:\/\/designweekmexico.com\/wp-content\/uploads\/2025\/04\/IMG_2142-768x622.jpg 768w, https:\/\/designweekmexico.com\/wp-content\/uploads\/2025\/04\/IMG_2142-1536x1244.jpg 1536w, https:\/\/designweekmexico.com\/wp-content\/uploads\/2025\/04\/IMG_2142-2048x1659.jpg 2048w, https:\/\/designweekmexico.com\/wp-content\/uploads\/2025\/04\/IMG_2142-15x12.jpg 15w, https:\/\/designweekmexico.com\/wp-content\/uploads\/2025\/04\/IMG_2142-600x486.jpg 600w, https:\/\/designweekmexico.com\/wp-content\/uploads\/2025\/04\/IMG_2142-1920x1556.jpg 1920w\" sizes=\"(max-width: 2560px) 100vw, 2560px\" \/>\t\t\t\t\t\t\t\t\t\t\t\t\t\t\t<\/div>\n\t\t\t\t<\/div>\n\t\t\t\t<div class=\"elementor-element elementor-element-b2ee783 elementor-widget elementor-widget-text-editor\" data-id=\"b2ee783\" data-element_type=\"widget\" data-widget_type=\"text-editor.default\">\n\t\t\t\t<div class=\"elementor-widget-container\">\n\t\t\t\t\t\t\t\t\t<p class=\" translation-block\">First edition of <strong>PRINT<\/strong> at the G.56 White Box. Design Week Mexico 2024.<\/p>\t\t\t\t\t\t\t\t<\/div>\n\t\t\t\t<\/div>\n\t\t\t\t<div class=\"elementor-element elementor-element-bd1c6c4 elementor-widget elementor-widget-text-editor\" data-id=\"bd1c6c4\" data-element_type=\"widget\" data-widget_type=\"text-editor.default\">\n\t\t\t\t<div class=\"elementor-widget-container\">\n\t\t\t\t\t\t\t\t\t<p class=\" translation-block\"><b>PRINT 2025<\/b><span style=\"font-weight: 400\"> seeks to consolidate Mexico as a global leader in graphic design and illustration, highlighting the quality and creativity of the designers and artists who make up our scene. We look forward to your proposals!<\/span><\/p>\t\t\t\t\t\t\t\t<\/div>\n\t\t\t\t<\/div>\n\t\t\t\t<div class=\"elementor-element elementor-element-19d05ee elementor-widget elementor-widget-heading\" data-id=\"19d05ee\" data-element_type=\"widget\" data-widget_type=\"heading.default\">\n\t\t\t\t<div class=\"elementor-widget-container\">\n\t\t\t\t\t<h2 class=\"elementor-heading-title elementor-size-default\">CONTACT<\/h2>\t\t\t\t<\/div>\n\t\t\t\t<\/div>\n\t\t\t\t<div class=\"elementor-element elementor-element-72c6808 elementor-widget elementor-widget-text-editor\" data-id=\"72c6808\" data-element_type=\"widget\" data-widget_type=\"text-editor.default\">\n\t\t\t\t<div class=\"elementor-widget-container\">\n\t\t\t\t\t\t\t\t\t<p><strong>Miguel Alpuche<\/strong><br \/>Coord. Print \/ Dise\u00f1o y Web DWM<br \/><span style=\"text-decoration: underline;\"><a href=\"mailto:print@mxterritoriocreativo.com\">print@mxterritoriocreativo.com<\/a><\/span><\/p>\t\t\t\t\t\t\t\t<\/div>\n\t\t\t\t<\/div>\n\t\t\t\t\t<\/div>\n\t\t<\/div>\n\t\t\t\t\t<\/div>\n\t\t<\/section>\n\t\t\t\t<section class=\"elementor-section elementor-top-section elementor-element elementor-element-bce0d27 ct-section-stretched elementor-section-boxed elementor-section-height-default elementor-section-height-default\" data-id=\"bce0d27\" data-element_type=\"section\" data-settings=\"{&quot;background_background&quot;:&quot;classic&quot;,&quot;_ha_eqh_enable&quot;:false}\">\n\t\t\t\t\t\t<div class=\"elementor-container elementor-column-gap-extended\">\n\t\t\t\t\t<div class=\"elementor-column elementor-col-100 elementor-top-column elementor-element elementor-element-9da9773\" data-id=\"9da9773\" data-element_type=\"column\">\n\t\t\t<div class=\"elementor-widget-wrap elementor-element-populated\">\n\t\t\t\t\t\t<div class=\"elementor-element elementor-element-359d622 elementor-widget elementor-widget-heading\" data-id=\"359d622\" data-element_type=\"widget\" data-widget_type=\"heading.default\">\n\t\t\t\t<div class=\"elementor-widget-container\">\n\t\t\t\t\t<h2 class=\"elementor-heading-title elementor-size-default\">USO DE INTELIGENCIA ARTIFICIAL EN LA CREACI\u00d3N DE IM\u00c1GENES<\/h2>\t\t\t\t<\/div>\n\t\t\t\t<\/div>\n\t\t\t\t<div class=\"elementor-element elementor-element-c76962d elementor-widget elementor-widget-text-editor\" data-id=\"c76962d\" data-element_type=\"widget\" data-widget_type=\"text-editor.default\">\n\t\t\t\t<div class=\"elementor-widget-container\">\n\t\t\t\t\t\t\t\t\t<p><span style=\"font-weight: 400;\">En el contexto de esta convocatoria para la exhibici\u00f3n, se permite el uso de Inteligencia Artificial (IA) en la creaci\u00f3n de im\u00e1genes siempre y cuando se cumplan las siguientes reglas y directrices:<\/span><\/p><p class=\" translation-block\"><b>Transparency and Attribution<\/b><span style=\"font-weight: 400\">: All entrants using AI to generate images must be transparent about this process in their work descriptions. A clear explanation of how AI was used in the creation and the artist's role in the creative process must be provided.<\/span><\/p><p class=\" translation-block\"><b>Human Originality and Creativity<\/b><span style=\"font-weight: 400\">: While AI is permitted as a tool, the final work must be primarily the result of the human artist's creativity and vision. Human intervention must be demonstrated to be significant and fundamental to the creative process.<\/span><\/p><p class=\" translation-block\"><b>Ethics and Copyright<\/b><span style=\"font-weight: 400\">: Participants must ensure that their use of AI respects copyright and does not infringe the rights of third parties. Models trained with copyrighted data must not be used without appropriate permission.<\/span><\/p><p class=\" translation-block\"><b>Quality and Technical Standards<\/b><span style=\"font-weight: 400\">: Works generated with AI must maintain technical and quality standards that are comparable to works created without the use of AI. Aesthetic quality and visual impact must be evaluated according to the same criteria that apply to other works.<\/span><\/p><p><b>Cumplimiento con la Tem\u00e1tica de \u201cDise\u00f1ado en M\u00e9xico\u201d<\/b><span style=\"font-weight: 400;\">: Las obras generadas con IA deben contribuir de manera significativa a la exploraci\u00f3n de la tem\u00e1tica de \u201cDise\u00f1ado en M\u00e9xico\u201d. Deben demostrar una reflexi\u00f3n creativa y avanzada sobre el tema, independientemente de la t\u00e9cnica utilizada.<\/span><\/p><p class=\" translation-block\"><b>AI Acknowledgment in Documentation<\/b><span style=\"font-weight: 400\">: In the documentation and submission of the work for the call, the use of AI and any technological tools used in the creative process must be explicitly acknowledged.<\/span><\/p><p class=\" translation-block\"><b>Jurisdiction and Legal Compliance<\/b><span style=\"font-weight: 400\">: Participants are responsible for complying with all local and international laws and regulations related to the use of AI and intellectual property.<\/span><\/p>\t\t\t\t\t\t\t\t<\/div>\n\t\t\t\t<\/div>\n\t\t\t\t\t<\/div>\n\t\t<\/div>\n\t\t\t\t\t<\/div>\n\t\t<\/section>\n\t\t\t\t<\/div>","protected":false},"excerpt":{"rendered":"<p>PRINT regresa en 2025 como una plataforma para exhibir el talento en dise\u00f1o gr\u00e1fico, ilustraci\u00f3n y medios impresos en el marco de Design Week M\u00e9xico.<\/p>","protected":false},"author":175,"featured_media":21873,"comment_status":"open","ping_status":"open","sticky":false,"template":"","format":"standard","meta":{"_themeisle_gutenberg_block_has_review":false,"_jetpack_memberships_contains_paid_content":false,"footnotes":""},"categories":[157],"tags":[],"class_list":["post-20882","post","type-post","status-publish","format-standard","has-post-thumbnail","hentry","category-convocatorias-2025"],"blocksy_meta":{"disable_featured_image":"yes","has_hero_section":"disabled","styles_descriptor":{"styles":{"desktop":"","tablet":"","mobile":""},"google_fonts":[],"version":6},"disable_share_box":"yes","disable_posts_navigation":"yes","disable_related_posts":"yes","disable_subscribe_form":"yes"},"yoast_head":"<!-- This site is optimized with the Yoast SEO plugin v27.5 - https:\/\/yoast.com\/product\/yoast-seo-wordpress\/ -->\n<title>Convocatoria Print 2025 - Design Week Mexico<\/title>\n<meta name=\"robots\" content=\"index, follow, max-snippet:-1, max-image-preview:large, max-video-preview:-1\" \/>\n<link rel=\"canonical\" href=\"https:\/\/designweekmexico.com\/en\/convocatorias-2025\/convocatoria-print-2025\/\" \/>\n<meta property=\"og:locale\" content=\"en_US\" \/>\n<meta property=\"og:type\" content=\"article\" \/>\n<meta property=\"og:title\" content=\"Convocatoria Print 2025 - Design Week Mexico\" \/>\n<meta property=\"og:description\" content=\"PRINT regresa en 2025 como una plataforma para exhibir el talento en dise\u00f1o gr\u00e1fico, ilustraci\u00f3n y medios impresos en el marco de Design Week M\u00e9xico.\" \/>\n<meta property=\"og:url\" content=\"https:\/\/designweekmexico.com\/en\/convocatorias-2025\/convocatoria-print-2025\/\" \/>\n<meta property=\"og:site_name\" content=\"Design Week Mexico\" \/>\n<meta property=\"article:publisher\" content=\"https:\/\/www.facebook.com\/designweekmex\" \/>\n<meta property=\"article:published_time\" content=\"2025-04-02T20:00:59+00:00\" \/>\n<meta property=\"article:modified_time\" content=\"2025-08-12T23:26:17+00:00\" \/>\n<meta property=\"og:image\" content=\"https:\/\/designweekmexico.com\/wp-content\/uploads\/2025\/02\/clsd-Artboard-1-copy-15-1024x683.png\" \/>\n\t<meta property=\"og:image:width\" content=\"1024\" \/>\n\t<meta property=\"og:image:height\" content=\"683\" \/>\n\t<meta property=\"og:image:type\" content=\"image\/png\" \/>\n<meta name=\"author\" content=\"Design Week Mexico\" \/>\n<meta name=\"twitter:card\" content=\"summary_large_image\" \/>\n<meta name=\"twitter:creator\" content=\"@designweekmex\" \/>\n<meta name=\"twitter:site\" content=\"@designweekmex\" \/>\n<meta name=\"twitter:label1\" content=\"Written by\" \/>\n\t<meta name=\"twitter:data1\" content=\"Design Week Mexico\" \/>\n\t<meta name=\"twitter:label2\" content=\"Est. reading time\" \/>\n\t<meta name=\"twitter:data2\" content=\"10 minutes\" \/>\n<script type=\"application\/ld+json\" class=\"yoast-schema-graph\">{\"@context\":\"https:\\\/\\\/schema.org\",\"@graph\":[{\"@type\":\"Article\",\"@id\":\"https:\\\/\\\/designweekmexico.com\\\/convocatorias-2025\\\/convocatoria-print-2025\\\/#article\",\"isPartOf\":{\"@id\":\"https:\\\/\\\/designweekmexico.com\\\/convocatorias-2025\\\/convocatoria-print-2025\\\/\"},\"author\":{\"name\":\"Design Week Mexico\",\"@id\":\"https:\\\/\\\/designweekmexico.com\\\/#\\\/schema\\\/person\\\/ee1da898b14b7d9d29bd0bc66da7ef01\"},\"headline\":\"Convocatoria Print 2025\",\"datePublished\":\"2025-04-02T20:00:59+00:00\",\"dateModified\":\"2025-08-12T23:26:17+00:00\",\"mainEntityOfPage\":{\"@id\":\"https:\\\/\\\/designweekmexico.com\\\/convocatorias-2025\\\/convocatoria-print-2025\\\/\"},\"wordCount\":1934,\"commentCount\":0,\"publisher\":{\"@id\":\"https:\\\/\\\/designweekmexico.com\\\/#organization\"},\"image\":{\"@id\":\"https:\\\/\\\/designweekmexico.com\\\/convocatorias-2025\\\/convocatoria-print-2025\\\/#primaryimage\"},\"thumbnailUrl\":\"https:\\\/\\\/designweekmexico.com\\\/wp-content\\\/uploads\\\/2025\\\/02\\\/clsd-Artboard-1-copy-15-scaled.png\",\"articleSection\":[\"Convocatorias 2025\"],\"inLanguage\":\"en-US\",\"potentialAction\":[{\"@type\":\"CommentAction\",\"name\":\"Comment\",\"target\":[\"https:\\\/\\\/designweekmexico.com\\\/convocatorias-2025\\\/convocatoria-print-2025\\\/#respond\"]}]},{\"@type\":\"WebPage\",\"@id\":\"https:\\\/\\\/designweekmexico.com\\\/convocatorias-2025\\\/convocatoria-print-2025\\\/\",\"url\":\"https:\\\/\\\/designweekmexico.com\\\/convocatorias-2025\\\/convocatoria-print-2025\\\/\",\"name\":\"Convocatoria Print 2025 - Design Week Mexico\",\"isPartOf\":{\"@id\":\"https:\\\/\\\/designweekmexico.com\\\/#website\"},\"primaryImageOfPage\":{\"@id\":\"https:\\\/\\\/designweekmexico.com\\\/convocatorias-2025\\\/convocatoria-print-2025\\\/#primaryimage\"},\"image\":{\"@id\":\"https:\\\/\\\/designweekmexico.com\\\/convocatorias-2025\\\/convocatoria-print-2025\\\/#primaryimage\"},\"thumbnailUrl\":\"https:\\\/\\\/designweekmexico.com\\\/wp-content\\\/uploads\\\/2025\\\/02\\\/clsd-Artboard-1-copy-15-scaled.png\",\"datePublished\":\"2025-04-02T20:00:59+00:00\",\"dateModified\":\"2025-08-12T23:26:17+00:00\",\"breadcrumb\":{\"@id\":\"https:\\\/\\\/designweekmexico.com\\\/convocatorias-2025\\\/convocatoria-print-2025\\\/#breadcrumb\"},\"inLanguage\":\"en-US\",\"potentialAction\":[{\"@type\":\"ReadAction\",\"target\":[\"https:\\\/\\\/designweekmexico.com\\\/convocatorias-2025\\\/convocatoria-print-2025\\\/\"]}]},{\"@type\":\"ImageObject\",\"inLanguage\":\"en-US\",\"@id\":\"https:\\\/\\\/designweekmexico.com\\\/convocatorias-2025\\\/convocatoria-print-2025\\\/#primaryimage\",\"url\":\"https:\\\/\\\/designweekmexico.com\\\/wp-content\\\/uploads\\\/2025\\\/02\\\/clsd-Artboard-1-copy-15-scaled.png\",\"contentUrl\":\"https:\\\/\\\/designweekmexico.com\\\/wp-content\\\/uploads\\\/2025\\\/02\\\/clsd-Artboard-1-copy-15-scaled.png\",\"width\":2560,\"height\":1707},{\"@type\":\"BreadcrumbList\",\"@id\":\"https:\\\/\\\/designweekmexico.com\\\/convocatorias-2025\\\/convocatoria-print-2025\\\/#breadcrumb\",\"itemListElement\":[{\"@type\":\"ListItem\",\"position\":1,\"name\":\"Inicio\",\"item\":\"https:\\\/\\\/designweekmexico.com\\\/\"},{\"@type\":\"ListItem\",\"position\":2,\"name\":\"Convocatoria Print 2025\"}]},{\"@type\":\"WebSite\",\"@id\":\"https:\\\/\\\/designweekmexico.com\\\/#website\",\"url\":\"https:\\\/\\\/designweekmexico.com\\\/\",\"name\":\"Design Week Mexico\",\"description\":\"Dise\u00f1ando el futuro...\",\"publisher\":{\"@id\":\"https:\\\/\\\/designweekmexico.com\\\/#organization\"},\"potentialAction\":[{\"@type\":\"SearchAction\",\"target\":{\"@type\":\"EntryPoint\",\"urlTemplate\":\"https:\\\/\\\/designweekmexico.com\\\/?s={search_term_string}\"},\"query-input\":{\"@type\":\"PropertyValueSpecification\",\"valueRequired\":true,\"valueName\":\"search_term_string\"}}],\"inLanguage\":\"en-US\"},{\"@type\":\"Organization\",\"@id\":\"https:\\\/\\\/designweekmexico.com\\\/#organization\",\"name\":\"Design Week Mexico\",\"url\":\"https:\\\/\\\/designweekmexico.com\\\/\",\"logo\":{\"@type\":\"ImageObject\",\"inLanguage\":\"en-US\",\"@id\":\"https:\\\/\\\/designweekmexico.com\\\/#\\\/schema\\\/logo\\\/image\\\/\",\"url\":\"https:\\\/\\\/designweekmexico.com\\\/wp-content\\\/uploads\\\/2026\\\/04\\\/Asset-58-70eae4-3141d7.svg\",\"contentUrl\":\"https:\\\/\\\/designweekmexico.com\\\/wp-content\\\/uploads\\\/2026\\\/04\\\/Asset-58-70eae4-3141d7.svg\",\"width\":1741,\"height\":103,\"caption\":\"Design Week Mexico\"},\"image\":{\"@id\":\"https:\\\/\\\/designweekmexico.com\\\/#\\\/schema\\\/logo\\\/image\\\/\"},\"sameAs\":[\"https:\\\/\\\/www.facebook.com\\\/designweekmex\",\"https:\\\/\\\/x.com\\\/designweekmex\",\"https:\\\/\\\/www.instagram.com\\\/designweekmex\\\/\",\"https:\\\/\\\/www.youtube.com\\\/user\\\/designweekmexico\",\"https:\\\/\\\/vimeo.com\\\/designweekmexico\",\"https:\\\/\\\/www.linkedin.com\\\/company\\\/designweekmx\\\/\"]},{\"@type\":\"Person\",\"@id\":\"https:\\\/\\\/designweekmexico.com\\\/#\\\/schema\\\/person\\\/ee1da898b14b7d9d29bd0bc66da7ef01\",\"name\":\"Design Week Mexico\",\"image\":{\"@type\":\"ImageObject\",\"inLanguage\":\"en-US\",\"@id\":\"https:\\\/\\\/secure.gravatar.com\\\/avatar\\\/0830bfc50cafacf340fb14966c0f6cc5c88935cded635f38ae2ed050785fd609?s=96&d=mm&r=g\",\"url\":\"https:\\\/\\\/secure.gravatar.com\\\/avatar\\\/0830bfc50cafacf340fb14966c0f6cc5c88935cded635f38ae2ed050785fd609?s=96&d=mm&r=g\",\"contentUrl\":\"https:\\\/\\\/secure.gravatar.com\\\/avatar\\\/0830bfc50cafacf340fb14966c0f6cc5c88935cded635f38ae2ed050785fd609?s=96&d=mm&r=g\",\"caption\":\"Design Week Mexico\"},\"url\":\"https:\\\/\\\/designweekmexico.com\\\/en\\\/author\\\/designweekmexico\\\/\"}]}<\/script>\n<!-- \/ Yoast SEO plugin. -->","yoast_head_json":{"title":"Convocatoria Print 2025 - Design Week Mexico","robots":{"index":"index","follow":"follow","max-snippet":"max-snippet:-1","max-image-preview":"max-image-preview:large","max-video-preview":"max-video-preview:-1"},"canonical":"https:\/\/designweekmexico.com\/en\/convocatorias-2025\/convocatoria-print-2025\/","og_locale":"en_US","og_type":"article","og_title":"Convocatoria Print 2025 - Design Week Mexico","og_description":"PRINT regresa en 2025 como una plataforma para exhibir el talento en dise\u00f1o gr\u00e1fico, ilustraci\u00f3n y medios impresos en el marco de Design Week M\u00e9xico.","og_url":"https:\/\/designweekmexico.com\/en\/convocatorias-2025\/convocatoria-print-2025\/","og_site_name":"Design Week Mexico","article_publisher":"https:\/\/www.facebook.com\/designweekmex","article_published_time":"2025-04-02T20:00:59+00:00","article_modified_time":"2025-08-12T23:26:17+00:00","og_image":[{"width":1024,"height":683,"url":"https:\/\/designweekmexico.com\/wp-content\/uploads\/2025\/02\/clsd-Artboard-1-copy-15-1024x683.png","type":"image\/png"}],"author":"Design Week Mexico","twitter_card":"summary_large_image","twitter_creator":"@designweekmex","twitter_site":"@designweekmex","twitter_misc":{"Written by":"Design Week Mexico","Est. reading time":"10 minutes"},"schema":{"@context":"https:\/\/schema.org","@graph":[{"@type":"Article","@id":"https:\/\/designweekmexico.com\/convocatorias-2025\/convocatoria-print-2025\/#article","isPartOf":{"@id":"https:\/\/designweekmexico.com\/convocatorias-2025\/convocatoria-print-2025\/"},"author":{"name":"Design Week Mexico","@id":"https:\/\/designweekmexico.com\/#\/schema\/person\/ee1da898b14b7d9d29bd0bc66da7ef01"},"headline":"Convocatoria Print 2025","datePublished":"2025-04-02T20:00:59+00:00","dateModified":"2025-08-12T23:26:17+00:00","mainEntityOfPage":{"@id":"https:\/\/designweekmexico.com\/convocatorias-2025\/convocatoria-print-2025\/"},"wordCount":1934,"commentCount":0,"publisher":{"@id":"https:\/\/designweekmexico.com\/#organization"},"image":{"@id":"https:\/\/designweekmexico.com\/convocatorias-2025\/convocatoria-print-2025\/#primaryimage"},"thumbnailUrl":"https:\/\/designweekmexico.com\/wp-content\/uploads\/2025\/02\/clsd-Artboard-1-copy-15-scaled.png","articleSection":["Convocatorias 2025"],"inLanguage":"en-US","potentialAction":[{"@type":"CommentAction","name":"Comment","target":["https:\/\/designweekmexico.com\/convocatorias-2025\/convocatoria-print-2025\/#respond"]}]},{"@type":"WebPage","@id":"https:\/\/designweekmexico.com\/convocatorias-2025\/convocatoria-print-2025\/","url":"https:\/\/designweekmexico.com\/convocatorias-2025\/convocatoria-print-2025\/","name":"Convocatoria Print 2025 - Design Week Mexico","isPartOf":{"@id":"https:\/\/designweekmexico.com\/#website"},"primaryImageOfPage":{"@id":"https:\/\/designweekmexico.com\/convocatorias-2025\/convocatoria-print-2025\/#primaryimage"},"image":{"@id":"https:\/\/designweekmexico.com\/convocatorias-2025\/convocatoria-print-2025\/#primaryimage"},"thumbnailUrl":"https:\/\/designweekmexico.com\/wp-content\/uploads\/2025\/02\/clsd-Artboard-1-copy-15-scaled.png","datePublished":"2025-04-02T20:00:59+00:00","dateModified":"2025-08-12T23:26:17+00:00","breadcrumb":{"@id":"https:\/\/designweekmexico.com\/convocatorias-2025\/convocatoria-print-2025\/#breadcrumb"},"inLanguage":"en-US","potentialAction":[{"@type":"ReadAction","target":["https:\/\/designweekmexico.com\/convocatorias-2025\/convocatoria-print-2025\/"]}]},{"@type":"ImageObject","inLanguage":"en-US","@id":"https:\/\/designweekmexico.com\/convocatorias-2025\/convocatoria-print-2025\/#primaryimage","url":"https:\/\/designweekmexico.com\/wp-content\/uploads\/2025\/02\/clsd-Artboard-1-copy-15-scaled.png","contentUrl":"https:\/\/designweekmexico.com\/wp-content\/uploads\/2025\/02\/clsd-Artboard-1-copy-15-scaled.png","width":2560,"height":1707},{"@type":"BreadcrumbList","@id":"https:\/\/designweekmexico.com\/convocatorias-2025\/convocatoria-print-2025\/#breadcrumb","itemListElement":[{"@type":"ListItem","position":1,"name":"Inicio","item":"https:\/\/designweekmexico.com\/"},{"@type":"ListItem","position":2,"name":"Convocatoria Print 2025"}]},{"@type":"WebSite","@id":"https:\/\/designweekmexico.com\/#website","url":"https:\/\/designweekmexico.com\/","name":"Design Week Mexico","description":"Dise\u00f1ando el futuro...","publisher":{"@id":"https:\/\/designweekmexico.com\/#organization"},"potentialAction":[{"@type":"SearchAction","target":{"@type":"EntryPoint","urlTemplate":"https:\/\/designweekmexico.com\/?s={search_term_string}"},"query-input":{"@type":"PropertyValueSpecification","valueRequired":true,"valueName":"search_term_string"}}],"inLanguage":"en-US"},{"@type":"Organization","@id":"https:\/\/designweekmexico.com\/#organization","name":"Design Week Mexico","url":"https:\/\/designweekmexico.com\/","logo":{"@type":"ImageObject","inLanguage":"en-US","@id":"https:\/\/designweekmexico.com\/#\/schema\/logo\/image\/","url":"https:\/\/designweekmexico.com\/wp-content\/uploads\/2026\/04\/Asset-58-70eae4-3141d7.svg","contentUrl":"https:\/\/designweekmexico.com\/wp-content\/uploads\/2026\/04\/Asset-58-70eae4-3141d7.svg","width":1741,"height":103,"caption":"Design Week Mexico"},"image":{"@id":"https:\/\/designweekmexico.com\/#\/schema\/logo\/image\/"},"sameAs":["https:\/\/www.facebook.com\/designweekmex","https:\/\/x.com\/designweekmex","https:\/\/www.instagram.com\/designweekmex\/","https:\/\/www.youtube.com\/user\/designweekmexico","https:\/\/vimeo.com\/designweekmexico","https:\/\/www.linkedin.com\/company\/designweekmx\/"]},{"@type":"Person","@id":"https:\/\/designweekmexico.com\/#\/schema\/person\/ee1da898b14b7d9d29bd0bc66da7ef01","name":"Design Week Mexico","image":{"@type":"ImageObject","inLanguage":"en-US","@id":"https:\/\/secure.gravatar.com\/avatar\/0830bfc50cafacf340fb14966c0f6cc5c88935cded635f38ae2ed050785fd609?s=96&d=mm&r=g","url":"https:\/\/secure.gravatar.com\/avatar\/0830bfc50cafacf340fb14966c0f6cc5c88935cded635f38ae2ed050785fd609?s=96&d=mm&r=g","contentUrl":"https:\/\/secure.gravatar.com\/avatar\/0830bfc50cafacf340fb14966c0f6cc5c88935cded635f38ae2ed050785fd609?s=96&d=mm&r=g","caption":"Design Week Mexico"},"url":"https:\/\/designweekmexico.com\/en\/author\/designweekmexico\/"}]}},"jetpack_featured_media_url":"https:\/\/designweekmexico.com\/wp-content\/uploads\/2025\/02\/clsd-Artboard-1-copy-15-scaled.png","jetpack_sharing_enabled":true,"_links":{"self":[{"href":"https:\/\/designweekmexico.com\/en\/wp-json\/wp\/v2\/posts\/20882","targetHints":{"allow":["GET"]}}],"collection":[{"href":"https:\/\/designweekmexico.com\/en\/wp-json\/wp\/v2\/posts"}],"about":[{"href":"https:\/\/designweekmexico.com\/en\/wp-json\/wp\/v2\/types\/post"}],"author":[{"embeddable":true,"href":"https:\/\/designweekmexico.com\/en\/wp-json\/wp\/v2\/users\/175"}],"replies":[{"embeddable":true,"href":"https:\/\/designweekmexico.com\/en\/wp-json\/wp\/v2\/comments?post=20882"}],"version-history":[{"count":38,"href":"https:\/\/designweekmexico.com\/en\/wp-json\/wp\/v2\/posts\/20882\/revisions"}],"predecessor-version":[{"id":26786,"href":"https:\/\/designweekmexico.com\/en\/wp-json\/wp\/v2\/posts\/20882\/revisions\/26786"}],"wp:featuredmedia":[{"embeddable":true,"href":"https:\/\/designweekmexico.com\/en\/wp-json\/wp\/v2\/media\/21873"}],"wp:attachment":[{"href":"https:\/\/designweekmexico.com\/en\/wp-json\/wp\/v2\/media?parent=20882"}],"wp:term":[{"taxonomy":"category","embeddable":true,"href":"https:\/\/designweekmexico.com\/en\/wp-json\/wp\/v2\/categories?post=20882"},{"taxonomy":"post_tag","embeddable":true,"href":"https:\/\/designweekmexico.com\/en\/wp-json\/wp\/v2\/tags?post=20882"}],"curies":[{"name":"wp","href":"https:\/\/api.w.org\/{rel}","templated":true}]}}