{"id":21054,"date":"2025-05-22T14:45:50","date_gmt":"2025-05-22T19:45:50","guid":{"rendered":"https:\/\/designweekmexico.com\/?p=21054"},"modified":"2025-05-22T17:07:45","modified_gmt":"2025-05-22T22:07:45","slug":"convocatoria-dealers-de-diseno-complementi","status":"publish","type":"post","link":"https:\/\/designweekmexico.com\/en\/convocatorias-2025\/convocatoria-dealers-de-diseno-complementi\/","title":{"rendered":"Convocatoria Dealers de Dise\u00f1o Complementi"},"content":{"rendered":"<div data-elementor-type=\"wp-post\" data-elementor-id=\"21054\" class=\"elementor elementor-21054\" data-elementor-settings=\"{&quot;ha_cmc_init_switcher&quot;:&quot;no&quot;}\" data-elementor-post-type=\"post\">\n\t\t\t\t\t\t<section class=\"elementor-section elementor-top-section elementor-element elementor-element-768d862 ct-section-stretched elementor-section-height-min-height elementor-section-items-bottom elementor-section-boxed elementor-section-height-default\" data-id=\"768d862\" data-element_type=\"section\" data-settings=\"{&quot;background_background&quot;:&quot;slideshow&quot;,&quot;background_slideshow_gallery&quot;:[{&quot;id&quot;:21024,&quot;url&quot;:&quot;https:\\\/\\\/designweekmexico.com\\\/wp-content\\\/uploads\\\/2025\\\/05\\\/001-copia_ALUM-GALVEZ-2.jpg&quot;},{&quot;id&quot;:21025,&quot;url&quot;:&quot;https:\\\/\\\/designweekmexico.com\\\/wp-content\\\/uploads\\\/2025\\\/05\\\/002_ALUM-GALVEZ-3.jpg&quot;},{&quot;id&quot;:21026,&quot;url&quot;:&quot;https:\\\/\\\/designweekmexico.com\\\/wp-content\\\/uploads\\\/2025\\\/05\\\/003_ALUM-GALVEZ-2.jpg&quot;},{&quot;id&quot;:21027,&quot;url&quot;:&quot;https:\\\/\\\/designweekmexico.com\\\/wp-content\\\/uploads\\\/2025\\\/05\\\/003_ALUM-GALVEZ-1.jpg&quot;},{&quot;id&quot;:21028,&quot;url&quot;:&quot;https:\\\/\\\/designweekmexico.com\\\/wp-content\\\/uploads\\\/2025\\\/05\\\/003B_ALUM-GALVEZ-scaled.jpg&quot;},{&quot;id&quot;:21029,&quot;url&quot;:&quot;https:\\\/\\\/designweekmexico.com\\\/wp-content\\\/uploads\\\/2025\\\/05\\\/005_ALUM-GALVEZ-copia.jpg&quot;},{&quot;id&quot;:15154,&quot;url&quot;:&quot;https:\\\/\\\/designweekmexico.com\\\/wp-content\\\/uploads\\\/2024\\\/04\\\/MECA-8-Pamela-Olvera-scaled.jpg&quot;},{&quot;id&quot;:21030,&quot;url&quot;:&quot;https:\\\/\\\/designweekmexico.com\\\/wp-content\\\/uploads\\\/2025\\\/05\\\/008_ALUM-GALVEZ-4.jpg&quot;},{&quot;id&quot;:21031,&quot;url&quot;:&quot;https:\\\/\\\/designweekmexico.com\\\/wp-content\\\/uploads\\\/2025\\\/05\\\/005b-copia_ALUM-GALVEZ.jpg&quot;}],&quot;background_slideshow_loop&quot;:&quot;yes&quot;,&quot;background_slideshow_slide_duration&quot;:5000,&quot;background_slideshow_slide_transition&quot;:&quot;fade&quot;,&quot;background_slideshow_transition_duration&quot;:500,&quot;_ha_eqh_enable&quot;:false}\">\n\t\t\t\t\t\t\t<div class=\"elementor-background-overlay\"><\/div>\n\t\t\t\t\t\t\t<div class=\"elementor-container elementor-column-gap-default\">\n\t\t\t\t\t<div class=\"elementor-column elementor-col-100 elementor-top-column elementor-element elementor-element-2e237d0a\" data-id=\"2e237d0a\" data-element_type=\"column\">\n\t\t\t<div class=\"elementor-widget-wrap elementor-element-populated\">\n\t\t\t\t\t\t<div class=\"elementor-element elementor-element-22ad519c elementor-widget__width-initial elementor-widget elementor-widget-heading\" data-id=\"22ad519c\" data-element_type=\"widget\" data-widget_type=\"heading.default\">\n\t\t\t\t<div class=\"elementor-widget-container\">\n\t\t\t\t\t<p class=\"elementor-heading-title elementor-size-default\">CONVOCATORIA 2025<\/p>\t\t\t\t<\/div>\n\t\t\t\t<\/div>\n\t\t\t\t<div class=\"elementor-element elementor-element-72a8dc06 elementor-widget elementor-widget-heading\" data-id=\"72a8dc06\" data-element_type=\"widget\" data-widget_type=\"heading.default\">\n\t\t\t\t<div class=\"elementor-widget-container\">\n\t\t\t\t\t<h1 class=\"elementor-heading-title elementor-size-xxl\">Dealers\n<br> de Dise\u00f1o<\/h1>\t\t\t\t<\/div>\n\t\t\t\t<\/div>\n\t\t\t\t<div class=\"elementor-element elementor-element-6fe6ef34 elementor-widget__width-initial elementor-widget elementor-widget-heading\" data-id=\"6fe6ef34\" data-element_type=\"widget\" data-widget_type=\"heading.default\">\n\t\t\t\t<div class=\"elementor-widget-container\">\n\t\t\t\t\t<h4 class=\"elementor-heading-title elementor-size-default\">PRODUCT PLACEMENT \/ NETWORKING \/ DIFUSI\u00d3N<\/h4>\t\t\t\t<\/div>\n\t\t\t\t<\/div>\n\t\t\t\t<div class=\"elementor-element elementor-element-12e2dbdf animated-slow elementor-widget elementor-widget-image\" data-id=\"12e2dbdf\" data-element_type=\"widget\" data-settings=\"{&quot;_animation&quot;:&quot;none&quot;}\" data-widget_type=\"image.default\">\n\t\t\t\t<div class=\"elementor-widget-container\">\n\t\t\t\t\t\t\t\t\t\t\t\t\t\t\t<img fetchpriority=\"high\" decoding=\"async\" data-attachment-id=\"10668\" data-permalink=\"https:\/\/designweekmexico.com\/en\/scroll-down-white\/\" data-orig-file=\"https:\/\/designweekmexico.com\/wp-content\/uploads\/2023\/07\/Scroll-Down-white.gif\" data-orig-size=\"800,600\" data-comments-opened=\"1\" data-image-meta=\"{&quot;aperture&quot;:&quot;0&quot;,&quot;credit&quot;:&quot;&quot;,&quot;camera&quot;:&quot;&quot;,&quot;caption&quot;:&quot;&quot;,&quot;created_timestamp&quot;:&quot;0&quot;,&quot;copyright&quot;:&quot;&quot;,&quot;focal_length&quot;:&quot;0&quot;,&quot;iso&quot;:&quot;0&quot;,&quot;shutter_speed&quot;:&quot;0&quot;,&quot;title&quot;:&quot;&quot;,&quot;orientation&quot;:&quot;0&quot;}\" data-image-title=\"Scroll-Down-white\" data-image-description=\"\" data-image-caption=\"\" data-medium-file=\"https:\/\/designweekmexico.com\/wp-content\/uploads\/2023\/07\/Scroll-Down-white-300x225.gif\" data-large-file=\"https:\/\/designweekmexico.com\/wp-content\/uploads\/2023\/07\/Scroll-Down-white.gif\" width=\"800\" height=\"600\" src=\"https:\/\/designweekmexico.com\/wp-content\/uploads\/2023\/07\/Scroll-Down-white.gif\" class=\"attachment-full size-full wp-image-10668\" alt=\"\" \/>\t\t\t\t\t\t\t\t\t\t\t\t\t\t\t<\/div>\n\t\t\t\t<\/div>\n\t\t\t\t<div class=\"elementor-element elementor-element-12ce141e animated-slow elementor-widget elementor-widget-text-editor\" data-id=\"12ce141e\" data-element_type=\"widget\" data-settings=\"{&quot;_animation&quot;:&quot;none&quot;}\" data-widget_type=\"text-editor.default\">\n\t\t\t\t<div class=\"elementor-widget-container\">\n\t\t\t\t\t\t\t\t\t<p style=\"text-align: center;\">SCROLL DOWN<\/p>\t\t\t\t\t\t\t\t<\/div>\n\t\t\t\t<\/div>\n\t\t\t\t\t<\/div>\n\t\t<\/div>\n\t\t\t\t\t<\/div>\n\t\t<\/section>\n\t\t\t\t<section class=\"elementor-section elementor-top-section elementor-element elementor-element-5d5e977e elementor-section-boxed elementor-section-height-default elementor-section-height-default\" data-id=\"5d5e977e\" data-element_type=\"section\" data-settings=\"{&quot;_ha_eqh_enable&quot;:false}\">\n\t\t\t\t\t\t<div class=\"elementor-container elementor-column-gap-extended\">\n\t\t\t\t\t<div class=\"elementor-column elementor-col-100 elementor-top-column elementor-element elementor-element-645e25e4\" data-id=\"645e25e4\" data-element_type=\"column\">\n\t\t\t<div class=\"elementor-widget-wrap elementor-element-populated\">\n\t\t\t\t\t\t<div class=\"elementor-element elementor-element-6d1c78cc elementor-widget elementor-widget-text-editor\" data-id=\"6d1c78cc\" data-element_type=\"widget\" data-widget_type=\"text-editor.default\">\n\t\t\t\t<div class=\"elementor-widget-container\">\n\t\t\t\t\t\t\t\t\t<p><span style=\"font-weight: 400;\">Nos complace presentar a toda la comunidad del dise\u00f1o la emocionante transformaci\u00f3n que surge de la colaboraci\u00f3n entre los despachos de arquitectura e interiorismo <strong>\u2014Design House\u2014<\/strong> m\u00e1s importantes y las mejores marcas de dise\u00f1o <strong>\u2014Dealers de Dise\u00f1o.<\/strong> En este evento \u00fanico, creamos espacios para la exhibici\u00f3n y ambientaci\u00f3n de las piezas de dise\u00f1o m\u00e1s innovadoras, a trav\u00e9s de propuestas integrales de interiorismo.<\/span><\/p>\t\t\t\t\t\t\t\t<\/div>\n\t\t\t\t<\/div>\n\t\t\t\t<div class=\"elementor-element elementor-element-70869eb elementor-widget elementor-widget-image\" data-id=\"70869eb\" data-element_type=\"widget\" data-widget_type=\"image.default\">\n\t\t\t\t<div class=\"elementor-widget-container\">\n\t\t\t\t\t\t\t\t\t\t\t\t\t\t\t<img decoding=\"async\" data-attachment-id=\"21031\" data-permalink=\"https:\/\/designweekmexico.com\/en\/005b-copia_alum-galvez-2\/\" data-orig-file=\"https:\/\/designweekmexico.com\/wp-content\/uploads\/2025\/05\/005b-copia_ALUM-GALVEZ.jpg\" data-orig-size=\"1920,1322\" data-comments-opened=\"1\" data-image-meta=\"{&quot;aperture&quot;:&quot;4.5&quot;,&quot;credit&quot;:&quot;ALUMGALVEZ&quot;,&quot;camera&quot;:&quot;Canon EOS 5D Mark III&quot;,&quot;caption&quot;:&quot;&quot;,&quot;created_timestamp&quot;:&quot;1728301173&quot;,&quot;copyright&quot;:&quot;&quot;,&quot;focal_length&quot;:&quot;24&quot;,&quot;iso&quot;:&quot;500&quot;,&quot;shutter_speed&quot;:&quot;0.066666666666667&quot;,&quot;title&quot;:&quot;&quot;,&quot;orientation&quot;:&quot;1&quot;}\" data-image-title=\"005b copia_ALUM GA\u0301LVEZ\" data-image-description=\"\" data-image-caption=\"\" data-medium-file=\"https:\/\/designweekmexico.com\/wp-content\/uploads\/2025\/05\/005b-copia_ALUM-GALVEZ-300x207.jpg\" data-large-file=\"https:\/\/designweekmexico.com\/wp-content\/uploads\/2025\/05\/005b-copia_ALUM-GALVEZ-1024x705.jpg\" width=\"1920\" height=\"1322\" src=\"https:\/\/designweekmexico.com\/wp-content\/uploads\/2025\/05\/005b-copia_ALUM-GALVEZ.jpg\" class=\"attachment-full size-full wp-image-21031\" alt=\"\" srcset=\"https:\/\/designweekmexico.com\/wp-content\/uploads\/2025\/05\/005b-copia_ALUM-GALVEZ.jpg 1920w, https:\/\/designweekmexico.com\/wp-content\/uploads\/2025\/05\/005b-copia_ALUM-GALVEZ-300x207.jpg 300w, https:\/\/designweekmexico.com\/wp-content\/uploads\/2025\/05\/005b-copia_ALUM-GALVEZ-1024x705.jpg 1024w, https:\/\/designweekmexico.com\/wp-content\/uploads\/2025\/05\/005b-copia_ALUM-GALVEZ-768x529.jpg 768w, https:\/\/designweekmexico.com\/wp-content\/uploads\/2025\/05\/005b-copia_ALUM-GALVEZ-1536x1058.jpg 1536w, https:\/\/designweekmexico.com\/wp-content\/uploads\/2025\/05\/005b-copia_ALUM-GALVEZ-18x12.jpg 18w, https:\/\/designweekmexico.com\/wp-content\/uploads\/2025\/05\/005b-copia_ALUM-GALVEZ-600x413.jpg 600w\" sizes=\"(max-width: 1920px) 100vw, 1920px\" \/>\t\t\t\t\t\t\t\t\t\t\t\t\t\t\t<\/div>\n\t\t\t\t<\/div>\n\t\t\t\t<div class=\"elementor-element elementor-element-e7fc58f elementor-widget elementor-widget-text-editor\" data-id=\"e7fc58f\" data-element_type=\"widget\" data-widget_type=\"text-editor.default\">\n\t\t\t\t<div class=\"elementor-widget-container\">\n\t\t\t\t\t\t\t\t\t<p><span style=\"font-weight: 400;\">La din\u00e1mica de participaci\u00f3n consiste en que las marcas, galer\u00edas y dise\u00f1adores presten piezas de sus colecciones a los interioristas o arquitectos que dise\u00f1an y ejecutan un espacio dentro de Design House. Esta colaboraci\u00f3n permite integrar dichas piezas en ambientes reales y habitables, funcionando como un ejercicio pr\u00e1ctico que refleja la convivencia natural entre el interiorismo y el dise\u00f1o. De esta manera, las piezas cobran vida en contextos que potencian su valor est\u00e9tico y funcional, brindando visibilidad ante una audiencia especializada y general.<\/span><\/p><p><span style=\"font-weight: 400;\">Estamos invitando a marcas de dise\u00f1o internacionales y locales, as\u00ed como a artesanos expertos y galer\u00edas destacadas, para que se unan a esta edici\u00f3n y tengan la oportunidad de exhibir sus creaciones. Nuestro objetivo es generar momentos de networking y alianzas estrat\u00e9gicas que impulsen la industria del dise\u00f1o hacia nuevas fronteras.<\/span><\/p><p><span style=\"font-weight: 400;\">Estamos decididos a crear un evento verdaderamente inspirador, donde los profesionales y amantes del dise\u00f1o puedan descubrir las \u00faltimas tendencias y establecer conexiones valiosas en un ambiente estimulante. \u00dananse a nosotros para ser parte de esta experiencia excepcional y colaboremos en la creaci\u00f3n de un futuro del dise\u00f1o a\u00fan m\u00e1s brillante.<\/span><\/p>\t\t\t\t\t\t\t\t<\/div>\n\t\t\t\t<\/div>\n\t\t\t\t\t<\/div>\n\t\t<\/div>\n\t\t\t\t\t<\/div>\n\t\t<\/section>\n\t\t\t\t<section class=\"elementor-section elementor-top-section elementor-element elementor-element-3698ee08 ct-section-stretched elementor-section-boxed elementor-section-height-default elementor-section-height-default\" data-id=\"3698ee08\" data-element_type=\"section\" data-settings=\"{&quot;background_background&quot;:&quot;classic&quot;,&quot;_ha_eqh_enable&quot;:false}\">\n\t\t\t\t\t\t<div class=\"elementor-container elementor-column-gap-no\">\n\t\t\t\t\t<div class=\"elementor-column elementor-col-100 elementor-top-column elementor-element elementor-element-14032c59\" data-id=\"14032c59\" data-element_type=\"column\">\n\t\t\t<div class=\"elementor-widget-wrap elementor-element-populated\">\n\t\t\t\t\t\t<div class=\"elementor-element elementor-element-2bb656fb elementor-invisible elementor-widget elementor-widget-icon-box\" data-id=\"2bb656fb\" data-element_type=\"widget\" data-settings=\"{&quot;_animation&quot;:&quot;fadeIn&quot;}\" data-widget_type=\"icon-box.default\">\n\t\t\t\t<div class=\"elementor-widget-container\">\n\t\t\t\t\t\t\t<div class=\"elementor-icon-box-wrapper\">\n\n\t\t\t\n\t\t\t\t\t\t<div class=\"elementor-icon-box-content\">\n\n\t\t\t\t\t\t\t\t\t<h3 class=\"elementor-icon-box-title\">\n\t\t\t\t\t\t<span  >\n\t\t\t\t\t\t\tCATEGOR\u00cdAS\t\t\t\t\t\t<\/span>\n\t\t\t\t\t<\/h3>\n\t\t\t\t\n\t\t\t\t\t\t\t\t\t<p class=\"elementor-icon-box-description\">\n\t\t\t\t\t\tLas categor\u00edas que participan abarcan una amplia gama de elementos de dise\u00f1o como:\t\t\t\t\t<\/p>\n\t\t\t\t\n\t\t\t<\/div>\n\t\t\t\n\t\t<\/div>\n\t\t\t\t\t\t<\/div>\n\t\t\t\t<\/div>\n\t\t\t\t\t<\/div>\n\t\t<\/div>\n\t\t\t\t\t<\/div>\n\t\t<\/section>\n\t\t\t\t<section class=\"elementor-section elementor-top-section elementor-element elementor-element-477bd08 ct-section-stretched elementor-section-boxed elementor-section-height-default elementor-section-height-default\" data-id=\"477bd08\" data-element_type=\"section\" data-settings=\"{&quot;background_background&quot;:&quot;classic&quot;,&quot;_ha_eqh_enable&quot;:false}\">\n\t\t\t\t\t\t<div class=\"elementor-container elementor-column-gap-no\">\n\t\t\t\t\t<div class=\"elementor-column elementor-col-50 elementor-top-column elementor-element elementor-element-d51f3b7\" data-id=\"d51f3b7\" data-element_type=\"column\">\n\t\t\t<div class=\"elementor-widget-wrap elementor-element-populated\">\n\t\t\t\t\t\t<div class=\"elementor-element elementor-element-19cbaa elementor-invisible elementor-widget elementor-widget-icon-box\" data-id=\"19cbaa\" data-element_type=\"widget\" data-settings=\"{&quot;_animation&quot;:&quot;fadeIn&quot;}\" data-widget_type=\"icon-box.default\">\n\t\t\t\t<div class=\"elementor-widget-container\">\n\t\t\t\t\t\t\t<div class=\"elementor-icon-box-wrapper\">\n\n\t\t\t\n\t\t\t\t\t\t<div class=\"elementor-icon-box-content\">\n\n\t\t\t\t\t\t\t\t\t<h3 class=\"elementor-icon-box-title\">\n\t\t\t\t\t\t<span  >\n\t\t\t\t\t\t\tFurniture\t\t\t\t\t\t<\/span>\n\t\t\t\t\t<\/h3>\n\t\t\t\t\n\t\t\t\t\n\t\t\t<\/div>\n\t\t\t\n\t\t<\/div>\n\t\t\t\t\t\t<\/div>\n\t\t\t\t<\/div>\n\t\t\t\t<div class=\"elementor-element elementor-element-44621c10 elementor-invisible elementor-widget elementor-widget-icon-box\" data-id=\"44621c10\" data-element_type=\"widget\" data-settings=\"{&quot;_animation&quot;:&quot;fadeIn&quot;}\" data-widget_type=\"icon-box.default\">\n\t\t\t\t<div class=\"elementor-widget-container\">\n\t\t\t\t\t\t\t<div class=\"elementor-icon-box-wrapper\">\n\n\t\t\t\n\t\t\t\t\t\t<div class=\"elementor-icon-box-content\">\n\n\t\t\t\t\t\t\t\t\t<h3 class=\"elementor-icon-box-title\">\n\t\t\t\t\t\t<span  >\n\t\t\t\t\t\t\tOUTDOOR Furniture\t\t\t\t\t\t<\/span>\n\t\t\t\t\t<\/h3>\n\t\t\t\t\n\t\t\t\t\n\t\t\t<\/div>\n\t\t\t\n\t\t<\/div>\n\t\t\t\t\t\t<\/div>\n\t\t\t\t<\/div>\n\t\t\t\t<div class=\"elementor-element elementor-element-28417b96 elementor-invisible elementor-widget elementor-widget-icon-box\" data-id=\"28417b96\" data-element_type=\"widget\" data-settings=\"{&quot;_animation&quot;:&quot;fadeIn&quot;}\" data-widget_type=\"icon-box.default\">\n\t\t\t\t<div class=\"elementor-widget-container\">\n\t\t\t\t\t\t\t<div class=\"elementor-icon-box-wrapper\">\n\n\t\t\t\n\t\t\t\t\t\t<div class=\"elementor-icon-box-content\">\n\n\t\t\t\t\t\t\t\t\t<h3 class=\"elementor-icon-box-title\">\n\t\t\t\t\t\t<span  >\n\t\t\t\t\t\t\tIluminaci\u00f3n\t\t\t\t\t\t<\/span>\n\t\t\t\t\t<\/h3>\n\t\t\t\t\n\t\t\t\t\n\t\t\t<\/div>\n\t\t\t\n\t\t<\/div>\n\t\t\t\t\t\t<\/div>\n\t\t\t\t<\/div>\n\t\t\t\t\t<\/div>\n\t\t<\/div>\n\t\t\t\t<div class=\"elementor-column elementor-col-50 elementor-top-column elementor-element elementor-element-4941e87b\" data-id=\"4941e87b\" data-element_type=\"column\">\n\t\t\t<div class=\"elementor-widget-wrap elementor-element-populated\">\n\t\t\t\t\t\t<div class=\"elementor-element elementor-element-689edf31 elementor-invisible elementor-widget elementor-widget-icon-box\" data-id=\"689edf31\" data-element_type=\"widget\" data-settings=\"{&quot;_animation&quot;:&quot;fadeIn&quot;}\" data-widget_type=\"icon-box.default\">\n\t\t\t\t<div class=\"elementor-widget-container\">\n\t\t\t\t\t\t\t<div class=\"elementor-icon-box-wrapper\">\n\n\t\t\t\n\t\t\t\t\t\t<div class=\"elementor-icon-box-content\">\n\n\t\t\t\t\t\t\t\t\t<h3 class=\"elementor-icon-box-title\">\n\t\t\t\t\t\t<span  >\n\t\t\t\t\t\t\tACCESORIES\t\t\t\t\t\t<\/span>\n\t\t\t\t\t<\/h3>\n\t\t\t\t\n\t\t\t\t\n\t\t\t<\/div>\n\t\t\t\n\t\t<\/div>\n\t\t\t\t\t\t<\/div>\n\t\t\t\t<\/div>\n\t\t\t\t<div class=\"elementor-element elementor-element-795935d elementor-invisible elementor-widget elementor-widget-icon-box\" data-id=\"795935d\" data-element_type=\"widget\" data-settings=\"{&quot;_animation&quot;:&quot;fadeIn&quot;}\" data-widget_type=\"icon-box.default\">\n\t\t\t\t<div class=\"elementor-widget-container\">\n\t\t\t\t\t\t\t<div class=\"elementor-icon-box-wrapper\">\n\n\t\t\t\n\t\t\t\t\t\t<div class=\"elementor-icon-box-content\">\n\n\t\t\t\t\t\t\t\t\t<h3 class=\"elementor-icon-box-title\">\n\t\t\t\t\t\t<span  >\n\t\t\t\t\t\t\tART-OBJECT\t\t\t\t\t\t<\/span>\n\t\t\t\t\t<\/h3>\n\t\t\t\t\n\t\t\t\t\n\t\t\t<\/div>\n\t\t\t\n\t\t<\/div>\n\t\t\t\t\t\t<\/div>\n\t\t\t\t<\/div>\n\t\t\t\t<div class=\"elementor-element elementor-element-3ab5c91b elementor-invisible elementor-widget elementor-widget-icon-box\" data-id=\"3ab5c91b\" data-element_type=\"widget\" data-settings=\"{&quot;_animation&quot;:&quot;fadeIn&quot;}\" data-widget_type=\"icon-box.default\">\n\t\t\t\t<div class=\"elementor-widget-container\">\n\t\t\t\t\t\t\t<div class=\"elementor-icon-box-wrapper\">\n\n\t\t\t\n\t\t\t\t\t\t<div class=\"elementor-icon-box-content\">\n\n\t\t\t\t\t\t\t\t\t<h3 class=\"elementor-icon-box-title\">\n\t\t\t\t\t\t<span  >\n\t\t\t\t\t\t\tFinishes\t\t\t\t\t\t<\/span>\n\t\t\t\t\t<\/h3>\n\t\t\t\t\n\t\t\t\t\n\t\t\t<\/div>\n\t\t\t\n\t\t<\/div>\n\t\t\t\t\t\t<\/div>\n\t\t\t\t<\/div>\n\t\t\t\t\t<\/div>\n\t\t<\/div>\n\t\t\t\t\t<\/div>\n\t\t<\/section>\n\t\t\t\t<section class=\"elementor-section elementor-top-section elementor-element elementor-element-339663b8 elementor-section-boxed elementor-section-height-default elementor-section-height-default\" data-id=\"339663b8\" data-element_type=\"section\" data-settings=\"{&quot;_ha_eqh_enable&quot;:false}\">\n\t\t\t\t\t\t<div class=\"elementor-container elementor-column-gap-extended\">\n\t\t\t\t\t<div class=\"elementor-column elementor-col-100 elementor-top-column elementor-element elementor-element-112295f\" data-id=\"112295f\" data-element_type=\"column\">\n\t\t\t<div class=\"elementor-widget-wrap elementor-element-populated\">\n\t\t\t\t\t\t<div class=\"elementor-element elementor-element-6728f005 elementor-widget elementor-widget-gallery\" data-id=\"6728f005\" data-element_type=\"widget\" data-settings=\"{&quot;gallery_layout&quot;:&quot;justified&quot;,&quot;ideal_row_height&quot;:{&quot;unit&quot;:&quot;px&quot;,&quot;size&quot;:500,&quot;sizes&quot;:[]},&quot;ideal_row_height_tablet&quot;:{&quot;unit&quot;:&quot;px&quot;,&quot;size&quot;:250,&quot;sizes&quot;:[]},&quot;ideal_row_height_mobile&quot;:{&quot;unit&quot;:&quot;px&quot;,&quot;size&quot;:170,&quot;sizes&quot;:[]},&quot;gap&quot;:{&quot;unit&quot;:&quot;px&quot;,&quot;size&quot;:20,&quot;sizes&quot;:[]},&quot;gap_tablet&quot;:{&quot;unit&quot;:&quot;px&quot;,&quot;size&quot;:15,&quot;sizes&quot;:[]},&quot;lazyload&quot;:&quot;yes&quot;,&quot;gap_mobile&quot;:{&quot;unit&quot;:&quot;px&quot;,&quot;size&quot;:10,&quot;sizes&quot;:[]},&quot;link_to&quot;:&quot;file&quot;,&quot;overlay_background&quot;:&quot;yes&quot;,&quot;content_hover_animation&quot;:&quot;fade-in&quot;}\" data-widget_type=\"gallery.default\">\n\t\t\t\t<div class=\"elementor-widget-container\">\n\t\t\t\t\t\t\t<div class=\"elementor-gallery__container\">\n\t\t\t\t\t\t\t<a class=\"e-gallery-item elementor-gallery-item elementor-animated-content\" href=\"https:\/\/designweekmexico.com\/wp-content\/uploads\/2025\/05\/003_ALUM-GALVEZ-1.jpg\" data-elementor-open-lightbox=\"yes\" data-elementor-lightbox-slideshow=\"6728f005\" data-elementor-lightbox-title=\"003_ALUM GA\u0301LVEZ (1)\" data-e-action-hash=\"#elementor-action%3Aaction%3Dlightbox%26settings%3DeyJpZCI6MjEwMjcsInVybCI6Imh0dHBzOlwvXC9kZXNpZ253ZWVrbWV4aWNvLmNvbVwvd3AtY29udGVudFwvdXBsb2Fkc1wvMjAyNVwvMDVcLzAwM19BTFVNLUdBTFZFWi0xLmpwZyIsInNsaWRlc2hvdyI6IjY3MjhmMDA1In0%3D\">\n\t\t\t\t\t<div class=\"e-gallery-image elementor-gallery-item__image\" data-thumbnail=\"https:\/\/designweekmexico.com\/wp-content\/uploads\/2025\/05\/003_ALUM-GALVEZ-1.jpg\" data-width=\"1280\" data-height=\"1920\" aria-label=\"\" role=\"img\" ><\/div>\n\t\t\t\t\t\t\t\t\t\t\t<div class=\"elementor-gallery-item__overlay\"><\/div>\n\t\t\t\t\t\t\t\t\t\t\t\t\t\t<\/a>\n\t\t\t\t\t\t\t<a class=\"e-gallery-item elementor-gallery-item elementor-animated-content\" href=\"https:\/\/designweekmexico.com\/wp-content\/uploads\/2025\/04\/CACAO3-CACAO-Design-scaled.jpg\" data-elementor-open-lightbox=\"yes\" data-elementor-lightbox-slideshow=\"6728f005\" data-elementor-lightbox-title=\"CACAO3 - CACAO Design\" data-e-action-hash=\"#elementor-action%3Aaction%3Dlightbox%26settings%3DeyJpZCI6MjA5NzQsInVybCI6Imh0dHBzOlwvXC9kZXNpZ253ZWVrbWV4aWNvLmNvbVwvd3AtY29udGVudFwvdXBsb2Fkc1wvMjAyNVwvMDRcL0NBQ0FPMy1DQUNBTy1EZXNpZ24tc2NhbGVkLmpwZyIsInNsaWRlc2hvdyI6IjY3MjhmMDA1In0%3D\">\n\t\t\t\t\t<div class=\"e-gallery-image elementor-gallery-item__image\" data-thumbnail=\"https:\/\/designweekmexico.com\/wp-content\/uploads\/2025\/04\/CACAO3-CACAO-Design-scaled.jpg\" data-width=\"1707\" data-height=\"2560\" aria-label=\"\" role=\"img\" ><\/div>\n\t\t\t\t\t\t\t\t\t\t\t<div class=\"elementor-gallery-item__overlay\"><\/div>\n\t\t\t\t\t\t\t\t\t\t\t\t\t\t<\/a>\n\t\t\t\t\t\t\t<a class=\"e-gallery-item elementor-gallery-item elementor-animated-content\" href=\"https:\/\/designweekmexico.com\/wp-content\/uploads\/2025\/05\/003_ALUM-GALVEZ-2.jpg\" data-elementor-open-lightbox=\"yes\" data-elementor-lightbox-slideshow=\"6728f005\" data-elementor-lightbox-title=\"003_ALUM GA\u0301LVEZ (2)\" data-e-action-hash=\"#elementor-action%3Aaction%3Dlightbox%26settings%3DeyJpZCI6MjEwMjYsInVybCI6Imh0dHBzOlwvXC9kZXNpZ253ZWVrbWV4aWNvLmNvbVwvd3AtY29udGVudFwvdXBsb2Fkc1wvMjAyNVwvMDVcLzAwM19BTFVNLUdBTFZFWi0yLmpwZyIsInNsaWRlc2hvdyI6IjY3MjhmMDA1In0%3D\">\n\t\t\t\t\t<div class=\"e-gallery-image elementor-gallery-item__image\" data-thumbnail=\"https:\/\/designweekmexico.com\/wp-content\/uploads\/2025\/05\/003_ALUM-GALVEZ-2.jpg\" data-width=\"1920\" data-height=\"1277\" aria-label=\"\" role=\"img\" ><\/div>\n\t\t\t\t\t\t\t\t\t\t\t<div class=\"elementor-gallery-item__overlay\"><\/div>\n\t\t\t\t\t\t\t\t\t\t\t\t\t\t<\/a>\n\t\t\t\t\t<\/div>\n\t\t\t\t\t<\/div>\n\t\t\t\t<\/div>\n\t\t\t\t\t<\/div>\n\t\t<\/div>\n\t\t\t\t\t<\/div>\n\t\t<\/section>\n\t\t\t\t<section class=\"elementor-section elementor-top-section elementor-element elementor-element-842a6d1 ct-section-stretched elementor-section-boxed elementor-section-height-default elementor-section-height-default\" data-id=\"842a6d1\" data-element_type=\"section\" data-settings=\"{&quot;background_background&quot;:&quot;classic&quot;,&quot;_ha_eqh_enable&quot;:false}\">\n\t\t\t\t\t\t<div class=\"elementor-container elementor-column-gap-no\">\n\t\t\t\t\t<div class=\"elementor-column elementor-col-100 elementor-top-column elementor-element elementor-element-100bc69f\" data-id=\"100bc69f\" data-element_type=\"column\">\n\t\t\t<div class=\"elementor-widget-wrap elementor-element-populated\">\n\t\t\t\t\t\t<div class=\"elementor-element elementor-element-663f1cc0 elementor-widget elementor-widget-heading\" data-id=\"663f1cc0\" data-element_type=\"widget\" data-widget_type=\"heading.default\">\n\t\t\t\t<div class=\"elementor-widget-container\">\n\t\t\t\t\t<h1 class=\"elementor-heading-title elementor-size-default\">BENEFITS<\/h1>\t\t\t\t<\/div>\n\t\t\t\t<\/div>\n\t\t\t\t<div class=\"elementor-element elementor-element-17f8b6f6 elementor-widget elementor-widget-text-editor\" data-id=\"17f8b6f6\" data-element_type=\"widget\" data-widget_type=\"text-editor.default\">\n\t\t\t\t<div class=\"elementor-widget-container\">\n\t\t\t\t\t\t\t\t\t<h3><span style=\"font-size: 24pt;\"><strong>MEET &amp; GREET<\/strong><\/span><\/h3><p><span style=\"font-weight: 400;\">Destaca tu marca ante arquitectos e interioristas en Design House. Presenta tus piezas y nuevas colecciones en una reuni\u00f3n exclusiva, estableciendo conexiones s\u00f3lidas con l\u00edderes del sector y abriendo posibilidades de colaboraci\u00f3n directa en sus espacios.<\/span><\/p><h3><strong>NETWORKING<\/strong><\/h3><p><span style=\"font-weight: 400;\">Facilitamos alianzas estrat\u00e9gicas entre dealers de dise\u00f1o y despachos reconocidos. \u00danete a Design House + Dealers de Dise\u00f1o para acceder a una red de profesionales influyentes que pueden impulsar tu negocio y ampliar tu red de contactos.<\/span><\/p><h3><strong>EXHIBICI\u00d3N EN ESPACIOS DE INTERIORISMO<\/strong><\/h3><p><span style=\"font-weight: 400;\">Tus piezas formar\u00e1n parte de propuestas integrales dise\u00f1adas por arquitectos e interioristas destacados, generando un di\u00e1logo entre interiorismo y dise\u00f1o que posiciona tu marca en contextos reales y funcionales. Es una oportunidad para que tus productos sean parte de una narrativa espacial y se destaquen ante una audiencia especializada.<\/span><\/p><h3><strong>VISIBILIDAD ANTE M\u00c1S DE 20 MIL ASISTENTES<\/strong><\/h3><p><span style=\"font-weight: 400;\">Design Week Mexico atrae a una audiencia diversa y especializada de m\u00e1s de 20,000 visitantes, entre compradores potenciales, profesionales del dise\u00f1o, prensa e interesados en el sector. Exhibir tus piezas en Design House te brinda una plataforma para posicionar tu marca ante un p\u00fablico amplio y relevante.<\/span><\/p><h3><strong>QR PRODUCT PLACEMENT<\/strong><\/h3><p><span style=\"font-weight: 400;\">Place <strong>c\u00f3digos QR<\/strong> en tus piezas para que la audiencia pueda identificar tu marca y contactarte f\u00e1cilmente para futuras compras, v\u00ednculos o colaboraciones.<\/span><\/p><h3><strong>CAT\u00c1LOGO DIGITAL<\/strong><\/h3><p><span style=\"font-weight: 400;\">Presenta tus colaboraciones en nuestro cat\u00e1logo oficial, dando visibilidad a tu marca y a los espacios intervenidos por interioristas y arquitectos.<\/span><\/p><h3><strong>PRESENCE ON MAP<\/strong><\/h3><p><span style=\"font-weight: 400;\">Forma parte de nuestro mapa oficial de Dealers de Dise\u00f1o, una herramienta clave para ubicar a todos los participantes y facilitar el contacto con el p\u00fablico asistente.<\/span><\/p><h3><strong>50% DE DESCUENTO EN TOURS DE DISE\u00d1O<\/strong><\/h3><p><span style=\"font-weight: 400;\">Comunica lanzamientos, nuevas colecciones, realiza activaciones, c\u00f3cteles o recorridos especiales a trav\u00e9s de nuestra gu\u00eda, y recibe a la audiencia de Design Week Mexico en tu showroom o espacio.<\/span><\/p><h3><strong>BRAND LOGO<\/strong><\/h3><p><span style=\"font-weight: 400;\">Destaca tu marca en el apartado \u201cDealers de Dise\u00f1o\u201d de nuestro sitio web, con un enlace directo a tu p\u00e1gina para recibir m\u00e1s visitas y ampliar tu alcance digital.<\/span><\/p><h3><strong>COMUNICACI\u00d3N CRUZADA<\/strong><\/h3><p><span style=\"font-weight: 400;\">Utiliza nuestro logotipo e identidad gr\u00e1fica durante el mes del dise\u00f1o para promocionar tu participaci\u00f3n y activaciones, generando sinergia entre tu marca y el ecosistema de Design Week Mexico.<\/span><\/p><p><span style=\"font-weight: 400;\"><strong>Completa tu registro de marca y \u00fanete a Dealers de Dise\u00f1o:<br \/><\/strong>[LINK POR AGREGAR]<\/span><\/p>\t\t\t\t\t\t\t\t<\/div>\n\t\t\t\t<\/div>\n\t\t\t\t\t<\/div>\n\t\t<\/div>\n\t\t\t\t\t<\/div>\n\t\t<\/section>\n\t\t\t\t<section class=\"elementor-section elementor-top-section elementor-element elementor-element-2aac5156 elementor-section-boxed elementor-section-height-default elementor-section-height-default\" data-id=\"2aac5156\" data-element_type=\"section\" data-settings=\"{&quot;_ha_eqh_enable&quot;:false}\">\n\t\t\t\t\t\t<div class=\"elementor-container elementor-column-gap-extended\">\n\t\t\t\t\t<div class=\"elementor-column elementor-col-100 elementor-top-column elementor-element elementor-element-480a12fb\" data-id=\"480a12fb\" data-element_type=\"column\">\n\t\t\t<div class=\"elementor-widget-wrap elementor-element-populated\">\n\t\t\t\t\t\t<div class=\"elementor-element elementor-element-6fe77fcf elementor-widget elementor-widget-gallery\" data-id=\"6fe77fcf\" data-element_type=\"widget\" data-settings=\"{&quot;gallery_layout&quot;:&quot;justified&quot;,&quot;ideal_row_height&quot;:{&quot;unit&quot;:&quot;px&quot;,&quot;size&quot;:400,&quot;sizes&quot;:[]},&quot;ideal_row_height_tablet&quot;:{&quot;unit&quot;:&quot;px&quot;,&quot;size&quot;:250,&quot;sizes&quot;:[]},&quot;ideal_row_height_mobile&quot;:{&quot;unit&quot;:&quot;px&quot;,&quot;size&quot;:200,&quot;sizes&quot;:[]},&quot;gap&quot;:{&quot;unit&quot;:&quot;px&quot;,&quot;size&quot;:20,&quot;sizes&quot;:[]},&quot;gap_tablet&quot;:{&quot;unit&quot;:&quot;px&quot;,&quot;size&quot;:15,&quot;sizes&quot;:[]},&quot;lazyload&quot;:&quot;yes&quot;,&quot;gap_mobile&quot;:{&quot;unit&quot;:&quot;px&quot;,&quot;size&quot;:10,&quot;sizes&quot;:[]},&quot;link_to&quot;:&quot;file&quot;,&quot;overlay_background&quot;:&quot;yes&quot;,&quot;content_hover_animation&quot;:&quot;fade-in&quot;}\" data-widget_type=\"gallery.default\">\n\t\t\t\t<div class=\"elementor-widget-container\">\n\t\t\t\t\t\t\t<div class=\"elementor-gallery__container\">\n\t\t\t\t\t\t\t<a class=\"e-gallery-item elementor-gallery-item elementor-animated-content\" href=\"https:\/\/designweekmexico.com\/wp-content\/uploads\/2025\/05\/002_ALUM-GALVEZ-3.jpg\" data-elementor-open-lightbox=\"yes\" data-elementor-lightbox-slideshow=\"6fe77fcf\" data-elementor-lightbox-title=\"002_ALUM GA\u0301LVEZ (3)\" data-e-action-hash=\"#elementor-action%3Aaction%3Dlightbox%26settings%3DeyJpZCI6MjEwMjUsInVybCI6Imh0dHBzOlwvXC9kZXNpZ253ZWVrbWV4aWNvLmNvbVwvd3AtY29udGVudFwvdXBsb2Fkc1wvMjAyNVwvMDVcLzAwMl9BTFVNLUdBTFZFWi0zLmpwZyIsInNsaWRlc2hvdyI6IjZmZTc3ZmNmIn0%3D\">\n\t\t\t\t\t<div class=\"e-gallery-image elementor-gallery-item__image\" data-thumbnail=\"https:\/\/designweekmexico.com\/wp-content\/uploads\/2025\/05\/002_ALUM-GALVEZ-3.jpg\" data-width=\"1508\" data-height=\"1920\" aria-label=\"\" role=\"img\" ><\/div>\n\t\t\t\t\t\t\t\t\t\t\t<div class=\"elementor-gallery-item__overlay\"><\/div>\n\t\t\t\t\t\t\t\t\t\t\t\t\t\t<\/a>\n\t\t\t\t\t\t\t<a class=\"e-gallery-item elementor-gallery-item elementor-animated-content\" href=\"https:\/\/designweekmexico.com\/wp-content\/uploads\/2025\/05\/003B_ALUM-GALVEZ-scaled.jpg\" data-elementor-open-lightbox=\"yes\" data-elementor-lightbox-slideshow=\"6fe77fcf\" data-elementor-lightbox-title=\"003B_ALUM GA\u0301LVEZ\" data-e-action-hash=\"#elementor-action%3Aaction%3Dlightbox%26settings%3DeyJpZCI6MjEwMjgsInVybCI6Imh0dHBzOlwvXC9kZXNpZ253ZWVrbWV4aWNvLmNvbVwvd3AtY29udGVudFwvdXBsb2Fkc1wvMjAyNVwvMDVcLzAwM0JfQUxVTS1HQUxWRVotc2NhbGVkLmpwZyIsInNsaWRlc2hvdyI6IjZmZTc3ZmNmIn0%3D\">\n\t\t\t\t\t<div class=\"e-gallery-image elementor-gallery-item__image\" data-thumbnail=\"https:\/\/designweekmexico.com\/wp-content\/uploads\/2025\/05\/003B_ALUM-GALVEZ-scaled.jpg\" data-width=\"1707\" data-height=\"2560\" aria-label=\"\" role=\"img\" ><\/div>\n\t\t\t\t\t\t\t\t\t\t\t<div class=\"elementor-gallery-item__overlay\"><\/div>\n\t\t\t\t\t\t\t\t\t\t\t\t\t\t<\/a>\n\t\t\t\t\t\t\t<a class=\"e-gallery-item elementor-gallery-item elementor-animated-content\" href=\"https:\/\/designweekmexico.com\/wp-content\/uploads\/2025\/05\/008_ALUM-GALVEZ-4.jpg\" data-elementor-open-lightbox=\"yes\" data-elementor-lightbox-slideshow=\"6fe77fcf\" data-elementor-lightbox-title=\"008_ALUM GA\u0301LVEZ (4)\" data-e-action-hash=\"#elementor-action%3Aaction%3Dlightbox%26settings%3DeyJpZCI6MjEwMzAsInVybCI6Imh0dHBzOlwvXC9kZXNpZ253ZWVrbWV4aWNvLmNvbVwvd3AtY29udGVudFwvdXBsb2Fkc1wvMjAyNVwvMDVcLzAwOF9BTFVNLUdBTFZFWi00LmpwZyIsInNsaWRlc2hvdyI6IjZmZTc3ZmNmIn0%3D\">\n\t\t\t\t\t<div class=\"e-gallery-image elementor-gallery-item__image\" data-thumbnail=\"https:\/\/designweekmexico.com\/wp-content\/uploads\/2025\/05\/008_ALUM-GALVEZ-4.jpg\" data-width=\"1920\" data-height=\"1411\" aria-label=\"\" role=\"img\" ><\/div>\n\t\t\t\t\t\t\t\t\t\t\t<div class=\"elementor-gallery-item__overlay\"><\/div>\n\t\t\t\t\t\t\t\t\t\t\t\t\t\t<\/a>\n\t\t\t\t\t<\/div>\n\t\t\t\t\t<\/div>\n\t\t\t\t<\/div>\n\t\t\t\t\t<\/div>\n\t\t<\/div>\n\t\t\t\t\t<\/div>\n\t\t<\/section>\n\t\t\t\t<section class=\"elementor-section elementor-top-section elementor-element elementor-element-70a7fe06 ct-section-stretched elementor-section-boxed elementor-section-height-default elementor-section-height-default\" data-id=\"70a7fe06\" data-element_type=\"section\" data-settings=\"{&quot;background_background&quot;:&quot;classic&quot;,&quot;_ha_eqh_enable&quot;:false}\">\n\t\t\t\t\t\t<div class=\"elementor-container elementor-column-gap-no\">\n\t\t\t\t\t<div class=\"elementor-column elementor-col-100 elementor-top-column elementor-element elementor-element-24876940\" data-id=\"24876940\" data-element_type=\"column\">\n\t\t\t<div class=\"elementor-widget-wrap elementor-element-populated\">\n\t\t\t\t\t\t<div class=\"elementor-element elementor-element-173011f2 elementor-invisible elementor-widget elementor-widget-icon-box\" data-id=\"173011f2\" data-element_type=\"widget\" data-settings=\"{&quot;_animation&quot;:&quot;fadeIn&quot;}\" data-widget_type=\"icon-box.default\">\n\t\t\t\t<div class=\"elementor-widget-container\">\n\t\t\t\t\t\t\t<div class=\"elementor-icon-box-wrapper\">\n\n\t\t\t\n\t\t\t\t\t\t<div class=\"elementor-icon-box-content\">\n\n\t\t\t\t\t\t\t\t\t<h3 class=\"elementor-icon-box-title\">\n\t\t\t\t\t\t<span  >\n\t\t\t\t\t\t\tDIFUSI\u00d3N DE MARCA EN SOCIAL MEDIA\t\t\t\t\t\t<\/span>\n\t\t\t\t\t<\/h3>\n\t\t\t\t\n\t\t\t\t\t\t\t\t\t<p class=\"elementor-icon-box-description\">\n\t\t\t\t\t\tGet mentions in all our social networks and newsletters:\t\t\t\t\t<\/p>\n\t\t\t\t\n\t\t\t<\/div>\n\t\t\t\n\t\t<\/div>\n\t\t\t\t\t\t<\/div>\n\t\t\t\t<\/div>\n\t\t\t\t<section class=\"elementor-section elementor-inner-section elementor-element elementor-element-c2ba60f elementor-section-boxed elementor-section-height-default elementor-section-height-default\" data-id=\"c2ba60f\" data-element_type=\"section\" data-settings=\"{&quot;_ha_eqh_enable&quot;:false}\">\n\t\t\t\t\t\t<div class=\"elementor-container elementor-column-gap-default\">\n\t\t\t\t\t<div class=\"elementor-column elementor-col-50 elementor-inner-column elementor-element elementor-element-5773896f\" data-id=\"5773896f\" data-element_type=\"column\">\n\t\t\t<div class=\"elementor-widget-wrap elementor-element-populated\">\n\t\t\t\t\t\t<div class=\"elementor-element elementor-element-422c1754 elementor-view-default elementor-widget elementor-widget-icon\" data-id=\"422c1754\" data-element_type=\"widget\" data-widget_type=\"icon.default\">\n\t\t\t\t<div class=\"elementor-widget-container\">\n\t\t\t\t\t\t\t<div class=\"elementor-icon-wrapper\">\n\t\t\t<div class=\"elementor-icon\">\n\t\t\t<i aria-hidden=\"true\" class=\"fab fa-facebook\"><\/i>\t\t\t<\/div>\n\t\t<\/div>\n\t\t\t\t\t\t<\/div>\n\t\t\t\t<\/div>\n\t\t\t\t<div class=\"elementor-element elementor-element-7eb5dc33 elementor-widget elementor-widget-text-editor\" data-id=\"7eb5dc33\" data-element_type=\"widget\" data-widget_type=\"text-editor.default\">\n\t\t\t\t<div class=\"elementor-widget-container\">\n\t\t\t\t\t\t\t\t\t<p><b><span style=\"font-size: 18pt;\">Facebook<\/span><br \/><\/b><span style=\"font-size: 32px;\">+143K seguidores<\/span><\/p>\t\t\t\t\t\t\t\t<\/div>\n\t\t\t\t<\/div>\n\t\t\t\t<div class=\"elementor-element elementor-element-569bed8 elementor-view-default elementor-widget elementor-widget-icon\" data-id=\"569bed8\" data-element_type=\"widget\" data-widget_type=\"icon.default\">\n\t\t\t\t<div class=\"elementor-widget-container\">\n\t\t\t\t\t\t\t<div class=\"elementor-icon-wrapper\">\n\t\t\t<div class=\"elementor-icon\">\n\t\t\t<i aria-hidden=\"true\" class=\"fab fa-instagram\"><\/i>\t\t\t<\/div>\n\t\t<\/div>\n\t\t\t\t\t\t<\/div>\n\t\t\t\t<\/div>\n\t\t\t\t<div class=\"elementor-element elementor-element-393831ce elementor-widget elementor-widget-text-editor\" data-id=\"393831ce\" data-element_type=\"widget\" data-widget_type=\"text-editor.default\">\n\t\t\t\t<div class=\"elementor-widget-container\">\n\t\t\t\t\t\t\t\t\t<p><span style=\"font-weight: 400; font-size: 18pt;\"><strong>Instagram<\/strong><br \/><\/span><span style=\"font-size: 32px;\">+223k seguidores<\/span><\/p>\t\t\t\t\t\t\t\t<\/div>\n\t\t\t\t<\/div>\n\t\t\t\t\t<\/div>\n\t\t<\/div>\n\t\t\t\t<div class=\"elementor-column elementor-col-50 elementor-inner-column elementor-element elementor-element-4c5d3519\" data-id=\"4c5d3519\" data-element_type=\"column\">\n\t\t\t<div class=\"elementor-widget-wrap elementor-element-populated\">\n\t\t\t\t\t\t<div class=\"elementor-element elementor-element-6f0f0c9d elementor-view-default elementor-widget elementor-widget-icon\" data-id=\"6f0f0c9d\" data-element_type=\"widget\" data-widget_type=\"icon.default\">\n\t\t\t\t<div class=\"elementor-widget-container\">\n\t\t\t\t\t\t\t<div class=\"elementor-icon-wrapper\">\n\t\t\t<div class=\"elementor-icon\">\n\t\t\t<i aria-hidden=\"true\" class=\"fab fa-x-twitter\"><\/i>\t\t\t<\/div>\n\t\t<\/div>\n\t\t\t\t\t\t<\/div>\n\t\t\t\t<\/div>\n\t\t\t\t<div class=\"elementor-element elementor-element-189e1bd5 elementor-widget elementor-widget-text-editor\" data-id=\"189e1bd5\" data-element_type=\"widget\" data-widget_type=\"text-editor.default\">\n\t\t\t\t<div class=\"elementor-widget-container\">\n\t\t\t\t\t\t\t\t\t<p><strong style=\"font-size: 18pt;\">X (Twitter)<\/strong><br \/><span style=\"font-size: 32px;\">+35K followers<\/span><\/p>\t\t\t\t\t\t\t\t<\/div>\n\t\t\t\t<\/div>\n\t\t\t\t<div class=\"elementor-element elementor-element-29c0080c elementor-view-default elementor-widget elementor-widget-icon\" data-id=\"29c0080c\" data-element_type=\"widget\" data-widget_type=\"icon.default\">\n\t\t\t\t<div class=\"elementor-widget-container\">\n\t\t\t\t\t\t\t<div class=\"elementor-icon-wrapper\">\n\t\t\t<div class=\"elementor-icon\">\n\t\t\t<i aria-hidden=\"true\" class=\"far fa-newspaper\"><\/i>\t\t\t<\/div>\n\t\t<\/div>\n\t\t\t\t\t\t<\/div>\n\t\t\t\t<\/div>\n\t\t\t\t<div class=\"elementor-element elementor-element-2e67f195 elementor-widget elementor-widget-text-editor\" data-id=\"2e67f195\" data-element_type=\"widget\" data-widget_type=\"text-editor.default\">\n\t\t\t\t<div class=\"elementor-widget-container\">\n\t\t\t\t\t\t\t\t\t<p><span style=\"text-align: inherit; color: var(--theme-text-color); font-family: var(--theme-font-family); font-style: var(--theme-font-style, inherit); letter-spacing: var(--theme-letter-spacing); text-transform: var(--theme-text-transform); font-size: 18pt;\"><b>Newsletter<br \/><\/b><\/span><span style=\"font-size: 32px; text-align: inherit; color: var(--theme-text-color); font-family: var(--theme-font-family); font-style: var(--theme-font-style, inherit); font-weight: var(--theme-font-weight); letter-spacing: var(--theme-letter-spacing); text-transform: var(--theme-text-transform);\">+25K subscribers<\/span><\/p>\t\t\t\t\t\t\t\t<\/div>\n\t\t\t\t<\/div>\n\t\t\t\t\t<\/div>\n\t\t<\/div>\n\t\t\t\t\t<\/div>\n\t\t<\/section>\n\t\t\t\t<div class=\"elementor-element elementor-element-3dd3cb5d elementor-widget elementor-widget-text-editor\" data-id=\"3dd3cb5d\" data-element_type=\"widget\" data-widget_type=\"text-editor.default\">\n\t\t\t\t<div class=\"elementor-widget-container\">\n\t\t\t\t\t\t\t\t\t<p><span style=\"font-weight: 400;\">Ser\u00e1s parte de nuestra difusi\u00f3n en nuestros distintos canales de comunicaci\u00f3n, la cu\u00e1l podr\u00e1s tambi\u00e9n compartir desde tus redes sociales, para tener un mayor alcance y comunicarle a toda nuestra comunidad que eres parte del mes del dise\u00f1o.<\/span><\/p>\n<p><span style=\"font-weight: 400;\">Obt\u00e9n la siguiente difusi\u00f3n para tu marca dentro de nuestros canales:<\/span><\/p>\n<p><span style=\"font-weight: 400; font-size: 18pt;\"><span style=\"font-size: 24pt;\"><strong>2 posts<\/strong><\/span><br>Facebook &amp; Twitter<\/span><\/p>\n<p><span style=\"font-weight: 400; font-size: 18pt;\"><span style=\"font-size: 24pt;\"><strong>1 historias<\/strong><\/span><br>Instagram<\/span><\/p>\n<p><span style=\"font-weight: 400; font-size: 18pt;\"><span style=\"font-size: 24pt;\"><strong>1 reel<\/strong><\/span><br>DWM Collaborative<\/span><\/p>\n<p><span style=\"font-weight: 400; font-size: 18pt;\"><span style=\"font-size: 24pt;\"><strong>1 menci\u00f3n<\/strong><\/span><br>Newsletter<\/span><\/p>\t\t\t\t\t\t\t\t<\/div>\n\t\t\t\t<\/div>\n\t\t\t\t\t<\/div>\n\t\t<\/div>\n\t\t\t\t\t<\/div>\n\t\t<\/section>\n\t\t\t\t<section class=\"elementor-section elementor-top-section elementor-element elementor-element-a792073 elementor-section-boxed elementor-section-height-default elementor-section-height-default\" data-id=\"a792073\" data-element_type=\"section\" data-settings=\"{&quot;background_background&quot;:&quot;classic&quot;,&quot;_ha_eqh_enable&quot;:false}\">\n\t\t\t\t\t\t<div class=\"elementor-container elementor-column-gap-no\">\n\t\t\t\t\t<div class=\"elementor-column elementor-col-100 elementor-top-column elementor-element elementor-element-40e09af4\" data-id=\"40e09af4\" data-element_type=\"column\">\n\t\t\t<div class=\"elementor-widget-wrap elementor-element-populated\">\n\t\t\t\t\t\t<div class=\"elementor-element elementor-element-795f58ca elementor-widget elementor-widget-heading\" data-id=\"795f58ca\" data-element_type=\"widget\" data-widget_type=\"heading.default\">\n\t\t\t\t<div class=\"elementor-widget-container\">\n\t\t\t\t\t<h1 class=\"elementor-heading-title elementor-size-default\">PROCESO DE PARTICIPACI\u00d3N<\/h1>\t\t\t\t<\/div>\n\t\t\t\t<\/div>\n\t\t\t\t<div class=\"elementor-element elementor-element-7bac9f38 elementor-widget elementor-widget-text-editor\" data-id=\"7bac9f38\" data-element_type=\"widget\" data-widget_type=\"text-editor.default\">\n\t\t\t\t<div class=\"elementor-widget-container\">\n\t\t\t\t\t\t\t\t\t<h3 style=\"text-align: center;\"><b>Confirmaci\u00f3n de participaci\u00f3n<\/b><\/h3><p style=\"text-align: center;\"><span style=\"font-size: 24px;\">26 de mayo -26 de julio<\/span><\/p><h3 style=\"text-align: center;\"><b>Registration<\/b><\/h3><p style=\"text-align: center;\"><span style=\"font-size: 24px;\">26 de mayo &#8211; 4 de julio<\/span><\/p><p style=\"text-align: center;\"><a href=\"https:\/\/forms.gle\/Dii1diiZLUyVYiaZ7\"><span style=\"font-size: 14pt;\"><strong>\u2192 <\/strong><\/span><span style=\"font-size: 14pt;\"><strong>Registro Dealers \u2190<\/strong><\/span><\/a><span style=\"text-decoration: underline; font-size: 14pt;\"><br \/><a href=\"https:\/\/forms.gle\/Dii1diiZLUyVYiaZ7\">https:\/\/forms.gle\/Dii1diiZLUyVYiaZ7<\/a><br \/><\/span><\/p><h3 style=\"text-align: center;\"><b>Env\u00edo de cat\u00e1logo de piezas disponible a pr\u00e9stamo<\/b><\/h3><p style=\"text-align: center;\"><span style=\"font-size: 24px;\">26 de mayo &#8211; 4 de julio<\/span><\/p><h3 style=\"text-align: center;\"><b>Pago de cuota de recuperaci\u00f3n<\/b><\/h3><p style=\"text-align: center;\"><span style=\"font-size: 24px;\">26 de mayo &#8211; 17 de septiembre<\/span><\/p><h3 style=\"text-align: center;\"><b>Montaje Dealers de dise\u00f1o**<\/b><\/h3><p style=\"text-align: center;\"><span style=\"font-size: 24px;\">22 septiembre &#8211; 26 de septiembre<\/span><\/p><h3 style=\"text-align: center;\"><b>Design House + Dealers de dise\u00f1o<\/b><\/h3><p style=\"text-align: center;\"><span style=\"font-size: 24px;\">09 octubre &#8211; 02 de noviembre (apertura al p\u00fablico)<\/span><\/p><h3 style=\"text-align: center;\"><b>Desmontaje Dealers de dise\u00f1o**<\/b><\/h3><p style=\"text-align: center;\"><span style=\"font-size: 24px;\">3 noviembre &#8211; 6 noviembre<\/span><\/p><p style=\"text-align: center;\"><span style=\"font-size: 18.6667px;\"><i>**Se asignar\u00e1 d\u00eda y horario espec\u00edfico a cada marca participante para montaje\/desmontaje de piezas en pr\u00e9stamo.<br \/>Estas fechas pueden ser actualizadas o modificadas m\u00e1s adelante<\/i><\/span><\/p>\t\t\t\t\t\t\t\t<\/div>\n\t\t\t\t<\/div>\n\t\t\t\t\t<\/div>\n\t\t<\/div>\n\t\t\t\t\t<\/div>\n\t\t<\/section>\n\t\t\t\t<section class=\"elementor-section elementor-top-section elementor-element elementor-element-6c00a843 elementor-section-boxed elementor-section-height-default elementor-section-height-default\" data-id=\"6c00a843\" data-element_type=\"section\" data-settings=\"{&quot;_ha_eqh_enable&quot;:false}\">\n\t\t\t\t\t\t<div class=\"elementor-container elementor-column-gap-extended\">\n\t\t\t\t\t<div class=\"elementor-column elementor-col-100 elementor-top-column elementor-element elementor-element-516ee5d4\" data-id=\"516ee5d4\" data-element_type=\"column\">\n\t\t\t<div class=\"elementor-widget-wrap elementor-element-populated\">\n\t\t\t\t\t\t<div class=\"elementor-element elementor-element-6c02cf8e elementor-widget elementor-widget-gallery\" data-id=\"6c02cf8e\" data-element_type=\"widget\" data-settings=\"{&quot;gallery_layout&quot;:&quot;justified&quot;,&quot;ideal_row_height&quot;:{&quot;unit&quot;:&quot;px&quot;,&quot;size&quot;:500,&quot;sizes&quot;:[]},&quot;ideal_row_height_tablet&quot;:{&quot;unit&quot;:&quot;px&quot;,&quot;size&quot;:250,&quot;sizes&quot;:[]},&quot;ideal_row_height_mobile&quot;:{&quot;unit&quot;:&quot;px&quot;,&quot;size&quot;:120,&quot;sizes&quot;:[]},&quot;gap&quot;:{&quot;unit&quot;:&quot;px&quot;,&quot;size&quot;:20,&quot;sizes&quot;:[]},&quot;gap_tablet&quot;:{&quot;unit&quot;:&quot;px&quot;,&quot;size&quot;:15,&quot;sizes&quot;:[]},&quot;lazyload&quot;:&quot;yes&quot;,&quot;gap_mobile&quot;:{&quot;unit&quot;:&quot;px&quot;,&quot;size&quot;:10,&quot;sizes&quot;:[]},&quot;link_to&quot;:&quot;file&quot;,&quot;overlay_background&quot;:&quot;yes&quot;,&quot;content_hover_animation&quot;:&quot;fade-in&quot;}\" data-widget_type=\"gallery.default\">\n\t\t\t\t<div class=\"elementor-widget-container\">\n\t\t\t\t\t\t\t<div class=\"elementor-gallery__container\">\n\t\t\t\t\t\t\t<a class=\"e-gallery-item elementor-gallery-item elementor-animated-content\" href=\"https:\/\/designweekmexico.com\/wp-content\/uploads\/2025\/05\/001-copia_ALUM-GALVEZ-2.jpg\" data-elementor-open-lightbox=\"yes\" data-elementor-lightbox-slideshow=\"6c02cf8e\" data-elementor-lightbox-title=\"001 copia_ALUM GA\u0301LVEZ (2)\" data-e-action-hash=\"#elementor-action%3Aaction%3Dlightbox%26settings%3DeyJpZCI6MjEwMjQsInVybCI6Imh0dHBzOlwvXC9kZXNpZ253ZWVrbWV4aWNvLmNvbVwvd3AtY29udGVudFwvdXBsb2Fkc1wvMjAyNVwvMDVcLzAwMS1jb3BpYV9BTFVNLUdBTFZFWi0yLmpwZyIsInNsaWRlc2hvdyI6IjZjMDJjZjhlIn0%3D\">\n\t\t\t\t\t<div class=\"e-gallery-image elementor-gallery-item__image\" data-thumbnail=\"https:\/\/designweekmexico.com\/wp-content\/uploads\/2025\/05\/001-copia_ALUM-GALVEZ-2.jpg\" data-width=\"1920\" data-height=\"1228\" aria-label=\"\" role=\"img\" ><\/div>\n\t\t\t\t\t\t\t\t\t\t\t<div class=\"elementor-gallery-item__overlay\"><\/div>\n\t\t\t\t\t\t\t\t\t\t\t\t\t\t<\/a>\n\t\t\t\t\t\t\t<a class=\"e-gallery-item elementor-gallery-item elementor-animated-content\" href=\"https:\/\/designweekmexico.com\/wp-content\/uploads\/2024\/04\/ZOFFANY_DARNLEY_2018_22_ROSE_ABSOLUTE-Gerardo-Natanowicz-scaled.jpg\" data-elementor-open-lightbox=\"yes\" data-elementor-lightbox-slideshow=\"6c02cf8e\" data-elementor-lightbox-title=\"HyperFocal: 0\" data-e-action-hash=\"#elementor-action%3Aaction%3Dlightbox%26settings%3DeyJpZCI6MTUxNzAsInVybCI6Imh0dHBzOlwvXC9kZXNpZ253ZWVrbWV4aWNvLmNvbVwvd3AtY29udGVudFwvdXBsb2Fkc1wvMjAyNFwvMDRcL1pPRkZBTllfREFSTkxFWV8yMDE4XzIyX1JPU0VfQUJTT0xVVEUtR2VyYXJkby1OYXRhbm93aWN6LXNjYWxlZC5qcGciLCJzbGlkZXNob3ciOiI2YzAyY2Y4ZSJ9\">\n\t\t\t\t\t<div class=\"e-gallery-image elementor-gallery-item__image\" data-thumbnail=\"https:\/\/designweekmexico.com\/wp-content\/uploads\/2024\/04\/ZOFFANY_DARNLEY_2018_22_ROSE_ABSOLUTE-Gerardo-Natanowicz-scaled.jpg\" data-width=\"1961\" data-height=\"2560\" aria-label=\"\" role=\"img\" ><\/div>\n\t\t\t\t\t\t\t\t\t\t\t<div class=\"elementor-gallery-item__overlay\"><\/div>\n\t\t\t\t\t\t\t\t\t\t\t\t\t\t<\/a>\n\t\t\t\t\t<\/div>\n\t\t\t\t\t<\/div>\n\t\t\t\t<\/div>\n\t\t\t\t\t<\/div>\n\t\t<\/div>\n\t\t\t\t\t<\/div>\n\t\t<\/section>\n\t\t\t\t<section class=\"elementor-section elementor-top-section elementor-element elementor-element-6c9dc765 elementor-section-boxed elementor-section-height-default elementor-section-height-default\" data-id=\"6c9dc765\" data-element_type=\"section\" data-settings=\"{&quot;background_background&quot;:&quot;classic&quot;,&quot;_ha_eqh_enable&quot;:false}\">\n\t\t\t\t\t\t<div class=\"elementor-container elementor-column-gap-no\">\n\t\t\t\t\t<div class=\"elementor-column elementor-col-50 elementor-top-column elementor-element elementor-element-27a1303c\" data-id=\"27a1303c\" data-element_type=\"column\" data-settings=\"{&quot;background_background&quot;:&quot;classic&quot;,&quot;background_motion_fx_motion_fx_scrolling&quot;:&quot;yes&quot;,&quot;background_motion_fx_scale_effect&quot;:&quot;yes&quot;,&quot;background_motion_fx_scale_speed&quot;:{&quot;unit&quot;:&quot;px&quot;,&quot;size&quot;:0.5,&quot;sizes&quot;:[]},&quot;background_motion_fx_scale_direction&quot;:&quot;out-in&quot;,&quot;background_motion_fx_scale_range&quot;:{&quot;unit&quot;:&quot;%&quot;,&quot;size&quot;:&quot;&quot;,&quot;sizes&quot;:{&quot;start&quot;:20,&quot;end&quot;:80}},&quot;background_motion_fx_devices&quot;:[&quot;desktop&quot;,&quot;tablet&quot;,&quot;mobile&quot;]}\">\n\t\t\t<div class=\"elementor-widget-wrap elementor-element-populated\">\n\t\t\t\t\t<div class=\"elementor-background-overlay\"><\/div>\n\t\t\t\t\t\t<div class=\"elementor-element elementor-element-44e45995 elementor-widget elementor-widget-image\" data-id=\"44e45995\" data-element_type=\"widget\" data-widget_type=\"image.default\">\n\t\t\t\t<div class=\"elementor-widget-container\">\n\t\t\t\t\t\t\t\t\t\t\t\t\t\t\t<img decoding=\"async\" data-attachment-id=\"21029\" data-permalink=\"https:\/\/designweekmexico.com\/en\/005_alum-galvez-copia-4\/\" data-orig-file=\"https:\/\/designweekmexico.com\/wp-content\/uploads\/2025\/05\/005_ALUM-GALVEZ-copia.jpg\" data-orig-size=\"1238,1920\" data-comments-opened=\"1\" data-image-meta=\"{&quot;aperture&quot;:&quot;1.2&quot;,&quot;credit&quot;:&quot;ALUMGALVEZ&quot;,&quot;camera&quot;:&quot;Canon EOS 5D Mark III&quot;,&quot;caption&quot;:&quot;&quot;,&quot;created_timestamp&quot;:&quot;1728307968&quot;,&quot;copyright&quot;:&quot;&quot;,&quot;focal_length&quot;:&quot;50&quot;,&quot;iso&quot;:&quot;500&quot;,&quot;shutter_speed&quot;:&quot;0.005&quot;,&quot;title&quot;:&quot;&quot;,&quot;orientation&quot;:&quot;1&quot;}\" data-image-title=\"005_ALUM GALVEZ copia\" data-image-description=\"\" data-image-caption=\"\" data-medium-file=\"https:\/\/designweekmexico.com\/wp-content\/uploads\/2025\/05\/005_ALUM-GALVEZ-copia-193x300.jpg\" data-large-file=\"https:\/\/designweekmexico.com\/wp-content\/uploads\/2025\/05\/005_ALUM-GALVEZ-copia-660x1024.jpg\" width=\"1238\" height=\"1920\" src=\"https:\/\/designweekmexico.com\/wp-content\/uploads\/2025\/05\/005_ALUM-GALVEZ-copia.jpg\" class=\"attachment-full size-full wp-image-21029\" alt=\"\" srcset=\"https:\/\/designweekmexico.com\/wp-content\/uploads\/2025\/05\/005_ALUM-GALVEZ-copia.jpg 1238w, https:\/\/designweekmexico.com\/wp-content\/uploads\/2025\/05\/005_ALUM-GALVEZ-copia-193x300.jpg 193w, https:\/\/designweekmexico.com\/wp-content\/uploads\/2025\/05\/005_ALUM-GALVEZ-copia-660x1024.jpg 660w, https:\/\/designweekmexico.com\/wp-content\/uploads\/2025\/05\/005_ALUM-GALVEZ-copia-768x1191.jpg 768w, https:\/\/designweekmexico.com\/wp-content\/uploads\/2025\/05\/005_ALUM-GALVEZ-copia-990x1536.jpg 990w, https:\/\/designweekmexico.com\/wp-content\/uploads\/2025\/05\/005_ALUM-GALVEZ-copia-8x12.jpg 8w, https:\/\/designweekmexico.com\/wp-content\/uploads\/2025\/05\/005_ALUM-GALVEZ-copia-387x600.jpg 387w\" sizes=\"(max-width: 1238px) 100vw, 1238px\" \/>\t\t\t\t\t\t\t\t\t\t\t\t\t\t\t<\/div>\n\t\t\t\t<\/div>\n\t\t\t\t\t<\/div>\n\t\t<\/div>\n\t\t\t\t<div class=\"elementor-column elementor-col-50 elementor-top-column elementor-element elementor-element-2787e8b4\" data-id=\"2787e8b4\" data-element_type=\"column\">\n\t\t\t<div class=\"elementor-widget-wrap elementor-element-populated\">\n\t\t\t\t\t\t<div class=\"elementor-element elementor-element-6e19ee2d elementor-widget elementor-widget-heading\" data-id=\"6e19ee2d\" data-element_type=\"widget\" data-widget_type=\"heading.default\">\n\t\t\t\t<div class=\"elementor-widget-container\">\n\t\t\t\t\t<h3 class=\"elementor-heading-title elementor-size-default\">CAT\u00c1LOGO DE PIEZAS DISPONIBLES PARA PR\u00c9STAMO PARA EXHIBICI\u00d3N EN DESIGN HOUSE<\/h3>\t\t\t\t<\/div>\n\t\t\t\t<\/div>\n\t\t\t\t<div class=\"elementor-element elementor-element-2e54a354 elementor-widget elementor-widget-text-editor\" data-id=\"2e54a354\" data-element_type=\"widget\" data-widget_type=\"text-editor.default\">\n\t\t\t\t<div class=\"elementor-widget-container\">\n\t\t\t\t\t\t\t\t\t<p>Env\u00eda un archivo PDF a mariel@mxterritoriocreativo.com con las posibles piezas para exhibir en Design House 2025 (mobiliario, mobiliario de exterior, iluminaci\u00f3n, accesorios, arte-objeto, acabados).<\/p><p><span style=\"font-weight: 400;\">The file must include:<\/span><\/p><ul><li aria-level=\"1\"><b>Foto de la pieza disponible para pr\u00e9stamo<\/b><\/li><li aria-level=\"1\"><b>Name of the piece or collection<\/b><\/li><li aria-level=\"1\"><b>Finishes<\/b><\/li><li aria-level=\"1\"><b>Dimentions<\/b><\/li><li aria-level=\"1\"><b>Tiempos de entrega\/producci\u00f3n<\/b><\/li><li aria-level=\"1\"><b>Contact<\/b><\/li><li aria-level=\"1\"><b>Notes (if applicable)<\/b><\/li><\/ul><p>*Este documento ser\u00e1 compartido con los despachos a cargo de la intervenci\u00f3n de espacios en Design House para que seleccionen las piezas a exhibir.\u00a0<\/p><p>*Recomendamos contactarlos directamente para un mejor seguimiento y acercamiento, fortaleciendo as\u00ed la vinculaci\u00f3n entre despachos de Design House y Dealers de dise\u00f1o.<\/p>\t\t\t\t\t\t\t\t<\/div>\n\t\t\t\t<\/div>\n\t\t\t\t\t<\/div>\n\t\t<\/div>\n\t\t\t\t\t<\/div>\n\t\t<\/section>\n\t\t\t\t<section class=\"elementor-section elementor-top-section elementor-element elementor-element-6e8634e8 elementor-section-full_width elementor-section-height-min-height elementor-section-items-stretch elementor-section-content-middle elementor-section-height-default\" data-id=\"6e8634e8\" data-element_type=\"section\" data-settings=\"{&quot;_ha_eqh_enable&quot;:false}\">\n\t\t\t\t\t\t<div class=\"elementor-container elementor-column-gap-no\">\n\t\t\t\t\t<div class=\"elementor-column elementor-col-50 elementor-top-column elementor-element elementor-element-99210a9\" data-id=\"99210a9\" data-element_type=\"column\">\n\t\t\t<div class=\"elementor-widget-wrap elementor-element-populated\">\n\t\t\t\t\t\t<div class=\"elementor-element elementor-element-4f0f9363 elementor-invisible elementor-widget elementor-widget-heading\" data-id=\"4f0f9363\" data-element_type=\"widget\" data-settings=\"{&quot;_animation&quot;:&quot;fadeIn&quot;,&quot;_animation_delay&quot;:200}\" data-widget_type=\"heading.default\">\n\t\t\t\t<div class=\"elementor-widget-container\">\n\t\t\t\t\t<h2 class=\"elementor-heading-title elementor-size-default\"><b>RESGISTRATION<\/b><\/h2>\t\t\t\t<\/div>\n\t\t\t\t<\/div>\n\t\t\t\t<div class=\"elementor-element elementor-element-356b3ff3 elementor-widget elementor-widget-text-editor\" data-id=\"356b3ff3\" data-element_type=\"widget\" data-widget_type=\"text-editor.default\">\n\t\t\t\t<div class=\"elementor-widget-container\">\n\t\t\t\t\t\t\t\t\t<h4>26 de mayo &#8211; 4 de julio<\/h4><p><span style=\"font-weight: 400;\">A trav\u00e9s de este formulario podr\u00e1s compartirnos la informaci\u00f3n de tu marca, la cual usaremos para la difusi\u00f3n en nuestros distintos canales de comunicaci\u00f3n.<\/span><\/p><p><span style=\"font-weight: 400;\">Viernes 04 de julio fecha l\u00edmite para compartirnos tu informaci\u00f3n, <strong>fuera de esa fecha NO podr\u00e1s ser parte de la difusi\u00f3n y presencia dentro del Anuario de arquitectura y dise\u00f1o.<\/strong><\/span><\/p>\t\t\t\t\t\t\t\t<\/div>\n\t\t\t\t<\/div>\n\t\t\t\t<div class=\"elementor-element elementor-element-3311e26f elementor-align-left elementor-mobile-align-center elementor-widget elementor-widget-button\" data-id=\"3311e26f\" data-element_type=\"widget\" data-widget_type=\"button.default\">\n\t\t\t\t<div class=\"elementor-widget-container\">\n\t\t\t\t\t\t\t\t\t<div class=\"elementor-button-wrapper\">\n\t\t\t\t\t<a class=\"elementor-button elementor-button-link elementor-size-lg\" href=\"https:\/\/forms.gle\/Dii1diiZLUyVYiaZ7\" target=\"_blank\">\n\t\t\t\t\t\t<span class=\"elementor-button-content-wrapper\">\n\t\t\t\t\t\t\t\t\t<span class=\"elementor-button-text\">Register Now<\/span>\n\t\t\t\t\t<\/span>\n\t\t\t\t\t<\/a>\n\t\t\t\t<\/div>\n\t\t\t\t\t\t\t\t<\/div>\n\t\t\t\t<\/div>\n\t\t\t\t\t<\/div>\n\t\t<\/div>\n\t\t\t\t<div class=\"elementor-column elementor-col-50 elementor-top-column elementor-element elementor-element-11c13bda\" data-id=\"11c13bda\" data-element_type=\"column\" data-settings=\"{&quot;background_background&quot;:&quot;classic&quot;,&quot;background_motion_fx_motion_fx_scrolling&quot;:&quot;yes&quot;,&quot;background_motion_fx_scale_effect&quot;:&quot;yes&quot;,&quot;background_motion_fx_scale_speed&quot;:{&quot;unit&quot;:&quot;px&quot;,&quot;size&quot;:0.5,&quot;sizes&quot;:[]},&quot;background_motion_fx_scale_direction&quot;:&quot;out-in&quot;,&quot;background_motion_fx_scale_range&quot;:{&quot;unit&quot;:&quot;%&quot;,&quot;size&quot;:&quot;&quot;,&quot;sizes&quot;:{&quot;start&quot;:20,&quot;end&quot;:80}},&quot;background_motion_fx_devices&quot;:[&quot;desktop&quot;,&quot;tablet&quot;,&quot;mobile&quot;]}\">\n\t\t\t<div class=\"elementor-widget-wrap elementor-element-populated\">\n\t\t\t\t\t<div class=\"elementor-background-overlay\"><\/div>\n\t\t\t\t\t\t<div class=\"elementor-element elementor-element-3245652c elementor-widget elementor-widget-image\" data-id=\"3245652c\" data-element_type=\"widget\" data-widget_type=\"image.default\">\n\t\t\t\t<div class=\"elementor-widget-container\">\n\t\t\t\t\t\t\t\t\t\t\t\t\t\t\t<img loading=\"lazy\" decoding=\"async\" data-attachment-id=\"20977\" data-permalink=\"https:\/\/designweekmexico.com\/en\/?attachment_id=20977\" data-orig-file=\"https:\/\/designweekmexico.com\/wp-content\/uploads\/2025\/04\/Copy-of-SGN_AMA_24_NOV-66-ANA-CECILIA-TRON-RUBIO-scaled.jpg\" data-orig-size=\"1730,2560\" data-comments-opened=\"1\" data-image-meta=\"{&quot;aperture&quot;:&quot;1.8&quot;,&quot;credit&quot;:&quot;&quot;,&quot;camera&quot;:&quot;Canon EOS 5D Mark IV&quot;,&quot;caption&quot;:&quot;&quot;,&quot;created_timestamp&quot;:&quot;1669324662&quot;,&quot;copyright&quot;:&quot;&quot;,&quot;focal_length&quot;:&quot;50&quot;,&quot;iso&quot;:&quot;3200&quot;,&quot;shutter_speed&quot;:&quot;0.002&quot;,&quot;title&quot;:&quot;&quot;,&quot;orientation&quot;:&quot;1&quot;}\" data-image-title=\"Copy of SGN_AMA_24_NOV-66 &amp;#8211; ANA CECILIA TRON RUBIO\" data-image-description=\"\" data-image-caption=\"\" data-medium-file=\"https:\/\/designweekmexico.com\/wp-content\/uploads\/2025\/04\/Copy-of-SGN_AMA_24_NOV-66-ANA-CECILIA-TRON-RUBIO-203x300.jpg\" data-large-file=\"https:\/\/designweekmexico.com\/wp-content\/uploads\/2025\/04\/Copy-of-SGN_AMA_24_NOV-66-ANA-CECILIA-TRON-RUBIO-692x1024.jpg\" width=\"1730\" height=\"2560\" src=\"https:\/\/designweekmexico.com\/wp-content\/uploads\/2025\/04\/Copy-of-SGN_AMA_24_NOV-66-ANA-CECILIA-TRON-RUBIO-scaled.jpg\" class=\"attachment-full size-full wp-image-20977\" alt=\"\" srcset=\"https:\/\/designweekmexico.com\/wp-content\/uploads\/2025\/04\/Copy-of-SGN_AMA_24_NOV-66-ANA-CECILIA-TRON-RUBIO-scaled.jpg 1730w, https:\/\/designweekmexico.com\/wp-content\/uploads\/2025\/04\/Copy-of-SGN_AMA_24_NOV-66-ANA-CECILIA-TRON-RUBIO-203x300.jpg 203w, https:\/\/designweekmexico.com\/wp-content\/uploads\/2025\/04\/Copy-of-SGN_AMA_24_NOV-66-ANA-CECILIA-TRON-RUBIO-692x1024.jpg 692w, https:\/\/designweekmexico.com\/wp-content\/uploads\/2025\/04\/Copy-of-SGN_AMA_24_NOV-66-ANA-CECILIA-TRON-RUBIO-768x1136.jpg 768w, https:\/\/designweekmexico.com\/wp-content\/uploads\/2025\/04\/Copy-of-SGN_AMA_24_NOV-66-ANA-CECILIA-TRON-RUBIO-1038x1536.jpg 1038w, https:\/\/designweekmexico.com\/wp-content\/uploads\/2025\/04\/Copy-of-SGN_AMA_24_NOV-66-ANA-CECILIA-TRON-RUBIO-1384x2048.jpg 1384w, https:\/\/designweekmexico.com\/wp-content\/uploads\/2025\/04\/Copy-of-SGN_AMA_24_NOV-66-ANA-CECILIA-TRON-RUBIO-8x12.jpg 8w, https:\/\/designweekmexico.com\/wp-content\/uploads\/2025\/04\/Copy-of-SGN_AMA_24_NOV-66-ANA-CECILIA-TRON-RUBIO-406x600.jpg 406w, https:\/\/designweekmexico.com\/wp-content\/uploads\/2025\/04\/Copy-of-SGN_AMA_24_NOV-66-ANA-CECILIA-TRON-RUBIO-1920x2841.jpg 1920w\" sizes=\"(max-width: 1730px) 100vw, 1730px\" \/>\t\t\t\t\t\t\t\t\t\t\t\t\t\t\t<\/div>\n\t\t\t\t<\/div>\n\t\t\t\t\t<\/div>\n\t\t<\/div>\n\t\t\t\t\t<\/div>\n\t\t<\/section>\n\t\t\t\t<section class=\"elementor-section elementor-top-section elementor-element elementor-element-6a75e7f8 elementor-section-boxed elementor-section-height-default elementor-section-height-default\" data-id=\"6a75e7f8\" data-element_type=\"section\" data-settings=\"{&quot;background_background&quot;:&quot;classic&quot;,&quot;_ha_eqh_enable&quot;:false}\">\n\t\t\t\t\t\t<div class=\"elementor-container elementor-column-gap-no\">\n\t\t\t\t\t<div class=\"elementor-column elementor-col-100 elementor-top-column elementor-element elementor-element-7a991fd4\" data-id=\"7a991fd4\" data-element_type=\"column\">\n\t\t\t<div class=\"elementor-widget-wrap elementor-element-populated\">\n\t\t\t\t\t\t<div class=\"elementor-element elementor-element-3c4bf65a elementor-invisible elementor-widget elementor-widget-icon-box\" data-id=\"3c4bf65a\" data-element_type=\"widget\" data-settings=\"{&quot;_animation&quot;:&quot;fadeIn&quot;}\" data-widget_type=\"icon-box.default\">\n\t\t\t\t<div class=\"elementor-widget-container\">\n\t\t\t\t\t\t\t<div class=\"elementor-icon-box-wrapper\">\n\n\t\t\t\n\t\t\t\t\t\t<div class=\"elementor-icon-box-content\">\n\n\t\t\t\t\t\t\t\t\t<h3 class=\"elementor-icon-box-title\">\n\t\t\t\t\t\t<span  >\n\t\t\t\t\t\t\tMEMBRES\u00cdA\t\t\t\t\t\t<\/span>\n\t\t\t\t\t<\/h3>\n\t\t\t\t\n\t\t\t\t\n\t\t\t<\/div>\n\t\t\t\n\t\t<\/div>\n\t\t\t\t\t\t<\/div>\n\t\t\t\t<\/div>\n\t\t\t\t<div class=\"elementor-element elementor-element-420b4696 elementor-widget elementor-widget-text-editor\" data-id=\"420b4696\" data-element_type=\"widget\" data-widget_type=\"text-editor.default\">\n\t\t\t\t<div class=\"elementor-widget-container\">\n\t\t\t\t\t\t\t\t\t<h3 style=\"text-align: center;\"><b>CUOTA DE RECUPERACI\u00d3N<\/b><\/h3><h3 style=\"text-align: center;\"><b>$18,000.00 + IVA<\/b><\/h3><p style=\"text-align: center;\"><span style=\"font-weight: 400;\"> Tarjeta de d\u00e9bito o cr\u00e9dito o tr<\/span>ansferencia electr\u00f3nica.<\/p>\t\t\t\t\t\t\t\t<\/div>\n\t\t\t\t<\/div>\n\t\t\t\t<div class=\"elementor-element elementor-element-69b3efa2 elementor-align-center elementor-widget elementor-widget-button\" data-id=\"69b3efa2\" data-element_type=\"widget\" data-widget_type=\"button.default\">\n\t\t\t\t<div class=\"elementor-widget-container\">\n\t\t\t\t\t\t\t\t\t<div class=\"elementor-button-wrapper\">\n\t\t\t\t\t<a class=\"elementor-button elementor-button-link elementor-size-lg\" href=\"https:\/\/designweekmexico.com\/producto\/dealers-de-diseno-2025-complementi\/\">\n\t\t\t\t\t\t<span class=\"elementor-button-content-wrapper\">\n\t\t\t\t\t\t\t\t\t<span class=\"elementor-button-text\">Payment Portal<\/span>\n\t\t\t\t\t<\/span>\n\t\t\t\t\t<\/a>\n\t\t\t\t<\/div>\n\t\t\t\t\t\t\t\t<\/div>\n\t\t\t\t<\/div>\n\t\t\t\t<div class=\"elementor-element elementor-element-3e0187fe elementor-widget elementor-widget-text-editor\" data-id=\"3e0187fe\" data-element_type=\"widget\" data-widget_type=\"text-editor.default\">\n\t\t\t\t<div class=\"elementor-widget-container\">\n\t\t\t\t\t\t\t\t\t<p><span style=\"font-size: inherit; text-align: inherit; color: var(--color); font-family: var(--fontFamily); font-style: var(--fontStyle, inherit); letter-spacing: var(--letterSpacing); text-transform: var(--textTransform);\">Si prefieres adquirir tu membres\u00eda en efectivo, coordina una cita al siguiente correo: <br \/><\/span><a style=\"font-size: inherit; text-align: inherit; font-family: var(--fontFamily); font-style: var(--fontStyle, inherit); font-weight: var(--fontWeight); letter-spacing: var(--letterSpacing); text-transform: var(--textTransform);\" href=\"mailto:mariel@mxterritoriocreativo.com\">mariel@mxterritoriocreativo.com<\/a><\/p><h4><b>Invoice your payment in this link<\/b><\/h4><p><i><span style=\"font-weight: 400;\">*24 horas despu\u00e9s de haberlo realizado<br \/><\/span><\/i><span style=\"text-decoration: underline;\"><a href=\"https:\/\/designweekmexico.com\/facturacion\/\"><span style=\"font-weight: 400;\">https:\/\/designweekmexico.com\/facturacion\/<\/span><\/a><\/span><\/p>\t\t\t\t\t\t\t\t<\/div>\n\t\t\t\t<\/div>\n\t\t\t\t\t<\/div>\n\t\t<\/div>\n\t\t\t\t\t<\/div>\n\t\t<\/section>\n\t\t\t\t<section class=\"elementor-section elementor-top-section elementor-element elementor-element-3170742b elementor-section-boxed elementor-section-height-default elementor-section-height-default\" data-id=\"3170742b\" data-element_type=\"section\" data-settings=\"{&quot;_ha_eqh_enable&quot;:false}\">\n\t\t\t\t\t\t<div class=\"elementor-container elementor-column-gap-default\">\n\t\t\t\t\t<div class=\"elementor-column elementor-col-100 elementor-top-column elementor-element elementor-element-25567f7a\" data-id=\"25567f7a\" data-element_type=\"column\">\n\t\t\t<div class=\"elementor-widget-wrap elementor-element-populated\">\n\t\t\t\t\t\t<div class=\"elementor-element elementor-element-6716b75b elementor-widget elementor-widget-image\" data-id=\"6716b75b\" data-element_type=\"widget\" data-widget_type=\"image.default\">\n\t\t\t\t<div class=\"elementor-widget-container\">\n\t\t\t\t\t\t\t\t\t\t\t\t\t\t\t<img loading=\"lazy\" decoding=\"async\" data-attachment-id=\"21030\" data-permalink=\"https:\/\/designweekmexico.com\/en\/008_alum-galvez-4-2\/\" data-orig-file=\"https:\/\/designweekmexico.com\/wp-content\/uploads\/2025\/05\/008_ALUM-GALVEZ-4.jpg\" data-orig-size=\"1920,1411\" data-comments-opened=\"1\" data-image-meta=\"{&quot;aperture&quot;:&quot;4&quot;,&quot;credit&quot;:&quot;ALUMGALVEZ&quot;,&quot;camera&quot;:&quot;Canon EOS 5D Mark III&quot;,&quot;caption&quot;:&quot;&quot;,&quot;created_timestamp&quot;:&quot;1728384461&quot;,&quot;copyright&quot;:&quot;&quot;,&quot;focal_length&quot;:&quot;17&quot;,&quot;iso&quot;:&quot;500&quot;,&quot;shutter_speed&quot;:&quot;0.016666666666667&quot;,&quot;title&quot;:&quot;&quot;,&quot;orientation&quot;:&quot;1&quot;}\" data-image-title=\"008_ALUM GA\u0301LVEZ (4)\" data-image-description=\"\" data-image-caption=\"\" data-medium-file=\"https:\/\/designweekmexico.com\/wp-content\/uploads\/2025\/05\/008_ALUM-GALVEZ-4-300x220.jpg\" data-large-file=\"https:\/\/designweekmexico.com\/wp-content\/uploads\/2025\/05\/008_ALUM-GALVEZ-4-1024x753.jpg\" width=\"1920\" height=\"1411\" src=\"https:\/\/designweekmexico.com\/wp-content\/uploads\/2025\/05\/008_ALUM-GALVEZ-4.jpg\" class=\"attachment-full size-full wp-image-21030\" alt=\"\" srcset=\"https:\/\/designweekmexico.com\/wp-content\/uploads\/2025\/05\/008_ALUM-GALVEZ-4.jpg 1920w, https:\/\/designweekmexico.com\/wp-content\/uploads\/2025\/05\/008_ALUM-GALVEZ-4-300x220.jpg 300w, https:\/\/designweekmexico.com\/wp-content\/uploads\/2025\/05\/008_ALUM-GALVEZ-4-1024x753.jpg 1024w, https:\/\/designweekmexico.com\/wp-content\/uploads\/2025\/05\/008_ALUM-GALVEZ-4-768x564.jpg 768w, https:\/\/designweekmexico.com\/wp-content\/uploads\/2025\/05\/008_ALUM-GALVEZ-4-1536x1129.jpg 1536w, https:\/\/designweekmexico.com\/wp-content\/uploads\/2025\/05\/008_ALUM-GALVEZ-4-16x12.jpg 16w, https:\/\/designweekmexico.com\/wp-content\/uploads\/2025\/05\/008_ALUM-GALVEZ-4-600x441.jpg 600w\" sizes=\"(max-width: 1920px) 100vw, 1920px\" \/>\t\t\t\t\t\t\t\t\t\t\t\t\t\t\t<\/div>\n\t\t\t\t<\/div>\n\t\t\t\t\t<\/div>\n\t\t<\/div>\n\t\t\t\t\t<\/div>\n\t\t<\/section>\n\t\t\t\t<\/div>","protected":false},"excerpt":{"rendered":"<p>Nos complace presentar a toda la comunidad del dise\u00f1o la emocionante transformaci\u00f3n que surge de la colaboraci\u00f3n entre los despachos de arquitectura e interiorismo -Design House- m\u00e1s importantes y las mejores marcas de dise\u00f1o -Dealers de dise\u00f1o-.<\/p>","protected":false},"author":175,"featured_media":21023,"comment_status":"open","ping_status":"open","sticky":false,"template":"","format":"standard","meta":{"_themeisle_gutenberg_block_has_review":false,"_jetpack_memberships_contains_paid_content":false,"footnotes":""},"categories":[157],"tags":[],"class_list":["post-21054","post","type-post","status-publish","format-standard","has-post-thumbnail","hentry","category-convocatorias-2025"],"blocksy_meta":{"has_hero_section":"disabled","disable_featured_image":"yes","disable_post_tags":"yes","disable_related_posts":"yes","styles_descriptor":{"styles":{"desktop":"","tablet":"","mobile":""},"google_fonts":[],"version":6}},"yoast_head":"<!-- This site is optimized with the Yoast SEO plugin v27.5 - https:\/\/yoast.com\/product\/yoast-seo-wordpress\/ -->\n<title>Convocatoria Dealers de Dise\u00f1o Complementi - Design Week Mexico<\/title>\n<meta name=\"robots\" content=\"index, follow, max-snippet:-1, max-image-preview:large, max-video-preview:-1\" \/>\n<link rel=\"canonical\" href=\"https:\/\/designweekmexico.com\/en\/convocatorias-2025\/convocatoria-dealers-de-diseno-complementi\/\" \/>\n<meta property=\"og:locale\" content=\"en_US\" \/>\n<meta property=\"og:type\" content=\"article\" \/>\n<meta property=\"og:title\" content=\"Convocatoria Dealers de Dise\u00f1o Complementi - Design Week Mexico\" \/>\n<meta property=\"og:description\" content=\"Nos complace presentar a toda la comunidad del dise\u00f1o la emocionante transformaci\u00f3n que surge de la colaboraci\u00f3n entre los despachos de arquitectura e interiorismo -Design House- m\u00e1s importantes y las mejores marcas de dise\u00f1o -Dealers de dise\u00f1o-.\" \/>\n<meta property=\"og:url\" content=\"https:\/\/designweekmexico.com\/en\/convocatorias-2025\/convocatoria-dealers-de-diseno-complementi\/\" \/>\n<meta property=\"og:site_name\" content=\"Design Week Mexico\" \/>\n<meta property=\"article:publisher\" content=\"https:\/\/www.facebook.com\/designweekmex\" \/>\n<meta property=\"article:published_time\" content=\"2025-05-22T19:45:50+00:00\" \/>\n<meta property=\"article:modified_time\" content=\"2025-05-22T22:07:45+00:00\" \/>\n<meta property=\"og:image\" content=\"https:\/\/designweekmexico.com\/wp-content\/uploads\/2025\/05\/Artboard-1-copy-16-1024x683.png\" \/>\n\t<meta property=\"og:image:width\" content=\"1024\" \/>\n\t<meta property=\"og:image:height\" content=\"683\" \/>\n\t<meta property=\"og:image:type\" content=\"image\/png\" \/>\n<meta name=\"author\" content=\"Design Week Mexico\" \/>\n<meta name=\"twitter:card\" content=\"summary_large_image\" \/>\n<meta name=\"twitter:creator\" content=\"@designweekmex\" \/>\n<meta name=\"twitter:site\" content=\"@designweekmex\" \/>\n<meta name=\"twitter:label1\" content=\"Written by\" \/>\n\t<meta name=\"twitter:data1\" content=\"Design Week Mexico\" \/>\n\t<meta name=\"twitter:label2\" content=\"Est. reading time\" \/>\n\t<meta name=\"twitter:data2\" content=\"6 minutes\" \/>\n<script type=\"application\/ld+json\" class=\"yoast-schema-graph\">{\"@context\":\"https:\\\/\\\/schema.org\",\"@graph\":[{\"@type\":\"Article\",\"@id\":\"https:\\\/\\\/designweekmexico.com\\\/convocatorias-2025\\\/convocatoria-dealers-de-diseno-complementi\\\/#article\",\"isPartOf\":{\"@id\":\"https:\\\/\\\/designweekmexico.com\\\/convocatorias-2025\\\/convocatoria-dealers-de-diseno-complementi\\\/\"},\"author\":{\"name\":\"Design Week Mexico\",\"@id\":\"https:\\\/\\\/designweekmexico.com\\\/#\\\/schema\\\/person\\\/ee1da898b14b7d9d29bd0bc66da7ef01\"},\"headline\":\"Convocatoria Dealers de Dise\u00f1o Complementi\",\"datePublished\":\"2025-05-22T19:45:50+00:00\",\"dateModified\":\"2025-05-22T22:07:45+00:00\",\"mainEntityOfPage\":{\"@id\":\"https:\\\/\\\/designweekmexico.com\\\/convocatorias-2025\\\/convocatoria-dealers-de-diseno-complementi\\\/\"},\"wordCount\":1187,\"commentCount\":0,\"publisher\":{\"@id\":\"https:\\\/\\\/designweekmexico.com\\\/#organization\"},\"image\":{\"@id\":\"https:\\\/\\\/designweekmexico.com\\\/convocatorias-2025\\\/convocatoria-dealers-de-diseno-complementi\\\/#primaryimage\"},\"thumbnailUrl\":\"https:\\\/\\\/designweekmexico.com\\\/wp-content\\\/uploads\\\/2025\\\/05\\\/Artboard-1-copy-16-scaled.png\",\"articleSection\":[\"Convocatorias 2025\"],\"inLanguage\":\"en-US\",\"potentialAction\":[{\"@type\":\"CommentAction\",\"name\":\"Comment\",\"target\":[\"https:\\\/\\\/designweekmexico.com\\\/convocatorias-2025\\\/convocatoria-dealers-de-diseno-complementi\\\/#respond\"]}]},{\"@type\":\"WebPage\",\"@id\":\"https:\\\/\\\/designweekmexico.com\\\/convocatorias-2025\\\/convocatoria-dealers-de-diseno-complementi\\\/\",\"url\":\"https:\\\/\\\/designweekmexico.com\\\/convocatorias-2025\\\/convocatoria-dealers-de-diseno-complementi\\\/\",\"name\":\"Convocatoria Dealers de Dise\u00f1o Complementi - Design Week Mexico\",\"isPartOf\":{\"@id\":\"https:\\\/\\\/designweekmexico.com\\\/#website\"},\"primaryImageOfPage\":{\"@id\":\"https:\\\/\\\/designweekmexico.com\\\/convocatorias-2025\\\/convocatoria-dealers-de-diseno-complementi\\\/#primaryimage\"},\"image\":{\"@id\":\"https:\\\/\\\/designweekmexico.com\\\/convocatorias-2025\\\/convocatoria-dealers-de-diseno-complementi\\\/#primaryimage\"},\"thumbnailUrl\":\"https:\\\/\\\/designweekmexico.com\\\/wp-content\\\/uploads\\\/2025\\\/05\\\/Artboard-1-copy-16-scaled.png\",\"datePublished\":\"2025-05-22T19:45:50+00:00\",\"dateModified\":\"2025-05-22T22:07:45+00:00\",\"breadcrumb\":{\"@id\":\"https:\\\/\\\/designweekmexico.com\\\/convocatorias-2025\\\/convocatoria-dealers-de-diseno-complementi\\\/#breadcrumb\"},\"inLanguage\":\"en-US\",\"potentialAction\":[{\"@type\":\"ReadAction\",\"target\":[\"https:\\\/\\\/designweekmexico.com\\\/convocatorias-2025\\\/convocatoria-dealers-de-diseno-complementi\\\/\"]}]},{\"@type\":\"ImageObject\",\"inLanguage\":\"en-US\",\"@id\":\"https:\\\/\\\/designweekmexico.com\\\/convocatorias-2025\\\/convocatoria-dealers-de-diseno-complementi\\\/#primaryimage\",\"url\":\"https:\\\/\\\/designweekmexico.com\\\/wp-content\\\/uploads\\\/2025\\\/05\\\/Artboard-1-copy-16-scaled.png\",\"contentUrl\":\"https:\\\/\\\/designweekmexico.com\\\/wp-content\\\/uploads\\\/2025\\\/05\\\/Artboard-1-copy-16-scaled.png\",\"width\":2560,\"height\":1707},{\"@type\":\"BreadcrumbList\",\"@id\":\"https:\\\/\\\/designweekmexico.com\\\/convocatorias-2025\\\/convocatoria-dealers-de-diseno-complementi\\\/#breadcrumb\",\"itemListElement\":[{\"@type\":\"ListItem\",\"position\":1,\"name\":\"Inicio\",\"item\":\"https:\\\/\\\/designweekmexico.com\\\/\"},{\"@type\":\"ListItem\",\"position\":2,\"name\":\"Convocatoria Dealers de Dise\u00f1o Complementi\"}]},{\"@type\":\"WebSite\",\"@id\":\"https:\\\/\\\/designweekmexico.com\\\/#website\",\"url\":\"https:\\\/\\\/designweekmexico.com\\\/\",\"name\":\"Design Week Mexico\",\"description\":\"Dise\u00f1ando el futuro...\",\"publisher\":{\"@id\":\"https:\\\/\\\/designweekmexico.com\\\/#organization\"},\"potentialAction\":[{\"@type\":\"SearchAction\",\"target\":{\"@type\":\"EntryPoint\",\"urlTemplate\":\"https:\\\/\\\/designweekmexico.com\\\/?s={search_term_string}\"},\"query-input\":{\"@type\":\"PropertyValueSpecification\",\"valueRequired\":true,\"valueName\":\"search_term_string\"}}],\"inLanguage\":\"en-US\"},{\"@type\":\"Organization\",\"@id\":\"https:\\\/\\\/designweekmexico.com\\\/#organization\",\"name\":\"Design Week Mexico\",\"url\":\"https:\\\/\\\/designweekmexico.com\\\/\",\"logo\":{\"@type\":\"ImageObject\",\"inLanguage\":\"en-US\",\"@id\":\"https:\\\/\\\/designweekmexico.com\\\/#\\\/schema\\\/logo\\\/image\\\/\",\"url\":\"https:\\\/\\\/designweekmexico.com\\\/wp-content\\\/uploads\\\/2026\\\/04\\\/Asset-58-70eae4-3141d7.svg\",\"contentUrl\":\"https:\\\/\\\/designweekmexico.com\\\/wp-content\\\/uploads\\\/2026\\\/04\\\/Asset-58-70eae4-3141d7.svg\",\"width\":1741,\"height\":103,\"caption\":\"Design Week Mexico\"},\"image\":{\"@id\":\"https:\\\/\\\/designweekmexico.com\\\/#\\\/schema\\\/logo\\\/image\\\/\"},\"sameAs\":[\"https:\\\/\\\/www.facebook.com\\\/designweekmex\",\"https:\\\/\\\/x.com\\\/designweekmex\",\"https:\\\/\\\/www.instagram.com\\\/designweekmex\\\/\",\"https:\\\/\\\/www.youtube.com\\\/user\\\/designweekmexico\",\"https:\\\/\\\/vimeo.com\\\/designweekmexico\",\"https:\\\/\\\/www.linkedin.com\\\/company\\\/designweekmx\\\/\"]},{\"@type\":\"Person\",\"@id\":\"https:\\\/\\\/designweekmexico.com\\\/#\\\/schema\\\/person\\\/ee1da898b14b7d9d29bd0bc66da7ef01\",\"name\":\"Design Week Mexico\",\"image\":{\"@type\":\"ImageObject\",\"inLanguage\":\"en-US\",\"@id\":\"https:\\\/\\\/secure.gravatar.com\\\/avatar\\\/0830bfc50cafacf340fb14966c0f6cc5c88935cded635f38ae2ed050785fd609?s=96&d=mm&r=g\",\"url\":\"https:\\\/\\\/secure.gravatar.com\\\/avatar\\\/0830bfc50cafacf340fb14966c0f6cc5c88935cded635f38ae2ed050785fd609?s=96&d=mm&r=g\",\"contentUrl\":\"https:\\\/\\\/secure.gravatar.com\\\/avatar\\\/0830bfc50cafacf340fb14966c0f6cc5c88935cded635f38ae2ed050785fd609?s=96&d=mm&r=g\",\"caption\":\"Design Week Mexico\"},\"url\":\"https:\\\/\\\/designweekmexico.com\\\/en\\\/author\\\/designweekmexico\\\/\"}]}<\/script>\n<!-- \/ Yoast SEO plugin. -->","yoast_head_json":{"title":"Convocatoria Dealers de Dise\u00f1o Complementi - Design Week Mexico","robots":{"index":"index","follow":"follow","max-snippet":"max-snippet:-1","max-image-preview":"max-image-preview:large","max-video-preview":"max-video-preview:-1"},"canonical":"https:\/\/designweekmexico.com\/en\/convocatorias-2025\/convocatoria-dealers-de-diseno-complementi\/","og_locale":"en_US","og_type":"article","og_title":"Convocatoria Dealers de Dise\u00f1o Complementi - Design Week Mexico","og_description":"Nos complace presentar a toda la comunidad del dise\u00f1o la emocionante transformaci\u00f3n que surge de la colaboraci\u00f3n entre los despachos de arquitectura e interiorismo -Design House- m\u00e1s importantes y las mejores marcas de dise\u00f1o -Dealers de dise\u00f1o-.","og_url":"https:\/\/designweekmexico.com\/en\/convocatorias-2025\/convocatoria-dealers-de-diseno-complementi\/","og_site_name":"Design Week Mexico","article_publisher":"https:\/\/www.facebook.com\/designweekmex","article_published_time":"2025-05-22T19:45:50+00:00","article_modified_time":"2025-05-22T22:07:45+00:00","og_image":[{"width":1024,"height":683,"url":"https:\/\/designweekmexico.com\/wp-content\/uploads\/2025\/05\/Artboard-1-copy-16-1024x683.png","type":"image\/png"}],"author":"Design Week Mexico","twitter_card":"summary_large_image","twitter_creator":"@designweekmex","twitter_site":"@designweekmex","twitter_misc":{"Written by":"Design Week Mexico","Est. reading time":"6 minutes"},"schema":{"@context":"https:\/\/schema.org","@graph":[{"@type":"Article","@id":"https:\/\/designweekmexico.com\/convocatorias-2025\/convocatoria-dealers-de-diseno-complementi\/#article","isPartOf":{"@id":"https:\/\/designweekmexico.com\/convocatorias-2025\/convocatoria-dealers-de-diseno-complementi\/"},"author":{"name":"Design Week Mexico","@id":"https:\/\/designweekmexico.com\/#\/schema\/person\/ee1da898b14b7d9d29bd0bc66da7ef01"},"headline":"Convocatoria Dealers de Dise\u00f1o Complementi","datePublished":"2025-05-22T19:45:50+00:00","dateModified":"2025-05-22T22:07:45+00:00","mainEntityOfPage":{"@id":"https:\/\/designweekmexico.com\/convocatorias-2025\/convocatoria-dealers-de-diseno-complementi\/"},"wordCount":1187,"commentCount":0,"publisher":{"@id":"https:\/\/designweekmexico.com\/#organization"},"image":{"@id":"https:\/\/designweekmexico.com\/convocatorias-2025\/convocatoria-dealers-de-diseno-complementi\/#primaryimage"},"thumbnailUrl":"https:\/\/designweekmexico.com\/wp-content\/uploads\/2025\/05\/Artboard-1-copy-16-scaled.png","articleSection":["Convocatorias 2025"],"inLanguage":"en-US","potentialAction":[{"@type":"CommentAction","name":"Comment","target":["https:\/\/designweekmexico.com\/convocatorias-2025\/convocatoria-dealers-de-diseno-complementi\/#respond"]}]},{"@type":"WebPage","@id":"https:\/\/designweekmexico.com\/convocatorias-2025\/convocatoria-dealers-de-diseno-complementi\/","url":"https:\/\/designweekmexico.com\/convocatorias-2025\/convocatoria-dealers-de-diseno-complementi\/","name":"Convocatoria Dealers de Dise\u00f1o Complementi - Design Week Mexico","isPartOf":{"@id":"https:\/\/designweekmexico.com\/#website"},"primaryImageOfPage":{"@id":"https:\/\/designweekmexico.com\/convocatorias-2025\/convocatoria-dealers-de-diseno-complementi\/#primaryimage"},"image":{"@id":"https:\/\/designweekmexico.com\/convocatorias-2025\/convocatoria-dealers-de-diseno-complementi\/#primaryimage"},"thumbnailUrl":"https:\/\/designweekmexico.com\/wp-content\/uploads\/2025\/05\/Artboard-1-copy-16-scaled.png","datePublished":"2025-05-22T19:45:50+00:00","dateModified":"2025-05-22T22:07:45+00:00","breadcrumb":{"@id":"https:\/\/designweekmexico.com\/convocatorias-2025\/convocatoria-dealers-de-diseno-complementi\/#breadcrumb"},"inLanguage":"en-US","potentialAction":[{"@type":"ReadAction","target":["https:\/\/designweekmexico.com\/convocatorias-2025\/convocatoria-dealers-de-diseno-complementi\/"]}]},{"@type":"ImageObject","inLanguage":"en-US","@id":"https:\/\/designweekmexico.com\/convocatorias-2025\/convocatoria-dealers-de-diseno-complementi\/#primaryimage","url":"https:\/\/designweekmexico.com\/wp-content\/uploads\/2025\/05\/Artboard-1-copy-16-scaled.png","contentUrl":"https:\/\/designweekmexico.com\/wp-content\/uploads\/2025\/05\/Artboard-1-copy-16-scaled.png","width":2560,"height":1707},{"@type":"BreadcrumbList","@id":"https:\/\/designweekmexico.com\/convocatorias-2025\/convocatoria-dealers-de-diseno-complementi\/#breadcrumb","itemListElement":[{"@type":"ListItem","position":1,"name":"Inicio","item":"https:\/\/designweekmexico.com\/"},{"@type":"ListItem","position":2,"name":"Convocatoria Dealers de Dise\u00f1o Complementi"}]},{"@type":"WebSite","@id":"https:\/\/designweekmexico.com\/#website","url":"https:\/\/designweekmexico.com\/","name":"Design Week Mexico","description":"Dise\u00f1ando el futuro...","publisher":{"@id":"https:\/\/designweekmexico.com\/#organization"},"potentialAction":[{"@type":"SearchAction","target":{"@type":"EntryPoint","urlTemplate":"https:\/\/designweekmexico.com\/?s={search_term_string}"},"query-input":{"@type":"PropertyValueSpecification","valueRequired":true,"valueName":"search_term_string"}}],"inLanguage":"en-US"},{"@type":"Organization","@id":"https:\/\/designweekmexico.com\/#organization","name":"Design Week Mexico","url":"https:\/\/designweekmexico.com\/","logo":{"@type":"ImageObject","inLanguage":"en-US","@id":"https:\/\/designweekmexico.com\/#\/schema\/logo\/image\/","url":"https:\/\/designweekmexico.com\/wp-content\/uploads\/2026\/04\/Asset-58-70eae4-3141d7.svg","contentUrl":"https:\/\/designweekmexico.com\/wp-content\/uploads\/2026\/04\/Asset-58-70eae4-3141d7.svg","width":1741,"height":103,"caption":"Design Week Mexico"},"image":{"@id":"https:\/\/designweekmexico.com\/#\/schema\/logo\/image\/"},"sameAs":["https:\/\/www.facebook.com\/designweekmex","https:\/\/x.com\/designweekmex","https:\/\/www.instagram.com\/designweekmex\/","https:\/\/www.youtube.com\/user\/designweekmexico","https:\/\/vimeo.com\/designweekmexico","https:\/\/www.linkedin.com\/company\/designweekmx\/"]},{"@type":"Person","@id":"https:\/\/designweekmexico.com\/#\/schema\/person\/ee1da898b14b7d9d29bd0bc66da7ef01","name":"Design Week Mexico","image":{"@type":"ImageObject","inLanguage":"en-US","@id":"https:\/\/secure.gravatar.com\/avatar\/0830bfc50cafacf340fb14966c0f6cc5c88935cded635f38ae2ed050785fd609?s=96&d=mm&r=g","url":"https:\/\/secure.gravatar.com\/avatar\/0830bfc50cafacf340fb14966c0f6cc5c88935cded635f38ae2ed050785fd609?s=96&d=mm&r=g","contentUrl":"https:\/\/secure.gravatar.com\/avatar\/0830bfc50cafacf340fb14966c0f6cc5c88935cded635f38ae2ed050785fd609?s=96&d=mm&r=g","caption":"Design Week Mexico"},"url":"https:\/\/designweekmexico.com\/en\/author\/designweekmexico\/"}]}},"jetpack_featured_media_url":"https:\/\/designweekmexico.com\/wp-content\/uploads\/2025\/05\/Artboard-1-copy-16-scaled.png","jetpack_sharing_enabled":true,"_links":{"self":[{"href":"https:\/\/designweekmexico.com\/en\/wp-json\/wp\/v2\/posts\/21054","targetHints":{"allow":["GET"]}}],"collection":[{"href":"https:\/\/designweekmexico.com\/en\/wp-json\/wp\/v2\/posts"}],"about":[{"href":"https:\/\/designweekmexico.com\/en\/wp-json\/wp\/v2\/types\/post"}],"author":[{"embeddable":true,"href":"https:\/\/designweekmexico.com\/en\/wp-json\/wp\/v2\/users\/175"}],"replies":[{"embeddable":true,"href":"https:\/\/designweekmexico.com\/en\/wp-json\/wp\/v2\/comments?post=21054"}],"version-history":[{"count":10,"href":"https:\/\/designweekmexico.com\/en\/wp-json\/wp\/v2\/posts\/21054\/revisions"}],"predecessor-version":[{"id":21107,"href":"https:\/\/designweekmexico.com\/en\/wp-json\/wp\/v2\/posts\/21054\/revisions\/21107"}],"wp:featuredmedia":[{"embeddable":true,"href":"https:\/\/designweekmexico.com\/en\/wp-json\/wp\/v2\/media\/21023"}],"wp:attachment":[{"href":"https:\/\/designweekmexico.com\/en\/wp-json\/wp\/v2\/media?parent=21054"}],"wp:term":[{"taxonomy":"category","embeddable":true,"href":"https:\/\/designweekmexico.com\/en\/wp-json\/wp\/v2\/categories?post=21054"},{"taxonomy":"post_tag","embeddable":true,"href":"https:\/\/designweekmexico.com\/en\/wp-json\/wp\/v2\/tags?post=21054"}],"curies":[{"name":"wp","href":"https:\/\/api.w.org\/{rel}","templated":true}]}}