{"id":21974,"date":"2025-08-19T17:25:53","date_gmt":"2025-08-19T22:25:53","guid":{"rendered":"https:\/\/designweekmexico.com\/?p=21974"},"modified":"2025-09-03T19:03:10","modified_gmt":"2025-09-04T00:03:10","slug":"focus-mexico-2025","status":"publish","type":"post","link":"https:\/\/designweekmexico.com\/en\/estado-invitado\/focus-mexico-2025\/","title":{"rendered":"Focus M\u00e9xico 2025"},"content":{"rendered":"<div data-elementor-type=\"wp-post\" data-elementor-id=\"21974\" class=\"elementor elementor-21974\" data-elementor-settings=\"{&quot;ha_cmc_init_switcher&quot;:&quot;no&quot;}\" data-elementor-post-type=\"post\">\n\t\t\t\t\t\t<section class=\"elementor-section elementor-top-section elementor-element elementor-element-aefe681 ct-section-stretched elementor-section-height-min-height elementor-section-boxed elementor-section-height-default elementor-section-items-middle\" data-id=\"aefe681\" data-element_type=\"section\" data-settings=\"{&quot;background_background&quot;:&quot;slideshow&quot;,&quot;background_slideshow_gallery&quot;:[{&quot;id&quot;:21976,&quot;url&quot;:&quot;https:\\\/\\\/designweekmexico.com\\\/wp-content\\\/uploads\\\/2025\\\/08\\\/DSC05048-scaled.jpg&quot;},{&quot;id&quot;:21977,&quot;url&quot;:&quot;https:\\\/\\\/designweekmexico.com\\\/wp-content\\\/uploads\\\/2025\\\/08\\\/oaxaca-2-scaled.jpg&quot;},{&quot;id&quot;:21978,&quot;url&quot;:&quot;https:\\\/\\\/designweekmexico.com\\\/wp-content\\\/uploads\\\/2025\\\/08\\\/E11A3786-2-Clayworks-Mx-scaled.jpg&quot;},{&quot;id&quot;:21979,&quot;url&quot;:&quot;https:\\\/\\\/designweekmexico.com\\\/wp-content\\\/uploads\\\/2025\\\/08\\\/DSC02328.jpg&quot;},{&quot;id&quot;:21980,&quot;url&quot;:&quot;https:\\\/\\\/designweekmexico.com\\\/wp-content\\\/uploads\\\/2025\\\/08\\\/11A7534-scaled.jpg&quot;},{&quot;id&quot;:21981,&quot;url&quot;:&quot;https:\\\/\\\/designweekmexico.com\\\/wp-content\\\/uploads\\\/2025\\\/08\\\/DSC01847.jpg&quot;},{&quot;id&quot;:21982,&quot;url&quot;:&quot;https:\\\/\\\/designweekmexico.com\\\/wp-content\\\/uploads\\\/2025\\\/08\\\/PHOTO-2022-09-08-11-01-45.jpeg&quot;},{&quot;id&quot;:21983,&quot;url&quot;:&quot;https:\\\/\\\/designweekmexico.com\\\/wp-content\\\/uploads\\\/2025\\\/08\\\/ffa78bb20e33153262ecbc53f7f04ca1.jpg&quot;},{&quot;id&quot;:21984,&quot;url&quot;:&quot;https:\\\/\\\/designweekmexico.com\\\/wp-content\\\/uploads\\\/2025\\\/08\\\/DSC01804.jpg&quot;},{&quot;id&quot;:21985,&quot;url&quot;:&quot;https:\\\/\\\/designweekmexico.com\\\/wp-content\\\/uploads\\\/2025\\\/08\\\/3e2b68f597eecbf9cfde3d80caba4757.jpg&quot;}],&quot;background_slideshow_slide_duration&quot;:3000,&quot;background_slideshow_loop&quot;:&quot;yes&quot;,&quot;background_slideshow_slide_transition&quot;:&quot;fade&quot;,&quot;background_slideshow_transition_duration&quot;:500,&quot;_ha_eqh_enable&quot;:false}\">\n\t\t\t\t\t\t\t<div class=\"elementor-background-overlay\"><\/div>\n\t\t\t\t\t\t\t<div class=\"elementor-container elementor-column-gap-default\">\n\t\t\t\t\t<div class=\"elementor-column elementor-col-100 elementor-top-column elementor-element elementor-element-49f84652\" data-id=\"49f84652\" data-element_type=\"column\">\n\t\t\t<div class=\"elementor-widget-wrap elementor-element-populated\">\n\t\t\t\t\t\t<div class=\"elementor-element elementor-element-33bd585a elementor-widget elementor-widget-image\" data-id=\"33bd585a\" data-element_type=\"widget\" data-widget_type=\"image.default\">\n\t\t\t\t<div class=\"elementor-widget-container\">\n\t\t\t\t\t\t\t\t\t\t\t\t\t\t\t<img fetchpriority=\"high\" decoding=\"async\" data-attachment-id=\"22004\" data-permalink=\"https:\/\/designweekmexico.com\/en\/estado-invitado\/focus-mexico-2025\/attachment\/fm-gif-2\/\" data-orig-file=\"https:\/\/designweekmexico.com\/wp-content\/uploads\/2025\/08\/FM-GIF-1.gif\" data-orig-size=\"2160,388\" data-comments-opened=\"1\" data-image-meta=\"{&quot;aperture&quot;:&quot;0&quot;,&quot;credit&quot;:&quot;&quot;,&quot;camera&quot;:&quot;&quot;,&quot;caption&quot;:&quot;&quot;,&quot;created_timestamp&quot;:&quot;0&quot;,&quot;copyright&quot;:&quot;&quot;,&quot;focal_length&quot;:&quot;0&quot;,&quot;iso&quot;:&quot;0&quot;,&quot;shutter_speed&quot;:&quot;0&quot;,&quot;title&quot;:&quot;&quot;,&quot;orientation&quot;:&quot;0&quot;}\" data-image-title=\"FM-GIF\" data-image-description=\"\" data-image-caption=\"\" data-medium-file=\"https:\/\/designweekmexico.com\/wp-content\/uploads\/2025\/08\/FM-GIF-1-300x54.gif\" data-large-file=\"https:\/\/designweekmexico.com\/wp-content\/uploads\/2025\/08\/FM-GIF-1-1024x184.gif\" width=\"2160\" height=\"388\" src=\"https:\/\/designweekmexico.com\/wp-content\/uploads\/2025\/08\/FM-GIF-1.gif\" class=\"attachment-full size-full wp-image-22004\" alt=\"\" \/>\t\t\t\t\t\t\t\t\t\t\t\t\t\t\t<\/div>\n\t\t\t\t<\/div>\n\t\t\t\t\t<\/div>\n\t\t<\/div>\n\t\t\t\t\t<\/div>\n\t\t<\/section>\n\t\t\t\t<section class=\"elementor-section elementor-top-section elementor-element elementor-element-8262276 elementor-section-boxed elementor-section-height-default elementor-section-height-default\" data-id=\"8262276\" data-element_type=\"section\" data-settings=\"{&quot;_ha_eqh_enable&quot;:false}\">\n\t\t\t\t\t\t<div class=\"elementor-container elementor-column-gap-default\">\n\t\t\t\t\t<div class=\"elementor-column elementor-col-100 elementor-top-column elementor-element elementor-element-575e622d\" data-id=\"575e622d\" data-element_type=\"column\">\n\t\t\t<div class=\"elementor-widget-wrap elementor-element-populated\">\n\t\t\t\t\t\t<div class=\"elementor-element elementor-element-334dd25d elementor-widget elementor-widget-heading\" data-id=\"334dd25d\" data-element_type=\"widget\" data-widget_type=\"heading.default\">\n\t\t\t\t<div class=\"elementor-widget-container\">\n\t\t\t\t\t<h2 class=\"elementor-heading-title elementor-size-default\">Focus M\u00e9xico<\/h2>\t\t\t\t<\/div>\n\t\t\t\t<\/div>\n\t\t\t\t<div class=\"elementor-element elementor-element-aa1b89e elementor-widget elementor-widget-heading\" data-id=\"aa1b89e\" data-element_type=\"widget\" data-widget_type=\"heading.default\">\n\t\t\t\t<div class=\"elementor-widget-container\">\n\t\t\t\t\t<h2 class=\"elementor-heading-title elementor-size-default\">Estados Invitados 2025<\/h2>\t\t\t\t<\/div>\n\t\t\t\t<\/div>\n\t\t\t\t\t<\/div>\n\t\t<\/div>\n\t\t\t\t\t<\/div>\n\t\t<\/section>\n\t\t\t\t<section class=\"elementor-section elementor-top-section elementor-element elementor-element-7efbd712 elementor-section-boxed elementor-section-height-default elementor-section-height-default\" data-id=\"7efbd712\" data-element_type=\"section\" data-settings=\"{&quot;_ha_eqh_enable&quot;:false}\">\n\t\t\t\t\t\t<div class=\"elementor-container elementor-column-gap-default\">\n\t\t\t\t\t<div class=\"elementor-column elementor-col-100 elementor-top-column elementor-element elementor-element-4b452262\" data-id=\"4b452262\" data-element_type=\"column\">\n\t\t\t<div class=\"elementor-widget-wrap elementor-element-populated\">\n\t\t\t\t\t\t<div class=\"elementor-element elementor-element-94a235f elementor-widget elementor-widget-text-editor\" data-id=\"94a235f\" data-element_type=\"widget\" data-widget_type=\"text-editor.default\">\n\t\t\t\t<div class=\"elementor-widget-container\">\n\t\t\t\t\t\t\t\t\t<p>A diferencia de ediciones anteriores, donde la invitaci\u00f3n se centraba en un solo estado, este a\u00f1o Design Week M\u00e9xico ampl\u00eda la perspectiva con Focus M\u00e9xico. En el marco del eje tem\u00e1tico \u201cDise\u00f1ado en M\u00e9xico\u201d, la propuesta re\u00fane talleres artesanales y dise\u00f1adores de <b>Yucat\u00e1n, Oaxaca, Estado de M\u00e9xico, Ciudad de M\u00e9xico, Jalisco, Chiapas, Guerrero, Chihuahua, Puebla, Aguascalientes y Michoac\u00e1n,<\/b> conformando un panorama plural de procesos, materiales y visiones creativas.<\/p>\n<p>En esta edici\u00f3n, <b>Vision &amp; Tradition<\/b> conecta a comunidades de <b>Oaxaca y Yucat\u00e1n<\/b> con dise\u00f1adores de <b>Argentina, pa\u00eds invitado 2025,<\/b> generando piezas que son testimonio de un intercambio intercultural y transgeneracional. <b>Paralelamente, en los dem\u00e1s estados participantes se desarrollan colaboraciones y piezas especiales con dise\u00f1adores,<\/b> fortaleciendo el alcance de esta iniciativa y mostrando la riqueza de oficios, t\u00e9cnicas y aproximaciones al dise\u00f1o a lo largo del pa\u00eds.<\/p>\n<p><b>Focus M\u00e9xico celebra y convierte la diversidad nacional en plataforma de experimentaci\u00f3n y proyecci\u00f3n internacional. Al reunir m\u00faltiples territorios en una sola edici\u00f3n, Design Week M\u00e9xico abre un espacio para imaginar futuros comunes desde la fuerza de lo local, reconociendo en la diferencia una oportunidad para innovar y construir colectivamente.<\/b><\/p>\t\t\t\t\t\t\t\t<\/div>\n\t\t\t\t<\/div>\n\t\t\t\t<div class=\"elementor-element elementor-element-3876ab5e elementor-widget elementor-widget-gallery\" data-id=\"3876ab5e\" data-element_type=\"widget\" data-settings=\"{&quot;gallery_layout&quot;:&quot;justified&quot;,&quot;ideal_row_height&quot;:{&quot;unit&quot;:&quot;px&quot;,&quot;size&quot;:250,&quot;sizes&quot;:[]},&quot;gap&quot;:{&quot;unit&quot;:&quot;px&quot;,&quot;size&quot;:30,&quot;sizes&quot;:[]},&quot;ideal_row_height_mobile&quot;:{&quot;unit&quot;:&quot;px&quot;,&quot;size&quot;:120,&quot;sizes&quot;:[]},&quot;lazyload&quot;:&quot;yes&quot;,&quot;ideal_row_height_tablet&quot;:{&quot;unit&quot;:&quot;px&quot;,&quot;size&quot;:150,&quot;sizes&quot;:[]},&quot;gap_tablet&quot;:{&quot;unit&quot;:&quot;px&quot;,&quot;size&quot;:10,&quot;sizes&quot;:[]},&quot;gap_mobile&quot;:{&quot;unit&quot;:&quot;px&quot;,&quot;size&quot;:10,&quot;sizes&quot;:[]},&quot;link_to&quot;:&quot;file&quot;,&quot;overlay_background&quot;:&quot;yes&quot;,&quot;content_hover_animation&quot;:&quot;fade-in&quot;}\" data-widget_type=\"gallery.default\">\n\t\t\t\t<div class=\"elementor-widget-container\">\n\t\t\t\t\t\t\t<div class=\"elementor-gallery__container\">\n\t\t\t\t\t\t\t<a class=\"e-gallery-item elementor-gallery-item elementor-animated-content\" href=\"https:\/\/designweekmexico.com\/wp-content\/uploads\/2025\/08\/11A7534-scaled.jpg\" data-elementor-open-lightbox=\"yes\" data-elementor-lightbox-slideshow=\"3876ab5e\" data-elementor-lightbox-title=\"_11A7534\" data-e-action-hash=\"#elementor-action%3Aaction%3Dlightbox%26settings%3DeyJpZCI6MjE5ODAsInVybCI6Imh0dHBzOlwvXC9kZXNpZ253ZWVrbWV4aWNvLmNvbVwvd3AtY29udGVudFwvdXBsb2Fkc1wvMjAyNVwvMDhcLzExQTc1MzQtc2NhbGVkLmpwZyIsInNsaWRlc2hvdyI6IjM4NzZhYjVlIn0%3D\">\n\t\t\t\t\t<div class=\"e-gallery-image elementor-gallery-item__image\" data-thumbnail=\"https:\/\/designweekmexico.com\/wp-content\/uploads\/2025\/08\/11A7534-scaled.jpg\" data-width=\"2560\" data-height=\"1707\" aria-label=\"\" role=\"img\" ><\/div>\n\t\t\t\t\t\t\t\t\t\t\t<div class=\"elementor-gallery-item__overlay\"><\/div>\n\t\t\t\t\t\t\t\t\t\t\t\t\t\t<\/a>\n\t\t\t\t\t\t\t<a class=\"e-gallery-item elementor-gallery-item elementor-animated-content\" href=\"https:\/\/designweekmexico.com\/wp-content\/uploads\/2025\/08\/PHOTO-2022-09-08-11-01-45.jpeg\" data-elementor-open-lightbox=\"yes\" data-elementor-lightbox-slideshow=\"3876ab5e\" data-elementor-lightbox-title=\"PHOTO-2022-09-08-11-01-45\" data-e-action-hash=\"#elementor-action%3Aaction%3Dlightbox%26settings%3DeyJpZCI6MjE5ODIsInVybCI6Imh0dHBzOlwvXC9kZXNpZ253ZWVrbWV4aWNvLmNvbVwvd3AtY29udGVudFwvdXBsb2Fkc1wvMjAyNVwvMDhcL1BIT1RPLTIwMjItMDktMDgtMTEtMDEtNDUuanBlZyIsInNsaWRlc2hvdyI6IjM4NzZhYjVlIn0%3D\">\n\t\t\t\t\t<div class=\"e-gallery-image elementor-gallery-item__image\" data-thumbnail=\"https:\/\/designweekmexico.com\/wp-content\/uploads\/2025\/08\/PHOTO-2022-09-08-11-01-45.jpeg\" data-width=\"1200\" data-height=\"1600\" aria-label=\"\" role=\"img\" ><\/div>\n\t\t\t\t\t\t\t\t\t\t\t<div class=\"elementor-gallery-item__overlay\"><\/div>\n\t\t\t\t\t\t\t\t\t\t\t\t\t\t<\/a>\n\t\t\t\t\t\t\t<a class=\"e-gallery-item elementor-gallery-item elementor-animated-content\" href=\"https:\/\/designweekmexico.com\/wp-content\/uploads\/2025\/08\/oaxaca-2-scaled.jpg\" data-elementor-open-lightbox=\"yes\" data-elementor-lightbox-slideshow=\"3876ab5e\" data-elementor-lightbox-title=\"oaxaca 2\" data-e-action-hash=\"#elementor-action%3Aaction%3Dlightbox%26settings%3DeyJpZCI6MjE5NzcsInVybCI6Imh0dHBzOlwvXC9kZXNpZ253ZWVrbWV4aWNvLmNvbVwvd3AtY29udGVudFwvdXBsb2Fkc1wvMjAyNVwvMDhcL29heGFjYS0yLXNjYWxlZC5qcGciLCJzbGlkZXNob3ciOiIzODc2YWI1ZSJ9\">\n\t\t\t\t\t<div class=\"e-gallery-image elementor-gallery-item__image\" data-thumbnail=\"https:\/\/designweekmexico.com\/wp-content\/uploads\/2025\/08\/oaxaca-2-scaled.jpg\" data-width=\"2560\" data-height=\"1710\" aria-label=\"\" role=\"img\" ><\/div>\n\t\t\t\t\t\t\t\t\t\t\t<div class=\"elementor-gallery-item__overlay\"><\/div>\n\t\t\t\t\t\t\t\t\t\t\t\t\t\t<\/a>\n\t\t\t\t\t\t\t<a class=\"e-gallery-item elementor-gallery-item elementor-animated-content\" href=\"https:\/\/designweekmexico.com\/wp-content\/uploads\/2025\/08\/DSC01847.jpg\" data-elementor-open-lightbox=\"yes\" data-elementor-lightbox-slideshow=\"3876ab5e\" data-elementor-lightbox-title=\"DSC01847\" data-e-action-hash=\"#elementor-action%3Aaction%3Dlightbox%26settings%3DeyJpZCI6MjE5ODEsInVybCI6Imh0dHBzOlwvXC9kZXNpZ253ZWVrbWV4aWNvLmNvbVwvd3AtY29udGVudFwvdXBsb2Fkc1wvMjAyNVwvMDhcL0RTQzAxODQ3LmpwZyIsInNsaWRlc2hvdyI6IjM4NzZhYjVlIn0%3D\">\n\t\t\t\t\t<div class=\"e-gallery-image elementor-gallery-item__image\" data-thumbnail=\"https:\/\/designweekmexico.com\/wp-content\/uploads\/2025\/08\/DSC01847.jpg\" data-width=\"2065\" data-height=\"1161\" aria-label=\"\" role=\"img\" ><\/div>\n\t\t\t\t\t\t\t\t\t\t\t<div class=\"elementor-gallery-item__overlay\"><\/div>\n\t\t\t\t\t\t\t\t\t\t\t\t\t\t<\/a>\n\t\t\t\t\t\t\t<a class=\"e-gallery-item elementor-gallery-item elementor-animated-content\" href=\"https:\/\/designweekmexico.com\/wp-content\/uploads\/2025\/08\/DSC01804.jpg\" data-elementor-open-lightbox=\"yes\" data-elementor-lightbox-slideshow=\"3876ab5e\" data-elementor-lightbox-title=\"DSC01804\" data-e-action-hash=\"#elementor-action%3Aaction%3Dlightbox%26settings%3DeyJpZCI6MjE5ODQsInVybCI6Imh0dHBzOlwvXC9kZXNpZ253ZWVrbWV4aWNvLmNvbVwvd3AtY29udGVudFwvdXBsb2Fkc1wvMjAyNVwvMDhcL0RTQzAxODA0LmpwZyIsInNsaWRlc2hvdyI6IjM4NzZhYjVlIn0%3D\">\n\t\t\t\t\t<div class=\"e-gallery-image elementor-gallery-item__image\" data-thumbnail=\"https:\/\/designweekmexico.com\/wp-content\/uploads\/2025\/08\/DSC01804.jpg\" data-width=\"2000\" data-height=\"1125\" aria-label=\"\" role=\"img\" ><\/div>\n\t\t\t\t\t\t\t\t\t\t\t<div class=\"elementor-gallery-item__overlay\"><\/div>\n\t\t\t\t\t\t\t\t\t\t\t\t\t\t<\/a>\n\t\t\t\t\t\t\t<a class=\"e-gallery-item elementor-gallery-item elementor-animated-content\" href=\"https:\/\/designweekmexico.com\/wp-content\/uploads\/2025\/08\/DSC05048-scaled.jpg\" data-elementor-open-lightbox=\"yes\" data-elementor-lightbox-slideshow=\"3876ab5e\" data-elementor-lightbox-title=\"DSC05048\" data-e-action-hash=\"#elementor-action%3Aaction%3Dlightbox%26settings%3DeyJpZCI6MjE5NzYsInVybCI6Imh0dHBzOlwvXC9kZXNpZ253ZWVrbWV4aWNvLmNvbVwvd3AtY29udGVudFwvdXBsb2Fkc1wvMjAyNVwvMDhcL0RTQzA1MDQ4LXNjYWxlZC5qcGciLCJzbGlkZXNob3ciOiIzODc2YWI1ZSJ9\">\n\t\t\t\t\t<div class=\"e-gallery-image elementor-gallery-item__image\" data-thumbnail=\"https:\/\/designweekmexico.com\/wp-content\/uploads\/2025\/08\/DSC05048-scaled.jpg\" data-width=\"2560\" data-height=\"1710\" aria-label=\"\" role=\"img\" ><\/div>\n\t\t\t\t\t\t\t\t\t\t\t<div class=\"elementor-gallery-item__overlay\"><\/div>\n\t\t\t\t\t\t\t\t\t\t\t\t\t\t<\/a>\n\t\t\t\t\t\t\t<a class=\"e-gallery-item elementor-gallery-item elementor-animated-content\" href=\"https:\/\/designweekmexico.com\/wp-content\/uploads\/2025\/08\/E11A3786-2-Clayworks-Mx-scaled.jpg\" data-elementor-open-lightbox=\"yes\" data-elementor-lightbox-slideshow=\"3876ab5e\" data-elementor-lightbox-title=\"E11A3786 2 - Clayworks Mx\" data-e-action-hash=\"#elementor-action%3Aaction%3Dlightbox%26settings%3DeyJpZCI6MjE5NzgsInVybCI6Imh0dHBzOlwvXC9kZXNpZ253ZWVrbWV4aWNvLmNvbVwvd3AtY29udGVudFwvdXBsb2Fkc1wvMjAyNVwvMDhcL0UxMUEzNzg2LTItQ2xheXdvcmtzLU14LXNjYWxlZC5qcGciLCJzbGlkZXNob3ciOiIzODc2YWI1ZSJ9\">\n\t\t\t\t\t<div class=\"e-gallery-image elementor-gallery-item__image\" data-thumbnail=\"https:\/\/designweekmexico.com\/wp-content\/uploads\/2025\/08\/E11A3786-2-Clayworks-Mx-scaled.jpg\" data-width=\"2560\" data-height=\"1707\" aria-label=\"\" role=\"img\" ><\/div>\n\t\t\t\t\t\t\t\t\t\t\t<div class=\"elementor-gallery-item__overlay\"><\/div>\n\t\t\t\t\t\t\t\t\t\t\t\t\t\t<\/a>\n\t\t\t\t\t\t\t<a class=\"e-gallery-item elementor-gallery-item elementor-animated-content\" href=\"https:\/\/designweekmexico.com\/wp-content\/uploads\/2025\/08\/ffa78bb20e33153262ecbc53f7f04ca1.jpg\" data-elementor-open-lightbox=\"yes\" data-elementor-lightbox-slideshow=\"3876ab5e\" data-elementor-lightbox-title=\"ffa78bb20e33153262ecbc53f7f04ca1\" data-e-action-hash=\"#elementor-action%3Aaction%3Dlightbox%26settings%3DeyJpZCI6MjE5ODMsInVybCI6Imh0dHBzOlwvXC9kZXNpZ253ZWVrbWV4aWNvLmNvbVwvd3AtY29udGVudFwvdXBsb2Fkc1wvMjAyNVwvMDhcL2ZmYTc4YmIyMGUzMzE1MzI2MmVjYmM1M2Y3ZjA0Y2ExLmpwZyIsInNsaWRlc2hvdyI6IjM4NzZhYjVlIn0%3D\">\n\t\t\t\t\t<div class=\"e-gallery-image elementor-gallery-item__image\" data-thumbnail=\"https:\/\/designweekmexico.com\/wp-content\/uploads\/2025\/08\/ffa78bb20e33153262ecbc53f7f04ca1.jpg\" data-width=\"640\" data-height=\"429\" aria-label=\"\" role=\"img\" ><\/div>\n\t\t\t\t\t\t\t\t\t\t\t<div class=\"elementor-gallery-item__overlay\"><\/div>\n\t\t\t\t\t\t\t\t\t\t\t\t\t\t<\/a>\n\t\t\t\t\t\t\t<a class=\"e-gallery-item elementor-gallery-item elementor-animated-content\" href=\"https:\/\/designweekmexico.com\/wp-content\/uploads\/2025\/08\/DSC02328.jpg\" data-elementor-open-lightbox=\"yes\" data-elementor-lightbox-slideshow=\"3876ab5e\" data-elementor-lightbox-title=\"DSC02328\" data-e-action-hash=\"#elementor-action%3Aaction%3Dlightbox%26settings%3DeyJpZCI6MjE5NzksInVybCI6Imh0dHBzOlwvXC9kZXNpZ253ZWVrbWV4aWNvLmNvbVwvd3AtY29udGVudFwvdXBsb2Fkc1wvMjAyNVwvMDhcL0RTQzAyMzI4LmpwZyIsInNsaWRlc2hvdyI6IjM4NzZhYjVlIn0%3D\">\n\t\t\t\t\t<div class=\"e-gallery-image elementor-gallery-item__image\" data-thumbnail=\"https:\/\/designweekmexico.com\/wp-content\/uploads\/2025\/08\/DSC02328.jpg\" data-width=\"2000\" data-height=\"1336\" aria-label=\"\" role=\"img\" ><\/div>\n\t\t\t\t\t\t\t\t\t\t\t<div class=\"elementor-gallery-item__overlay\"><\/div>\n\t\t\t\t\t\t\t\t\t\t\t\t\t\t<\/a>\n\t\t\t\t\t<\/div>\n\t\t\t\t\t<\/div>\n\t\t\t\t<\/div>\n\t\t\t\t\t<\/div>\n\t\t<\/div>\n\t\t\t\t\t<\/div>\n\t\t<\/section>\n\t\t\t\t<\/div>","protected":false},"excerpt":{"rendered":"<p>A diferencia de ediciones anteriores, donde la invitaci\u00f3n se centraba en un solo estado, este a\u00f1o Design Week M\u00e9xico ampl\u00eda la perspectiva con Focus M\u00e9xico. En el marco del eje tem\u00e1tico \u201cDise\u00f1ado en M\u00e9xico\u201d, la propuesta re\u00fane talleres artesanales y dise\u00f1adores de Yucat\u00e1n, Oaxaca, Estado de M\u00e9xico, Ciudad de M\u00e9xico, Jalisco, Chiapas, Guerrero, Chihuahua, Puebla y Michoac\u00e1n, conformando un panorama plural de procesos, materiales y visiones creativas.<\/p>","protected":false},"author":175,"featured_media":21980,"comment_status":"open","ping_status":"open","sticky":false,"template":"","format":"standard","meta":{"_themeisle_gutenberg_block_has_review":false,"_jetpack_memberships_contains_paid_content":false,"footnotes":""},"categories":[150],"tags":[164],"class_list":["post-21974","post","type-post","status-publish","format-standard","has-post-thumbnail","hentry","category-estado-invitado","tag-164"],"blocksy_meta":{"has_hero_section":"disabled","disable_featured_image":"yes","disable_post_tags":"yes","disable_share_box":"yes","disable_author_box":"yes","styles_descriptor":{"styles":{"desktop":"","tablet":"","mobile":""},"google_fonts":[],"version":6}},"yoast_head":"<!-- This site is optimized with the Yoast SEO plugin v27.4 - https:\/\/yoast.com\/product\/yoast-seo-wordpress\/ -->\n<title>Focus M\u00e9xico 2025 - Design Week Mexico<\/title>\n<meta name=\"robots\" content=\"index, follow, max-snippet:-1, max-image-preview:large, max-video-preview:-1\" \/>\n<link rel=\"canonical\" href=\"https:\/\/designweekmexico.com\/en\/estado-invitado\/focus-mexico-2025\/\" \/>\n<meta property=\"og:locale\" content=\"en_US\" \/>\n<meta property=\"og:type\" content=\"article\" \/>\n<meta property=\"og:title\" content=\"Focus M\u00e9xico 2025 - Design Week Mexico\" \/>\n<meta property=\"og:description\" content=\"A diferencia de ediciones anteriores, donde la invitaci\u00f3n se centraba en un solo estado, este a\u00f1o Design Week M\u00e9xico ampl\u00eda la perspectiva con Focus M\u00e9xico. En el marco del eje tem\u00e1tico \u201cDise\u00f1ado en M\u00e9xico\u201d, la propuesta re\u00fane talleres artesanales y dise\u00f1adores de Yucat\u00e1n, Oaxaca, Estado de M\u00e9xico, Ciudad de M\u00e9xico, Jalisco, Chiapas, Guerrero, Chihuahua, Puebla y Michoac\u00e1n, conformando un panorama plural de procesos, materiales y visiones creativas.\" \/>\n<meta property=\"og:url\" content=\"https:\/\/designweekmexico.com\/en\/estado-invitado\/focus-mexico-2025\/\" \/>\n<meta property=\"og:site_name\" content=\"Design Week Mexico\" \/>\n<meta property=\"article:publisher\" content=\"https:\/\/www.facebook.com\/designweekmex\" \/>\n<meta property=\"article:published_time\" content=\"2025-08-19T22:25:53+00:00\" \/>\n<meta property=\"article:modified_time\" content=\"2025-09-04T00:03:10+00:00\" \/>\n<meta property=\"og:image\" content=\"https:\/\/designweekmexico.com\/wp-content\/uploads\/2025\/08\/11A7534-scaled.jpg\" \/>\n\t<meta property=\"og:image:width\" content=\"2560\" \/>\n\t<meta property=\"og:image:height\" content=\"1707\" \/>\n\t<meta property=\"og:image:type\" content=\"image\/jpeg\" \/>\n<meta name=\"author\" content=\"Design Week Mexico\" \/>\n<meta name=\"twitter:card\" content=\"summary_large_image\" \/>\n<meta name=\"twitter:creator\" content=\"@designweekmex\" \/>\n<meta name=\"twitter:site\" content=\"@designweekmex\" \/>\n<meta name=\"twitter:label1\" content=\"Written by\" \/>\n\t<meta name=\"twitter:data1\" content=\"Design Week Mexico\" \/>\n\t<meta name=\"twitter:label2\" content=\"Est. reading time\" \/>\n\t<meta name=\"twitter:data2\" content=\"2 minutes\" \/>\n<script type=\"application\/ld+json\" class=\"yoast-schema-graph\">{\"@context\":\"https:\\\/\\\/schema.org\",\"@graph\":[{\"@type\":\"Article\",\"@id\":\"https:\\\/\\\/designweekmexico.com\\\/estado-invitado\\\/focus-mexico-2025\\\/#article\",\"isPartOf\":{\"@id\":\"https:\\\/\\\/designweekmexico.com\\\/estado-invitado\\\/focus-mexico-2025\\\/\"},\"author\":{\"name\":\"Design Week Mexico\",\"@id\":\"https:\\\/\\\/designweekmexico.com\\\/#\\\/schema\\\/person\\\/ee1da898b14b7d9d29bd0bc66da7ef01\"},\"headline\":\"Focus M\u00e9xico 2025\",\"datePublished\":\"2025-08-19T22:25:53+00:00\",\"dateModified\":\"2025-09-04T00:03:10+00:00\",\"mainEntityOfPage\":{\"@id\":\"https:\\\/\\\/designweekmexico.com\\\/estado-invitado\\\/focus-mexico-2025\\\/\"},\"wordCount\":223,\"commentCount\":0,\"publisher\":{\"@id\":\"https:\\\/\\\/designweekmexico.com\\\/#organization\"},\"image\":{\"@id\":\"https:\\\/\\\/designweekmexico.com\\\/estado-invitado\\\/focus-mexico-2025\\\/#primaryimage\"},\"thumbnailUrl\":\"https:\\\/\\\/designweekmexico.com\\\/wp-content\\\/uploads\\\/2025\\\/08\\\/11A7534-scaled.jpg\",\"keywords\":[\"2025\"],\"articleSection\":[\"Estado Invitado\"],\"inLanguage\":\"en-US\",\"potentialAction\":[{\"@type\":\"CommentAction\",\"name\":\"Comment\",\"target\":[\"https:\\\/\\\/designweekmexico.com\\\/estado-invitado\\\/focus-mexico-2025\\\/#respond\"]}]},{\"@type\":\"WebPage\",\"@id\":\"https:\\\/\\\/designweekmexico.com\\\/estado-invitado\\\/focus-mexico-2025\\\/\",\"url\":\"https:\\\/\\\/designweekmexico.com\\\/estado-invitado\\\/focus-mexico-2025\\\/\",\"name\":\"Focus M\u00e9xico 2025 - Design Week Mexico\",\"isPartOf\":{\"@id\":\"https:\\\/\\\/designweekmexico.com\\\/#website\"},\"primaryImageOfPage\":{\"@id\":\"https:\\\/\\\/designweekmexico.com\\\/estado-invitado\\\/focus-mexico-2025\\\/#primaryimage\"},\"image\":{\"@id\":\"https:\\\/\\\/designweekmexico.com\\\/estado-invitado\\\/focus-mexico-2025\\\/#primaryimage\"},\"thumbnailUrl\":\"https:\\\/\\\/designweekmexico.com\\\/wp-content\\\/uploads\\\/2025\\\/08\\\/11A7534-scaled.jpg\",\"datePublished\":\"2025-08-19T22:25:53+00:00\",\"dateModified\":\"2025-09-04T00:03:10+00:00\",\"breadcrumb\":{\"@id\":\"https:\\\/\\\/designweekmexico.com\\\/estado-invitado\\\/focus-mexico-2025\\\/#breadcrumb\"},\"inLanguage\":\"en-US\",\"potentialAction\":[{\"@type\":\"ReadAction\",\"target\":[\"https:\\\/\\\/designweekmexico.com\\\/estado-invitado\\\/focus-mexico-2025\\\/\"]}]},{\"@type\":\"ImageObject\",\"inLanguage\":\"en-US\",\"@id\":\"https:\\\/\\\/designweekmexico.com\\\/estado-invitado\\\/focus-mexico-2025\\\/#primaryimage\",\"url\":\"https:\\\/\\\/designweekmexico.com\\\/wp-content\\\/uploads\\\/2025\\\/08\\\/11A7534-scaled.jpg\",\"contentUrl\":\"https:\\\/\\\/designweekmexico.com\\\/wp-content\\\/uploads\\\/2025\\\/08\\\/11A7534-scaled.jpg\",\"width\":2560,\"height\":1707},{\"@type\":\"BreadcrumbList\",\"@id\":\"https:\\\/\\\/designweekmexico.com\\\/estado-invitado\\\/focus-mexico-2025\\\/#breadcrumb\",\"itemListElement\":[{\"@type\":\"ListItem\",\"position\":1,\"name\":\"Inicio\",\"item\":\"https:\\\/\\\/designweekmexico.com\\\/\"},{\"@type\":\"ListItem\",\"position\":2,\"name\":\"Focus M\u00e9xico 2025\"}]},{\"@type\":\"WebSite\",\"@id\":\"https:\\\/\\\/designweekmexico.com\\\/#website\",\"url\":\"https:\\\/\\\/designweekmexico.com\\\/\",\"name\":\"Design Week Mexico\",\"description\":\"Dise\u00f1ando el futuro...\",\"publisher\":{\"@id\":\"https:\\\/\\\/designweekmexico.com\\\/#organization\"},\"potentialAction\":[{\"@type\":\"SearchAction\",\"target\":{\"@type\":\"EntryPoint\",\"urlTemplate\":\"https:\\\/\\\/designweekmexico.com\\\/?s={search_term_string}\"},\"query-input\":{\"@type\":\"PropertyValueSpecification\",\"valueRequired\":true,\"valueName\":\"search_term_string\"}}],\"inLanguage\":\"en-US\"},{\"@type\":\"Organization\",\"@id\":\"https:\\\/\\\/designweekmexico.com\\\/#organization\",\"name\":\"Design Week Mexico\",\"url\":\"https:\\\/\\\/designweekmexico.com\\\/\",\"logo\":{\"@type\":\"ImageObject\",\"inLanguage\":\"en-US\",\"@id\":\"https:\\\/\\\/designweekmexico.com\\\/#\\\/schema\\\/logo\\\/image\\\/\",\"url\":\"https:\\\/\\\/designweekmexico.com\\\/wp-content\\\/uploads\\\/2026\\\/04\\\/Asset-58-70eae4-3141d7.svg\",\"contentUrl\":\"https:\\\/\\\/designweekmexico.com\\\/wp-content\\\/uploads\\\/2026\\\/04\\\/Asset-58-70eae4-3141d7.svg\",\"width\":1741,\"height\":103,\"caption\":\"Design Week Mexico\"},\"image\":{\"@id\":\"https:\\\/\\\/designweekmexico.com\\\/#\\\/schema\\\/logo\\\/image\\\/\"},\"sameAs\":[\"https:\\\/\\\/www.facebook.com\\\/designweekmex\",\"https:\\\/\\\/x.com\\\/designweekmex\",\"https:\\\/\\\/www.instagram.com\\\/designweekmex\\\/\",\"https:\\\/\\\/www.youtube.com\\\/user\\\/designweekmexico\",\"https:\\\/\\\/vimeo.com\\\/designweekmexico\",\"https:\\\/\\\/www.linkedin.com\\\/company\\\/designweekmx\\\/\"]},{\"@type\":\"Person\",\"@id\":\"https:\\\/\\\/designweekmexico.com\\\/#\\\/schema\\\/person\\\/ee1da898b14b7d9d29bd0bc66da7ef01\",\"name\":\"Design Week Mexico\",\"image\":{\"@type\":\"ImageObject\",\"inLanguage\":\"en-US\",\"@id\":\"https:\\\/\\\/secure.gravatar.com\\\/avatar\\\/0830bfc50cafacf340fb14966c0f6cc5c88935cded635f38ae2ed050785fd609?s=96&d=mm&r=g\",\"url\":\"https:\\\/\\\/secure.gravatar.com\\\/avatar\\\/0830bfc50cafacf340fb14966c0f6cc5c88935cded635f38ae2ed050785fd609?s=96&d=mm&r=g\",\"contentUrl\":\"https:\\\/\\\/secure.gravatar.com\\\/avatar\\\/0830bfc50cafacf340fb14966c0f6cc5c88935cded635f38ae2ed050785fd609?s=96&d=mm&r=g\",\"caption\":\"Design Week Mexico\"},\"url\":\"https:\\\/\\\/designweekmexico.com\\\/en\\\/author\\\/designweekmexico\\\/\"}]}<\/script>\n<!-- \/ Yoast SEO plugin. -->","yoast_head_json":{"title":"Focus M\u00e9xico 2025 - Design Week Mexico","robots":{"index":"index","follow":"follow","max-snippet":"max-snippet:-1","max-image-preview":"max-image-preview:large","max-video-preview":"max-video-preview:-1"},"canonical":"https:\/\/designweekmexico.com\/en\/estado-invitado\/focus-mexico-2025\/","og_locale":"en_US","og_type":"article","og_title":"Focus M\u00e9xico 2025 - Design Week Mexico","og_description":"A diferencia de ediciones anteriores, donde la invitaci\u00f3n se centraba en un solo estado, este a\u00f1o Design Week M\u00e9xico ampl\u00eda la perspectiva con Focus M\u00e9xico. En el marco del eje tem\u00e1tico \u201cDise\u00f1ado en M\u00e9xico\u201d, la propuesta re\u00fane talleres artesanales y dise\u00f1adores de Yucat\u00e1n, Oaxaca, Estado de M\u00e9xico, Ciudad de M\u00e9xico, Jalisco, Chiapas, Guerrero, Chihuahua, Puebla y Michoac\u00e1n, conformando un panorama plural de procesos, materiales y visiones creativas.","og_url":"https:\/\/designweekmexico.com\/en\/estado-invitado\/focus-mexico-2025\/","og_site_name":"Design Week Mexico","article_publisher":"https:\/\/www.facebook.com\/designweekmex","article_published_time":"2025-08-19T22:25:53+00:00","article_modified_time":"2025-09-04T00:03:10+00:00","og_image":[{"width":2560,"height":1707,"url":"https:\/\/designweekmexico.com\/wp-content\/uploads\/2025\/08\/11A7534-scaled.jpg","type":"image\/jpeg"}],"author":"Design Week Mexico","twitter_card":"summary_large_image","twitter_creator":"@designweekmex","twitter_site":"@designweekmex","twitter_misc":{"Written by":"Design Week Mexico","Est. reading time":"2 minutes"},"schema":{"@context":"https:\/\/schema.org","@graph":[{"@type":"Article","@id":"https:\/\/designweekmexico.com\/estado-invitado\/focus-mexico-2025\/#article","isPartOf":{"@id":"https:\/\/designweekmexico.com\/estado-invitado\/focus-mexico-2025\/"},"author":{"name":"Design Week Mexico","@id":"https:\/\/designweekmexico.com\/#\/schema\/person\/ee1da898b14b7d9d29bd0bc66da7ef01"},"headline":"Focus M\u00e9xico 2025","datePublished":"2025-08-19T22:25:53+00:00","dateModified":"2025-09-04T00:03:10+00:00","mainEntityOfPage":{"@id":"https:\/\/designweekmexico.com\/estado-invitado\/focus-mexico-2025\/"},"wordCount":223,"commentCount":0,"publisher":{"@id":"https:\/\/designweekmexico.com\/#organization"},"image":{"@id":"https:\/\/designweekmexico.com\/estado-invitado\/focus-mexico-2025\/#primaryimage"},"thumbnailUrl":"https:\/\/designweekmexico.com\/wp-content\/uploads\/2025\/08\/11A7534-scaled.jpg","keywords":["2025"],"articleSection":["Estado Invitado"],"inLanguage":"en-US","potentialAction":[{"@type":"CommentAction","name":"Comment","target":["https:\/\/designweekmexico.com\/estado-invitado\/focus-mexico-2025\/#respond"]}]},{"@type":"WebPage","@id":"https:\/\/designweekmexico.com\/estado-invitado\/focus-mexico-2025\/","url":"https:\/\/designweekmexico.com\/estado-invitado\/focus-mexico-2025\/","name":"Focus M\u00e9xico 2025 - Design Week Mexico","isPartOf":{"@id":"https:\/\/designweekmexico.com\/#website"},"primaryImageOfPage":{"@id":"https:\/\/designweekmexico.com\/estado-invitado\/focus-mexico-2025\/#primaryimage"},"image":{"@id":"https:\/\/designweekmexico.com\/estado-invitado\/focus-mexico-2025\/#primaryimage"},"thumbnailUrl":"https:\/\/designweekmexico.com\/wp-content\/uploads\/2025\/08\/11A7534-scaled.jpg","datePublished":"2025-08-19T22:25:53+00:00","dateModified":"2025-09-04T00:03:10+00:00","breadcrumb":{"@id":"https:\/\/designweekmexico.com\/estado-invitado\/focus-mexico-2025\/#breadcrumb"},"inLanguage":"en-US","potentialAction":[{"@type":"ReadAction","target":["https:\/\/designweekmexico.com\/estado-invitado\/focus-mexico-2025\/"]}]},{"@type":"ImageObject","inLanguage":"en-US","@id":"https:\/\/designweekmexico.com\/estado-invitado\/focus-mexico-2025\/#primaryimage","url":"https:\/\/designweekmexico.com\/wp-content\/uploads\/2025\/08\/11A7534-scaled.jpg","contentUrl":"https:\/\/designweekmexico.com\/wp-content\/uploads\/2025\/08\/11A7534-scaled.jpg","width":2560,"height":1707},{"@type":"BreadcrumbList","@id":"https:\/\/designweekmexico.com\/estado-invitado\/focus-mexico-2025\/#breadcrumb","itemListElement":[{"@type":"ListItem","position":1,"name":"Inicio","item":"https:\/\/designweekmexico.com\/"},{"@type":"ListItem","position":2,"name":"Focus M\u00e9xico 2025"}]},{"@type":"WebSite","@id":"https:\/\/designweekmexico.com\/#website","url":"https:\/\/designweekmexico.com\/","name":"Design Week Mexico","description":"Dise\u00f1ando el futuro...","publisher":{"@id":"https:\/\/designweekmexico.com\/#organization"},"potentialAction":[{"@type":"SearchAction","target":{"@type":"EntryPoint","urlTemplate":"https:\/\/designweekmexico.com\/?s={search_term_string}"},"query-input":{"@type":"PropertyValueSpecification","valueRequired":true,"valueName":"search_term_string"}}],"inLanguage":"en-US"},{"@type":"Organization","@id":"https:\/\/designweekmexico.com\/#organization","name":"Design Week Mexico","url":"https:\/\/designweekmexico.com\/","logo":{"@type":"ImageObject","inLanguage":"en-US","@id":"https:\/\/designweekmexico.com\/#\/schema\/logo\/image\/","url":"https:\/\/designweekmexico.com\/wp-content\/uploads\/2026\/04\/Asset-58-70eae4-3141d7.svg","contentUrl":"https:\/\/designweekmexico.com\/wp-content\/uploads\/2026\/04\/Asset-58-70eae4-3141d7.svg","width":1741,"height":103,"caption":"Design Week Mexico"},"image":{"@id":"https:\/\/designweekmexico.com\/#\/schema\/logo\/image\/"},"sameAs":["https:\/\/www.facebook.com\/designweekmex","https:\/\/x.com\/designweekmex","https:\/\/www.instagram.com\/designweekmex\/","https:\/\/www.youtube.com\/user\/designweekmexico","https:\/\/vimeo.com\/designweekmexico","https:\/\/www.linkedin.com\/company\/designweekmx\/"]},{"@type":"Person","@id":"https:\/\/designweekmexico.com\/#\/schema\/person\/ee1da898b14b7d9d29bd0bc66da7ef01","name":"Design Week Mexico","image":{"@type":"ImageObject","inLanguage":"en-US","@id":"https:\/\/secure.gravatar.com\/avatar\/0830bfc50cafacf340fb14966c0f6cc5c88935cded635f38ae2ed050785fd609?s=96&d=mm&r=g","url":"https:\/\/secure.gravatar.com\/avatar\/0830bfc50cafacf340fb14966c0f6cc5c88935cded635f38ae2ed050785fd609?s=96&d=mm&r=g","contentUrl":"https:\/\/secure.gravatar.com\/avatar\/0830bfc50cafacf340fb14966c0f6cc5c88935cded635f38ae2ed050785fd609?s=96&d=mm&r=g","caption":"Design Week Mexico"},"url":"https:\/\/designweekmexico.com\/en\/author\/designweekmexico\/"}]}},"jetpack_featured_media_url":"https:\/\/designweekmexico.com\/wp-content\/uploads\/2025\/08\/11A7534-scaled.jpg","jetpack_sharing_enabled":true,"_links":{"self":[{"href":"https:\/\/designweekmexico.com\/en\/wp-json\/wp\/v2\/posts\/21974","targetHints":{"allow":["GET"]}}],"collection":[{"href":"https:\/\/designweekmexico.com\/en\/wp-json\/wp\/v2\/posts"}],"about":[{"href":"https:\/\/designweekmexico.com\/en\/wp-json\/wp\/v2\/types\/post"}],"author":[{"embeddable":true,"href":"https:\/\/designweekmexico.com\/en\/wp-json\/wp\/v2\/users\/175"}],"replies":[{"embeddable":true,"href":"https:\/\/designweekmexico.com\/en\/wp-json\/wp\/v2\/comments?post=21974"}],"version-history":[{"count":25,"href":"https:\/\/designweekmexico.com\/en\/wp-json\/wp\/v2\/posts\/21974\/revisions"}],"predecessor-version":[{"id":22246,"href":"https:\/\/designweekmexico.com\/en\/wp-json\/wp\/v2\/posts\/21974\/revisions\/22246"}],"wp:featuredmedia":[{"embeddable":true,"href":"https:\/\/designweekmexico.com\/en\/wp-json\/wp\/v2\/media\/21980"}],"wp:attachment":[{"href":"https:\/\/designweekmexico.com\/en\/wp-json\/wp\/v2\/media?parent=21974"}],"wp:term":[{"taxonomy":"category","embeddable":true,"href":"https:\/\/designweekmexico.com\/en\/wp-json\/wp\/v2\/categories?post=21974"},{"taxonomy":"post_tag","embeddable":true,"href":"https:\/\/designweekmexico.com\/en\/wp-json\/wp\/v2\/tags?post=21974"}],"curies":[{"name":"wp","href":"https:\/\/api.w.org\/{rel}","templated":true}]}}