{"id":26783,"date":"2026-03-20T13:38:42","date_gmt":"2026-03-20T19:38:42","guid":{"rendered":"https:\/\/designweekmexico.com\/?p=26783"},"modified":"2026-03-25T12:16:13","modified_gmt":"2026-03-25T18:16:13","slug":"conv-print-2026","status":"publish","type":"post","link":"https:\/\/designweekmexico.com\/en\/convocatorias\/conv-print-2026\/","title":{"rendered":"Convocatoria PRINT 2026"},"content":{"rendered":"<div data-elementor-type=\"wp-post\" data-elementor-id=\"26783\" class=\"elementor elementor-26783\" data-elementor-settings=\"{&quot;ha_cmc_init_switcher&quot;:&quot;no&quot;}\" data-elementor-post-type=\"post\">\n\t\t\t\t\t\t<section class=\"elementor-section elementor-top-section elementor-element elementor-element-47076ca ct-section-stretched elementor-section-full_width elementor-section-height-default elementor-section-height-default\" data-id=\"47076ca\" data-element_type=\"section\" data-settings=\"{&quot;background_background&quot;:&quot;classic&quot;,&quot;_ha_eqh_enable&quot;:false}\">\n\t\t\t\t\t\t\t<div class=\"elementor-background-overlay\"><\/div>\n\t\t\t\t\t\t\t<div class=\"elementor-container elementor-column-gap-default\">\n\t\t\t\t\t<div class=\"elementor-column elementor-col-100 elementor-top-column elementor-element elementor-element-3679595\" data-id=\"3679595\" data-element_type=\"column\">\n\t\t\t<div class=\"elementor-widget-wrap elementor-element-populated\">\n\t\t\t\t\t\t<section class=\"elementor-section elementor-inner-section elementor-element elementor-element-1efe8e9 elementor-section-full_width elementor-section-height-default elementor-section-height-default\" data-id=\"1efe8e9\" data-element_type=\"section\" data-settings=\"{&quot;_ha_eqh_enable&quot;:false}\">\n\t\t\t\t\t\t<div class=\"elementor-container elementor-column-gap-default\">\n\t\t\t\t\t<div class=\"elementor-column elementor-col-50 elementor-inner-column elementor-element elementor-element-6fd8fc6\" data-id=\"6fd8fc6\" data-element_type=\"column\">\n\t\t\t<div class=\"elementor-widget-wrap elementor-element-populated\">\n\t\t\t\t\t\t<div class=\"elementor-element elementor-element-e9f9c4c elementor-widget elementor-widget-heading\" data-id=\"e9f9c4c\" data-element_type=\"widget\" data-widget_type=\"heading.default\">\n\t\t\t\t<div class=\"elementor-widget-container\">\n\t\t\t\t\t<h1 class=\"elementor-heading-title elementor-size-default\">OPEN CALL <br>\nABIERTA<\/h1>\t\t\t\t<\/div>\n\t\t\t\t<\/div>\n\t\t\t\t\t<\/div>\n\t\t<\/div>\n\t\t\t\t<div class=\"elementor-column elementor-col-50 elementor-inner-column elementor-element elementor-element-7d655a0\" data-id=\"7d655a0\" data-element_type=\"column\">\n\t\t\t<div class=\"elementor-widget-wrap elementor-element-populated\">\n\t\t\t\t\t\t<div class=\"elementor-element elementor-element-02988b1 elementor-widget elementor-widget-heading\" data-id=\"02988b1\" data-element_type=\"widget\" data-widget_type=\"heading.default\">\n\t\t\t\t<div class=\"elementor-widget-container\">\n\t\t\t\t\t<h1 class=\"elementor-heading-title elementor-size-default\">OPEN <br>\nCALL<\/h1>\t\t\t\t<\/div>\n\t\t\t\t<\/div>\n\t\t\t\t\t<\/div>\n\t\t<\/div>\n\t\t\t\t\t<\/div>\n\t\t<\/section>\n\t\t\t\t<div class=\"elementor-element elementor-element-2d7c70a elementor-widget elementor-widget-spacer\" data-id=\"2d7c70a\" data-element_type=\"widget\" data-widget_type=\"spacer.default\">\n\t\t\t\t<div class=\"elementor-widget-container\">\n\t\t\t\t\t\t\t<div class=\"elementor-spacer\">\n\t\t\t<div class=\"elementor-spacer-inner\"><\/div>\n\t\t<\/div>\n\t\t\t\t\t\t<\/div>\n\t\t\t\t<\/div>\n\t\t\t\t<section class=\"elementor-section elementor-inner-section elementor-element elementor-element-989f997 elementor-section-full_width elementor-section-height-default elementor-section-height-default\" data-id=\"989f997\" data-element_type=\"section\" data-settings=\"{&quot;_ha_eqh_enable&quot;:false}\">\n\t\t\t\t\t\t<div class=\"elementor-container elementor-column-gap-default\">\n\t\t\t\t\t<div class=\"elementor-column elementor-col-100 elementor-inner-column elementor-element elementor-element-a7a4748\" data-id=\"a7a4748\" data-element_type=\"column\">\n\t\t\t<div class=\"elementor-widget-wrap elementor-element-populated\">\n\t\t\t\t\t\t<div class=\"elementor-element elementor-element-2f2ef04 elementor-widget elementor-widget-heading\" data-id=\"2f2ef04\" data-element_type=\"widget\" data-widget_type=\"heading.default\">\n\t\t\t\t<div class=\"elementor-widget-container\">\n\t\t\t\t\t<h1 class=\"elementor-heading-title elementor-size-default\">PRINT<\/h1>\t\t\t\t<\/div>\n\t\t\t\t<\/div>\n\t\t\t\t\t<\/div>\n\t\t<\/div>\n\t\t\t\t\t<\/div>\n\t\t<\/section>\n\t\t\t\t<section class=\"elementor-section elementor-inner-section elementor-element elementor-element-6ed7e5e elementor-section-full_width elementor-section-height-default elementor-section-height-default\" data-id=\"6ed7e5e\" data-element_type=\"section\" data-settings=\"{&quot;_ha_eqh_enable&quot;:false}\">\n\t\t\t\t\t\t<div class=\"elementor-container elementor-column-gap-default\">\n\t\t\t\t\t<div class=\"elementor-column elementor-col-50 elementor-inner-column elementor-element elementor-element-699ec56\" data-id=\"699ec56\" data-element_type=\"column\">\n\t\t\t<div class=\"elementor-widget-wrap elementor-element-populated\">\n\t\t\t\t\t\t<div class=\"elementor-element elementor-element-34dfbb5 elementor-widget elementor-widget-heading\" data-id=\"34dfbb5\" data-element_type=\"widget\" data-widget_type=\"heading.default\">\n\t\t\t\t<div class=\"elementor-widget-container\">\n\t\t\t\t\t<h2 class=\"elementor-heading-title elementor-size-default\">G.56 HUB CREATIVO (WHITE BOX)<\/h2>\t\t\t\t<\/div>\n\t\t\t\t<\/div>\n\t\t\t\t\t<\/div>\n\t\t<\/div>\n\t\t\t\t<div class=\"elementor-column elementor-col-50 elementor-inner-column elementor-element elementor-element-50f57b0\" data-id=\"50f57b0\" data-element_type=\"column\">\n\t\t\t<div class=\"elementor-widget-wrap elementor-element-populated\">\n\t\t\t\t\t\t<div class=\"elementor-element elementor-element-3b739ec elementor-widget elementor-widget-heading\" data-id=\"3b739ec\" data-element_type=\"widget\" data-widget_type=\"heading.default\">\n\t\t\t\t<div class=\"elementor-widget-container\">\n\t\t\t\t\t<h2 class=\"elementor-heading-title elementor-size-default\">7 OCT \u2013 1 NOV<\/h2>\t\t\t\t<\/div>\n\t\t\t\t<\/div>\n\t\t\t\t\t<\/div>\n\t\t<\/div>\n\t\t\t\t\t<\/div>\n\t\t<\/section>\n\t\t\t\t\t<\/div>\n\t\t<\/div>\n\t\t\t\t\t<\/div>\n\t\t<\/section>\n\t\t\t\t<section class=\"elementor-section elementor-top-section elementor-element elementor-element-40be242 elementor-section-boxed elementor-section-height-default elementor-section-height-default\" data-id=\"40be242\" data-element_type=\"section\" data-settings=\"{&quot;_ha_eqh_enable&quot;:false}\">\n\t\t\t\t\t\t<div class=\"elementor-container elementor-column-gap-default\">\n\t\t\t\t\t<div class=\"elementor-column elementor-col-100 elementor-top-column elementor-element elementor-element-25defa4\" data-id=\"25defa4\" data-element_type=\"column\">\n\t\t\t<div class=\"elementor-widget-wrap elementor-element-populated\">\n\t\t\t\t\t\t<div class=\"elementor-element elementor-element-0e87a53 elementor-widget elementor-widget-heading\" data-id=\"0e87a53\" data-element_type=\"widget\" data-widget_type=\"heading.default\">\n\t\t\t\t<div class=\"elementor-widget-container\">\n\t\t\t\t\t<h1 class=\"elementor-heading-title elementor-size-default\">PRINT 2026<\/h1>\t\t\t\t<\/div>\n\t\t\t\t<\/div>\n\t\t\t\t<div class=\"elementor-element elementor-element-87108ac elementor-widget elementor-widget-text-editor\" data-id=\"87108ac\" data-element_type=\"widget\" data-widget_type=\"text-editor.default\">\n\t\t\t\t<div class=\"elementor-widget-container\">\n\t\t\t\t\t\t\t\t\t<p><b>PRINT<\/b><span style=\"font-weight: 400;\"> regresa en 2026 con su tercera edici\u00f3n como una plataforma para exhibir el talento en dise\u00f1o gr\u00e1fico, ilustraci\u00f3n y medios impresos en el marco de <\/span><b>Design Week M\u00e9xico.<\/b><span style=\"font-weight: 400;\"> En esta edici\u00f3n, buscamos ampliar las categor\u00edas de participaci\u00f3n y garantizar una presentaci\u00f3n de alta calidad mediante especificaciones claras para la entrega de obras. <\/span><b>PRINT 2026<\/b><span style=\"font-weight: 400;\">\u00a0se llevar\u00e1 a cabo nuevamente en el <\/span><b>White Box<\/b><span style=\"font-weight: 400;\"> de <\/span><b>G.56 Hub Creativo<\/b><span style=\"font-weight: 400;\"> durante Design Week M\u00e9xico. Un jurado especializado seleccionar\u00e1 a los participantes y otorgar\u00e1 el <\/span><b>Premio Print<\/b><span style=\"font-weight: 400;\"> de <\/span><b>$20,000 MXN<\/b><span style=\"font-weight: 400;\"> a la pieza m\u00e1s destacada. Adem\u00e1s, se otorgar\u00e1 una menci\u00f3n honor\u00edfica a la pieza m\u00e1s destacada de cada categor\u00eda.<\/span><\/p><p class=\" translation-block\"><span style=\"font-weight: 400\">Participation has a recovery fee of $1,000 MXN, <\/span><b>applicable only if selected.<\/b><\/p>\t\t\t\t\t\t\t\t<\/div>\n\t\t\t\t<\/div>\n\t\t\t\t<div class=\"elementor-element elementor-element-51656c7 elementor-widget elementor-widget-image\" data-id=\"51656c7\" data-element_type=\"widget\" data-widget_type=\"image.default\">\n\t\t\t\t<div class=\"elementor-widget-container\">\n\t\t\t\t\t\t\t\t\t\t\t\t\t\t\t<img fetchpriority=\"high\" decoding=\"async\" data-attachment-id=\"20884\" data-permalink=\"https:\/\/designweekmexico.com\/en\/delbo-foto-feriatrt2025-03\/\" data-orig-file=\"https:\/\/designweekmexico.com\/wp-content\/uploads\/2025\/04\/delbo.foto-FeriaTRT2025-03-scaled.jpeg\" data-orig-size=\"2560,1706\" data-comments-opened=\"1\" data-image-meta=\"{&quot;aperture&quot;:&quot;11&quot;,&quot;credit&quot;:&quot;&quot;,&quot;camera&quot;:&quot;ILCE-6100&quot;,&quot;caption&quot;:&quot;&quot;,&quot;created_timestamp&quot;:&quot;1738944998&quot;,&quot;copyright&quot;:&quot;&quot;,&quot;focal_length&quot;:&quot;15&quot;,&quot;iso&quot;:&quot;4000&quot;,&quot;shutter_speed&quot;:&quot;0.033333333333333&quot;,&quot;title&quot;:&quot;&quot;,&quot;orientation&quot;:&quot;0&quot;}\" data-image-title=\"delbo.foto-FeriaTRT2025-03\" data-image-description=\"\" data-image-caption=\"\" data-medium-file=\"https:\/\/designweekmexico.com\/wp-content\/uploads\/2025\/04\/delbo.foto-FeriaTRT2025-03-300x200.jpeg\" data-large-file=\"https:\/\/designweekmexico.com\/wp-content\/uploads\/2025\/04\/delbo.foto-FeriaTRT2025-03-1024x683.jpeg\" width=\"2560\" height=\"1706\" src=\"https:\/\/designweekmexico.com\/wp-content\/uploads\/2025\/04\/delbo.foto-FeriaTRT2025-03-scaled.jpeg\" class=\"attachment-full size-full wp-image-20884\" alt=\"\" srcset=\"https:\/\/designweekmexico.com\/wp-content\/uploads\/2025\/04\/delbo.foto-FeriaTRT2025-03-scaled.jpeg 2560w, https:\/\/designweekmexico.com\/wp-content\/uploads\/2025\/04\/delbo.foto-FeriaTRT2025-03-300x200.jpeg 300w, https:\/\/designweekmexico.com\/wp-content\/uploads\/2025\/04\/delbo.foto-FeriaTRT2025-03-1024x683.jpeg 1024w, https:\/\/designweekmexico.com\/wp-content\/uploads\/2025\/04\/delbo.foto-FeriaTRT2025-03-768x512.jpeg 768w, https:\/\/designweekmexico.com\/wp-content\/uploads\/2025\/04\/delbo.foto-FeriaTRT2025-03-1536x1024.jpeg 1536w, https:\/\/designweekmexico.com\/wp-content\/uploads\/2025\/04\/delbo.foto-FeriaTRT2025-03-2048x1365.jpeg 2048w, https:\/\/designweekmexico.com\/wp-content\/uploads\/2025\/04\/delbo.foto-FeriaTRT2025-03-18x12.jpeg 18w, https:\/\/designweekmexico.com\/wp-content\/uploads\/2025\/04\/delbo.foto-FeriaTRT2025-03-600x400.jpeg 600w, https:\/\/designweekmexico.com\/wp-content\/uploads\/2025\/04\/delbo.foto-FeriaTRT2025-03-1920x1280.jpeg 1920w\" sizes=\"(max-width: 2560px) 100vw, 2560px\" \/>\t\t\t\t\t\t\t\t\t\t\t\t\t\t\t<\/div>\n\t\t\t\t<\/div>\n\t\t\t\t<div class=\"elementor-element elementor-element-1a59289 elementor-widget elementor-widget-text-editor\" data-id=\"1a59289\" data-element_type=\"widget\" data-widget_type=\"text-editor.default\">\n\t\t\t\t<div class=\"elementor-widget-container\">\n\t\t\t\t\t\t\t\t\t<p>PRINT 2024 en Feria Territorio en Espacio CDMX. Semana del arte CDMX 2025. Foto: <span style=\"text-decoration: underline;\"><a href=\"https:\/\/www.instagram.com\/delbo.foto\/\">Cynthia del<\/a><a href=\"https:\/\/www.instagram.com\/delbo.foto\/\"> Bosque<\/a><\/span> (@delbo.foto).<\/p>\t\t\t\t\t\t\t\t<\/div>\n\t\t\t\t<\/div>\n\t\t\t\t\t<\/div>\n\t\t<\/div>\n\t\t\t\t\t<\/div>\n\t\t<\/section>\n\t\t\t\t<section class=\"elementor-section elementor-top-section elementor-element elementor-element-7cf9688 elementor-section-boxed elementor-section-height-default elementor-section-height-default\" data-id=\"7cf9688\" data-element_type=\"section\" data-settings=\"{&quot;background_background&quot;:&quot;classic&quot;,&quot;_ha_eqh_enable&quot;:false}\">\n\t\t\t\t\t\t<div class=\"elementor-container elementor-column-gap-default\">\n\t\t\t\t\t<div class=\"elementor-column elementor-col-100 elementor-top-column elementor-element elementor-element-4e6a9da\" data-id=\"4e6a9da\" data-element_type=\"column\">\n\t\t\t<div class=\"elementor-widget-wrap elementor-element-populated\">\n\t\t\t\t\t\t<div class=\"elementor-element elementor-element-570df4a elementor-widget elementor-widget-text-editor\" data-id=\"570df4a\" data-element_type=\"widget\" data-widget_type=\"text-editor.default\">\n\t\t\t\t<div class=\"elementor-widget-container\">\n\t\t\t\t\t\t\t\t\t<p class=\" translation-block\"><b>Note:<\/b><span style=\"font-weight: 400\"> Participants must guarantee that their works are original and do not infringe the copyright or intellectual property rights of third parties. They also grant Design Week M\u00e9xico the right to display the works for promotional purposes, before and during the exhibition. Design Week M\u00e9xico may disqualify any work that does not meet these requirements.<\/span><\/p>\t\t\t\t\t\t\t\t<\/div>\n\t\t\t\t<\/div>\n\t\t\t\t\t<\/div>\n\t\t<\/div>\n\t\t\t\t\t<\/div>\n\t\t<\/section>\n\t\t\t\t<section class=\"elementor-section elementor-top-section elementor-element elementor-element-72b7f4b elementor-section-boxed elementor-section-height-default elementor-section-height-default\" data-id=\"72b7f4b\" data-element_type=\"section\" data-settings=\"{&quot;_ha_eqh_enable&quot;:false}\">\n\t\t\t\t\t\t<div class=\"elementor-container elementor-column-gap-default\">\n\t\t\t\t\t<div class=\"elementor-column elementor-col-100 elementor-top-column elementor-element elementor-element-38087b6\" data-id=\"38087b6\" data-element_type=\"column\">\n\t\t\t<div class=\"elementor-widget-wrap elementor-element-populated\">\n\t\t\t\t\t\t<div class=\"elementor-element elementor-element-744da9a elementor-widget-divider--view-line elementor-widget elementor-widget-divider\" data-id=\"744da9a\" data-element_type=\"widget\" data-widget_type=\"divider.default\">\n\t\t\t\t<div class=\"elementor-widget-container\">\n\t\t\t\t\t\t\t<div class=\"elementor-divider\">\n\t\t\t<span class=\"elementor-divider-separator\">\n\t\t\t\t\t\t<\/span>\n\t\t<\/div>\n\t\t\t\t\t\t<\/div>\n\t\t\t\t<\/div>\n\t\t\t\t<div class=\"elementor-element elementor-element-28bea22 elementor-widget elementor-widget-heading\" data-id=\"28bea22\" data-element_type=\"widget\" data-widget_type=\"heading.default\">\n\t\t\t\t<div class=\"elementor-widget-container\">\n\t\t\t\t\t<h1 class=\"elementor-heading-title elementor-size-default\">TEM\u00c1TICA: DISE\u00d1ADO EN M\u00c9XICO<\/h1>\t\t\t\t<\/div>\n\t\t\t\t<\/div>\n\t\t\t\t<div class=\"elementor-element elementor-element-1f8a48f elementor-widget elementor-widget-text-editor\" data-id=\"1f8a48f\" data-element_type=\"widget\" data-widget_type=\"text-editor.default\">\n\t\t\t\t<div class=\"elementor-widget-container\">\n\t\t\t\t\t\t\t\t\t<p><span style=\"font-weight: 400;\">Esta edici\u00f3n de <\/span><b>PRINT 2026<\/b><span style=\"font-weight: 400;\"> continuamos con la tem\u00e1tica <\/span><b>&#8220;Dise\u00f1ado en M\u00e9xico&#8221;,<\/b><span style=\"font-weight: 400;\"> con el objetivo de consolidar a M\u00e9xico como un pa\u00eds de dise\u00f1o de alta calidad reconocido a nivel internacional. Buscamos obras que reflejen el talento, la creatividad y la innovaci\u00f3n del dise\u00f1o gr\u00e1fico y la ilustraci\u00f3n en M\u00e9xico, proyect\u00e1ndolo m\u00e1s all\u00e1 de nuestras fronteras.<\/span><\/p>\t\t\t\t\t\t\t\t<\/div>\n\t\t\t\t<\/div>\n\t\t\t\t<div class=\"elementor-element elementor-element-4ae80ed elementor-widget elementor-widget-gallery\" data-id=\"4ae80ed\" data-element_type=\"widget\" data-settings=\"{&quot;gallery_layout&quot;:&quot;masonry&quot;,&quot;columns&quot;:3,&quot;gap&quot;:{&quot;unit&quot;:&quot;px&quot;,&quot;size&quot;:15,&quot;sizes&quot;:[]},&quot;columns_tablet&quot;:3,&quot;columns_mobile&quot;:3,&quot;lazyload&quot;:&quot;yes&quot;,&quot;gap_tablet&quot;:{&quot;unit&quot;:&quot;px&quot;,&quot;size&quot;:10,&quot;sizes&quot;:[]},&quot;gap_mobile&quot;:{&quot;unit&quot;:&quot;px&quot;,&quot;size&quot;:10,&quot;sizes&quot;:[]},&quot;overlay_background&quot;:&quot;yes&quot;,&quot;content_hover_animation&quot;:&quot;fade-in&quot;}\" data-widget_type=\"gallery.default\">\n\t\t\t\t<div class=\"elementor-widget-container\">\n\t\t\t\t\t\t\t<div class=\"elementor-gallery__container\">\n\t\t\t\t\t\t\t<div class=\"e-gallery-item elementor-gallery-item elementor-animated-content\">\n\t\t\t\t\t<div class=\"e-gallery-image elementor-gallery-item__image\" data-thumbnail=\"https:\/\/designweekmexico.com\/wp-content\/uploads\/2025\/04\/KOSKATOL_R-V1.jpg\" data-width=\"1080\" data-height=\"1350\" aria-label=\"\" role=\"img\" ><\/div>\n\t\t\t\t\t\t\t\t\t\t\t<div class=\"elementor-gallery-item__overlay\"><\/div>\n\t\t\t\t\t\t\t\t\t\t\t\t\t\t<\/div>\n\t\t\t\t\t\t\t<div class=\"e-gallery-item elementor-gallery-item elementor-animated-content\">\n\t\t\t\t\t<div class=\"e-gallery-image elementor-gallery-item__image\" data-thumbnail=\"https:\/\/designweekmexico.com\/wp-content\/uploads\/2025\/04\/KOSKATL_G-V1.jpg\" data-width=\"1080\" data-height=\"1350\" aria-label=\"\" role=\"img\" ><\/div>\n\t\t\t\t\t\t\t\t\t\t\t<div class=\"elementor-gallery-item__overlay\"><\/div>\n\t\t\t\t\t\t\t\t\t\t\t\t\t\t<\/div>\n\t\t\t\t\t\t\t<div class=\"e-gallery-item elementor-gallery-item elementor-animated-content\">\n\t\t\t\t\t<div class=\"e-gallery-image elementor-gallery-item__image\" data-thumbnail=\"https:\/\/designweekmexico.com\/wp-content\/uploads\/2025\/04\/KOSKATL_B-V1.jpg\" data-width=\"1080\" data-height=\"1350\" aria-label=\"\" role=\"img\" ><\/div>\n\t\t\t\t\t\t\t\t\t\t\t<div class=\"elementor-gallery-item__overlay\"><\/div>\n\t\t\t\t\t\t\t\t\t\t\t\t\t\t<\/div>\n\t\t\t\t\t<\/div>\n\t\t\t\t\t<\/div>\n\t\t\t\t<\/div>\n\t\t\t\t<div class=\"elementor-element elementor-element-b1d85f0 elementor-widget elementor-widget-text-editor\" data-id=\"b1d85f0\" data-element_type=\"widget\" data-widget_type=\"text-editor.default\">\n\t\t\t\t<div class=\"elementor-widget-container\">\n\t\t\t\t\t\t\t\t\t<p><strong>Koskatl_R V1, <\/strong><span style=\"text-decoration: underline;\"><a href=\"https:\/\/www.instagram.com\/dos_viento\/\">Ome Ehekatl 2023.<\/a><\/span> <strong>Koskatl_G V1, <\/strong><span style=\"text-decoration: underline;\"><a href=\"https:\/\/www.instagram.com\/dos_viento\/\">Ome Ehekatl 2023. <\/a><\/span><strong>Koskatl_B V1, <\/strong><span style=\"text-decoration: underline;\"><a href=\"https:\/\/www.instagram.com\/dos_viento\/\">Ome Ehekatl 2023.<\/a><\/span><span data-sheets-root=\"1\">\u00a0PRINT 2024 Participant.<\/span><\/p>\t\t\t\t\t\t\t\t<\/div>\n\t\t\t\t<\/div>\n\t\t\t\t<div class=\"elementor-element elementor-element-031a6dc elementor-widget elementor-widget-text-editor\" data-id=\"031a6dc\" data-element_type=\"widget\" data-widget_type=\"text-editor.default\">\n\t\t\t\t<div class=\"elementor-widget-container\">\n\t\t\t\t\t\t\t\t\t<p><strong>Se valorar\u00e1n propuestas que exploren:<\/strong><\/p><ul><li style=\"font-weight: 400;\" aria-level=\"1\"><span style=\"font-weight: 400;\">El impacto del dise\u00f1o mexicano en el panorama global.<\/span><\/li><li style=\"font-weight: 400;\" aria-level=\"1\"><span style=\"font-weight: 400;\">La reinterpretaci\u00f3n de s\u00edmbolos, materiales y procesos desde una mirada contempor\u00e1nea.<\/span><\/li><li style=\"font-weight: 400;\" aria-level=\"1\"><span style=\"font-weight: 400;\">C\u00f3mo el dise\u00f1o gr\u00e1fico y la ilustraci\u00f3n generan identidad, di\u00e1logos y conexiones con el mundo.<\/span><\/li><\/ul><p><b>Nota:<\/b><span style=\"font-weight: 400;\"> La participaci\u00f3n tiene una cuota de recuperaci\u00f3n de <\/span><b>$1,000 MXN<\/b><span style=\"font-weight: 400;\">, aplicable \u00fanicamente si tu obra es seleccionada para la muestra f\u00edsica.<\/span><\/p>\t\t\t\t\t\t\t\t<\/div>\n\t\t\t\t<\/div>\n\t\t\t\t<div class=\"elementor-element elementor-element-7b2169a elementor-widget-divider--view-line elementor-widget elementor-widget-divider\" data-id=\"7b2169a\" data-element_type=\"widget\" data-widget_type=\"divider.default\">\n\t\t\t\t<div class=\"elementor-widget-container\">\n\t\t\t\t\t\t\t<div class=\"elementor-divider\">\n\t\t\t<span class=\"elementor-divider-separator\">\n\t\t\t\t\t\t<\/span>\n\t\t<\/div>\n\t\t\t\t\t\t<\/div>\n\t\t\t\t<\/div>\n\t\t\t\t\t<\/div>\n\t\t<\/div>\n\t\t\t\t\t<\/div>\n\t\t<\/section>\n\t\t\t\t<section class=\"elementor-section elementor-top-section elementor-element elementor-element-67bca95 elementor-section-boxed elementor-section-height-default elementor-section-height-default\" data-id=\"67bca95\" data-element_type=\"section\" data-settings=\"{&quot;_ha_eqh_enable&quot;:false}\">\n\t\t\t\t\t\t<div class=\"elementor-container elementor-column-gap-default\">\n\t\t\t\t\t<div class=\"elementor-column elementor-col-100 elementor-top-column elementor-element elementor-element-1077362\" data-id=\"1077362\" data-element_type=\"column\">\n\t\t\t<div class=\"elementor-widget-wrap elementor-element-populated\">\n\t\t\t\t\t\t<div class=\"elementor-element elementor-element-289bbf0 elementor-widget elementor-widget-heading\" data-id=\"289bbf0\" data-element_type=\"widget\" data-widget_type=\"heading.default\">\n\t\t\t\t<div class=\"elementor-widget-container\">\n\t\t\t\t\t<h1 class=\"elementor-heading-title elementor-size-default\">\u00bfQUI\u00c9NES PUEDEN PARTICIPAR?<\/h1>\t\t\t\t<\/div>\n\t\t\t\t<\/div>\n\t\t\t\t<div class=\"elementor-element elementor-element-5bcf239 elementor-widget elementor-widget-text-editor\" data-id=\"5bcf239\" data-element_type=\"widget\" data-widget_type=\"text-editor.default\">\n\t\t\t\t<div class=\"elementor-widget-container\">\n\t\t\t\t\t\t\t\t\t<p class=\" translation-block\"><b>Graphic designers, illustrators, typographers and visual content creators,<\/b><span style=\"font-weight: 400\"> both national and international, interested in exhibiting their work in a curated space within <\/span><b>Design Week Mexico 2025.<\/b><\/p>\t\t\t\t\t\t\t\t<\/div>\n\t\t\t\t<\/div>\n\t\t\t\t<div class=\"elementor-element elementor-element-1f150db elementor-widget elementor-widget-gallery\" data-id=\"1f150db\" data-element_type=\"widget\" data-settings=\"{&quot;gallery_layout&quot;:&quot;masonry&quot;,&quot;columns&quot;:2,&quot;gap&quot;:{&quot;unit&quot;:&quot;px&quot;,&quot;size&quot;:15,&quot;sizes&quot;:[]},&quot;columns_tablet&quot;:2,&quot;columns_mobile&quot;:1,&quot;gap_tablet&quot;:{&quot;unit&quot;:&quot;px&quot;,&quot;size&quot;:10,&quot;sizes&quot;:[]},&quot;gap_mobile&quot;:{&quot;unit&quot;:&quot;px&quot;,&quot;size&quot;:10,&quot;sizes&quot;:[]},&quot;overlay_background&quot;:&quot;yes&quot;,&quot;content_hover_animation&quot;:&quot;fade-in&quot;}\" data-widget_type=\"gallery.default\">\n\t\t\t\t<div class=\"elementor-widget-container\">\n\t\t\t\t\t\t\t<div class=\"elementor-gallery__container\">\n\t\t\t\t\t\t\t<div class=\"e-gallery-item elementor-gallery-item elementor-animated-content\">\n\t\t\t\t\t<div class=\"e-gallery-image elementor-gallery-item__image\" data-thumbnail=\"https:\/\/designweekmexico.com\/wp-content\/uploads\/2025\/04\/ORMA-AHW-WEB-22-1-scaled.jpg\" data-width=\"2560\" data-height=\"1440\" aria-label=\"\" role=\"img\" ><\/div>\n\t\t\t\t\t\t\t\t\t\t\t<div class=\"elementor-gallery-item__overlay\"><\/div>\n\t\t\t\t\t\t\t\t\t\t\t\t\t\t<\/div>\n\t\t\t\t\t\t\t<div class=\"e-gallery-item elementor-gallery-item elementor-animated-content\">\n\t\t\t\t\t<div class=\"e-gallery-image elementor-gallery-item__image\" data-thumbnail=\"https:\/\/designweekmexico.com\/wp-content\/uploads\/2025\/04\/ORMA-AHW-WEB-25-scaled.jpg\" data-width=\"2560\" data-height=\"1440\" aria-label=\"\" role=\"img\" ><\/div>\n\t\t\t\t\t\t\t\t\t\t\t<div class=\"elementor-gallery-item__overlay\"><\/div>\n\t\t\t\t\t\t\t\t\t\t\t\t\t\t<\/div>\n\t\t\t\t\t<\/div>\n\t\t\t\t\t<\/div>\n\t\t\t\t<\/div>\n\t\t\t\t<div class=\"elementor-element elementor-element-92711e6 elementor-widget elementor-widget-image\" data-id=\"92711e6\" data-element_type=\"widget\" data-widget_type=\"image.default\">\n\t\t\t\t<div class=\"elementor-widget-container\">\n\t\t\t\t\t\t\t\t\t\t\t\t\t\t\t<img decoding=\"async\" data-attachment-id=\"20899\" data-permalink=\"https:\/\/designweekmexico.com\/en\/convocatorias-2025\/convocatoria-print-2025\/attachment\/orma-ahw-web-1-1\/\" data-orig-file=\"https:\/\/designweekmexico.com\/wp-content\/uploads\/2025\/04\/ORMA-AHW-WEB-1-1-scaled.jpg\" data-orig-size=\"2560,1708\" data-comments-opened=\"1\" data-image-meta=\"{&quot;aperture&quot;:&quot;0&quot;,&quot;credit&quot;:&quot;&quot;,&quot;camera&quot;:&quot;&quot;,&quot;caption&quot;:&quot;&quot;,&quot;created_timestamp&quot;:&quot;0&quot;,&quot;copyright&quot;:&quot;&quot;,&quot;focal_length&quot;:&quot;0&quot;,&quot;iso&quot;:&quot;0&quot;,&quot;shutter_speed&quot;:&quot;0&quot;,&quot;title&quot;:&quot;&quot;,&quot;orientation&quot;:&quot;0&quot;}\" data-image-title=\"ORMA-AHW-WEB-1 (1)\" data-image-description=\"\" data-image-caption=\"\" data-medium-file=\"https:\/\/designweekmexico.com\/wp-content\/uploads\/2025\/04\/ORMA-AHW-WEB-1-1-300x200.jpg\" data-large-file=\"https:\/\/designweekmexico.com\/wp-content\/uploads\/2025\/04\/ORMA-AHW-WEB-1-1-1024x683.jpg\" width=\"2560\" height=\"1708\" src=\"https:\/\/designweekmexico.com\/wp-content\/uploads\/2025\/04\/ORMA-AHW-WEB-1-1-scaled.jpg\" class=\"attachment-full size-full wp-image-20899\" alt=\"\" srcset=\"https:\/\/designweekmexico.com\/wp-content\/uploads\/2025\/04\/ORMA-AHW-WEB-1-1-scaled.jpg 2560w, https:\/\/designweekmexico.com\/wp-content\/uploads\/2025\/04\/ORMA-AHW-WEB-1-1-300x200.jpg 300w, https:\/\/designweekmexico.com\/wp-content\/uploads\/2025\/04\/ORMA-AHW-WEB-1-1-1024x683.jpg 1024w, https:\/\/designweekmexico.com\/wp-content\/uploads\/2025\/04\/ORMA-AHW-WEB-1-1-768x512.jpg 768w, https:\/\/designweekmexico.com\/wp-content\/uploads\/2025\/04\/ORMA-AHW-WEB-1-1-1536x1025.jpg 1536w, https:\/\/designweekmexico.com\/wp-content\/uploads\/2025\/04\/ORMA-AHW-WEB-1-1-2048x1366.jpg 2048w, https:\/\/designweekmexico.com\/wp-content\/uploads\/2025\/04\/ORMA-AHW-WEB-1-1-18x12.jpg 18w, https:\/\/designweekmexico.com\/wp-content\/uploads\/2025\/04\/ORMA-AHW-WEB-1-1-600x400.jpg 600w, https:\/\/designweekmexico.com\/wp-content\/uploads\/2025\/04\/ORMA-AHW-WEB-1-1-1920x1281.jpg 1920w\" sizes=\"(max-width: 2560px) 100vw, 2560px\" \/>\t\t\t\t\t\t\t\t\t\t\t\t\t\t\t<\/div>\n\t\t\t\t<\/div>\n\t\t\t\t<div class=\"elementor-element elementor-element-f80038e elementor-widget elementor-widget-text-editor\" data-id=\"f80038e\" data-element_type=\"widget\" data-widget_type=\"text-editor.default\">\n\t\t\t\t<div class=\"elementor-widget-container\">\n\t\t\t\t\t\t\t\t\t<p><strong>AH Forma.<\/strong> Dise\u00f1o: <span style=\"text-decoration: underline;\"><a href=\"https:\/\/www.andreshigueros.com\/\">Andr\u00e9s Higueros.<\/a><\/span> <strong>Orma Chair.<\/strong> Dise\u00f1o: <span style=\"text-decoration: underline;\"><a href=\"https:\/\/www.andreshigueros.com\/\">Andr\u00e9s Higueros<\/a><\/span> in collaboration with <span style=\"text-decoration: underline;\"><a href=\"https:\/\/www.rodrigo-mendez.com\/\">(ro)drigo m\u00e9ndez s.<\/a><\/span> Photo: <span style=\"text-decoration: underline;\"><a href=\"https:\/\/www.instagram.com\/betopintomora\/\">Alberto Pinto Mora.<\/a><\/span> 3D Renders: <span style=\"text-decoration: underline;\"><a href=\"https:\/\/www.instagram.com\/adrianamoram\/\">Electra.<\/a><\/span> Special Guest <span style=\"text-decoration: underline;\"><a href=\"https:\/\/designweekmexico.com\/programa\/print-2024\/\/\">PRINT 2024.<\/a><\/span><\/p>\t\t\t\t\t\t\t\t<\/div>\n\t\t\t\t<\/div>\n\t\t\t\t\t<\/div>\n\t\t<\/div>\n\t\t\t\t\t<\/div>\n\t\t<\/section>\n\t\t\t\t<section class=\"elementor-section elementor-top-section elementor-element elementor-element-b720123 elementor-section-boxed elementor-section-height-default elementor-section-height-default\" data-id=\"b720123\" data-element_type=\"section\" data-settings=\"{&quot;_ha_eqh_enable&quot;:false}\">\n\t\t\t\t\t\t<div class=\"elementor-container elementor-column-gap-default\">\n\t\t\t\t\t<div class=\"elementor-column elementor-col-100 elementor-top-column elementor-element elementor-element-d27d066\" data-id=\"d27d066\" data-element_type=\"column\">\n\t\t\t<div class=\"elementor-widget-wrap elementor-element-populated\">\n\t\t\t\t\t\t<div class=\"elementor-element elementor-element-e76475a elementor-widget elementor-widget-heading\" data-id=\"e76475a\" data-element_type=\"widget\" data-widget_type=\"heading.default\">\n\t\t\t\t<div class=\"elementor-widget-container\">\n\t\t\t\t\t<h2 class=\"elementor-heading-title elementor-size-default\">CATEGOR\u00cdAS DE PARTICIPACI\u00d3N<\/h2>\t\t\t\t<\/div>\n\t\t\t\t<\/div>\n\t\t\t\t<section class=\"elementor-section elementor-inner-section elementor-element elementor-element-c9bf0f6 elementor-section-boxed elementor-section-height-default elementor-section-height-default\" data-id=\"c9bf0f6\" data-element_type=\"section\" data-settings=\"{&quot;_ha_eqh_enable&quot;:false}\">\n\t\t\t\t\t\t<div class=\"elementor-container elementor-column-gap-default\">\n\t\t\t\t\t<div class=\"elementor-column elementor-col-50 elementor-inner-column elementor-element elementor-element-7424c52\" data-id=\"7424c52\" data-element_type=\"column\">\n\t\t\t<div class=\"elementor-widget-wrap elementor-element-populated\">\n\t\t\t\t\t\t<div class=\"elementor-element elementor-element-ee56aca elementor-widget elementor-widget-text-editor\" data-id=\"ee56aca\" data-element_type=\"widget\" data-widget_type=\"text-editor.default\">\n\t\t\t\t<div class=\"elementor-widget-container\">\n\t\t\t\t\t\t\t\t\t<ul><li style=\"font-weight: 400;\" aria-level=\"1\" class=\" translation-block\"><b>Editorial Design<\/b><span style=\"font-weight: 400\">: Printed publications that stand out for their design and content, such as books, magazines, fanzines, or catalogs. The submission format for this category is more flexible. Participants can submit just a spread within the specified dimensions or the complete work, tailored to the physical presentation that will be given at the exhibition.<\/span><\/li><li style=\"font-weight: 400;\" aria-level=\"1\"><b>Dise\u00f1o Editorial<\/b><span style=\"font-weight: 400;\">: Publicaciones impresas que destaquen por su dise\u00f1o y contenido, tales como libros, revistas, fanzines o cat\u00e1logos. El formato de entrega para esta categor\u00eda es m\u00e1s flexible. Los participantes pueden presentar solo un spread dentro de las dimensiones especificadas o bien el trabajo completo, adaptado a la presentaci\u00f3n f\u00edsica que se har\u00e1 en la exposici\u00f3n.<\/span><\/li><li style=\"font-weight: 400;\" aria-level=\"1\" class=\" translation-block\"><b>Typography<\/b><span style=\"font-weight: 400\">: Typographic designs presented in print formats, such as font specimens, typographic posters, or projects that highlight creativity in the use of type.<\/span><\/li><li style=\"font-weight: 400;\" aria-level=\"1\" class=\" translation-block\"><b>Augmented Reality and Interaction<\/b><span style=\"font-weight: 400\">: Works that integrate interactive or augmented reality elements, combining print with digital experiences. For example, pieces that, when scanned with mobile devices, trigger additional content.<\/span><\/li><li style=\"font-weight: 400;\" aria-level=\"1\"><b>Motion Graphics y Animaci\u00f3n<\/b><span style=\"font-weight: 400;\"><span style=\"font-weight: 400;\">: Proyectos de animaci\u00f3n o gr\u00e1ficos en movimiento que incluyan una representaci\u00f3n impresa complementaria, como secuencias de fotogramas, storyboards o p\u00f3sters que reflejen el proceso creativo.<\/span><\/span><\/li><li style=\"font-weight: 400;\" aria-level=\"1\" class=\" translation-block\"><span style=\"font-weight: 400\"><b>Photography<\/b>: Photographic works, both individual and collages, in which photography is an essential element. We are looking for pieces that explore creativity, composition, and the use of photography in its relationship with other visual elements.<\/li><\/ul>\t\t\t\t\t\t\t\t<\/div>\n\t\t\t\t<\/div>\n\t\t\t\t\t<\/div>\n\t\t<\/div>\n\t\t\t\t<div class=\"elementor-column elementor-col-50 elementor-inner-column elementor-element elementor-element-1642d74\" data-id=\"1642d74\" data-element_type=\"column\">\n\t\t\t<div class=\"elementor-widget-wrap elementor-element-populated\">\n\t\t\t\t\t\t<div class=\"elementor-element elementor-element-45c5ebe elementor-widget elementor-widget-gallery\" data-id=\"45c5ebe\" data-element_type=\"widget\" data-settings=\"{&quot;gallery_layout&quot;:&quot;justified&quot;,&quot;ideal_row_height&quot;:{&quot;unit&quot;:&quot;px&quot;,&quot;size&quot;:400,&quot;sizes&quot;:[]},&quot;gap&quot;:{&quot;unit&quot;:&quot;px&quot;,&quot;size&quot;:15,&quot;sizes&quot;:[]},&quot;ideal_row_height_tablet&quot;:{&quot;unit&quot;:&quot;px&quot;,&quot;size&quot;:150,&quot;sizes&quot;:[]},&quot;ideal_row_height_mobile&quot;:{&quot;unit&quot;:&quot;px&quot;,&quot;size&quot;:150,&quot;sizes&quot;:[]},&quot;gap_tablet&quot;:{&quot;unit&quot;:&quot;px&quot;,&quot;size&quot;:10,&quot;sizes&quot;:[]},&quot;gap_mobile&quot;:{&quot;unit&quot;:&quot;px&quot;,&quot;size&quot;:10,&quot;sizes&quot;:[]},&quot;overlay_background&quot;:&quot;yes&quot;,&quot;content_hover_animation&quot;:&quot;fade-in&quot;}\" data-widget_type=\"gallery.default\">\n\t\t\t\t<div class=\"elementor-widget-container\">\n\t\t\t\t\t\t\t<div class=\"elementor-gallery__container\">\n\t\t\t\t\t\t\t<div class=\"e-gallery-item elementor-gallery-item elementor-animated-content\">\n\t\t\t\t\t<div class=\"e-gallery-image elementor-gallery-item__image\" data-thumbnail=\"https:\/\/designweekmexico.com\/wp-content\/uploads\/2025\/04\/ABLOOM_3-Luis-Carlos-Rodriguez-Aguayo.png\" data-width=\"2000\" data-height=\"3000\" aria-label=\"\" role=\"img\" ><\/div>\n\t\t\t\t\t\t\t\t\t\t\t<div class=\"elementor-gallery-item__overlay\"><\/div>\n\t\t\t\t\t\t\t\t\t\t\t\t\t\t<\/div>\n\t\t\t\t\t\t\t<div class=\"e-gallery-item elementor-gallery-item elementor-animated-content\">\n\t\t\t\t\t<div class=\"e-gallery-image elementor-gallery-item__image\" data-thumbnail=\"https:\/\/designweekmexico.com\/wp-content\/uploads\/2025\/04\/Reflejo.png\" data-width=\"1476\" data-height=\"1125\" aria-label=\"\" role=\"img\" ><\/div>\n\t\t\t\t\t\t\t\t\t\t\t<div class=\"elementor-gallery-item__overlay\"><\/div>\n\t\t\t\t\t\t\t\t\t\t\t\t\t\t<\/div>\n\t\t\t\t\t\t\t<div class=\"e-gallery-item elementor-gallery-item elementor-animated-content\">\n\t\t\t\t\t<div class=\"e-gallery-image elementor-gallery-item__image\" data-thumbnail=\"https:\/\/designweekmexico.com\/wp-content\/uploads\/2025\/04\/YHassan_PayphoneGreenhouse.png\" data-width=\"1713\" data-height=\"2173\" aria-label=\"\" role=\"img\" ><\/div>\n\t\t\t\t\t\t\t\t\t\t\t<div class=\"elementor-gallery-item__overlay\"><\/div>\n\t\t\t\t\t\t\t\t\t\t\t\t\t\t<\/div>\n\t\t\t\t\t\t\t<div class=\"e-gallery-item elementor-gallery-item elementor-animated-content\">\n\t\t\t\t\t<div class=\"e-gallery-image elementor-gallery-item__image\" data-thumbnail=\"https:\/\/designweekmexico.com\/wp-content\/uploads\/2025\/04\/DWMJavierArjona.png\" data-width=\"720\" data-height=\"1080\" aria-label=\"\" role=\"img\" ><\/div>\n\t\t\t\t\t\t\t\t\t\t\t<div class=\"elementor-gallery-item__overlay\"><\/div>\n\t\t\t\t\t\t\t\t\t\t\t\t\t\t<\/div>\n\t\t\t\t\t\t\t<div class=\"e-gallery-item elementor-gallery-item elementor-animated-content\">\n\t\t\t\t\t<div class=\"e-gallery-image elementor-gallery-item__image\" data-thumbnail=\"https:\/\/designweekmexico.com\/wp-content\/uploads\/2025\/04\/SOLO-CODIGO-ARDE-VILLANO-24-luis-fernando-perez-scaled.jpg\" data-width=\"2560\" data-height=\"1707\" aria-label=\"\" role=\"img\" ><\/div>\n\t\t\t\t\t\t\t\t\t\t\t<div class=\"elementor-gallery-item__overlay\"><\/div>\n\t\t\t\t\t\t\t\t\t\t\t\t\t\t<\/div>\n\t\t\t\t\t<\/div>\n\t\t\t\t\t<\/div>\n\t\t\t\t<\/div>\n\t\t\t\t<div class=\"elementor-element elementor-element-0fa2774 elementor-widget elementor-widget-text-editor\" data-id=\"0fa2774\" data-element_type=\"widget\" data-widget_type=\"text-editor.default\">\n\t\t\t\t<div class=\"elementor-widget-container\">\n\t\t\t\t\t\t\t\t\t<p><strong><span data-sheets-root=\"1\">Abloom,<\/span><\/strong>\u00a0<span style=\"text-decoration: underline;\"><a href=\"https:\/\/shirobeta.com\/\">Shiro Beta.<\/a><\/span> <strong>Reflejo,<\/strong> <span style=\"text-decoration: underline;\"><a href=\"https:\/\/www.instagram.com\/bellabomdoll\">Marcelo Cant\u00fa.<\/a><\/span> <strong>Payphone Greenhouse, <\/strong><span style=\"text-decoration: underline;\"><a href=\"https:\/\/www.ysmnhssn.com\/\">Yasmine Hassan.<\/a><\/span> <span data-sheets-root=\"1\"><strong>Mapa mental 01,<\/strong> <span style=\"text-decoration: underline;\"><a href=\"https:\/\/www.rabiaweb.com\/\">Javier Arjona.<\/a><\/span> <strong>SOLO C\u00d3DIGO,<\/strong> <span style=\"text-decoration: underline;\"><a href=\"https:\/\/www.behance.net\/luisfeperez2\">Arde Villano.<\/a><\/span> Participants <span style=\"text-decoration: underline;\"><a href=\"https:\/\/designweekmexico.com\/programa\/print-2024\/\">PRINT 2024.<\/a><\/span><\/span><\/p>\t\t\t\t\t\t\t\t<\/div>\n\t\t\t\t<\/div>\n\t\t\t\t\t<\/div>\n\t\t<\/div>\n\t\t\t\t\t<\/div>\n\t\t<\/section>\n\t\t\t\t<div class=\"elementor-element elementor-element-bd879c2 elementor-widget elementor-widget-gallery\" data-id=\"bd879c2\" data-element_type=\"widget\" data-settings=\"{&quot;gallery_layout&quot;:&quot;masonry&quot;,&quot;columns&quot;:3,&quot;gap&quot;:{&quot;unit&quot;:&quot;px&quot;,&quot;size&quot;:15,&quot;sizes&quot;:[]},&quot;columns_tablet&quot;:3,&quot;columns_mobile&quot;:3,&quot;gap_tablet&quot;:{&quot;unit&quot;:&quot;px&quot;,&quot;size&quot;:10,&quot;sizes&quot;:[]},&quot;gap_mobile&quot;:{&quot;unit&quot;:&quot;px&quot;,&quot;size&quot;:10,&quot;sizes&quot;:[]},&quot;overlay_background&quot;:&quot;yes&quot;,&quot;content_hover_animation&quot;:&quot;fade-in&quot;}\" data-widget_type=\"gallery.default\">\n\t\t\t\t<div class=\"elementor-widget-container\">\n\t\t\t\t\t\t\t<div class=\"elementor-gallery__container\">\n\t\t\t\t\t\t\t<div class=\"e-gallery-item elementor-gallery-item elementor-animated-content\">\n\t\t\t\t\t<div class=\"e-gallery-image elementor-gallery-item__image\" data-thumbnail=\"https:\/\/designweekmexico.com\/wp-content\/uploads\/2025\/04\/348478575_1395848894532804_460717079582018982_n.jpg\" data-width=\"1440\" data-height=\"1719\" aria-label=\"\" role=\"img\" ><\/div>\n\t\t\t\t\t\t\t\t\t\t\t<div class=\"elementor-gallery-item__overlay\"><\/div>\n\t\t\t\t\t\t\t\t\t\t\t\t\t\t<\/div>\n\t\t\t\t\t\t\t<div class=\"e-gallery-item elementor-gallery-item elementor-animated-content\">\n\t\t\t\t\t<div class=\"e-gallery-image elementor-gallery-item__image\" data-thumbnail=\"https:\/\/designweekmexico.com\/wp-content\/uploads\/2025\/04\/348649280_3495297910728806_4006055725018681530_n.jpg\" data-width=\"1440\" data-height=\"1719\" aria-label=\"\" role=\"img\" ><\/div>\n\t\t\t\t\t\t\t\t\t\t\t<div class=\"elementor-gallery-item__overlay\"><\/div>\n\t\t\t\t\t\t\t\t\t\t\t\t\t\t<\/div>\n\t\t\t\t\t\t\t<div class=\"e-gallery-item elementor-gallery-item elementor-animated-content\">\n\t\t\t\t\t<div class=\"e-gallery-image elementor-gallery-item__image\" data-thumbnail=\"https:\/\/designweekmexico.com\/wp-content\/uploads\/2025\/04\/349054303_914863962936073_3377685118009491511_n.jpg\" data-width=\"1440\" data-height=\"1721\" aria-label=\"\" role=\"img\" ><\/div>\n\t\t\t\t\t\t\t\t\t\t\t<div class=\"elementor-gallery-item__overlay\"><\/div>\n\t\t\t\t\t\t\t\t\t\t\t\t\t\t<\/div>\n\t\t\t\t\t<\/div>\n\t\t\t\t\t<\/div>\n\t\t\t\t<\/div>\n\t\t\t\t<div class=\"elementor-element elementor-element-026148a elementor-widget elementor-widget-text-editor\" data-id=\"026148a\" data-element_type=\"widget\" data-widget_type=\"text-editor.default\">\n\t\t\t\t<div class=\"elementor-widget-container\">\n\t\t\t\t\t\t\t\t\t<p><strong>\u201cBaraja\u201d &#8211; Primera Edici\u00f3n<\/strong><b>, <\/b>Arte: <span style=\"text-decoration: underline;\"><a href=\"https:\/\/www.instagram.com\/findelmundo.studio\/\">Fin del Mundo<\/a><a href=\"https:\/\/www.instagram.com\/findelmundo.studio\/\"> Studio. <\/a><\/span>(@findelmundo.studio) Fotograf\u00eda: <span style=\"text-decoration: underline;\"><a href=\"https:\/\/www.instagram.com\/k.vv.n\/\">Kevin V\u00e1squez<\/a><\/span> (@k.vv.n). Special Guest PRINT 2024.<\/p>\t\t\t\t\t\t\t\t<\/div>\n\t\t\t\t<\/div>\n\t\t\t\t\t<\/div>\n\t\t<\/div>\n\t\t\t\t\t<\/div>\n\t\t<\/section>\n\t\t\t\t<section class=\"elementor-section elementor-top-section elementor-element elementor-element-77a67c4 elementor-section-boxed elementor-section-height-default elementor-section-height-default\" data-id=\"77a67c4\" data-element_type=\"section\" data-settings=\"{&quot;_ha_eqh_enable&quot;:false}\">\n\t\t\t\t\t\t<div class=\"elementor-container elementor-column-gap-default\">\n\t\t\t\t\t<div class=\"elementor-column elementor-col-100 elementor-top-column elementor-element elementor-element-946e4ef\" data-id=\"946e4ef\" data-element_type=\"column\">\n\t\t\t<div class=\"elementor-widget-wrap elementor-element-populated\">\n\t\t\t\t\t\t<div class=\"elementor-element elementor-element-8b2a131 elementor-widget-divider--view-line elementor-widget elementor-widget-divider\" data-id=\"8b2a131\" data-element_type=\"widget\" data-widget_type=\"divider.default\">\n\t\t\t\t<div class=\"elementor-widget-container\">\n\t\t\t\t\t\t\t<div class=\"elementor-divider\">\n\t\t\t<span class=\"elementor-divider-separator\">\n\t\t\t\t\t\t<\/span>\n\t\t<\/div>\n\t\t\t\t\t\t<\/div>\n\t\t\t\t<\/div>\n\t\t\t\t<div class=\"elementor-element elementor-element-d51e8db elementor-widget elementor-widget-heading\" data-id=\"d51e8db\" data-element_type=\"widget\" data-widget_type=\"heading.default\">\n\t\t\t\t<div class=\"elementor-widget-container\">\n\t\t\t\t\t<h1 class=\"elementor-heading-title elementor-size-default\">HOW TO PARTICIPATE<\/h1>\t\t\t\t<\/div>\n\t\t\t\t<\/div>\n\t\t\t\t<section class=\"elementor-section elementor-inner-section elementor-element elementor-element-f06a7a6 elementor-section-boxed elementor-section-height-default elementor-section-height-default\" data-id=\"f06a7a6\" data-element_type=\"section\" data-settings=\"{&quot;_ha_eqh_enable&quot;:false}\">\n\t\t\t\t\t\t<div class=\"elementor-container elementor-column-gap-default\">\n\t\t\t\t\t<div class=\"elementor-column elementor-col-50 elementor-inner-column elementor-element elementor-element-340e13c\" data-id=\"340e13c\" data-element_type=\"column\">\n\t\t\t<div class=\"elementor-widget-wrap elementor-element-populated\">\n\t\t\t\t\t\t<div class=\"elementor-element elementor-element-e3febfb elementor-widget elementor-widget-text-editor\" data-id=\"e3febfb\" data-element_type=\"widget\" data-widget_type=\"text-editor.default\">\n\t\t\t\t<div class=\"elementor-widget-container\">\n\t\t\t\t\t\t\t\t\t<ol><li style=\"font-weight: 400;\" aria-level=\"1\" class=\" translation-block\"><b>Registration<\/b><span style=\"font-weight: 400\">: Complete the registration form available <span style=\"text-decoration: underline\"><a href=\"https:\/\/forms.gle\/UThD1pR9gvjvz68X6\" target=\"_self\">here.<\/a><\/span> The recovery fee only applies if you are selected.<\/span><\/li><li style=\"font-weight: 400;\" aria-level=\"1\" class=\" translation-block\"><b>Proposal Submission<\/b><span style=\"font-weight: 400\">: Attach images or renderings of the proposed work along with a brief description that includes details about the technique, materials, and concept of the piece.<\/span><\/li><li style=\"font-weight: 400;\" aria-level=\"1\" class=\" translation-block\"><b>Selection of participants<\/b><span style=\"font-weight: 400\"><span style=\"font-weight: 400\">: A specialized jury will review the proposals and select those that will be part of the exhibition.<\/span><\/span><\/li><li style=\"font-weight: 400;\" aria-level=\"1\" class=\" translation-block\"><span style=\"font-weight: 400\"><b>Delivery of printed work<\/b>: Selected participants must deliver their printed piece following the specifications mentioned, within the indicated period.<\/span><\/li><\/ol>\t\t\t\t\t\t\t\t<\/div>\n\t\t\t\t<\/div>\n\t\t\t\t<div class=\"elementor-element elementor-element-dcdabf5 elementor-widget elementor-widget-button\" data-id=\"dcdabf5\" data-element_type=\"widget\" data-widget_type=\"button.default\">\n\t\t\t\t<div class=\"elementor-widget-container\">\n\t\t\t\t\t\t\t\t\t<div class=\"elementor-button-wrapper\">\n\t\t\t\t\t<a class=\"elementor-button elementor-button-link elementor-size-lg\" href=\"https:\/\/forms.gle\/AxdqMpccwLAFuCkV7\" target=\"_blank\">\n\t\t\t\t\t\t<span class=\"elementor-button-content-wrapper\">\n\t\t\t\t\t\t\t\t\t<span class=\"elementor-button-text\">Register Now<\/span>\n\t\t\t\t\t<\/span>\n\t\t\t\t\t<\/a>\n\t\t\t\t<\/div>\n\t\t\t\t\t\t\t\t<\/div>\n\t\t\t\t<\/div>\n\t\t\t\t\t<\/div>\n\t\t<\/div>\n\t\t\t\t<div class=\"elementor-column elementor-col-50 elementor-inner-column elementor-element elementor-element-79c7b30\" data-id=\"79c7b30\" data-element_type=\"column\">\n\t\t\t<div class=\"elementor-widget-wrap elementor-element-populated\">\n\t\t\t\t\t\t<div class=\"elementor-element elementor-element-81312a5 elementor-widget elementor-widget-image\" data-id=\"81312a5\" data-element_type=\"widget\" data-widget_type=\"image.default\">\n\t\t\t\t<div class=\"elementor-widget-container\">\n\t\t\t\t\t\t\t\t\t\t\t\t\t\t\t<img decoding=\"async\" data-attachment-id=\"20887\" data-permalink=\"https:\/\/designweekmexico.com\/en\/convocatorias-2025\/convocatoria-print-2025\/attachment\/a-donde-se-fue-el-alma-imprimir\/\" data-orig-file=\"https:\/\/designweekmexico.com\/wp-content\/uploads\/2025\/04\/A-donde-se-fue-el-ALMA-imprimir-.png\" data-orig-size=\"720,1080\" data-comments-opened=\"1\" data-image-meta=\"{&quot;aperture&quot;:&quot;0&quot;,&quot;credit&quot;:&quot;&quot;,&quot;camera&quot;:&quot;&quot;,&quot;caption&quot;:&quot;&quot;,&quot;created_timestamp&quot;:&quot;0&quot;,&quot;copyright&quot;:&quot;&quot;,&quot;focal_length&quot;:&quot;0&quot;,&quot;iso&quot;:&quot;0&quot;,&quot;shutter_speed&quot;:&quot;0&quot;,&quot;title&quot;:&quot;&quot;,&quot;orientation&quot;:&quot;0&quot;}\" data-image-title=\"A donde se fue el ALMA imprimir\" data-image-description=\"\" data-image-caption=\"\" data-medium-file=\"https:\/\/designweekmexico.com\/wp-content\/uploads\/2025\/04\/A-donde-se-fue-el-ALMA-imprimir--200x300.png\" data-large-file=\"https:\/\/designweekmexico.com\/wp-content\/uploads\/2025\/04\/A-donde-se-fue-el-ALMA-imprimir--683x1024.png\" width=\"683\" height=\"1024\" src=\"https:\/\/designweekmexico.com\/wp-content\/uploads\/2025\/04\/A-donde-se-fue-el-ALMA-imprimir--683x1024.png\" class=\"attachment-large size-large wp-image-20887\" alt=\"\" srcset=\"https:\/\/designweekmexico.com\/wp-content\/uploads\/2025\/04\/A-donde-se-fue-el-ALMA-imprimir--683x1024.png 683w, https:\/\/designweekmexico.com\/wp-content\/uploads\/2025\/04\/A-donde-se-fue-el-ALMA-imprimir--200x300.png 200w, https:\/\/designweekmexico.com\/wp-content\/uploads\/2025\/04\/A-donde-se-fue-el-ALMA-imprimir--8x12.png 8w, https:\/\/designweekmexico.com\/wp-content\/uploads\/2025\/04\/A-donde-se-fue-el-ALMA-imprimir--400x600.png 400w, https:\/\/designweekmexico.com\/wp-content\/uploads\/2025\/04\/A-donde-se-fue-el-ALMA-imprimir-.png 720w\" sizes=\"(max-width: 683px) 100vw, 683px\" \/>\t\t\t\t\t\t\t\t\t\t\t\t\t\t\t<\/div>\n\t\t\t\t<\/div>\n\t\t\t\t<div class=\"elementor-element elementor-element-48da497 elementor-widget elementor-widget-text-editor\" data-id=\"48da497\" data-element_type=\"widget\" data-widget_type=\"text-editor.default\">\n\t\t\t\t<div class=\"elementor-widget-container\">\n\t\t\t\t\t\t\t\t\t<p><strong><span data-sheets-root=\"1\">A donde se fue el ALMA<\/span>, <\/strong><span style=\"text-decoration: underline;\"><a href=\"https:\/\/www.instagram.com\/a.starboy1999\">Jos\u00e9 Mauricio.<\/a><\/span> Prize Winner <span style=\"text-decoration: underline;\"><a href=\"https:\/\/designweekmexico.com\/programa\/print-2024\/\/\">Print 2024.<\/a><\/span><\/p>\t\t\t\t\t\t\t\t<\/div>\n\t\t\t\t<\/div>\n\t\t\t\t\t<\/div>\n\t\t<\/div>\n\t\t\t\t\t<\/div>\n\t\t<\/section>\n\t\t\t\t\t<\/div>\n\t\t<\/div>\n\t\t\t\t\t<\/div>\n\t\t<\/section>\n\t\t\t\t<section class=\"elementor-section elementor-top-section elementor-element elementor-element-0d9d646 elementor-section-boxed elementor-section-height-default elementor-section-height-default\" data-id=\"0d9d646\" data-element_type=\"section\" data-settings=\"{&quot;_ha_eqh_enable&quot;:false}\">\n\t\t\t\t\t\t<div class=\"elementor-container elementor-column-gap-default\">\n\t\t\t\t\t<div class=\"elementor-column elementor-col-100 elementor-top-column elementor-element elementor-element-bc2ff63\" data-id=\"bc2ff63\" data-element_type=\"column\">\n\t\t\t<div class=\"elementor-widget-wrap elementor-element-populated\">\n\t\t\t\t\t\t<div class=\"elementor-element elementor-element-998fdd1 elementor-widget-divider--view-line elementor-widget elementor-widget-divider\" data-id=\"998fdd1\" data-element_type=\"widget\" data-widget_type=\"divider.default\">\n\t\t\t\t<div class=\"elementor-widget-container\">\n\t\t\t\t\t\t\t<div class=\"elementor-divider\">\n\t\t\t<span class=\"elementor-divider-separator\">\n\t\t\t\t\t\t<\/span>\n\t\t<\/div>\n\t\t\t\t\t\t<\/div>\n\t\t\t\t<\/div>\n\t\t\t\t<div class=\"elementor-element elementor-element-0cd34d1 elementor-widget elementor-widget-heading\" data-id=\"0cd34d1\" data-element_type=\"widget\" data-widget_type=\"heading.default\">\n\t\t\t\t<div class=\"elementor-widget-container\">\n\t\t\t\t\t<h1 class=\"elementor-heading-title elementor-size-default\">ENMARCADO Y PRESENTACI\u00d3N<\/h1>\t\t\t\t<\/div>\n\t\t\t\t<\/div>\n\t\t\t\t<div class=\"elementor-element elementor-element-6528c48 elementor-widget elementor-widget-text-editor\" data-id=\"6528c48\" data-element_type=\"widget\" data-widget_type=\"text-editor.default\">\n\t\t\t\t<div class=\"elementor-widget-container\">\n\t\t\t\t\t\t\t\t\t<p><span style=\"font-weight: 400;\">Las piezas ser\u00e1n presentadas utilizando formatos est\u00e1ndar determinados por Design Week M\u00e9xico, con el objetivo de garantizar una presentaci\u00f3n uniforme y facilitar el montaje.<\/span><\/p><p><span style=\"font-weight: 400;\">Esto tambi\u00e9n facilitar\u00e1 la evaluaci\u00f3n de las piezas para la selecci\u00f3n de <\/span><b>menciones honor\u00edficas<\/b><span style=\"font-weight: 400;\"> and the <\/span><b>Premio Print 2026.<\/b><span style=\"font-weight: 400;\"> Al finalizar la exposici\u00f3n, las obras impresas ser\u00e1n devueltas a los participantes.<\/span><\/p>\t\t\t\t\t\t\t\t<\/div>\n\t\t\t\t<\/div>\n\t\t\t\t<div class=\"elementor-element elementor-element-f7f2c02 elementor-widget elementor-widget-image\" data-id=\"f7f2c02\" data-element_type=\"widget\" data-widget_type=\"image.default\">\n\t\t\t\t<div class=\"elementor-widget-container\">\n\t\t\t\t\t\t\t\t\t\t\t\t\t\t\t<img loading=\"lazy\" decoding=\"async\" data-attachment-id=\"20903\" data-permalink=\"https:\/\/designweekmexico.com\/en\/convocatorias-2025\/convocatoria-print-2025\/attachment\/enmarcado-print-2025\/\" data-orig-file=\"https:\/\/designweekmexico.com\/wp-content\/uploads\/2025\/04\/enmarcado-print-2025.png\" data-orig-size=\"4624,2494\" data-comments-opened=\"1\" data-image-meta=\"{&quot;aperture&quot;:&quot;0&quot;,&quot;credit&quot;:&quot;&quot;,&quot;camera&quot;:&quot;&quot;,&quot;caption&quot;:&quot;&quot;,&quot;created_timestamp&quot;:&quot;0&quot;,&quot;copyright&quot;:&quot;&quot;,&quot;focal_length&quot;:&quot;0&quot;,&quot;iso&quot;:&quot;0&quot;,&quot;shutter_speed&quot;:&quot;0&quot;,&quot;title&quot;:&quot;&quot;,&quot;orientation&quot;:&quot;0&quot;}\" data-image-title=\"enmarcado print 2025\" data-image-description=\"\" data-image-caption=\"\" data-medium-file=\"https:\/\/designweekmexico.com\/wp-content\/uploads\/2025\/04\/enmarcado-print-2025-300x162.png\" data-large-file=\"https:\/\/designweekmexico.com\/wp-content\/uploads\/2025\/04\/enmarcado-print-2025-1024x552.png\" width=\"4624\" height=\"2494\" src=\"https:\/\/designweekmexico.com\/wp-content\/uploads\/2025\/04\/enmarcado-print-2025.png\" class=\"attachment-full size-full wp-image-20903\" alt=\"\" srcset=\"https:\/\/designweekmexico.com\/wp-content\/uploads\/2025\/04\/enmarcado-print-2025.png 4624w, https:\/\/designweekmexico.com\/wp-content\/uploads\/2025\/04\/enmarcado-print-2025-300x162.png 300w, https:\/\/designweekmexico.com\/wp-content\/uploads\/2025\/04\/enmarcado-print-2025-1024x552.png 1024w, https:\/\/designweekmexico.com\/wp-content\/uploads\/2025\/04\/enmarcado-print-2025-768x414.png 768w, https:\/\/designweekmexico.com\/wp-content\/uploads\/2025\/04\/enmarcado-print-2025-1536x828.png 1536w, https:\/\/designweekmexico.com\/wp-content\/uploads\/2025\/04\/enmarcado-print-2025-2048x1105.png 2048w, https:\/\/designweekmexico.com\/wp-content\/uploads\/2025\/04\/enmarcado-print-2025-18x10.png 18w, https:\/\/designweekmexico.com\/wp-content\/uploads\/2025\/04\/enmarcado-print-2025-600x324.png 600w, https:\/\/designweekmexico.com\/wp-content\/uploads\/2025\/04\/enmarcado-print-2025-1920x1036.png 1920w\" sizes=\"(max-width: 4624px) 100vw, 4624px\" \/>\t\t\t\t\t\t\t\t\t\t\t\t\t\t\t<\/div>\n\t\t\t\t<\/div>\n\t\t\t\t<div class=\"elementor-element elementor-element-a630cfd elementor-widget elementor-widget-text-editor\" data-id=\"a630cfd\" data-element_type=\"widget\" data-widget_type=\"text-editor.default\">\n\t\t\t\t<div class=\"elementor-widget-container\">\n\t\t\t\t\t\t\t\t\t<p><strong>Koskatl_G V1, <\/strong><span style=\"text-decoration: underline;\"><a href=\"https:\/\/www.instagram.com\/dos_viento\/\">Ome Ehekatl 2023.<\/a><\/span> <span data-sheets-root=\"1\"><strong>Accesorio de Itzpapalotl,<\/strong> <span style=\"text-decoration: underline;\"><a href=\"https:\/\/www.instagram.com\/paaru_pinku\">Ileana Moreno.<\/a><\/span> <strong>Tlaokoya In,<\/strong> <span style=\"text-decoration: underline;\"><a href=\"https:\/\/www.instagram.com\/dos_viento\/\">Ome Ehekatl 2023.<\/a><\/span> PRINT 2024 Participants.<\/span><\/p>\t\t\t\t\t\t\t\t<\/div>\n\t\t\t\t<\/div>\n\t\t\t\t<div class=\"elementor-element elementor-element-5488c12 elementor-widget-divider--view-line elementor-widget elementor-widget-divider\" data-id=\"5488c12\" data-element_type=\"widget\" data-widget_type=\"divider.default\">\n\t\t\t\t<div class=\"elementor-widget-container\">\n\t\t\t\t\t\t\t<div class=\"elementor-divider\">\n\t\t\t<span class=\"elementor-divider-separator\">\n\t\t\t\t\t\t<\/span>\n\t\t<\/div>\n\t\t\t\t\t\t<\/div>\n\t\t\t\t<\/div>\n\t\t\t\t<div class=\"elementor-element elementor-element-421c0fa elementor-widget elementor-widget-heading\" data-id=\"421c0fa\" data-element_type=\"widget\" data-widget_type=\"heading.default\">\n\t\t\t\t<div class=\"elementor-widget-container\">\n\t\t\t\t\t<h1 class=\"elementor-heading-title elementor-size-default\">PRINTS SPECIFICATIONS <\/h1>\t\t\t\t<\/div>\n\t\t\t\t<\/div>\n\t\t\t\t<div class=\"elementor-element elementor-element-aeba517 elementor-widget elementor-widget-text-editor\" data-id=\"aeba517\" data-element_type=\"widget\" data-widget_type=\"text-editor.default\">\n\t\t\t\t<div class=\"elementor-widget-container\">\n\t\t\t\t\t\t\t\t\t<p><span style=\"font-weight: 400;\">Para asegurar una presentaci\u00f3n uniforme y de alta calidad, todas las piezas deben entregarse ya impresas bajo las siguientes especificaciones <\/span><b>solo si eres seleccionado para la exposici\u00f3n en octubre 2025<\/b><span style=\"font-weight: 400;\">:<\/span><\/p>\t\t\t\t\t\t\t\t<\/div>\n\t\t\t\t<\/div>\n\t\t\t\t<div class=\"elementor-element elementor-element-bc2a0c9 elementor-widget elementor-widget-heading\" data-id=\"bc2a0c9\" data-element_type=\"widget\" data-widget_type=\"heading.default\">\n\t\t\t\t<div class=\"elementor-widget-container\">\n\t\t\t\t\t<h2 class=\"elementor-heading-title elementor-size-default\">Tama\u00f1os<\/h2>\t\t\t\t<\/div>\n\t\t\t\t<\/div>\n\t\t\t\t<div class=\"elementor-element elementor-element-2163a4e elementor-widget elementor-widget-text-editor\" data-id=\"2163a4e\" data-element_type=\"widget\" data-widget_type=\"text-editor.default\">\n\t\t\t\t<div class=\"elementor-widget-container\">\n\t\t\t\t\t\t\t\t\t<ul><li style=\"font-weight: 400;\" aria-level=\"1\" class=\" translation-block\"><b>3:2 (Vertical or horizontal):<\/b><span style=\"font-weight: 400\"><br><\/span><span style=\"font-weight: 400\">91x61cm (Full Canvas)<\/span><span style=\"font-weight: 400\"><br><\/span><span style=\"font-weight: 400\">70x50cm (Will be mounted with passe-partout)<\/span><span style=\"font-weight: 400\"><br><br><\/span><\/li><li style=\"font-weight: 400;\" aria-level=\"1\" class=\" translation-block\"><b>1:1 (Square):<\/b><span style=\"font-weight: 400\"><br><\/span><span style=\"font-weight: 400\">50x50cm (Will be assembled with passe-partout)<br><\/span><span style=\"font-weight: 400\"><br><\/span><\/li><li style=\"font-weight: 400;\" aria-level=\"1\" class=\" translation-block\"><span style=\"font-weight: 400\">You can suggest a different size as long as it fits within the 91x61cm canvas. It will be mounted with passe-partout. <b>Free formats may be considered at the discretion of the museum team.<\/b><\/span><\/li><\/ul>\t\t\t\t\t\t\t\t<\/div>\n\t\t\t\t<\/div>\n\t\t\t\t<div class=\"elementor-element elementor-element-af9b28e elementor-widget elementor-widget-heading\" data-id=\"af9b28e\" data-element_type=\"widget\" data-widget_type=\"heading.default\">\n\t\t\t\t<div class=\"elementor-widget-container\">\n\t\t\t\t\t<h2 class=\"elementor-heading-title elementor-size-default\">Paper<\/h2>\t\t\t\t<\/div>\n\t\t\t\t<\/div>\n\t\t\t\t<div class=\"elementor-element elementor-element-2a620dc elementor-widget elementor-widget-text-editor\" data-id=\"2a620dc\" data-element_type=\"widget\" data-widget_type=\"text-editor.default\">\n\t\t\t\t<div class=\"elementor-widget-container\">\n\t\t\t\t\t\t\t\t\t<p><span style=\"font-weight: 400;\">Recommended options:<\/span><\/p><ul><li style=\"font-weight: 400;\" aria-level=\"1\"><span style=\"font-weight: 400;\">Natural fiber paper<\/span><\/li><li style=\"font-weight: 400;\" aria-level=\"1\"><span style=\"font-weight: 400;\">Papel fotogr\u00e1fico<\/span><\/li><li style=\"font-weight: 400;\" aria-level=\"1\"><span style=\"font-weight: 400;\">Textured paper<\/span><\/li><\/ul>\t\t\t\t\t\t\t\t<\/div>\n\t\t\t\t<\/div>\n\t\t\t\t<div class=\"elementor-element elementor-element-dcad3d4 elementor-widget elementor-widget-heading\" data-id=\"dcad3d4\" data-element_type=\"widget\" data-widget_type=\"heading.default\">\n\t\t\t\t<div class=\"elementor-widget-container\">\n\t\t\t\t\t<h2 class=\"elementor-heading-title elementor-size-default\">M\u00e9todos de impresi\u00f3n sugeridos<\/h2>\t\t\t\t<\/div>\n\t\t\t\t<\/div>\n\t\t\t\t<div class=\"elementor-element elementor-element-6296aea elementor-widget elementor-widget-text-editor\" data-id=\"6296aea\" data-element_type=\"widget\" data-widget_type=\"text-editor.default\">\n\t\t\t\t<div class=\"elementor-widget-container\">\n\t\t\t\t\t\t\t\t\t<p class=\" translation-block\"><b>Risography:<\/b><span style=\"font-weight: 400\"> Allows for creative and unique results. This printing system has size limitations; please contact us for assembly details.<\/span><\/p><p><b>Risograf\u00eda:<\/b><span style=\"font-weight: 400;\"> Permite resultados creativos y \u00fanicos. Este sistema de impresi\u00f3n presenta limitaciones de tama\u00f1o, puedes consultarnos para resolver el montaje.<\/span><\/p><p class=\" translation-block\"><b>Collage or mixed printing<\/b><span style=\"font-weight: 400\">: The combination of printing techniques can be accepted to generate hybrid pieces that play with different textures and materials.<\/span><\/p><p><b>Collage o impresi\u00f3n mixta<\/b><span style=\"font-weight: 400;\">: Se puede aceptar la combinaci\u00f3n de t\u00e9cnicas de impresi\u00f3n para generar piezas h\u00edbridas que jueguen con texturas y materiales distintos.<\/span><\/p>\t\t\t\t\t\t\t\t<\/div>\n\t\t\t\t<\/div>\n\t\t\t\t<div class=\"elementor-element elementor-element-f04af52 elementor-widget elementor-widget-heading\" data-id=\"f04af52\" data-element_type=\"widget\" data-widget_type=\"heading.default\">\n\t\t\t\t<div class=\"elementor-widget-container\">\n\t\t\t\t\t<h2 class=\"elementor-heading-title elementor-size-default\">File formats for recording the piece<\/h2>\t\t\t\t<\/div>\n\t\t\t\t<\/div>\n\t\t\t\t<div class=\"elementor-element elementor-element-dcd9eda elementor-widget elementor-widget-text-editor\" data-id=\"dcd9eda\" data-element_type=\"widget\" data-widget_type=\"text-editor.default\">\n\t\t\t\t<div class=\"elementor-widget-container\">\n\t\t\t\t\t\t\t\t\t<p class=\" translation-block\"><b style=\"font-family: inherit;font-size: inherit;font-style: inherit\">Images:<\/b><span style=\"font-family: inherit;font-size: inherit;font-style: inherit\"> PNG, JPG, PDF (72-150 ppi, maximum 5MB)<\/span><\/p><p class=\" translation-block\"><b>Videos\/ Motion Graphics:<\/b><span style=\"font-weight: 400\"> GIF, MP4 (maximum 10MB)<\/span><\/p><p class=\" translation-block\"><b>Augmented Reality:<\/b><span style=\"font-weight: 400\"> Include clear viewing instructions. These instructions must allow the piece to be evaluated by Design Week Mexico to determine if it is selected.<\/span><\/p>\t\t\t\t\t\t\t\t<\/div>\n\t\t\t\t<\/div>\n\t\t\t\t\t<\/div>\n\t\t<\/div>\n\t\t\t\t\t<\/div>\n\t\t<\/section>\n\t\t\t\t<section class=\"elementor-section elementor-top-section elementor-element elementor-element-8309688 elementor-section-boxed elementor-section-height-default elementor-section-height-default\" data-id=\"8309688\" data-element_type=\"section\" data-settings=\"{&quot;background_background&quot;:&quot;classic&quot;,&quot;_ha_eqh_enable&quot;:false}\">\n\t\t\t\t\t\t<div class=\"elementor-container elementor-column-gap-default\">\n\t\t\t\t\t<div class=\"elementor-column elementor-col-100 elementor-top-column elementor-element elementor-element-a22c0a0\" data-id=\"a22c0a0\" data-element_type=\"column\">\n\t\t\t<div class=\"elementor-widget-wrap elementor-element-populated\">\n\t\t\t\t\t\t<div class=\"elementor-element elementor-element-db40448 elementor-widget elementor-widget-text-editor\" data-id=\"db40448\" data-element_type=\"widget\" data-widget_type=\"text-editor.default\">\n\t\t\t\t<div class=\"elementor-widget-container\">\n\t\t\t\t\t\t\t\t\t<p class=\" translation-block\"><b>Note:<\/b><span style=\"font-weight: 400\">Each participant is responsible for printing their artwork and must ensure that it meets the specifications mentioned above to maintain the consistency and quality of the exhibition. If you have any questions, please contact us.<\/span><\/p>\t\t\t\t\t\t\t\t<\/div>\n\t\t\t\t<\/div>\n\t\t\t\t\t<\/div>\n\t\t<\/div>\n\t\t\t\t\t<\/div>\n\t\t<\/section>\n\t\t\t\t<section class=\"elementor-section elementor-top-section elementor-element elementor-element-2c91631 elementor-section-boxed elementor-section-height-default elementor-section-height-default\" data-id=\"2c91631\" data-element_type=\"section\" data-settings=\"{&quot;_ha_eqh_enable&quot;:false}\">\n\t\t\t\t\t\t<div class=\"elementor-container elementor-column-gap-default\">\n\t\t\t\t\t<div class=\"elementor-column elementor-col-100 elementor-top-column elementor-element elementor-element-40ed0b8\" data-id=\"40ed0b8\" data-element_type=\"column\">\n\t\t\t<div class=\"elementor-widget-wrap elementor-element-populated\">\n\t\t\t\t\t\t<div class=\"elementor-element elementor-element-db21157 elementor-widget-divider--view-line elementor-widget elementor-widget-divider\" data-id=\"db21157\" data-element_type=\"widget\" data-widget_type=\"divider.default\">\n\t\t\t\t<div class=\"elementor-widget-container\">\n\t\t\t\t\t\t\t<div class=\"elementor-divider\">\n\t\t\t<span class=\"elementor-divider-separator\">\n\t\t\t\t\t\t<\/span>\n\t\t<\/div>\n\t\t\t\t\t\t<\/div>\n\t\t\t\t<\/div>\n\t\t\t\t<div class=\"elementor-element elementor-element-fcc597c elementor-widget elementor-widget-heading\" data-id=\"fcc597c\" data-element_type=\"widget\" data-widget_type=\"heading.default\">\n\t\t\t\t<div class=\"elementor-widget-container\">\n\t\t\t\t\t<h1 class=\"elementor-heading-title elementor-size-default\">BENEFITS<\/h1>\t\t\t\t<\/div>\n\t\t\t\t<\/div>\n\t\t\t\t<section class=\"elementor-section elementor-inner-section elementor-element elementor-element-12afa42 elementor-section-boxed elementor-section-height-default elementor-section-height-default\" data-id=\"12afa42\" data-element_type=\"section\" data-settings=\"{&quot;_ha_eqh_enable&quot;:false}\">\n\t\t\t\t\t\t<div class=\"elementor-container elementor-column-gap-default\">\n\t\t\t\t\t<div class=\"elementor-column elementor-col-50 elementor-inner-column elementor-element elementor-element-e935fe1\" data-id=\"e935fe1\" data-element_type=\"column\">\n\t\t\t<div class=\"elementor-widget-wrap elementor-element-populated\">\n\t\t\t\t\t\t<div class=\"elementor-element elementor-element-5cd636d elementor-widget elementor-widget-text-editor\" data-id=\"5cd636d\" data-element_type=\"widget\" data-widget_type=\"text-editor.default\">\n\t\t\t\t<div class=\"elementor-widget-container\">\n\t\t\t\t\t\t\t\t\t<ul><li style=\"font-weight: 400;\" aria-level=\"1\" class=\" translation-block\"><b>Featured Exhibition<\/b><span style=\"font-weight: 400\">: Selected pieces will be exhibited during <\/span><b>Design Week M\u00e9xico 2025<\/b><span style=\"font-weight: 400\">, an internationally recognized event in the world of design, ensuring wide visibility for artists and their work.<\/span><span style=\"font-weight: 400\"><br><\/span><\/li><li style=\"font-weight: 400;\" aria-level=\"1\" class=\" translation-block\"><b>Prize and Mentions<\/b><span style=\"font-weight: 400\">: The jury will award a prize of $20,000 MXN to the most outstanding piece. In addition, an honorable mention will be given to the most outstanding pieces within each category.<\/span><span style=\"font-weight: 400\"><br><\/span><\/li><li style=\"font-weight: 400;\" aria-level=\"1\" class=\" translation-block\"><b>Media Coverage<\/b><span style=\"font-weight: 400\">: The exhibition will be covered in specialized media, social networks and platforms associated with Design Week Mexico, which will provide additional exposure to the selected works and their authors.<\/span><span style=\"font-weight: 400\"><br><\/span><\/li><li style=\"font-weight: 400;\" aria-level=\"1\" class=\" translation-block\"><b>Possibilities for alliances and contacts<\/b><span style=\"font-weight: 400\">: Those selected will have the opportunity to establish relationships with other design professionals, brands, and collaborators in the creative field. The exhibition will serve as a meeting point to strengthen networking and business opportunities in the design and illustration industry.<\/span><span style=\"font-weight: 400\"><br><b><\/b><\/span><\/li><li style=\"font-weight: 400;\" aria-level=\"1\" class=\" translation-block\"><span style=\"font-weight: 400\"><b>Participation in a high-profile platform<\/b>: PRINT is one of the most relevant exhibitions within Design Week Mexico, so those selected will be part of an innovative and high-quality curatorial proposal.<\/span><\/li><\/ul>\t\t\t\t\t\t\t\t<\/div>\n\t\t\t\t<\/div>\n\t\t\t\t\t<\/div>\n\t\t<\/div>\n\t\t\t\t<div class=\"elementor-column elementor-col-50 elementor-inner-column elementor-element elementor-element-70a3159\" data-id=\"70a3159\" data-element_type=\"column\">\n\t\t\t<div class=\"elementor-widget-wrap elementor-element-populated\">\n\t\t\t\t\t\t<div class=\"elementor-element elementor-element-debbb3a elementor-widget elementor-widget-image\" data-id=\"debbb3a\" data-element_type=\"widget\" data-widget_type=\"image.default\">\n\t\t\t\t<div class=\"elementor-widget-container\">\n\t\t\t\t\t\t\t\t\t\t\t\t\t\t\t<img loading=\"lazy\" decoding=\"async\" data-attachment-id=\"20905\" data-permalink=\"https:\/\/designweekmexico.com\/en\/convocatorias-2025\/convocatoria-print-2025\/attachment\/print24-ma\/\" data-orig-file=\"https:\/\/designweekmexico.com\/wp-content\/uploads\/2025\/04\/print24-ma-scaled.jpg\" data-orig-size=\"1920,2560\" data-comments-opened=\"1\" data-image-meta=\"{&quot;aperture&quot;:&quot;1.6&quot;,&quot;credit&quot;:&quot;&quot;,&quot;camera&quot;:&quot;iPhone 12 mini&quot;,&quot;caption&quot;:&quot;&quot;,&quot;created_timestamp&quot;:&quot;1730388426&quot;,&quot;copyright&quot;:&quot;&quot;,&quot;focal_length&quot;:&quot;4.2&quot;,&quot;iso&quot;:&quot;80&quot;,&quot;shutter_speed&quot;:&quot;0.0083333333333333&quot;,&quot;title&quot;:&quot;&quot;,&quot;orientation&quot;:&quot;1&quot;}\" data-image-title=\"print24-ma\" data-image-description=\"\" data-image-caption=\"\" data-medium-file=\"https:\/\/designweekmexico.com\/wp-content\/uploads\/2025\/04\/print24-ma-225x300.jpg\" data-large-file=\"https:\/\/designweekmexico.com\/wp-content\/uploads\/2025\/04\/print24-ma-768x1024.jpg\" width=\"1920\" height=\"2560\" src=\"https:\/\/designweekmexico.com\/wp-content\/uploads\/2025\/04\/print24-ma-scaled.jpg\" class=\"attachment-full size-full wp-image-20905\" alt=\"\" srcset=\"https:\/\/designweekmexico.com\/wp-content\/uploads\/2025\/04\/print24-ma-scaled.jpg 1920w, https:\/\/designweekmexico.com\/wp-content\/uploads\/2025\/04\/print24-ma-225x300.jpg 225w, https:\/\/designweekmexico.com\/wp-content\/uploads\/2025\/04\/print24-ma-768x1024.jpg 768w, https:\/\/designweekmexico.com\/wp-content\/uploads\/2025\/04\/print24-ma-1152x1536.jpg 1152w, https:\/\/designweekmexico.com\/wp-content\/uploads\/2025\/04\/print24-ma-1536x2048.jpg 1536w, https:\/\/designweekmexico.com\/wp-content\/uploads\/2025\/04\/print24-ma-9x12.jpg 9w, https:\/\/designweekmexico.com\/wp-content\/uploads\/2025\/04\/print24-ma-450x600.jpg 450w\" sizes=\"(max-width: 1920px) 100vw, 1920px\" \/>\t\t\t\t\t\t\t\t\t\t\t\t\t\t\t<\/div>\n\t\t\t\t<\/div>\n\t\t\t\t<div class=\"elementor-element elementor-element-ac34eb8 elementor-widget elementor-widget-text-editor\" data-id=\"ac34eb8\" data-element_type=\"widget\" data-widget_type=\"text-editor.default\">\n\t\t\t\t<div class=\"elementor-widget-container\">\n\t\t\t\t\t\t\t\t\t<p><strong><span data-sheets-root=\"1\">Interfaz de Realidades<\/span>, <\/strong><span style=\"text-decoration: underline;\"><a href=\"https:\/\/www.instagram.com\/valechuerta\/\">Valentina Castillo Huerta.<\/a><\/span> Participante <span style=\"text-decoration: underline;\"><a href=\"https:\/\/designweekmexico.com\/programa\/print-2024\/\/\">Print 2024.<\/a><\/span><\/p>\t\t\t\t\t\t\t\t<\/div>\n\t\t\t\t<\/div>\n\t\t\t\t\t<\/div>\n\t\t<\/div>\n\t\t\t\t\t<\/div>\n\t\t<\/section>\n\t\t\t\t\t<\/div>\n\t\t<\/div>\n\t\t\t\t\t<\/div>\n\t\t<\/section>\n\t\t\t\t<section class=\"elementor-section elementor-top-section elementor-element elementor-element-5dd3786 elementor-section-boxed elementor-section-height-default elementor-section-height-default\" data-id=\"5dd3786\" data-element_type=\"section\" data-settings=\"{&quot;background_background&quot;:&quot;classic&quot;,&quot;_ha_eqh_enable&quot;:false}\">\n\t\t\t\t\t\t<div class=\"elementor-container elementor-column-gap-extended\">\n\t\t\t\t\t<div class=\"elementor-column elementor-col-100 elementor-top-column elementor-element elementor-element-0e1db82\" data-id=\"0e1db82\" data-element_type=\"column\">\n\t\t\t<div class=\"elementor-widget-wrap elementor-element-populated\">\n\t\t\t\t\t\t<div class=\"elementor-element elementor-element-1b49e8e elementor-widget elementor-widget-heading\" data-id=\"1b49e8e\" data-element_type=\"widget\" data-widget_type=\"heading.default\">\n\t\t\t\t<div class=\"elementor-widget-container\">\n\t\t\t\t\t<h1 class=\"elementor-heading-title elementor-size-default\">KEY DATES<\/h1>\t\t\t\t<\/div>\n\t\t\t\t<\/div>\n\t\t\t\t<div class=\"elementor-element elementor-element-34464e5 elementor-widget elementor-widget-text-editor\" data-id=\"34464e5\" data-element_type=\"widget\" data-widget_type=\"text-editor.default\">\n\t\t\t\t<div class=\"elementor-widget-container\">\n\t\t\t\t\t\t\t\t\t<p style=\"text-align: center;\"><b>Apertura de convocatoria:<\/b><span style=\"font-weight: 400;\"> 1 de abril, 2026<\/span><\/p><p style=\"text-align: center;\"><b>Cierre de registro:<\/b><span style=\"font-weight: 400;\"> 31 de mayo, 2026<\/span><\/p><p style=\"text-align: center;\"><b>Anuncio de seleccionados:<\/b><span style=\"font-weight: 400;\"> 1 de julio, 2026<\/span><\/p><p style=\"text-align: center;\"><b>Recepci\u00f3n de obras f\u00edsicas:<\/b><span style=\"font-weight: 400;\"> 21 al 25 de septiembre, 2026<\/span><\/p><p style=\"text-align: center;\"><b>Inauguraci\u00f3n:<\/b><span style=\"font-weight: 400;\"> 7 de octubre, 2026 (Design Week M\u00e9xico)<\/span><\/p><p style=\"text-align: center;\"><b>Exhibici\u00f3n:<\/b><span style=\"font-weight: 400;\"> 7 de octubre al 1 de noviembre, 2026<\/span><\/p>\t\t\t\t\t\t\t\t<\/div>\n\t\t\t\t<\/div>\n\t\t\t\t\t<\/div>\n\t\t<\/div>\n\t\t\t\t\t<\/div>\n\t\t<\/section>\n\t\t\t\t<section class=\"elementor-section elementor-top-section elementor-element elementor-element-75e20c5 elementor-section-boxed elementor-section-height-default elementor-section-height-default\" data-id=\"75e20c5\" data-element_type=\"section\" data-settings=\"{&quot;_ha_eqh_enable&quot;:false}\">\n\t\t\t\t\t\t<div class=\"elementor-container elementor-column-gap-default\">\n\t\t\t\t\t<div class=\"elementor-column elementor-col-100 elementor-top-column elementor-element elementor-element-d5720da\" data-id=\"d5720da\" data-element_type=\"column\">\n\t\t\t<div class=\"elementor-widget-wrap elementor-element-populated\">\n\t\t\t\t\t\t<div class=\"elementor-element elementor-element-abdc228 elementor-widget-divider--view-line elementor-widget elementor-widget-divider\" data-id=\"abdc228\" data-element_type=\"widget\" data-widget_type=\"divider.default\">\n\t\t\t\t<div class=\"elementor-widget-container\">\n\t\t\t\t\t\t\t<div class=\"elementor-divider\">\n\t\t\t<span class=\"elementor-divider-separator\">\n\t\t\t\t\t\t<\/span>\n\t\t<\/div>\n\t\t\t\t\t\t<\/div>\n\t\t\t\t<\/div>\n\t\t\t\t<div class=\"elementor-element elementor-element-6c5d9cf elementor-widget elementor-widget-image\" data-id=\"6c5d9cf\" data-element_type=\"widget\" data-widget_type=\"image.default\">\n\t\t\t\t<div class=\"elementor-widget-container\">\n\t\t\t\t\t\t\t\t\t\t\t\t\t\t\t<img loading=\"lazy\" decoding=\"async\" data-attachment-id=\"26784\" data-permalink=\"https:\/\/designweekmexico.com\/en\/convocatorias\/conv-print-2026\/attachment\/delbo-foto-print2025-15-2\/\" data-orig-file=\"https:\/\/designweekmexico.com\/wp-content\/uploads\/2026\/03\/delbo.foto-PRINT2025-15.jpg\" data-orig-size=\"2048,1365\" data-comments-opened=\"1\" data-image-meta=\"{&quot;aperture&quot;:&quot;10&quot;,&quot;credit&quot;:&quot;&quot;,&quot;camera&quot;:&quot;ILCE-6100&quot;,&quot;caption&quot;:&quot;&quot;,&quot;created_timestamp&quot;:&quot;1760649977&quot;,&quot;copyright&quot;:&quot;&quot;,&quot;focal_length&quot;:&quot;16&quot;,&quot;iso&quot;:&quot;3200&quot;,&quot;shutter_speed&quot;:&quot;0.02&quot;,&quot;title&quot;:&quot;&quot;,&quot;orientation&quot;:&quot;0&quot;}\" data-image-title=\"delbo.foto-PRINT2025-15\" data-image-description=\"\" data-image-caption=\"\" data-medium-file=\"https:\/\/designweekmexico.com\/wp-content\/uploads\/2026\/03\/delbo.foto-PRINT2025-15-300x200.jpg\" data-large-file=\"https:\/\/designweekmexico.com\/wp-content\/uploads\/2026\/03\/delbo.foto-PRINT2025-15-1024x683.jpg\" width=\"2048\" height=\"1365\" src=\"https:\/\/designweekmexico.com\/wp-content\/uploads\/2026\/03\/delbo.foto-PRINT2025-15.jpg\" class=\"attachment-full size-full wp-image-26784\" alt=\"\" srcset=\"https:\/\/designweekmexico.com\/wp-content\/uploads\/2026\/03\/delbo.foto-PRINT2025-15.jpg 2048w, https:\/\/designweekmexico.com\/wp-content\/uploads\/2026\/03\/delbo.foto-PRINT2025-15-300x200.jpg 300w, https:\/\/designweekmexico.com\/wp-content\/uploads\/2026\/03\/delbo.foto-PRINT2025-15-1024x683.jpg 1024w, https:\/\/designweekmexico.com\/wp-content\/uploads\/2026\/03\/delbo.foto-PRINT2025-15-768x512.jpg 768w, https:\/\/designweekmexico.com\/wp-content\/uploads\/2026\/03\/delbo.foto-PRINT2025-15-1536x1024.jpg 1536w, https:\/\/designweekmexico.com\/wp-content\/uploads\/2026\/03\/delbo.foto-PRINT2025-15-18x12.jpg 18w, https:\/\/designweekmexico.com\/wp-content\/uploads\/2026\/03\/delbo.foto-PRINT2025-15-1920x1280.jpg 1920w\" sizes=\"(max-width: 2048px) 100vw, 2048px\" \/>\t\t\t\t\t\t\t\t\t\t\t\t\t\t\t<\/div>\n\t\t\t\t<\/div>\n\t\t\t\t<div class=\"elementor-element elementor-element-5c878b4 elementor-widget elementor-widget-text-editor\" data-id=\"5c878b4\" data-element_type=\"widget\" data-widget_type=\"text-editor.default\">\n\t\t\t\t<div class=\"elementor-widget-container\">\n\t\t\t\t\t\t\t\t\t<p><strong>PRINT<\/strong> en el White Box de G.56. Design Week Mexico 2025.<\/p>\t\t\t\t\t\t\t\t<\/div>\n\t\t\t\t<\/div>\n\t\t\t\t<div class=\"elementor-element elementor-element-6e05270 elementor-widget elementor-widget-text-editor\" data-id=\"6e05270\" data-element_type=\"widget\" data-widget_type=\"text-editor.default\">\n\t\t\t\t<div class=\"elementor-widget-container\">\n\t\t\t\t\t\t\t\t\t<p><b>PRINT 2026<\/b><span style=\"font-weight: 400;\">\u00a0busca consolidar a M\u00e9xico como un referente global en dise\u00f1o gr\u00e1fico e ilustraci\u00f3n, destacando la calidad y la creatividad de los dise\u00f1adores y artistas que conforman nuestra escena. \u00a1Esperamos sus propuestas!<\/span><\/p>\t\t\t\t\t\t\t\t<\/div>\n\t\t\t\t<\/div>\n\t\t\t\t<div class=\"elementor-element elementor-element-bcde12a elementor-widget elementor-widget-heading\" data-id=\"bcde12a\" data-element_type=\"widget\" data-widget_type=\"heading.default\">\n\t\t\t\t<div class=\"elementor-widget-container\">\n\t\t\t\t\t<h2 class=\"elementor-heading-title elementor-size-default\">CONTACT<\/h2>\t\t\t\t<\/div>\n\t\t\t\t<\/div>\n\t\t\t\t<div class=\"elementor-element elementor-element-02c7156 elementor-widget elementor-widget-text-editor\" data-id=\"02c7156\" data-element_type=\"widget\" data-widget_type=\"text-editor.default\">\n\t\t\t\t<div class=\"elementor-widget-container\">\n\t\t\t\t\t\t\t\t\t<p><strong>Miguel Alpuche<\/strong><br \/>Coord. Print \/ Dise\u00f1o y Web DWM<br \/><span style=\"text-decoration: underline;\"><a href=\"mailto:print@mxterritoriocreativo.com\">print@mxterritoriocreativo.com<\/a><\/span><\/p>\t\t\t\t\t\t\t\t<\/div>\n\t\t\t\t<\/div>\n\t\t\t\t\t<\/div>\n\t\t<\/div>\n\t\t\t\t\t<\/div>\n\t\t<\/section>\n\t\t\t\t<section class=\"elementor-section elementor-top-section elementor-element elementor-element-ee90923 ct-section-stretched elementor-section-boxed elementor-section-height-default elementor-section-height-default\" data-id=\"ee90923\" data-element_type=\"section\" data-settings=\"{&quot;background_background&quot;:&quot;classic&quot;,&quot;_ha_eqh_enable&quot;:false}\">\n\t\t\t\t\t\t<div class=\"elementor-container elementor-column-gap-extended\">\n\t\t\t\t\t<div class=\"elementor-column elementor-col-100 elementor-top-column elementor-element elementor-element-d340317\" data-id=\"d340317\" data-element_type=\"column\">\n\t\t\t<div class=\"elementor-widget-wrap elementor-element-populated\">\n\t\t\t\t\t\t<div class=\"elementor-element elementor-element-20e0887 elementor-widget elementor-widget-heading\" data-id=\"20e0887\" data-element_type=\"widget\" data-widget_type=\"heading.default\">\n\t\t\t\t<div class=\"elementor-widget-container\">\n\t\t\t\t\t<h2 class=\"elementor-heading-title elementor-size-default\">USO DE INTELIGENCIA ARTIFICIAL EN LA CREACI\u00d3N DE IM\u00c1GENES<\/h2>\t\t\t\t<\/div>\n\t\t\t\t<\/div>\n\t\t\t\t<div class=\"elementor-element elementor-element-a3e943c elementor-widget elementor-widget-text-editor\" data-id=\"a3e943c\" data-element_type=\"widget\" data-widget_type=\"text-editor.default\">\n\t\t\t\t<div class=\"elementor-widget-container\">\n\t\t\t\t\t\t\t\t\t<p><span style=\"font-weight: 400;\">En el contexto de esta convocatoria para la exhibici\u00f3n, se permite el uso de Inteligencia Artificial (IA) en la creaci\u00f3n de im\u00e1genes siempre y cuando se cumplan las siguientes reglas y directrices:<\/span><\/p><p class=\" translation-block\"><b>Transparency and Attribution<\/b><span style=\"font-weight: 400\">: All entrants using AI to generate images must be transparent about this process in their work descriptions. A clear explanation of how AI was used in the creation and the artist's role in the creative process must be provided.<\/span><\/p><p class=\" translation-block\"><b>Human Originality and Creativity<\/b><span style=\"font-weight: 400\">: While AI is permitted as a tool, the final work must be primarily the result of the human artist's creativity and vision. Human intervention must be demonstrated to be significant and fundamental to the creative process.<\/span><\/p><p class=\" translation-block\"><b>Ethics and Copyright<\/b><span style=\"font-weight: 400\">: Participants must ensure that their use of AI respects copyright and does not infringe the rights of third parties. Models trained with copyrighted data must not be used without appropriate permission.<\/span><\/p><p class=\" translation-block\"><b>Quality and Technical Standards<\/b><span style=\"font-weight: 400\">: Works generated with AI must maintain technical and quality standards that are comparable to works created without the use of AI. Aesthetic quality and visual impact must be evaluated according to the same criteria that apply to other works.<\/span><\/p><p><b>Cumplimiento con la Tem\u00e1tica de \u201cDise\u00f1ado en M\u00e9xico\u201d<\/b><span style=\"font-weight: 400;\">: Las obras generadas con IA deben contribuir de manera significativa a la exploraci\u00f3n de la tem\u00e1tica de \u201cDise\u00f1ado en M\u00e9xico\u201d. Deben demostrar una reflexi\u00f3n creativa y avanzada sobre el tema, independientemente de la t\u00e9cnica utilizada.<\/span><\/p><p class=\" translation-block\"><b>AI Acknowledgment in Documentation<\/b><span style=\"font-weight: 400\">: In the documentation and submission of the work for the call, the use of AI and any technological tools used in the creative process must be explicitly acknowledged.<\/span><\/p><p class=\" translation-block\"><b>Jurisdiction and Legal Compliance<\/b><span style=\"font-weight: 400\">: Participants are responsible for complying with all local and international laws and regulations related to the use of AI and intellectual property.<\/span><\/p>\t\t\t\t\t\t\t\t<\/div>\n\t\t\t\t<\/div>\n\t\t\t\t\t<\/div>\n\t\t<\/div>\n\t\t\t\t\t<\/div>\n\t\t<\/section>\n\t\t\t\t<\/div>","protected":false},"excerpt":{"rendered":"<p>Convocatoria para dise\u00f1adores gr\u00e1ficos y artistas visuales. Exhibe tu obra en la tercera edici\u00f3n de esta plataforma dedicada al dise\u00f1o impreso y concursa por el premio a la pieza m\u00e1s destacada de $20,000 MXN.<\/p>","protected":false},"author":175,"featured_media":26784,"comment_status":"open","ping_status":"open","sticky":false,"template":"","format":"standard","meta":{"_themeisle_gutenberg_block_has_review":false,"_jetpack_memberships_contains_paid_content":false,"footnotes":""},"categories":[167],"tags":[172,169],"class_list":["post-26783","post","type-post","status-publish","format-standard","has-post-thumbnail","hentry","category-convocatorias","tag-artes-visuales","tag-diseno"],"blocksy_meta":{"has_hero_section":"disabled","disable_featured_image":"yes","disable_related_posts":"yes","styles_descriptor":{"styles":{"desktop":"","tablet":"","mobile":""},"google_fonts":[],"version":6}},"yoast_head":"<!-- This site is optimized with the Yoast SEO plugin v27.5 - https:\/\/yoast.com\/product\/yoast-seo-wordpress\/ -->\n<title>Convocatoria PRINT 2026 - DWM26<\/title>\n<meta name=\"description\" content=\"Convocatoria para dise\u00f1adores gr\u00e1ficos y artistas visuales. Exhibe tu obra en la tercera edici\u00f3n de esta plataforma dedicada al dise\u00f1o impreso y concursa por el premio a la pieza m\u00e1s destacada de $20,000 MXN.\" \/>\n<meta name=\"robots\" content=\"index, follow, max-snippet:-1, max-image-preview:large, max-video-preview:-1\" \/>\n<link rel=\"canonical\" href=\"https:\/\/designweekmexico.com\/en\/convocatorias\/conv-print-2026\/\" \/>\n<meta property=\"og:locale\" content=\"en_US\" \/>\n<meta property=\"og:type\" content=\"article\" \/>\n<meta property=\"og:title\" content=\"Convocatoria PRINT 2026 - DWM26\" \/>\n<meta property=\"og:description\" content=\"Convocatoria para dise\u00f1adores gr\u00e1ficos y artistas visuales. Exhibe tu obra en la tercera edici\u00f3n de esta plataforma dedicada al dise\u00f1o impreso y concursa por el premio a la pieza m\u00e1s destacada de $20,000 MXN.\" \/>\n<meta property=\"og:url\" content=\"https:\/\/designweekmexico.com\/en\/convocatorias\/conv-print-2026\/\" \/>\n<meta property=\"og:site_name\" content=\"Design Week Mexico\" \/>\n<meta property=\"article:publisher\" content=\"https:\/\/www.facebook.com\/designweekmex\" \/>\n<meta property=\"article:published_time\" content=\"2026-03-20T19:38:42+00:00\" \/>\n<meta property=\"article:modified_time\" content=\"2026-03-25T18:16:13+00:00\" \/>\n<meta property=\"og:image\" content=\"https:\/\/designweekmexico.com\/wp-content\/uploads\/2026\/03\/delbo.foto-PRINT2025-15.jpg\" \/>\n\t<meta property=\"og:image:width\" content=\"2048\" \/>\n\t<meta property=\"og:image:height\" content=\"1365\" \/>\n\t<meta property=\"og:image:type\" content=\"image\/jpeg\" \/>\n<meta name=\"author\" content=\"Design Week Mexico\" \/>\n<meta name=\"twitter:card\" content=\"summary_large_image\" \/>\n<meta name=\"twitter:creator\" content=\"@designweekmex\" \/>\n<meta name=\"twitter:site\" content=\"@designweekmex\" \/>\n<meta name=\"twitter:label1\" content=\"Written by\" \/>\n\t<meta name=\"twitter:data1\" content=\"Design Week Mexico\" \/>\n\t<meta name=\"twitter:label2\" content=\"Est. reading time\" \/>\n\t<meta name=\"twitter:data2\" content=\"10 minutes\" \/>\n<script type=\"application\/ld+json\" class=\"yoast-schema-graph\">{\"@context\":\"https:\\\/\\\/schema.org\",\"@graph\":[{\"@type\":\"Article\",\"@id\":\"https:\\\/\\\/designweekmexico.com\\\/convocatorias\\\/conv-print-2026\\\/#article\",\"isPartOf\":{\"@id\":\"https:\\\/\\\/designweekmexico.com\\\/convocatorias\\\/conv-print-2026\\\/\"},\"author\":{\"name\":\"Design Week Mexico\",\"@id\":\"https:\\\/\\\/designweekmexico.com\\\/#\\\/schema\\\/person\\\/ee1da898b14b7d9d29bd0bc66da7ef01\"},\"headline\":\"Convocatoria PRINT 2026\",\"datePublished\":\"2026-03-20T19:38:42+00:00\",\"dateModified\":\"2026-03-25T18:16:13+00:00\",\"mainEntityOfPage\":{\"@id\":\"https:\\\/\\\/designweekmexico.com\\\/convocatorias\\\/conv-print-2026\\\/\"},\"wordCount\":1907,\"commentCount\":0,\"publisher\":{\"@id\":\"https:\\\/\\\/designweekmexico.com\\\/#organization\"},\"image\":{\"@id\":\"https:\\\/\\\/designweekmexico.com\\\/convocatorias\\\/conv-print-2026\\\/#primaryimage\"},\"thumbnailUrl\":\"https:\\\/\\\/designweekmexico.com\\\/wp-content\\\/uploads\\\/2026\\\/03\\\/delbo.foto-PRINT2025-15.jpg\",\"keywords\":[\"Artes Visuales\",\"Dise\u00f1o\"],\"articleSection\":[\"Convocatorias 2026\"],\"inLanguage\":\"en-US\",\"potentialAction\":[{\"@type\":\"CommentAction\",\"name\":\"Comment\",\"target\":[\"https:\\\/\\\/designweekmexico.com\\\/convocatorias\\\/conv-print-2026\\\/#respond\"]}]},{\"@type\":\"WebPage\",\"@id\":\"https:\\\/\\\/designweekmexico.com\\\/convocatorias\\\/conv-print-2026\\\/\",\"url\":\"https:\\\/\\\/designweekmexico.com\\\/convocatorias\\\/conv-print-2026\\\/\",\"name\":\"Convocatoria PRINT 2026 - DWM26\",\"isPartOf\":{\"@id\":\"https:\\\/\\\/designweekmexico.com\\\/#website\"},\"primaryImageOfPage\":{\"@id\":\"https:\\\/\\\/designweekmexico.com\\\/convocatorias\\\/conv-print-2026\\\/#primaryimage\"},\"image\":{\"@id\":\"https:\\\/\\\/designweekmexico.com\\\/convocatorias\\\/conv-print-2026\\\/#primaryimage\"},\"thumbnailUrl\":\"https:\\\/\\\/designweekmexico.com\\\/wp-content\\\/uploads\\\/2026\\\/03\\\/delbo.foto-PRINT2025-15.jpg\",\"datePublished\":\"2026-03-20T19:38:42+00:00\",\"dateModified\":\"2026-03-25T18:16:13+00:00\",\"description\":\"Convocatoria para dise\u00f1adores gr\u00e1ficos y artistas visuales. Exhibe tu obra en la tercera edici\u00f3n de esta plataforma dedicada al dise\u00f1o impreso y concursa por el premio a la pieza m\u00e1s destacada de $20,000 MXN.\",\"breadcrumb\":{\"@id\":\"https:\\\/\\\/designweekmexico.com\\\/convocatorias\\\/conv-print-2026\\\/#breadcrumb\"},\"inLanguage\":\"en-US\",\"potentialAction\":[{\"@type\":\"ReadAction\",\"target\":[\"https:\\\/\\\/designweekmexico.com\\\/convocatorias\\\/conv-print-2026\\\/\"]}]},{\"@type\":\"ImageObject\",\"inLanguage\":\"en-US\",\"@id\":\"https:\\\/\\\/designweekmexico.com\\\/convocatorias\\\/conv-print-2026\\\/#primaryimage\",\"url\":\"https:\\\/\\\/designweekmexico.com\\\/wp-content\\\/uploads\\\/2026\\\/03\\\/delbo.foto-PRINT2025-15.jpg\",\"contentUrl\":\"https:\\\/\\\/designweekmexico.com\\\/wp-content\\\/uploads\\\/2026\\\/03\\\/delbo.foto-PRINT2025-15.jpg\",\"width\":2048,\"height\":1365},{\"@type\":\"BreadcrumbList\",\"@id\":\"https:\\\/\\\/designweekmexico.com\\\/convocatorias\\\/conv-print-2026\\\/#breadcrumb\",\"itemListElement\":[{\"@type\":\"ListItem\",\"position\":1,\"name\":\"Inicio\",\"item\":\"https:\\\/\\\/designweekmexico.com\\\/\"},{\"@type\":\"ListItem\",\"position\":2,\"name\":\"Convocatoria PRINT 2026\"}]},{\"@type\":\"WebSite\",\"@id\":\"https:\\\/\\\/designweekmexico.com\\\/#website\",\"url\":\"https:\\\/\\\/designweekmexico.com\\\/\",\"name\":\"Design Week Mexico\",\"description\":\"Dise\u00f1ando el futuro...\",\"publisher\":{\"@id\":\"https:\\\/\\\/designweekmexico.com\\\/#organization\"},\"potentialAction\":[{\"@type\":\"SearchAction\",\"target\":{\"@type\":\"EntryPoint\",\"urlTemplate\":\"https:\\\/\\\/designweekmexico.com\\\/?s={search_term_string}\"},\"query-input\":{\"@type\":\"PropertyValueSpecification\",\"valueRequired\":true,\"valueName\":\"search_term_string\"}}],\"inLanguage\":\"en-US\"},{\"@type\":\"Organization\",\"@id\":\"https:\\\/\\\/designweekmexico.com\\\/#organization\",\"name\":\"Design Week Mexico\",\"url\":\"https:\\\/\\\/designweekmexico.com\\\/\",\"logo\":{\"@type\":\"ImageObject\",\"inLanguage\":\"en-US\",\"@id\":\"https:\\\/\\\/designweekmexico.com\\\/#\\\/schema\\\/logo\\\/image\\\/\",\"url\":\"https:\\\/\\\/designweekmexico.com\\\/wp-content\\\/uploads\\\/2026\\\/04\\\/Asset-58-70eae4-3141d7.svg\",\"contentUrl\":\"https:\\\/\\\/designweekmexico.com\\\/wp-content\\\/uploads\\\/2026\\\/04\\\/Asset-58-70eae4-3141d7.svg\",\"width\":1741,\"height\":103,\"caption\":\"Design Week Mexico\"},\"image\":{\"@id\":\"https:\\\/\\\/designweekmexico.com\\\/#\\\/schema\\\/logo\\\/image\\\/\"},\"sameAs\":[\"https:\\\/\\\/www.facebook.com\\\/designweekmex\",\"https:\\\/\\\/x.com\\\/designweekmex\",\"https:\\\/\\\/www.instagram.com\\\/designweekmex\\\/\",\"https:\\\/\\\/www.youtube.com\\\/user\\\/designweekmexico\",\"https:\\\/\\\/vimeo.com\\\/designweekmexico\",\"https:\\\/\\\/www.linkedin.com\\\/company\\\/designweekmx\\\/\"]},{\"@type\":\"Person\",\"@id\":\"https:\\\/\\\/designweekmexico.com\\\/#\\\/schema\\\/person\\\/ee1da898b14b7d9d29bd0bc66da7ef01\",\"name\":\"Design Week Mexico\",\"image\":{\"@type\":\"ImageObject\",\"inLanguage\":\"en-US\",\"@id\":\"https:\\\/\\\/secure.gravatar.com\\\/avatar\\\/0830bfc50cafacf340fb14966c0f6cc5c88935cded635f38ae2ed050785fd609?s=96&d=mm&r=g\",\"url\":\"https:\\\/\\\/secure.gravatar.com\\\/avatar\\\/0830bfc50cafacf340fb14966c0f6cc5c88935cded635f38ae2ed050785fd609?s=96&d=mm&r=g\",\"contentUrl\":\"https:\\\/\\\/secure.gravatar.com\\\/avatar\\\/0830bfc50cafacf340fb14966c0f6cc5c88935cded635f38ae2ed050785fd609?s=96&d=mm&r=g\",\"caption\":\"Design Week Mexico\"},\"url\":\"https:\\\/\\\/designweekmexico.com\\\/en\\\/author\\\/designweekmexico\\\/\"}]}<\/script>\n<!-- \/ Yoast SEO plugin. -->","yoast_head_json":{"title":"Convocatoria PRINT 2026 - DWM26","description":"Convocatoria para dise\u00f1adores gr\u00e1ficos y artistas visuales. Exhibe tu obra en la tercera edici\u00f3n de esta plataforma dedicada al dise\u00f1o impreso y concursa por el premio a la pieza m\u00e1s destacada de $20,000 MXN.","robots":{"index":"index","follow":"follow","max-snippet":"max-snippet:-1","max-image-preview":"max-image-preview:large","max-video-preview":"max-video-preview:-1"},"canonical":"https:\/\/designweekmexico.com\/en\/convocatorias\/conv-print-2026\/","og_locale":"en_US","og_type":"article","og_title":"Convocatoria PRINT 2026 - DWM26","og_description":"Convocatoria para dise\u00f1adores gr\u00e1ficos y artistas visuales. Exhibe tu obra en la tercera edici\u00f3n de esta plataforma dedicada al dise\u00f1o impreso y concursa por el premio a la pieza m\u00e1s destacada de $20,000 MXN.","og_url":"https:\/\/designweekmexico.com\/en\/convocatorias\/conv-print-2026\/","og_site_name":"Design Week Mexico","article_publisher":"https:\/\/www.facebook.com\/designweekmex","article_published_time":"2026-03-20T19:38:42+00:00","article_modified_time":"2026-03-25T18:16:13+00:00","og_image":[{"width":2048,"height":1365,"url":"https:\/\/designweekmexico.com\/wp-content\/uploads\/2026\/03\/delbo.foto-PRINT2025-15.jpg","type":"image\/jpeg"}],"author":"Design Week Mexico","twitter_card":"summary_large_image","twitter_creator":"@designweekmex","twitter_site":"@designweekmex","twitter_misc":{"Written by":"Design Week Mexico","Est. reading time":"10 minutes"},"schema":{"@context":"https:\/\/schema.org","@graph":[{"@type":"Article","@id":"https:\/\/designweekmexico.com\/convocatorias\/conv-print-2026\/#article","isPartOf":{"@id":"https:\/\/designweekmexico.com\/convocatorias\/conv-print-2026\/"},"author":{"name":"Design Week Mexico","@id":"https:\/\/designweekmexico.com\/#\/schema\/person\/ee1da898b14b7d9d29bd0bc66da7ef01"},"headline":"Convocatoria PRINT 2026","datePublished":"2026-03-20T19:38:42+00:00","dateModified":"2026-03-25T18:16:13+00:00","mainEntityOfPage":{"@id":"https:\/\/designweekmexico.com\/convocatorias\/conv-print-2026\/"},"wordCount":1907,"commentCount":0,"publisher":{"@id":"https:\/\/designweekmexico.com\/#organization"},"image":{"@id":"https:\/\/designweekmexico.com\/convocatorias\/conv-print-2026\/#primaryimage"},"thumbnailUrl":"https:\/\/designweekmexico.com\/wp-content\/uploads\/2026\/03\/delbo.foto-PRINT2025-15.jpg","keywords":["Artes Visuales","Dise\u00f1o"],"articleSection":["Convocatorias 2026"],"inLanguage":"en-US","potentialAction":[{"@type":"CommentAction","name":"Comment","target":["https:\/\/designweekmexico.com\/convocatorias\/conv-print-2026\/#respond"]}]},{"@type":"WebPage","@id":"https:\/\/designweekmexico.com\/convocatorias\/conv-print-2026\/","url":"https:\/\/designweekmexico.com\/convocatorias\/conv-print-2026\/","name":"Convocatoria PRINT 2026 - DWM26","isPartOf":{"@id":"https:\/\/designweekmexico.com\/#website"},"primaryImageOfPage":{"@id":"https:\/\/designweekmexico.com\/convocatorias\/conv-print-2026\/#primaryimage"},"image":{"@id":"https:\/\/designweekmexico.com\/convocatorias\/conv-print-2026\/#primaryimage"},"thumbnailUrl":"https:\/\/designweekmexico.com\/wp-content\/uploads\/2026\/03\/delbo.foto-PRINT2025-15.jpg","datePublished":"2026-03-20T19:38:42+00:00","dateModified":"2026-03-25T18:16:13+00:00","description":"Convocatoria para dise\u00f1adores gr\u00e1ficos y artistas visuales. Exhibe tu obra en la tercera edici\u00f3n de esta plataforma dedicada al dise\u00f1o impreso y concursa por el premio a la pieza m\u00e1s destacada de $20,000 MXN.","breadcrumb":{"@id":"https:\/\/designweekmexico.com\/convocatorias\/conv-print-2026\/#breadcrumb"},"inLanguage":"en-US","potentialAction":[{"@type":"ReadAction","target":["https:\/\/designweekmexico.com\/convocatorias\/conv-print-2026\/"]}]},{"@type":"ImageObject","inLanguage":"en-US","@id":"https:\/\/designweekmexico.com\/convocatorias\/conv-print-2026\/#primaryimage","url":"https:\/\/designweekmexico.com\/wp-content\/uploads\/2026\/03\/delbo.foto-PRINT2025-15.jpg","contentUrl":"https:\/\/designweekmexico.com\/wp-content\/uploads\/2026\/03\/delbo.foto-PRINT2025-15.jpg","width":2048,"height":1365},{"@type":"BreadcrumbList","@id":"https:\/\/designweekmexico.com\/convocatorias\/conv-print-2026\/#breadcrumb","itemListElement":[{"@type":"ListItem","position":1,"name":"Inicio","item":"https:\/\/designweekmexico.com\/"},{"@type":"ListItem","position":2,"name":"Convocatoria PRINT 2026"}]},{"@type":"WebSite","@id":"https:\/\/designweekmexico.com\/#website","url":"https:\/\/designweekmexico.com\/","name":"Design Week Mexico","description":"Dise\u00f1ando el futuro...","publisher":{"@id":"https:\/\/designweekmexico.com\/#organization"},"potentialAction":[{"@type":"SearchAction","target":{"@type":"EntryPoint","urlTemplate":"https:\/\/designweekmexico.com\/?s={search_term_string}"},"query-input":{"@type":"PropertyValueSpecification","valueRequired":true,"valueName":"search_term_string"}}],"inLanguage":"en-US"},{"@type":"Organization","@id":"https:\/\/designweekmexico.com\/#organization","name":"Design Week Mexico","url":"https:\/\/designweekmexico.com\/","logo":{"@type":"ImageObject","inLanguage":"en-US","@id":"https:\/\/designweekmexico.com\/#\/schema\/logo\/image\/","url":"https:\/\/designweekmexico.com\/wp-content\/uploads\/2026\/04\/Asset-58-70eae4-3141d7.svg","contentUrl":"https:\/\/designweekmexico.com\/wp-content\/uploads\/2026\/04\/Asset-58-70eae4-3141d7.svg","width":1741,"height":103,"caption":"Design Week Mexico"},"image":{"@id":"https:\/\/designweekmexico.com\/#\/schema\/logo\/image\/"},"sameAs":["https:\/\/www.facebook.com\/designweekmex","https:\/\/x.com\/designweekmex","https:\/\/www.instagram.com\/designweekmex\/","https:\/\/www.youtube.com\/user\/designweekmexico","https:\/\/vimeo.com\/designweekmexico","https:\/\/www.linkedin.com\/company\/designweekmx\/"]},{"@type":"Person","@id":"https:\/\/designweekmexico.com\/#\/schema\/person\/ee1da898b14b7d9d29bd0bc66da7ef01","name":"Design Week Mexico","image":{"@type":"ImageObject","inLanguage":"en-US","@id":"https:\/\/secure.gravatar.com\/avatar\/0830bfc50cafacf340fb14966c0f6cc5c88935cded635f38ae2ed050785fd609?s=96&d=mm&r=g","url":"https:\/\/secure.gravatar.com\/avatar\/0830bfc50cafacf340fb14966c0f6cc5c88935cded635f38ae2ed050785fd609?s=96&d=mm&r=g","contentUrl":"https:\/\/secure.gravatar.com\/avatar\/0830bfc50cafacf340fb14966c0f6cc5c88935cded635f38ae2ed050785fd609?s=96&d=mm&r=g","caption":"Design Week Mexico"},"url":"https:\/\/designweekmexico.com\/en\/author\/designweekmexico\/"}]}},"jetpack_featured_media_url":"https:\/\/designweekmexico.com\/wp-content\/uploads\/2026\/03\/delbo.foto-PRINT2025-15.jpg","jetpack_sharing_enabled":true,"_links":{"self":[{"href":"https:\/\/designweekmexico.com\/en\/wp-json\/wp\/v2\/posts\/26783","targetHints":{"allow":["GET"]}}],"collection":[{"href":"https:\/\/designweekmexico.com\/en\/wp-json\/wp\/v2\/posts"}],"about":[{"href":"https:\/\/designweekmexico.com\/en\/wp-json\/wp\/v2\/types\/post"}],"author":[{"embeddable":true,"href":"https:\/\/designweekmexico.com\/en\/wp-json\/wp\/v2\/users\/175"}],"replies":[{"embeddable":true,"href":"https:\/\/designweekmexico.com\/en\/wp-json\/wp\/v2\/comments?post=26783"}],"version-history":[{"count":13,"href":"https:\/\/designweekmexico.com\/en\/wp-json\/wp\/v2\/posts\/26783\/revisions"}],"predecessor-version":[{"id":26865,"href":"https:\/\/designweekmexico.com\/en\/wp-json\/wp\/v2\/posts\/26783\/revisions\/26865"}],"wp:featuredmedia":[{"embeddable":true,"href":"https:\/\/designweekmexico.com\/en\/wp-json\/wp\/v2\/media\/26784"}],"wp:attachment":[{"href":"https:\/\/designweekmexico.com\/en\/wp-json\/wp\/v2\/media?parent=26783"}],"wp:term":[{"taxonomy":"category","embeddable":true,"href":"https:\/\/designweekmexico.com\/en\/wp-json\/wp\/v2\/categories?post=26783"},{"taxonomy":"post_tag","embeddable":true,"href":"https:\/\/designweekmexico.com\/en\/wp-json\/wp\/v2\/tags?post=26783"}],"curies":[{"name":"wp","href":"https:\/\/api.w.org\/{rel}","templated":true}]}}