{"id":28056,"date":"2026-08-13T11:57:55","date_gmt":"2026-08-13T17:57:55","guid":{"rendered":"https:\/\/designweekmexico.com\/?p=28056"},"modified":"2026-09-04T12:43:28","modified_gmt":"2026-09-04T18:43:28","slug":"design-house","status":"publish","type":"post","link":"https:\/\/designweekmexico.com\/en\/programa\/design-house\/","title":{"rendered":"Design House"},"content":{"rendered":"\t\t<div data-elementor-type=\"wp-post\" data-elementor-id=\"28056\" class=\"elementor elementor-28056\" data-elementor-settings=\"{&quot;ha_cmc_init_switcher&quot;:&quot;no&quot;}\" data-elementor-post-type=\"post\">\n\t\t\t\t\t\t<section class=\"elementor-section elementor-top-section elementor-element elementor-element-6e71d7af ct-section-stretched finisher-header elementor-section-boxed elementor-section-height-default elementor-section-height-default\" data-id=\"6e71d7af\" data-element_type=\"section\" data-e-type=\"section\" data-settings=\"{&quot;_ha_eqh_enable&quot;:false}\">\n\t\t\t\t\t\t<div class=\"elementor-container elementor-column-gap-default\">\n\t\t\t\t\t<div class=\"elementor-column elementor-col-100 elementor-top-column elementor-element elementor-element-288b88a2\" data-id=\"288b88a2\" data-element_type=\"column\" data-e-type=\"column\">\n\t\t\t<div class=\"elementor-widget-wrap elementor-element-populated\">\n\t\t\t\t\t\t<div class=\"elementor-element elementor-element-3f1970ee elementor-widget elementor-widget-heading\" data-id=\"3f1970ee\" data-element_type=\"widget\" data-e-type=\"widget\" data-widget_type=\"heading.default\">\n\t\t\t\t<div class=\"elementor-widget-container\">\n\t\t\t\t\t<h1 class=\"elementor-heading-title elementor-size-default\">DESIGN HOUSE<\/h1>\t\t\t\t<\/div>\n\t\t\t\t<\/div>\n\t\t\t\t<div class=\"elementor-element elementor-element-753257fd elementor-widget elementor-widget-image\" data-id=\"753257fd\" data-element_type=\"widget\" data-e-type=\"widget\" data-widget_type=\"image.default\">\n\t\t\t\t<div class=\"elementor-widget-container\">\n\t\t\t\t\t\t\t\t\t\t\t\t\t\t\t<img fetchpriority=\"high\" decoding=\"async\" width=\"1920\" height=\"1281\" src=\"https:\/\/designweekmexico.com\/wp-content\/uploads\/2026\/08\/01_Telar-de-Talavera-Photo-by-Arturo-Arrieta-copy.jpg\" class=\"attachment-full size-full wp-image-28605\" alt=\"\" srcset=\"https:\/\/designweekmexico.com\/wp-content\/uploads\/2026\/08\/01_Telar-de-Talavera-Photo-by-Arturo-Arrieta-copy.jpg 1920w, https:\/\/designweekmexico.com\/wp-content\/uploads\/2026\/08\/01_Telar-de-Talavera-Photo-by-Arturo-Arrieta-copy-300x200.jpg 300w, https:\/\/designweekmexico.com\/wp-content\/uploads\/2026\/08\/01_Telar-de-Talavera-Photo-by-Arturo-Arrieta-copy-1024x683.jpg 1024w, https:\/\/designweekmexico.com\/wp-content\/uploads\/2026\/08\/01_Telar-de-Talavera-Photo-by-Arturo-Arrieta-copy-768x512.jpg 768w, https:\/\/designweekmexico.com\/wp-content\/uploads\/2026\/08\/01_Telar-de-Talavera-Photo-by-Arturo-Arrieta-copy-1536x1025.jpg 1536w, https:\/\/designweekmexico.com\/wp-content\/uploads\/2026\/08\/01_Telar-de-Talavera-Photo-by-Arturo-Arrieta-copy-18x12.jpg 18w\" sizes=\"(max-width: 1920px) 100vw, 1920px\" data-attachment-id=\"28605\" data-permalink=\"https:\/\/designweekmexico.com\/programa\/design-house\/attachment\/01_telar-de-talavera-photo-by-arturo-arrieta-copy\/\" data-orig-file=\"https:\/\/designweekmexico.com\/wp-content\/uploads\/2026\/08\/01_Telar-de-Talavera-Photo-by-Arturo-Arrieta-copy.jpg\" data-orig-size=\"1920,1281\" data-comments-opened=\"0\" data-image-title=\"01_Telar de Talavera &amp;#8211; Photo by Arturo Arrieta copy\" data-image-description=\"\" data-image-caption=\"\" data-large-file=\"https:\/\/designweekmexico.com\/wp-content\/uploads\/2026\/08\/01_Telar-de-Talavera-Photo-by-Arturo-Arrieta-copy-1024x683.jpg\" \/>\t\t\t\t\t\t\t\t\t\t\t\t\t\t\t<\/div>\n\t\t\t\t<\/div>\n\t\t\t\t<section class=\"elementor-section elementor-inner-section elementor-element elementor-element-e09477d elementor-section-boxed elementor-section-height-default elementor-section-height-default\" data-id=\"e09477d\" data-element_type=\"section\" data-e-type=\"section\" data-settings=\"{&quot;_ha_eqh_enable&quot;:false}\">\n\t\t\t\t\t\t<div class=\"elementor-container elementor-column-gap-default\">\n\t\t\t\t\t<div class=\"elementor-column elementor-col-100 elementor-inner-column elementor-element elementor-element-26cacb0c\" data-id=\"26cacb0c\" data-element_type=\"column\" data-e-type=\"column\">\n\t\t\t<div class=\"elementor-widget-wrap elementor-element-populated\">\n\t\t\t\t\t\t<div class=\"elementor-element elementor-element-3a1ee1b8 elementor-widget elementor-widget-html\" data-id=\"3a1ee1b8\" data-element_type=\"widget\" data-e-type=\"widget\" data-widget_type=\"html.default\">\n\t\t\t\t<div class=\"elementor-widget-container\">\n\t\t\t\t\t<script type=\"text\/javascript\">\n\/** Finisher Header - Correcci\u00f3n de visibilidad de colores **\/\n!function(e,t){\"object\"==typeof exports&&\"undefined\"!=typeof module?module.exports=t():\"function\"==typeof define&&define.amd?define(t):(e=e||self).FinisherHeader=t()}(this,function(){\"use strict\";return function(e){var t=this;this.opts=e,this.container=null,this.canvas=null,this.ctx=null,this.particles=[],this.anim=null,this.mouse={x:-1000,y:-1000};this.init=function(){if(t.container=document.querySelector(\".finisher-header\"),t.container){t.canvas=document.createElement(\"canvas\"),t.container.appendChild(t.canvas),t.ctx=t.canvas.getContext(\"2d\"),t.resize();\nwindow.addEventListener(\"mousemove\",function(e){var rect=t.canvas.getBoundingClientRect();t.mouse.x=e.clientX-rect.left;t.mouse.y=e.clientY-rect.top;});\nfor(var e=0;e<t.opts.count;e++)t.particles.push(t.createParticle(e));t.loop()}},\nthis.createParticle=function(index){var colorUnico=t.opts.colors.particles[index%t.opts.colors.particles.length];return{x:Math.random()*t.canvas.width,y:Math.random()*t.canvas.height,vx:(Math.random()*(t.opts.speed.x.max-t.opts.speed.x.min)+t.opts.speed.x.min)*(Math.random()<.5?1:-1),vy:(Math.random()*(t.opts.speed.y.max-t.opts.speed.y.min)+t.opts.speed.y.min)*(Math.random()<.5?1:-1),size:Math.random()*(t.opts.size.max-t.opts.size.min)+t.opts.size.min,color:colorUnico}},\nthis.draw=function(){\n    \/\/ Dibuja el fondo\n    t.ctx.fillStyle=t.opts.colors.background;\n    t.ctx.fillRect(0,0,t.canvas.width,t.canvas.height);\n\n    \/\/ Cambiamos 'lighten' a 'source-over' para asegurar visibilidad sobre fondo claro\n    t.ctx.globalCompositeOperation = \"source-over\";\n    for(var e=0;e<t.particles.length;e++){\n        var n=t.particles[e],dx=t.mouse.x-n.x,dy=t.mouse.y-n.y,dist=Math.sqrt(dx*dx+dy*dy),minDist=260;\n        if(dist<minDist){\n            var force=(minDist-dist)\/minDist,moveX=(dx\/dist)*force*4,moveY=(dy\/dist)*force*4;\n            n.x-=moveX;n.y-=moveY\n        }\n\n        var g = t.ctx.createRadialGradient(n.x, n.y, 0, n.x, n.y, n.size);\n        g.addColorStop(0, n.color);\n        g.addColorStop(0.4, n.color + \"aa\"); \/\/ Opacidad visible\n        g.addColorStop(1, \"rgba(240,238,233,0)\");\n        t.ctx.beginPath(),t.ctx.arc(n.x,n.y,n.size,0,2*Math.PI),t.ctx.fillStyle=g,t.ctx.fill(),\n\n        n.x+=n.vx;\n        n.y+=n.vy;\n\n        if (n.x > t.canvas.width + n.size) { n.x = -n.size; }\n        else if (n.x < -n.size) { n.x = t.canvas.width + n.size; }\n\n        if (n.y > t.canvas.height + n.size) { n.y = -n.size; }\n        else if (n.y < -n.size) { n.y = t.canvas.height + n.size; }\n    }\n},\nthis.loop=function(){t.draw(),t.anim=requestAnimationFrame(t.loop)},\nthis.resize=function(){if(t.container){t.canvas.width=t.container.clientWidth;t.canvas.height=t.container.clientHeight + 10;}},this.init()}} );\nfunction initDWM_Nuevo() {\n    var header = document.querySelector('.finisher-header');\n    if (header) {\n        new FinisherHeader({\n          \"count\": 12,\n          \"size\": {\n            \"min\": 401,\n            \"max\": 999,\n            \"pulse\": 0\n          },\n          \"speed\": {\n            \"x\": { \"min\": 0.6, \"max\": 3 },\n            \"y\": { \"min\": 0.6, \"max\": 3 }\n          },\n          \"colors\": {\n            \"background\": \"#f0eee9\",\n            \"particles\": [\n              \"#775566\", \/\/ Design House\n              \"#ceafbb\"  \/\/ Rosa\/malva claro (reemplaza al beige)\n            ]\n          },\n          \"blending\": \"none\",\n          \"opacity\": { \"center\": 1, \"edge\": 0 },\n          \"skew\": 0,\n          \"shapes\": [\"c\"]\n        });\n\n        window.addEventListener('resize', function() {\n            var c = document.querySelector('.finisher-header canvas');\n            if(c) {\n                c.width = header.clientWidth;\n                c.height = header.clientHeight + 10;\n            }\n        });\n    } else {\n        setTimeout(initDWM_Nuevo, 200);\n    }\n}\nwindow.addEventListener('load', initDWM_Nuevo);\nif(document.readyState === 'complete') { setTimeout(initDWM_Nuevo, 300); }\n<\/script>\n<style>\n  .finisher-header {\n    background-color: #f0eee9 !important;\n    position: relative !important;\n    overflow: hidden !important;\n    z-index: 1 !important;\n  }\n  .finisher-header canvas {\n    position: absolute !important;\n    top: 0 !important;\n    left: 0 !important;\n    width: 100% !important;\n    height: calc(100% + 5px) !important;\n    z-index: -1 !important;\n    display: block !important;\n    pointer-events: none !important;\n    transform: none !important;\n  }\n  .finisher-header > .elementor-container,\n  .finisher-header > .elementor-column-gap-default,\n  .finisher-header .elementor-widget-wrap {\n    position: relative !important;\n    z-index: 2 !important;\n  }\n<\/style>\t\t\t\t<\/div>\n\t\t\t\t<\/div>\n\t\t\t\t\t<\/div>\n\t\t<\/div>\n\t\t\t\t\t<\/div>\n\t\t<\/section>\n\t\t\t\t<section class=\"elementor-section elementor-inner-section elementor-element elementor-element-4c4b9373 elementor-section-full_width elementor-section-height-default elementor-section-height-default\" data-id=\"4c4b9373\" data-element_type=\"section\" data-e-type=\"section\" data-settings=\"{&quot;_ha_eqh_enable&quot;:false}\">\n\t\t\t\t\t\t<div class=\"elementor-container elementor-column-gap-default\">\n\t\t\t\t\t<div class=\"elementor-column elementor-col-50 elementor-inner-column elementor-element elementor-element-14631089\" data-id=\"14631089\" data-element_type=\"column\" data-e-type=\"column\">\n\t\t\t<div class=\"elementor-widget-wrap elementor-element-populated\">\n\t\t\t\t\t\t<div class=\"elementor-element elementor-element-12324aae elementor-widget elementor-widget-heading\" data-id=\"12324aae\" data-element_type=\"widget\" data-e-type=\"widget\" data-widget_type=\"heading.default\">\n\t\t\t\t<div class=\"elementor-widget-container\">\n\t\t\t\t\t<h2 class=\"elementor-heading-title elementor-size-default\">9 OCT \u2013 1 NOV<\/h2>\t\t\t\t<\/div>\n\t\t\t\t<\/div>\n\t\t\t\t\t<\/div>\n\t\t<\/div>\n\t\t\t\t<div class=\"elementor-column elementor-col-50 elementor-inner-column elementor-element elementor-element-58df6a35\" data-id=\"58df6a35\" data-element_type=\"column\" data-e-type=\"column\">\n\t\t\t<div class=\"elementor-widget-wrap elementor-element-populated\">\n\t\t\t\t\t\t<div class=\"elementor-element elementor-element-693e092c elementor-widget elementor-widget-heading\" data-id=\"693e092c\" data-element_type=\"widget\" data-e-type=\"widget\" data-widget_type=\"heading.default\">\n\t\t\t\t<div class=\"elementor-widget-container\">\n\t\t\t\t\t<h2 class=\"elementor-heading-title elementor-size-default\">Av. Palmas 1305<\/h2>\t\t\t\t<\/div>\n\t\t\t\t<\/div>\n\t\t\t\t<div class=\"elementor-element elementor-element-4946149 elementor-widget elementor-widget-heading\" data-id=\"4946149\" data-element_type=\"widget\" data-e-type=\"widget\" data-widget_type=\"heading.default\">\n\t\t\t\t<div class=\"elementor-widget-container\">\n\t\t\t\t\t<h2 class=\"elementor-heading-title elementor-size-default\">Av. Paseo de las Palmas 1305,\n<br>Lomas de Chapultepec VIII Secc<\/h2>\t\t\t\t<\/div>\n\t\t\t\t<\/div>\n\t\t\t\t\t<\/div>\n\t\t<\/div>\n\t\t\t\t\t<\/div>\n\t\t<\/section>\n\t\t\t\t\t<\/div>\n\t\t<\/div>\n\t\t\t\t\t<\/div>\n\t\t<\/section>\n\t\t\t\t<section class=\"elementor-section elementor-top-section elementor-element elementor-element-38209684 ct-section-stretched elementor-section-boxed elementor-section-height-default elementor-section-height-default\" data-id=\"38209684\" data-element_type=\"section\" data-e-type=\"section\" data-settings=\"{&quot;background_background&quot;:&quot;classic&quot;,&quot;_ha_eqh_enable&quot;:false}\">\n\t\t\t\t\t\t<div class=\"elementor-container elementor-column-gap-default\">\n\t\t\t\t\t<div class=\"elementor-column elementor-col-100 elementor-top-column elementor-element elementor-element-31a1b356\" data-id=\"31a1b356\" data-element_type=\"column\" data-e-type=\"column\">\n\t\t\t<div class=\"elementor-widget-wrap elementor-element-populated\">\n\t\t\t\t\t\t<div class=\"elementor-element elementor-element-b9248ee elementor-widget elementor-widget-text-editor\" data-id=\"b9248ee\" data-element_type=\"widget\" data-e-type=\"widget\" data-widget_type=\"text-editor.default\">\n\t\t\t\t<div class=\"elementor-widget-container\">\n\t\t\t\t\t\t\t\t\t<p>Consolidada en los \u00faltimos a\u00f1os como la nueva casa mexicana, la residencia m\u00e1s creativa de la Semana del Arte en CDMX abre sus puertas en este 2026. Un proyecto ic\u00f3nico de Design Week Mexico que ofrece un recorrido \u00fanico por la visi\u00f3n de arquitectos, dise\u00f1adores e interioristas, quienes transforman cada espacio en una experiencia viva para celebrar el talento, las marcas y la evoluci\u00f3n del dise\u00f1o contempor\u00e1neo en el pa\u00eds.<\/p>\t\t\t\t\t\t\t\t<\/div>\n\t\t\t\t<\/div>\n\t\t\t\t\t<\/div>\n\t\t<\/div>\n\t\t\t\t\t<\/div>\n\t\t<\/section>\n\t\t\t\t<section class=\"elementor-section elementor-top-section elementor-element elementor-element-5f384cd5 ct-section-stretched elementor-section-full_width elementor-section-height-min-height elementor-section-items-stretch elementor-section-height-default\" data-id=\"5f384cd5\" data-element_type=\"section\" data-e-type=\"section\" data-settings=\"{&quot;_ha_eqh_enable&quot;:false}\">\n\t\t\t\t\t\t<div class=\"elementor-container elementor-column-gap-default\">\n\t\t\t\t\t<div class=\"elementor-column elementor-col-50 elementor-top-column elementor-element elementor-element-40e14b27\" data-id=\"40e14b27\" data-element_type=\"column\" data-e-type=\"column\" data-settings=\"{&quot;background_background&quot;:&quot;slideshow&quot;,&quot;background_slideshow_gallery&quot;:[{&quot;id&quot;:26326,&quot;url&quot;:&quot;https:\\\/\\\/designweekmexico.com\\\/wp-content\\\/uploads\\\/2025\\\/10\\\/delbo.foto-C3enDH-1-scaled.jpg&quot;},{&quot;id&quot;:26190,&quot;url&quot;:&quot;https:\\\/\\\/designweekmexico.com\\\/wp-content\\\/uploads\\\/2025\\\/10\\\/DH-ACOO_0068-EDIT-scaled.jpg&quot;},{&quot;id&quot;:26070,&quot;url&quot;:&quot;https:\\\/\\\/designweekmexico.com\\\/wp-content\\\/uploads\\\/2025\\\/10\\\/DSC04945-HDR-scaled.jpg&quot;},{&quot;id&quot;:26011,&quot;url&quot;:&quot;https:\\\/\\\/designweekmexico.com\\\/wp-content\\\/uploads\\\/2025\\\/10\\\/008_ALUM-GALVEZ-scaled.jpg&quot;},{&quot;id&quot;:25976,&quot;url&quot;:&quot;https:\\\/\\\/designweekmexico.com\\\/wp-content\\\/uploads\\\/2025\\\/10\\\/MG_106636-1-scaled.jpg&quot;},{&quot;id&quot;:25819,&quot;url&quot;:&quot;https:\\\/\\\/designweekmexico.com\\\/wp-content\\\/uploads\\\/2025\\\/10\\\/09_WebResolution_VictoriaPlasencia_DesignHouse2025_PhotoByAlejandroRamirezOrozco-1-scaled.jpg&quot;},{&quot;id&quot;:25734,&quot;url&quot;:&quot;https:\\\/\\\/designweekmexico.com\\\/wp-content\\\/uploads\\\/2025\\\/10\\\/08_Telar-de-Talavera-Photo-by-Arturo-Arrieta-scaled.jpg&quot;},{&quot;id&quot;:25701,&quot;url&quot;:&quot;https:\\\/\\\/designweekmexico.com\\\/wp-content\\\/uploads\\\/2025\\\/10\\\/MG_2015-scaled.jpg&quot;},{&quot;id&quot;:25657,&quot;url&quot;:&quot;https:\\\/\\\/designweekmexico.com\\\/wp-content\\\/uploads\\\/2025\\\/10\\\/SUTURA_DH2025_SULKINAZKENAZI-39-scaled.jpg&quot;},{&quot;id&quot;:25630,&quot;url&quot;:&quot;https:\\\/\\\/designweekmexico.com\\\/wp-content\\\/uploads\\\/2025\\\/10\\\/17B-SARA-SHREM-DH-2025-_-FOTO\\u00a9-ALEJANDRO-X.GARCIA-S-scaled.jpg&quot;},{&quot;id&quot;:25599,&quot;url&quot;:&quot;https:\\\/\\\/designweekmexico.com\\\/wp-content\\\/uploads\\\/2025\\\/10\\\/0-05-scaled.jpg&quot;}],&quot;background_slideshow_loop&quot;:&quot;yes&quot;,&quot;background_slideshow_slide_duration&quot;:5000,&quot;background_slideshow_slide_transition&quot;:&quot;fade&quot;,&quot;background_slideshow_transition_duration&quot;:500}\">\n\t\t\t<div class=\"elementor-widget-wrap elementor-element-populated\">\n\t\t\t\t\t\t<div class=\"elementor-element elementor-element-41fef6aa elementor-widget elementor-widget-spacer\" data-id=\"41fef6aa\" data-element_type=\"widget\" data-e-type=\"widget\" data-widget_type=\"spacer.default\">\n\t\t\t\t<div class=\"elementor-widget-container\">\n\t\t\t\t\t\t\t<div class=\"elementor-spacer\">\n\t\t\t<div class=\"elementor-spacer-inner\"><\/div>\n\t\t<\/div>\n\t\t\t\t\t\t<\/div>\n\t\t\t\t<\/div>\n\t\t\t\t\t<\/div>\n\t\t<\/div>\n\t\t\t\t<div class=\"elementor-column elementor-col-50 elementor-top-column elementor-element elementor-element-5680ae08\" data-id=\"5680ae08\" data-element_type=\"column\" data-e-type=\"column\" data-settings=\"{&quot;background_background&quot;:&quot;classic&quot;}\">\n\t\t\t<div class=\"elementor-widget-wrap elementor-element-populated\">\n\t\t\t\t\t\t<div class=\"elementor-element elementor-element-3d9d1067 elementor-widget elementor-widget-heading\" data-id=\"3d9d1067\" data-element_type=\"widget\" data-e-type=\"widget\" data-widget_type=\"heading.default\">\n\t\t\t\t<div class=\"elementor-widget-container\">\n\t\t\t\t\t<h1 class=\"elementor-heading-title elementor-size-default\">DESIGN HOUSE<\/h1>\t\t\t\t<\/div>\n\t\t\t\t<\/div>\n\t\t\t\t<div class=\"elementor-element elementor-element-581abe3b elementor-widget elementor-widget-text-editor\" data-id=\"581abe3b\" data-element_type=\"widget\" data-e-type=\"widget\" data-widget_type=\"text-editor.default\">\n\t\t\t\t<div class=\"elementor-widget-container\">\n\t\t\t\t\t\t\t\t\t<p><strong>Design House,<\/strong> la plataforma estrella de <strong>Design Week Mexico,<\/strong> regresa en su decimos\u00e9ptima edici\u00f3n, consolid\u00e1ndose como un referente en el mundo del dise\u00f1o y la arquitectura. En esta ocasi\u00f3n, la casa elegida es una obra de Fernando Jackson, con un marcado estilo de los a\u00f1os 70, en la que los mejores despachos de arquitectura e interiorismo del pa\u00eds se re\u00fanen para crear espacios extraordinarios y sorprendentes.<\/p><p>En Design House, se puede apreciar la perfecta combinaci\u00f3n entre mobiliario, acabados, iluminaci\u00f3n, accesorios y arte, todos ellos pertenecientes a los reconocidos Dealers de Dise\u00f1o. Cada espacio exhibido es una obra maestra en s\u00ed misma, reflejando el talento y la creatividad de los profesionales participantes. Design House es una experiencia imprescindible para quienes buscan estar a la vanguardia en dise\u00f1o y descubrir las \u00faltimas tendencias en el mundo del interiorismo.<\/p>\t\t\t\t\t\t\t\t<\/div>\n\t\t\t\t<\/div>\n\t\t\t\t<section class=\"elementor-section elementor-inner-section elementor-element elementor-element-505fc2cf elementor-section-boxed elementor-section-height-default elementor-section-height-default\" data-id=\"505fc2cf\" data-element_type=\"section\" data-e-type=\"section\" data-settings=\"{&quot;_ha_eqh_enable&quot;:false}\">\n\t\t\t\t\t\t<div class=\"elementor-container elementor-column-gap-default\">\n\t\t\t\t\t<div class=\"elementor-column elementor-col-50 elementor-inner-column elementor-element elementor-element-3dee82da\" data-id=\"3dee82da\" data-element_type=\"column\" data-e-type=\"column\">\n\t\t\t<div class=\"elementor-widget-wrap elementor-element-populated\">\n\t\t\t\t\t\t<div class=\"elementor-element elementor-element-2c66d88 elementor-widget elementor-widget-text-editor\" data-id=\"2c66d88\" data-element_type=\"widget\" data-e-type=\"widget\" data-widget_type=\"text-editor.default\">\n\t\t\t\t<div class=\"elementor-widget-container\">\n\t\t\t\t\t\t\t\t\t<p><b>FECHAS:<br><\/b><span style=\"font-weight: 400;\">9 de octubre &#8211; 1 de noviembre<br><\/span><span style=\"font-weight: 400;\">Todos los d\u00edas:<br>10:00h a 19:00h<\/span><\/p><p><span style=\"font-family: inherit; font-size: inherit; font-style: inherit; font-variant-ligatures: inherit; font-variant-caps: inherit;\"><b>ACCESO:<br><\/b><\/span><span style=\"font-family: inherit; font-size: inherit; font-style: inherit; font-variant-ligatures: inherit; font-variant-caps: inherit;\"><span style=\"font-weight: inherit;\">Lunes a Jueves:<\/span><br><\/span><span style=\"font-family: inherit; font-size: inherit; font-style: inherit; font-variant-ligatures: inherit; font-variant-caps: inherit;\"><b>$250 MXN<br><\/b><\/span><span style=\"font-family: inherit; font-size: inherit; font-style: inherit; font-variant-ligatures: inherit; font-variant-caps: inherit;\"><span style=\"font-weight: inherit;\">Viernes a Domingo:<\/span><br><\/span><b style=\"font-family: inherit; font-size: inherit; font-style: inherit; font-variant-ligatures: inherit; font-variant-caps: inherit;\">$300 MXN<\/b><\/p>\t\t\t\t\t\t\t\t<\/div>\n\t\t\t\t<\/div>\n\t\t\t\t<div class=\"elementor-element elementor-element-a221c61 elementor-widget elementor-widget-html\" data-id=\"a221c61\" data-element_type=\"widget\" data-e-type=\"widget\" data-widget_type=\"html.default\">\n\t\t\t\t<div class=\"elementor-widget-container\">\n\t\t\t\t\t<!-- Contenido Noscript para SEO adicional -->\n<noscript><a href=\"https:\/\/designhouse26.eventbrite.com\" rel=\"noopener noreferrer\" target=\"_blank\">Comprar boletos en Eventbrite<\/a><\/noscript>\n<!-- Puedes personalizar este bot\u00f3n como quieras -->\n<button id=\"eventbrite-widget-modal-trigger-1999729946100\" type=\"button\">Boletos \u2192<\/button>\n\n<script src=\"https:\/\/www.eventbrite.com.mx\/static\/widgets\/eb_widgets.js\"><\/script>\n\n<script type=\"text\/javascript\">\n    var exampleCallback = function() {\n        console.log('Pedido completo');\n    };\n\n    window.EBWidgets.createWidget({\n        widgetType: 'checkout',\n        eventId: '1999729946100',\n        themeSettings: {\n            brandColor: '#775566',\n        },\n        modal: true,\n        modalTriggerElementId: 'eventbrite-widget-modal-trigger-1999729946100',\n        onOrderComplete: exampleCallback\n    });\n<\/script>\t\t\t\t<\/div>\n\t\t\t\t<\/div>\n\t\t\t\t\t<\/div>\n\t\t<\/div>\n\t\t\t\t<div class=\"elementor-column elementor-col-50 elementor-inner-column elementor-element elementor-element-4f08c0a9\" data-id=\"4f08c0a9\" data-element_type=\"column\" data-e-type=\"column\">\n\t\t\t<div class=\"elementor-widget-wrap elementor-element-populated\">\n\t\t\t\t\t\t<div class=\"elementor-element elementor-element-7bfed90c elementor-widget elementor-widget-text-editor\" data-id=\"7bfed90c\" data-element_type=\"widget\" data-e-type=\"widget\" data-widget_type=\"text-editor.default\">\n\t\t\t\t<div class=\"elementor-widget-container\">\n\t\t\t\t\t\t\t\t\t<p><b>UBICACI\u00d3N:<br \/><\/b><strong>Design House 2026<\/strong><br \/>Av. Paseo de las Palmas 1305, Lomas de Chapultepec VIII Secc, Miguel Hidalgo, 11000 Ciudad de M\u00e9xico, CDMX.<\/p>\t\t\t\t\t\t\t\t<\/div>\n\t\t\t\t<\/div>\n\t\t\t\t<div class=\"elementor-element elementor-element-7c0542d2 elementor-widget elementor-widget-google_maps\" data-id=\"7c0542d2\" data-element_type=\"widget\" data-e-type=\"widget\" data-widget_type=\"google_maps.default\">\n\t\t\t\t<div class=\"elementor-widget-container\">\n\t\t\t\t\t\t\t<div class=\"elementor-custom-embed\">\n\t\t\t<iframe loading=\"lazy\"\n\t\t\t\t\tsrc=\"https:\/\/www.google.com\/maps\/embed\/v1\/place?key=AIzaSyDLbUCkZFgWXa1boCm0V0IQmC-imSJAVVg&#038;q=Av%20Palmas%201305&#038;zoom=15\"\n\t\t\t\t\ttitle=\"Av Palmas 1305\"\n\t\t\t\t\taria-label=\"Av Palmas 1305\"\n\t\t\t><\/iframe>\n\t\t<\/div>\n\t\t\t\t\t\t<\/div>\n\t\t\t\t<\/div>\n\t\t\t\t\t<\/div>\n\t\t<\/div>\n\t\t\t\t\t<\/div>\n\t\t<\/section>\n\t\t\t\t\t<\/div>\n\t\t<\/div>\n\t\t\t\t\t<\/div>\n\t\t<\/section>\n\t\t\t\t<section class=\"elementor-section elementor-top-section elementor-element elementor-element-2c35648b elementor-section-boxed elementor-section-height-default elementor-section-height-default\" data-id=\"2c35648b\" data-element_type=\"section\" data-e-type=\"section\" data-settings=\"{&quot;_ha_eqh_enable&quot;:false}\">\n\t\t\t\t\t\t<div class=\"elementor-container elementor-column-gap-default\">\n\t\t\t\t\t<div class=\"elementor-column elementor-col-100 elementor-top-column elementor-element elementor-element-152b8d38\" data-id=\"152b8d38\" data-element_type=\"column\" data-e-type=\"column\">\n\t\t\t<div class=\"elementor-widget-wrap elementor-element-populated\">\n\t\t\t\t\t\t<div class=\"elementor-element elementor-element-3c3ccd82 elementor-widget elementor-widget-heading\" data-id=\"3c3ccd82\" data-element_type=\"widget\" data-e-type=\"widget\" data-widget_type=\"heading.default\">\n\t\t\t\t<div class=\"elementor-widget-container\">\n\t\t\t\t\t<h1 class=\"elementor-heading-title elementor-size-default\">PARTICIPANTES<\/h1>\t\t\t\t<\/div>\n\t\t\t\t<\/div>\n\t\t\t\t<div class=\"elementor-element elementor-element-e549258 elementor-widget elementor-widget-heading\" data-id=\"e549258\" data-element_type=\"widget\" data-e-type=\"widget\" data-widget_type=\"heading.default\">\n\t\t\t\t<div class=\"elementor-widget-container\">\n\t\t\t\t\t<h1 class=\"elementor-heading-title elementor-size-default\">2026<\/h1>\t\t\t\t<\/div>\n\t\t\t\t<\/div>\n\t\t\t\t<section class=\"elementor-section elementor-inner-section elementor-element elementor-element-4fa51aea elementor-section-boxed elementor-section-height-default elementor-section-height-default\" data-id=\"4fa51aea\" data-element_type=\"section\" data-e-type=\"section\" data-settings=\"{&quot;_ha_eqh_enable&quot;:false}\">\n\t\t\t\t\t\t<div class=\"elementor-container elementor-column-gap-default\">\n\t\t\t\t\t<div class=\"elementor-column elementor-col-100 elementor-inner-column elementor-element elementor-element-37eccf32\" data-id=\"37eccf32\" data-element_type=\"column\" data-e-type=\"column\">\n\t\t\t<div class=\"elementor-widget-wrap elementor-element-populated\">\n\t\t\t\t\t\t<div class=\"elementor-element elementor-element-38e41a9c elementor-widget elementor-widget-text-editor\" data-id=\"38e41a9c\" data-element_type=\"widget\" data-e-type=\"widget\" data-widget_type=\"text-editor.default\">\n\t\t\t\t<div class=\"elementor-widget-container\">\n\t\t\t\t\t\t\t\t\t<p>Alan Frank x Harmos<br \/>C C\u00fabica Arquitectos<br \/>Ezequiel Farca<br \/>Eva Obreg\u00f3n Santacilia<br \/>Goldberg Interiores <br \/>Helenica<br \/>Pseud\u00f3nimo<br \/>Rodrigo Noriega + Casa Palacio<br \/>Sebasti\u00e1n \u00c1ngeles + Tequila 1800<br \/>Uribe Krayer<br \/>Toro Manifesto<br \/>Arditti Arquitectos<br \/>DOMA Design<br \/>EUCLID Furniture<br \/>Legaspi + Company<br \/>CICA Paisaje + YARDCOM<br \/>Fernanda Rionda + Sebasti\u00e1n Mac Gregor<br \/>Colectivo ERRA + La Marzocco<br \/>Fran Cisneros<\/p>\t\t\t\t\t\t\t\t<\/div>\n\t\t\t\t<\/div>\n\t\t\t\t\t<\/div>\n\t\t<\/div>\n\t\t\t\t\t<\/div>\n\t\t<\/section>\n\t\t\t\t\t<\/div>\n\t\t<\/div>\n\t\t\t\t\t<\/div>\n\t\t<\/section>\n\t\t\t\t<section class=\"elementor-section elementor-top-section elementor-element elementor-element-c862584 elementor-section-boxed elementor-section-height-default elementor-section-height-default\" data-id=\"c862584\" data-element_type=\"section\" data-e-type=\"section\" data-settings=\"{&quot;_ha_eqh_enable&quot;:false}\">\n\t\t\t\t\t\t<div class=\"elementor-container elementor-column-gap-default\">\n\t\t\t\t\t<div class=\"elementor-column elementor-col-100 elementor-top-column elementor-element elementor-element-4fdca84\" data-id=\"4fdca84\" data-element_type=\"column\" data-e-type=\"column\">\n\t\t\t<div class=\"elementor-widget-wrap elementor-element-populated\">\n\t\t\t\t\t\t<div class=\"elementor-element elementor-element-e66ffe7 elementor-widget elementor-widget-heading\" data-id=\"e66ffe7\" data-element_type=\"widget\" data-e-type=\"widget\" data-widget_type=\"heading.default\">\n\t\t\t\t<div class=\"elementor-widget-container\">\n\t\t\t\t\t<h1 class=\"elementor-heading-title elementor-size-default\">BOLETOS<\/h1>\t\t\t\t<\/div>\n\t\t\t\t<\/div>\n\t\t\t\t<div class=\"elementor-element elementor-element-faa464b elementor-widget elementor-widget-html\" data-id=\"faa464b\" data-element_type=\"widget\" data-e-type=\"widget\" data-widget_type=\"html.default\">\n\t\t\t\t<div class=\"elementor-widget-container\">\n\t\t\t\t\t<div id=\"eventbrite-widget-container-1999729946100\"><\/div>\n\n<script src=\"https:\/\/www.eventbrite.com.mx\/static\/widgets\/eb_widgets.js\"><\/script>\n\n<script type=\"text\/javascript\">\n    var exampleCallback = function() {\n        console.log('Pedido completo');\n    };\n\n    window.EBWidgets.createWidget({\n        \/\/ Required\n        widgetType: 'checkout',\n        eventId: '1999729946100',\n        iframeContainerId: 'eventbrite-widget-container-1999729946100',\n\n        \/\/ Optional\n        iframeContainerHeight: 625,  \/\/ Widget height in pixels. Defaults to a minimum of 625px if not provided\n\n        themeSettings: {\n            brandColor: '#775566',\n        },\n        onOrderComplete: exampleCallback  \/\/ Method called when an order has successfully completed\n    });\n<\/script>\t\t\t\t<\/div>\n\t\t\t\t<\/div>\n\t\t\t\t\t<\/div>\n\t\t<\/div>\n\t\t\t\t\t<\/div>\n\t\t<\/section>\n\t\t\t\t<\/div>\n\t\t","protected":false},"excerpt":{"rendered":"<p>DESIGN HOUSE 9 OCT \u2013 1 NOV Av. Palmas 1305 Av. Paseo de las Palmas 1305, Lomas de Chapultepec VIII Secc Consolidada en los \u00faltimos a\u00f1os como la nueva casa mexicana, la residencia m\u00e1s creativa de la Semana del Arte en CDMX abre sus puertas en este 2026. Un proyecto ic\u00f3nico de Design Week Mexico [&hellip;]<\/p>\n","protected":false},"author":175,"featured_media":0,"comment_status":"closed","ping_status":"closed","sticky":false,"template":"","format":"standard","meta":{"_themeisle_gutenberg_block_has_review":false,"_jetpack_newsletter_access":"","_jetpack_dont_email_post_to_subs":false,"_jetpack_newsletter_tier_id":0,"_jetpack_memberships_contains_paywalled_content":false,"_jetpack_feature_clip_id":0,"_jetpack_memberships_contains_paid_content":false,"footnotes":"","jetpack_post_was_ever_published":false},"categories":[168],"tags":[],"class_list":["post-28056","post","type-post","status-publish","format-standard","hentry","category-programa"],"blocksy_meta":{"has_hero_section":"disabled","disable_featured_image":"yes","disable_posts_navigation":"yes","styles_descriptor":{"styles":{"desktop":"","tablet":"","mobile":""},"google_fonts":[],"version":8}},"yoast_head":"<!-- This site is optimized with the Yoast SEO plugin v28.4 - https:\/\/yoast.com\/product\/yoast-seo-wordpress\/ -->\n<title>Design House - Design Week Mexico<\/title>\n<meta name=\"robots\" content=\"index, follow, max-snippet:-1, max-image-preview:large, max-video-preview:-1\" \/>\n<link rel=\"canonical\" href=\"https:\/\/designweekmexico.com\/en\/programa\/design-house\/\" \/>\n<meta property=\"og:locale\" content=\"en_US\" \/>\n<meta property=\"og:type\" content=\"article\" \/>\n<meta property=\"og:title\" content=\"Design House - Design Week Mexico\" \/>\n<meta property=\"og:description\" content=\"DESIGN HOUSE 9 OCT \u2013 1 NOV Av. Palmas 1305 Av. Paseo de las Palmas 1305, Lomas de Chapultepec VIII Secc Consolidada en los \u00faltimos a\u00f1os como la nueva casa mexicana, la residencia m\u00e1s creativa de la Semana del Arte en CDMX abre sus puertas en este 2026. Un proyecto ic\u00f3nico de Design Week Mexico [&hellip;]\" \/>\n<meta property=\"og:url\" content=\"https:\/\/designweekmexico.com\/en\/programa\/design-house\/\" \/>\n<meta property=\"og:site_name\" content=\"Design Week Mexico\" \/>\n<meta property=\"article:publisher\" content=\"https:\/\/www.facebook.com\/designweekmex\" \/>\n<meta property=\"article:published_time\" content=\"2026-08-13T17:57:55+00:00\" \/>\n<meta property=\"article:modified_time\" content=\"2026-09-04T18:43:28+00:00\" \/>\n<meta property=\"og:image\" content=\"https:\/\/designweekmexico.com\/wp-content\/uploads\/2026\/08\/01_Telar-de-Talavera-Photo-by-Arturo-Arrieta-copy.jpg\" \/>\n\t<meta property=\"og:image:width\" content=\"1920\" \/>\n\t<meta property=\"og:image:height\" content=\"1281\" \/>\n\t<meta property=\"og:image:type\" content=\"image\/jpeg\" \/>\n<meta name=\"author\" content=\"Design Week Mexico\" \/>\n<meta name=\"twitter:card\" content=\"summary_large_image\" \/>\n<meta name=\"twitter:creator\" content=\"@designweekmex\" \/>\n<meta name=\"twitter:site\" content=\"@designweekmex\" \/>\n<meta name=\"twitter:label1\" content=\"Written by\" \/>\n\t<meta name=\"twitter:data1\" content=\"Design Week Mexico\" \/>\n\t<meta name=\"twitter:label2\" content=\"Est. reading time\" \/>\n\t<meta name=\"twitter:data2\" content=\"2 minutes\" \/>\n<script type=\"application\/ld+json\" class=\"yoast-schema-graph\">{\"@context\":\"https:\\\/\\\/schema.org\",\"@graph\":[{\"@type\":\"Article\",\"@id\":\"https:\\\/\\\/designweekmexico.com\\\/programa\\\/design-house\\\/#article\",\"isPartOf\":{\"@id\":\"https:\\\/\\\/designweekmexico.com\\\/programa\\\/design-house\\\/\"},\"author\":{\"name\":\"Design Week Mexico\",\"@id\":\"https:\\\/\\\/designweekmexico.com\\\/#\\\/schema\\\/person\\\/0b5016c53aa584cccbd7f8988f8bdf42\"},\"headline\":\"Design House\",\"datePublished\":\"2026-08-13T17:57:55+00:00\",\"dateModified\":\"2026-09-04T18:43:28+00:00\",\"mainEntityOfPage\":{\"@id\":\"https:\\\/\\\/designweekmexico.com\\\/programa\\\/design-house\\\/\"},\"wordCount\":332,\"publisher\":{\"@id\":\"https:\\\/\\\/designweekmexico.com\\\/#organization\"},\"image\":{\"@id\":\"https:\\\/\\\/designweekmexico.com\\\/programa\\\/design-house\\\/#primaryimage\"},\"thumbnailUrl\":\"https:\\\/\\\/designweekmexico.com\\\/wp-content\\\/uploads\\\/2026\\\/08\\\/01_Telar-de-Talavera-Photo-by-Arturo-Arrieta-copy.jpg\",\"articleSection\":[\"DWM26\"],\"inLanguage\":\"en-US\"},{\"@type\":\"WebPage\",\"@id\":\"https:\\\/\\\/designweekmexico.com\\\/programa\\\/design-house\\\/\",\"url\":\"https:\\\/\\\/designweekmexico.com\\\/programa\\\/design-house\\\/\",\"name\":\"Design House - Design Week Mexico\",\"isPartOf\":{\"@id\":\"https:\\\/\\\/designweekmexico.com\\\/#website\"},\"primaryImageOfPage\":{\"@id\":\"https:\\\/\\\/designweekmexico.com\\\/programa\\\/design-house\\\/#primaryimage\"},\"image\":{\"@id\":\"https:\\\/\\\/designweekmexico.com\\\/programa\\\/design-house\\\/#primaryimage\"},\"thumbnailUrl\":\"https:\\\/\\\/designweekmexico.com\\\/wp-content\\\/uploads\\\/2026\\\/08\\\/01_Telar-de-Talavera-Photo-by-Arturo-Arrieta-copy.jpg\",\"datePublished\":\"2026-08-13T17:57:55+00:00\",\"dateModified\":\"2026-09-04T18:43:28+00:00\",\"breadcrumb\":{\"@id\":\"https:\\\/\\\/designweekmexico.com\\\/programa\\\/design-house\\\/#breadcrumb\"},\"inLanguage\":\"en-US\",\"potentialAction\":[{\"@type\":\"ReadAction\",\"target\":[\"https:\\\/\\\/designweekmexico.com\\\/programa\\\/design-house\\\/\"]}]},{\"@type\":\"ImageObject\",\"inLanguage\":\"en-US\",\"@id\":\"https:\\\/\\\/designweekmexico.com\\\/programa\\\/design-house\\\/#primaryimage\",\"url\":\"https:\\\/\\\/designweekmexico.com\\\/wp-content\\\/uploads\\\/2026\\\/08\\\/01_Telar-de-Talavera-Photo-by-Arturo-Arrieta-copy.jpg\",\"contentUrl\":\"https:\\\/\\\/designweekmexico.com\\\/wp-content\\\/uploads\\\/2026\\\/08\\\/01_Telar-de-Talavera-Photo-by-Arturo-Arrieta-copy.jpg\"},{\"@type\":\"BreadcrumbList\",\"@id\":\"https:\\\/\\\/designweekmexico.com\\\/programa\\\/design-house\\\/#breadcrumb\",\"itemListElement\":[{\"@type\":\"ListItem\",\"position\":1,\"name\":\"Inicio\",\"item\":\"https:\\\/\\\/designweekmexico.com\\\/\"},{\"@type\":\"ListItem\",\"position\":2,\"name\":\"Design House\"}]},{\"@type\":\"WebSite\",\"@id\":\"https:\\\/\\\/designweekmexico.com\\\/#website\",\"url\":\"https:\\\/\\\/designweekmexico.com\\\/\",\"name\":\"Design Week Mexico\",\"description\":\"Dise\u00f1ando el futuro...\",\"publisher\":{\"@id\":\"https:\\\/\\\/designweekmexico.com\\\/#organization\"},\"potentialAction\":[{\"@type\":\"SearchAction\",\"target\":{\"@type\":\"EntryPoint\",\"urlTemplate\":\"https:\\\/\\\/designweekmexico.com\\\/?s={search_term_string}\"},\"query-input\":{\"@type\":\"PropertyValueSpecification\",\"valueRequired\":true,\"valueName\":\"search_term_string\"}}],\"inLanguage\":\"en-US\"},{\"@type\":\"Organization\",\"@id\":\"https:\\\/\\\/designweekmexico.com\\\/#organization\",\"name\":\"Design Week Mexico\",\"url\":\"https:\\\/\\\/designweekmexico.com\\\/\",\"logo\":{\"@type\":\"ImageObject\",\"inLanguage\":\"en-US\",\"@id\":\"https:\\\/\\\/designweekmexico.com\\\/#\\\/schema\\\/logo\\\/image\\\/\",\"url\":\"https:\\\/\\\/designweekmexico.com\\\/wp-content\\\/uploads\\\/2026\\\/04\\\/Asset-58-70eae4-3141d7.svg\",\"contentUrl\":\"https:\\\/\\\/designweekmexico.com\\\/wp-content\\\/uploads\\\/2026\\\/04\\\/Asset-58-70eae4-3141d7.svg\",\"width\":1741,\"height\":103,\"caption\":\"Design Week Mexico\"},\"image\":{\"@id\":\"https:\\\/\\\/designweekmexico.com\\\/#\\\/schema\\\/logo\\\/image\\\/\"},\"sameAs\":[\"https:\\\/\\\/www.facebook.com\\\/designweekmex\",\"https:\\\/\\\/x.com\\\/designweekmex\",\"https:\\\/\\\/www.instagram.com\\\/designweekmex\\\/\",\"https:\\\/\\\/www.youtube.com\\\/user\\\/designweekmexico\",\"https:\\\/\\\/vimeo.com\\\/designweekmexico\",\"https:\\\/\\\/www.linkedin.com\\\/company\\\/designweekmx\\\/\"]},{\"@type\":\"Person\",\"@id\":\"https:\\\/\\\/designweekmexico.com\\\/#\\\/schema\\\/person\\\/0b5016c53aa584cccbd7f8988f8bdf42\",\"name\":\"Design Week Mexico\",\"image\":{\"@type\":\"ImageObject\",\"inLanguage\":\"en-US\",\"@id\":\"https:\\\/\\\/secure.gravatar.com\\\/avatar\\\/0830bfc50cafacf340fb14966c0f6cc5c88935cded635f38ae2ed050785fd609?s=96&d=mm&r=g\",\"url\":\"https:\\\/\\\/secure.gravatar.com\\\/avatar\\\/0830bfc50cafacf340fb14966c0f6cc5c88935cded635f38ae2ed050785fd609?s=96&d=mm&r=g\",\"contentUrl\":\"https:\\\/\\\/secure.gravatar.com\\\/avatar\\\/0830bfc50cafacf340fb14966c0f6cc5c88935cded635f38ae2ed050785fd609?s=96&d=mm&r=g\",\"caption\":\"Design Week Mexico\"},\"url\":\"https:\\\/\\\/designweekmexico.com\\\/en\\\/author\\\/designweekmexico\\\/\"}]}<\/script>\n<!-- \/ Yoast SEO plugin. -->","yoast_head_json":{"title":"Design House - Design Week Mexico","robots":{"index":"index","follow":"follow","max-snippet":"max-snippet:-1","max-image-preview":"max-image-preview:large","max-video-preview":"max-video-preview:-1"},"canonical":"https:\/\/designweekmexico.com\/en\/programa\/design-house\/","og_locale":"en_US","og_type":"article","og_title":"Design House - Design Week Mexico","og_description":"DESIGN HOUSE 9 OCT \u2013 1 NOV Av. Palmas 1305 Av. Paseo de las Palmas 1305, Lomas de Chapultepec VIII Secc Consolidada en los \u00faltimos a\u00f1os como la nueva casa mexicana, la residencia m\u00e1s creativa de la Semana del Arte en CDMX abre sus puertas en este 2026. Un proyecto ic\u00f3nico de Design Week Mexico [&hellip;]","og_url":"https:\/\/designweekmexico.com\/en\/programa\/design-house\/","og_site_name":"Design Week Mexico","article_publisher":"https:\/\/www.facebook.com\/designweekmex","article_published_time":"2026-08-13T17:57:55+00:00","article_modified_time":"2026-09-04T18:43:28+00:00","og_image":[{"width":1920,"height":1281,"url":"https:\/\/designweekmexico.com\/wp-content\/uploads\/2026\/08\/01_Telar-de-Talavera-Photo-by-Arturo-Arrieta-copy.jpg","type":"image\/jpeg"}],"author":"Design Week Mexico","twitter_card":"summary_large_image","twitter_creator":"@designweekmex","twitter_site":"@designweekmex","twitter_misc":{"Written by":"Design Week Mexico","Est. reading time":"2 minutes"},"schema":{"@context":"https:\/\/schema.org","@graph":[{"@type":"Article","@id":"https:\/\/designweekmexico.com\/programa\/design-house\/#article","isPartOf":{"@id":"https:\/\/designweekmexico.com\/programa\/design-house\/"},"author":{"name":"Design Week Mexico","@id":"https:\/\/designweekmexico.com\/#\/schema\/person\/0b5016c53aa584cccbd7f8988f8bdf42"},"headline":"Design House","datePublished":"2026-08-13T17:57:55+00:00","dateModified":"2026-09-04T18:43:28+00:00","mainEntityOfPage":{"@id":"https:\/\/designweekmexico.com\/programa\/design-house\/"},"wordCount":332,"publisher":{"@id":"https:\/\/designweekmexico.com\/#organization"},"image":{"@id":"https:\/\/designweekmexico.com\/programa\/design-house\/#primaryimage"},"thumbnailUrl":"https:\/\/designweekmexico.com\/wp-content\/uploads\/2026\/08\/01_Telar-de-Talavera-Photo-by-Arturo-Arrieta-copy.jpg","articleSection":["DWM26"],"inLanguage":"en-US"},{"@type":"WebPage","@id":"https:\/\/designweekmexico.com\/programa\/design-house\/","url":"https:\/\/designweekmexico.com\/programa\/design-house\/","name":"Design House - Design Week Mexico","isPartOf":{"@id":"https:\/\/designweekmexico.com\/#website"},"primaryImageOfPage":{"@id":"https:\/\/designweekmexico.com\/programa\/design-house\/#primaryimage"},"image":{"@id":"https:\/\/designweekmexico.com\/programa\/design-house\/#primaryimage"},"thumbnailUrl":"https:\/\/designweekmexico.com\/wp-content\/uploads\/2026\/08\/01_Telar-de-Talavera-Photo-by-Arturo-Arrieta-copy.jpg","datePublished":"2026-08-13T17:57:55+00:00","dateModified":"2026-09-04T18:43:28+00:00","breadcrumb":{"@id":"https:\/\/designweekmexico.com\/programa\/design-house\/#breadcrumb"},"inLanguage":"en-US","potentialAction":[{"@type":"ReadAction","target":["https:\/\/designweekmexico.com\/programa\/design-house\/"]}]},{"@type":"ImageObject","inLanguage":"en-US","@id":"https:\/\/designweekmexico.com\/programa\/design-house\/#primaryimage","url":"https:\/\/designweekmexico.com\/wp-content\/uploads\/2026\/08\/01_Telar-de-Talavera-Photo-by-Arturo-Arrieta-copy.jpg","contentUrl":"https:\/\/designweekmexico.com\/wp-content\/uploads\/2026\/08\/01_Telar-de-Talavera-Photo-by-Arturo-Arrieta-copy.jpg"},{"@type":"BreadcrumbList","@id":"https:\/\/designweekmexico.com\/programa\/design-house\/#breadcrumb","itemListElement":[{"@type":"ListItem","position":1,"name":"Inicio","item":"https:\/\/designweekmexico.com\/"},{"@type":"ListItem","position":2,"name":"Design House"}]},{"@type":"WebSite","@id":"https:\/\/designweekmexico.com\/#website","url":"https:\/\/designweekmexico.com\/","name":"Design Week Mexico","description":"Dise\u00f1ando el futuro...","publisher":{"@id":"https:\/\/designweekmexico.com\/#organization"},"potentialAction":[{"@type":"SearchAction","target":{"@type":"EntryPoint","urlTemplate":"https:\/\/designweekmexico.com\/?s={search_term_string}"},"query-input":{"@type":"PropertyValueSpecification","valueRequired":true,"valueName":"search_term_string"}}],"inLanguage":"en-US"},{"@type":"Organization","@id":"https:\/\/designweekmexico.com\/#organization","name":"Design Week Mexico","url":"https:\/\/designweekmexico.com\/","logo":{"@type":"ImageObject","inLanguage":"en-US","@id":"https:\/\/designweekmexico.com\/#\/schema\/logo\/image\/","url":"https:\/\/designweekmexico.com\/wp-content\/uploads\/2026\/04\/Asset-58-70eae4-3141d7.svg","contentUrl":"https:\/\/designweekmexico.com\/wp-content\/uploads\/2026\/04\/Asset-58-70eae4-3141d7.svg","width":1741,"height":103,"caption":"Design Week Mexico"},"image":{"@id":"https:\/\/designweekmexico.com\/#\/schema\/logo\/image\/"},"sameAs":["https:\/\/www.facebook.com\/designweekmex","https:\/\/x.com\/designweekmex","https:\/\/www.instagram.com\/designweekmex\/","https:\/\/www.youtube.com\/user\/designweekmexico","https:\/\/vimeo.com\/designweekmexico","https:\/\/www.linkedin.com\/company\/designweekmx\/"]},{"@type":"Person","@id":"https:\/\/designweekmexico.com\/#\/schema\/person\/0b5016c53aa584cccbd7f8988f8bdf42","name":"Design Week Mexico","image":{"@type":"ImageObject","inLanguage":"en-US","@id":"https:\/\/secure.gravatar.com\/avatar\/0830bfc50cafacf340fb14966c0f6cc5c88935cded635f38ae2ed050785fd609?s=96&d=mm&r=g","url":"https:\/\/secure.gravatar.com\/avatar\/0830bfc50cafacf340fb14966c0f6cc5c88935cded635f38ae2ed050785fd609?s=96&d=mm&r=g","contentUrl":"https:\/\/secure.gravatar.com\/avatar\/0830bfc50cafacf340fb14966c0f6cc5c88935cded635f38ae2ed050785fd609?s=96&d=mm&r=g","caption":"Design Week Mexico"},"url":"https:\/\/designweekmexico.com\/en\/author\/designweekmexico\/"}]}},"jetpack_sharing_enabled":true,"jetpack_featured_media_url":"","_links":{"self":[{"href":"https:\/\/designweekmexico.com\/en\/wp-json\/wp\/v2\/posts\/28056","targetHints":{"allow":["GET"]}}],"collection":[{"href":"https:\/\/designweekmexico.com\/en\/wp-json\/wp\/v2\/posts"}],"about":[{"href":"https:\/\/designweekmexico.com\/en\/wp-json\/wp\/v2\/types\/post"}],"author":[{"embeddable":true,"href":"https:\/\/designweekmexico.com\/en\/wp-json\/wp\/v2\/users\/175"}],"replies":[{"embeddable":true,"href":"https:\/\/designweekmexico.com\/en\/wp-json\/wp\/v2\/comments?post=28056"}],"version-history":[{"count":16,"href":"https:\/\/designweekmexico.com\/en\/wp-json\/wp\/v2\/posts\/28056\/revisions"}],"predecessor-version":[{"id":28615,"href":"https:\/\/designweekmexico.com\/en\/wp-json\/wp\/v2\/posts\/28056\/revisions\/28615"}],"wp:attachment":[{"href":"https:\/\/designweekmexico.com\/en\/wp-json\/wp\/v2\/media?parent=28056"}],"wp:term":[{"taxonomy":"category","embeddable":true,"href":"https:\/\/designweekmexico.com\/en\/wp-json\/wp\/v2\/categories?post=28056"},{"taxonomy":"post_tag","embeddable":true,"href":"https:\/\/designweekmexico.com\/en\/wp-json\/wp\/v2\/tags?post=28056"}],"curies":[{"name":"wp","href":"https:\/\/api.w.org\/{rel}","templated":true}]}}