{"id":3149,"date":"2021-06-08T13:13:24","date_gmt":"2021-06-08T18:13:24","guid":{"rendered":"https:\/\/designweekmexico.com\/?p=3149"},"modified":"2023-07-18T12:48:08","modified_gmt":"2023-07-18T17:48:08","slug":"inedito-21","status":"publish","type":"post","link":"https:\/\/designweekmexico.com\/en\/programa-2021\/inedito-21\/","title":{"rendered":"In\u00e9dito 2021"},"content":{"rendered":"<div class=\"wp-block-columns is-layout-flex wp-container-core-columns-is-layout-28f84493 wp-block-columns-is-layout-flex\">\n<div class=\"wp-block-column is-layout-flow wp-block-column-is-layout-flow\">\n<h4 class=\"wp-block-heading\" id=\"fecha\">Dates<\/h4>\n\n\n\n<p class=\"has-medium-font-size\">14 oct 2021 \u2013 27 feb 2022<\/p>\n\n\n\n<p><meta charset=\"utf-8\"><strong>Monday to Sunday<br><\/strong>10:30am &#8211; 6:00pm<\/p>\n\n\n\n<div class=\"wp-block-buttons is-layout-flex wp-block-buttons-is-layout-flex\">\n<div class=\"wp-block-button\"><a class=\"wp-block-button__link\" href=\"https:\/\/inedito2021.eventbrite.com\">Reservar Visita<\/a><\/div>\n<\/div>\n\n\n\n<div style=\"height:20px\" aria-hidden=\"true\" class=\"wp-block-spacer\"><\/div>\n\n\n\n<h4 class=\"wp-block-heading\" id=\"catalogo\">Cat\u00e1logo<\/h4>\n\n\n\n<div class=\"wp-block-buttons is-layout-flex wp-block-buttons-is-layout-flex\">\n<div class=\"wp-block-button\"><a class=\"wp-block-button__link\" href=\"https:\/\/designweekmexico.com\/catalogo\/in\/\">Piezas In\u00e9dito<\/a><\/div>\n<\/div>\n<\/div>\n\n\n\n<div class=\"wp-block-column is-layout-flow wp-block-column-is-layout-flow\">\n<h4 class=\"wp-block-heading\" id=\"lugar\">Location<\/h4>\n\n\n\n<p><strong>Museo Espacio CDMX<br><\/strong>Av. de los Compositores 4,<br>Bosque de Chapultepec II Secc,<br>Miguel Hidalgo, 11100, CDMX<\/p>\n\n\n\n<p><a href=\"https:\/\/www.google.com\/maps\/dir\/\/Espacio+CDMX,+Arquitectura+y+Dise%C3%B1o,+Av.+de+los+Compositores+4,+Bosque+de+Chapultepec+II+Secc,+Miguel+Hidalgo,+11100+Ciudad+de+M%C3%A9xico,+CDMX\/@19.411289,-99.2049483,17z\/data=!4m16!1m6!3m5!1s0x85d201e8c4690341:0xdf5969e834e449e!2sEspacio+CDMX,+Arquitectura+y+Dise%C3%B1o!8m2!3d19.411284!4d-99.2027543!4m8!1m0!1m5!1m1!1s0x85d201e8c4690341:0xdf5969e834e449e!2m2!1d-99.2027543!2d19.411284!3e2\" target=\"_blank\" rel=\"noreferrer noopener\">C\u00f3mo llegar<\/a><\/p>\n\n\n\n<iframe src=\"https:\/\/www.google.com\/maps\/embed?pb=!1m18!1m12!1m3!1d3763.025849949895!2d-99.20494834986631!3d19.411289046328285!2m3!1f0!2f0!3f0!3m2!1i1024!2i768!4f13.1!3m3!1m2!1s0x85d201e8c4690341%3A0xdf5969e834e449e!2sEspacio%20CDMX%2C%20Arquitectura%20y%20Dise%C3%B1o!5e0!3m2!1ses-419!2smx!4v1601610641147!5m2!1ses-419!2smx\" width=\"400\" height=\"250\" frameborder=\"0\" style=\"border:0;\" allowfullscreen=\"\" aria-hidden=\"false\" tabindex=\"0\"><\/iframe>\n<\/div>\n<\/div>\n\n\n\n<hr class=\"wp-block-separator has-text-color has-background is-style-wide\" style=\"background-color:#999999;color:#999999\"\/>\n\n\n\n<div class=\"wp-block-getwid-images-slider has-arrows-inside has-dots-inside has-images-center has-cropped-images has-fixed-height\"><div class=\"wp-block-getwid-images-slider__wrapper\" data-effect=\"slide\" data-slides-show=\"1\" data-slides-show-laptop=\"1\" data-slides-show-tablet=\"1\" data-slides-show-mobile=\"1\" data-slides-scroll=\"1\" data-autoplay=\"false\" data-autoplay-speed=\"6000\" data-infinite=\"true\" data-animation-speed=\"800\" data-center-mode=\"false\" data-variable-width=\"false\" data-arrows=\"inside\" data-dots=\"inside\" data-spacing=\"none\"><div class=\"wp-block-getwid-images-slider__item\" style=\"height:500px\"><figure><img fetchpriority=\"high\" decoding=\"async\" width=\"2540\" height=\"1693\" data-attachment-id=\"5561\" data-permalink=\"https:\/\/designweekmexico.com\/en\/programa-2021\/inedito-21\/attachment\/x_03681\/\" data-orig-file=\"https:\/\/designweekmexico.com\/wp-content\/uploads\/2021\/11\/X_03681.jpg\" data-orig-size=\"2540,1693\" data-comments-opened=\"1\" data-image-meta=\"{&quot;aperture&quot;:&quot;16&quot;,&quot;credit&quot;:&quot;Max Carballo\\rPhoto\\u0026amp;Fineart&quot;,&quot;camera&quot;:&quot;Canon EOS 5DS R&quot;,&quot;caption&quot;:&quot;&quot;,&quot;created_timestamp&quot;:&quot;1635969264&quot;,&quot;copyright&quot;:&quot;All Rights Reserved 2021&quot;,&quot;focal_length&quot;:&quot;17&quot;,&quot;iso&quot;:&quot;50&quot;,&quot;shutter_speed&quot;:&quot;10&quot;,&quot;title&quot;:&quot;&quot;,&quot;orientation&quot;:&quot;1&quot;}\" data-image-title=\"X_03681\" data-image-description=\"\" data-image-caption=\"\" data-medium-file=\"https:\/\/designweekmexico.com\/wp-content\/uploads\/2021\/11\/X_03681-300x200.jpg\" data-large-file=\"https:\/\/designweekmexico.com\/wp-content\/uploads\/2021\/11\/X_03681-1024x683.jpg\" src=\"https:\/\/designweekmexico.com\/wp-content\/uploads\/2021\/11\/X_03681.jpg\" data-id=\"5561\" data-link=\"https:\/\/designweekmexico.com\/programa\/inedito\/attachment\/x_03681\/\" data-original-link=\"https:\/\/designweekmexico.com\/wp-content\/uploads\/2021\/11\/X_03681.jpg\" class=\"wp-block-getwid-images-slider__image wp-image-5561\" srcset=\"https:\/\/designweekmexico.com\/wp-content\/uploads\/2021\/11\/X_03681.jpg 2540w, https:\/\/designweekmexico.com\/wp-content\/uploads\/2021\/11\/X_03681-1920x1280.jpg 1920w, https:\/\/designweekmexico.com\/wp-content\/uploads\/2021\/11\/X_03681-300x200.jpg 300w, https:\/\/designweekmexico.com\/wp-content\/uploads\/2021\/11\/X_03681-1024x683.jpg 1024w, https:\/\/designweekmexico.com\/wp-content\/uploads\/2021\/11\/X_03681-768x512.jpg 768w, https:\/\/designweekmexico.com\/wp-content\/uploads\/2021\/11\/X_03681-1536x1024.jpg 1536w, https:\/\/designweekmexico.com\/wp-content\/uploads\/2021\/11\/X_03681-2048x1365.jpg 2048w, https:\/\/designweekmexico.com\/wp-content\/uploads\/2021\/11\/X_03681-18x12.jpg 18w\" sizes=\"(max-width: 2540px) 100vw, 2540px\" \/><\/figure><\/div><div class=\"wp-block-getwid-images-slider__item\" style=\"height:500px\"><figure><img decoding=\"async\" width=\"2560\" height=\"1046\" data-attachment-id=\"5562\" data-permalink=\"https:\/\/designweekmexico.com\/en\/programa-2021\/inedito-21\/attachment\/x_03682\/\" data-orig-file=\"https:\/\/designweekmexico.com\/wp-content\/uploads\/2021\/11\/X_03682-scaled.jpg\" data-orig-size=\"2560,1046\" data-comments-opened=\"1\" data-image-meta=\"{&quot;aperture&quot;:&quot;16&quot;,&quot;credit&quot;:&quot;Max Carballo\\rPhoto\\u0026amp;Fineart&quot;,&quot;camera&quot;:&quot;Canon EOS 5DS R&quot;,&quot;caption&quot;:&quot;&quot;,&quot;created_timestamp&quot;:&quot;1635969780&quot;,&quot;copyright&quot;:&quot;All Rights Reserved 2021&quot;,&quot;focal_length&quot;:&quot;24&quot;,&quot;iso&quot;:&quot;50&quot;,&quot;shutter_speed&quot;:&quot;4&quot;,&quot;title&quot;:&quot;&quot;,&quot;orientation&quot;:&quot;1&quot;}\" data-image-title=\"X_03682\" data-image-description=\"\" data-image-caption=\"\" data-medium-file=\"https:\/\/designweekmexico.com\/wp-content\/uploads\/2021\/11\/X_03682-300x123.jpg\" data-large-file=\"https:\/\/designweekmexico.com\/wp-content\/uploads\/2021\/11\/X_03682-1024x419.jpg\" src=\"https:\/\/designweekmexico.com\/wp-content\/uploads\/2021\/11\/X_03682-scaled.jpg\" data-id=\"5562\" data-link=\"https:\/\/designweekmexico.com\/programa\/inedito\/attachment\/x_03682\/\" data-original-link=\"https:\/\/designweekmexico.com\/wp-content\/uploads\/2021\/11\/X_03682-scaled.jpg\" class=\"wp-block-getwid-images-slider__image wp-image-5562\" srcset=\"https:\/\/designweekmexico.com\/wp-content\/uploads\/2021\/11\/X_03682-scaled.jpg 2560w, https:\/\/designweekmexico.com\/wp-content\/uploads\/2021\/11\/X_03682-1920x785.jpg 1920w, https:\/\/designweekmexico.com\/wp-content\/uploads\/2021\/11\/X_03682-300x123.jpg 300w, https:\/\/designweekmexico.com\/wp-content\/uploads\/2021\/11\/X_03682-1024x419.jpg 1024w, https:\/\/designweekmexico.com\/wp-content\/uploads\/2021\/11\/X_03682-768x314.jpg 768w, https:\/\/designweekmexico.com\/wp-content\/uploads\/2021\/11\/X_03682-1536x628.jpg 1536w, https:\/\/designweekmexico.com\/wp-content\/uploads\/2021\/11\/X_03682-2048x837.jpg 2048w, https:\/\/designweekmexico.com\/wp-content\/uploads\/2021\/11\/X_03682-18x7.jpg 18w\" sizes=\"(max-width: 2560px) 100vw, 2560px\" \/><\/figure><\/div><div class=\"wp-block-getwid-images-slider__item\" style=\"height:500px\"><figure><img decoding=\"async\" width=\"2560\" height=\"1440\" data-attachment-id=\"5564\" data-permalink=\"https:\/\/designweekmexico.com\/en\/programa-2021\/inedito-21\/attachment\/x_03686\/\" data-orig-file=\"https:\/\/designweekmexico.com\/wp-content\/uploads\/2021\/11\/X_03686-scaled.jpg\" data-orig-size=\"2560,1440\" data-comments-opened=\"1\" data-image-meta=\"{&quot;aperture&quot;:&quot;16&quot;,&quot;credit&quot;:&quot;Max Carballo\\rPhoto\\u0026amp;Fineart&quot;,&quot;camera&quot;:&quot;Canon EOS 5DS R&quot;,&quot;caption&quot;:&quot;&quot;,&quot;created_timestamp&quot;:&quot;1635970358&quot;,&quot;copyright&quot;:&quot;All Rights Reserved 2021&quot;,&quot;focal_length&quot;:&quot;17&quot;,&quot;iso&quot;:&quot;50&quot;,&quot;shutter_speed&quot;:&quot;8&quot;,&quot;title&quot;:&quot;&quot;,&quot;orientation&quot;:&quot;1&quot;}\" data-image-title=\"X_03686\" data-image-description=\"\" data-image-caption=\"\" data-medium-file=\"https:\/\/designweekmexico.com\/wp-content\/uploads\/2021\/11\/X_03686-300x169.jpg\" data-large-file=\"https:\/\/designweekmexico.com\/wp-content\/uploads\/2021\/11\/X_03686-1024x576.jpg\" src=\"https:\/\/designweekmexico.com\/wp-content\/uploads\/2021\/11\/X_03686-scaled.jpg\" data-id=\"5564\" data-link=\"https:\/\/designweekmexico.com\/programa\/inedito\/attachment\/x_03686\/\" data-original-link=\"https:\/\/designweekmexico.com\/wp-content\/uploads\/2021\/11\/X_03686-scaled.jpg\" class=\"wp-block-getwid-images-slider__image wp-image-5564\" srcset=\"https:\/\/designweekmexico.com\/wp-content\/uploads\/2021\/11\/X_03686-scaled.jpg 2560w, https:\/\/designweekmexico.com\/wp-content\/uploads\/2021\/11\/X_03686-1920x1080.jpg 1920w, https:\/\/designweekmexico.com\/wp-content\/uploads\/2021\/11\/X_03686-300x169.jpg 300w, https:\/\/designweekmexico.com\/wp-content\/uploads\/2021\/11\/X_03686-1024x576.jpg 1024w, https:\/\/designweekmexico.com\/wp-content\/uploads\/2021\/11\/X_03686-768x432.jpg 768w, https:\/\/designweekmexico.com\/wp-content\/uploads\/2021\/11\/X_03686-1536x864.jpg 1536w, https:\/\/designweekmexico.com\/wp-content\/uploads\/2021\/11\/X_03686-2048x1152.jpg 2048w, https:\/\/designweekmexico.com\/wp-content\/uploads\/2021\/11\/X_03686-18x10.jpg 18w\" sizes=\"(max-width: 2560px) 100vw, 2560px\" \/><\/figure><\/div><div class=\"wp-block-getwid-images-slider__item\" style=\"height:500px\"><figure><img loading=\"lazy\" decoding=\"async\" width=\"2540\" height=\"1693\" data-attachment-id=\"5565\" data-permalink=\"https:\/\/designweekmexico.com\/en\/programa-2021\/inedito-21\/attachment\/x_03688\/\" data-orig-file=\"https:\/\/designweekmexico.com\/wp-content\/uploads\/2021\/11\/X_03688.jpg\" data-orig-size=\"2540,1693\" data-comments-opened=\"1\" data-image-meta=\"{&quot;aperture&quot;:&quot;16&quot;,&quot;credit&quot;:&quot;Max Carballo\\rPhoto\\u0026amp;Fineart&quot;,&quot;camera&quot;:&quot;Canon EOS 5DS R&quot;,&quot;caption&quot;:&quot;&quot;,&quot;created_timestamp&quot;:&quot;1635970931&quot;,&quot;copyright&quot;:&quot;All Rights Reserved 2021&quot;,&quot;focal_length&quot;:&quot;24&quot;,&quot;iso&quot;:&quot;50&quot;,&quot;shutter_speed&quot;:&quot;6&quot;,&quot;title&quot;:&quot;&quot;,&quot;orientation&quot;:&quot;1&quot;}\" data-image-title=\"X_03688\" data-image-description=\"\" data-image-caption=\"\" data-medium-file=\"https:\/\/designweekmexico.com\/wp-content\/uploads\/2021\/11\/X_03688-300x200.jpg\" data-large-file=\"https:\/\/designweekmexico.com\/wp-content\/uploads\/2021\/11\/X_03688-1024x683.jpg\" src=\"https:\/\/designweekmexico.com\/wp-content\/uploads\/2021\/11\/X_03688.jpg\" data-id=\"5565\" data-link=\"https:\/\/designweekmexico.com\/programa\/inedito\/attachment\/x_03688\/\" data-original-link=\"https:\/\/designweekmexico.com\/wp-content\/uploads\/2021\/11\/X_03688.jpg\" class=\"wp-block-getwid-images-slider__image wp-image-5565\" srcset=\"https:\/\/designweekmexico.com\/wp-content\/uploads\/2021\/11\/X_03688.jpg 2540w, https:\/\/designweekmexico.com\/wp-content\/uploads\/2021\/11\/X_03688-1920x1280.jpg 1920w, https:\/\/designweekmexico.com\/wp-content\/uploads\/2021\/11\/X_03688-300x200.jpg 300w, https:\/\/designweekmexico.com\/wp-content\/uploads\/2021\/11\/X_03688-1024x683.jpg 1024w, https:\/\/designweekmexico.com\/wp-content\/uploads\/2021\/11\/X_03688-768x512.jpg 768w, https:\/\/designweekmexico.com\/wp-content\/uploads\/2021\/11\/X_03688-1536x1024.jpg 1536w, https:\/\/designweekmexico.com\/wp-content\/uploads\/2021\/11\/X_03688-2048x1365.jpg 2048w, https:\/\/designweekmexico.com\/wp-content\/uploads\/2021\/11\/X_03688-18x12.jpg 18w\" sizes=\"(max-width: 2540px) 100vw, 2540px\" \/><\/figure><\/div><div class=\"wp-block-getwid-images-slider__item\" style=\"height:500px\"><figure><img loading=\"lazy\" decoding=\"async\" width=\"2540\" height=\"1429\" data-attachment-id=\"5566\" data-permalink=\"https:\/\/designweekmexico.com\/en\/programa-2021\/inedito-21\/attachment\/x_03691\/\" data-orig-file=\"https:\/\/designweekmexico.com\/wp-content\/uploads\/2021\/11\/X_03691.jpg\" data-orig-size=\"2540,1429\" data-comments-opened=\"1\" data-image-meta=\"{&quot;aperture&quot;:&quot;16&quot;,&quot;credit&quot;:&quot;Max Carballo\\rPhoto\\u0026amp;Fineart&quot;,&quot;camera&quot;:&quot;Canon EOS 5DS R&quot;,&quot;caption&quot;:&quot;&quot;,&quot;created_timestamp&quot;:&quot;1635971240&quot;,&quot;copyright&quot;:&quot;All Rights Reserved 2021&quot;,&quot;focal_length&quot;:&quot;24&quot;,&quot;iso&quot;:&quot;50&quot;,&quot;shutter_speed&quot;:&quot;3&quot;,&quot;title&quot;:&quot;&quot;,&quot;orientation&quot;:&quot;1&quot;}\" data-image-title=\"X_03691\" data-image-description=\"\" data-image-caption=\"\" data-medium-file=\"https:\/\/designweekmexico.com\/wp-content\/uploads\/2021\/11\/X_03691-300x169.jpg\" data-large-file=\"https:\/\/designweekmexico.com\/wp-content\/uploads\/2021\/11\/X_03691-1024x576.jpg\" src=\"https:\/\/designweekmexico.com\/wp-content\/uploads\/2021\/11\/X_03691.jpg\" data-id=\"5566\" data-link=\"https:\/\/designweekmexico.com\/programa\/inedito\/attachment\/x_03691\/\" data-original-link=\"https:\/\/designweekmexico.com\/wp-content\/uploads\/2021\/11\/X_03691.jpg\" class=\"wp-block-getwid-images-slider__image wp-image-5566\" srcset=\"https:\/\/designweekmexico.com\/wp-content\/uploads\/2021\/11\/X_03691.jpg 2540w, https:\/\/designweekmexico.com\/wp-content\/uploads\/2021\/11\/X_03691-1920x1080.jpg 1920w, https:\/\/designweekmexico.com\/wp-content\/uploads\/2021\/11\/X_03691-300x169.jpg 300w, https:\/\/designweekmexico.com\/wp-content\/uploads\/2021\/11\/X_03691-1024x576.jpg 1024w, https:\/\/designweekmexico.com\/wp-content\/uploads\/2021\/11\/X_03691-768x432.jpg 768w, https:\/\/designweekmexico.com\/wp-content\/uploads\/2021\/11\/X_03691-1536x864.jpg 1536w, https:\/\/designweekmexico.com\/wp-content\/uploads\/2021\/11\/X_03691-2048x1152.jpg 2048w, https:\/\/designweekmexico.com\/wp-content\/uploads\/2021\/11\/X_03691-18x10.jpg 18w\" sizes=\"(max-width: 2540px) 100vw, 2540px\" \/><\/figure><\/div><div class=\"wp-block-getwid-images-slider__item\" style=\"height:500px\"><figure><img loading=\"lazy\" decoding=\"async\" width=\"2540\" height=\"1693\" data-attachment-id=\"5567\" data-permalink=\"https:\/\/designweekmexico.com\/en\/programa-2021\/inedito-21\/attachment\/x_03695\/\" data-orig-file=\"https:\/\/designweekmexico.com\/wp-content\/uploads\/2021\/11\/X_03695.jpg\" data-orig-size=\"2540,1693\" data-comments-opened=\"1\" data-image-meta=\"{&quot;aperture&quot;:&quot;16&quot;,&quot;credit&quot;:&quot;Max Carballo\\rPhoto\\u0026amp;Fineart&quot;,&quot;camera&quot;:&quot;Canon EOS 5DS R&quot;,&quot;caption&quot;:&quot;&quot;,&quot;created_timestamp&quot;:&quot;1635971683&quot;,&quot;copyright&quot;:&quot;All Rights Reserved 2021&quot;,&quot;focal_length&quot;:&quot;21&quot;,&quot;iso&quot;:&quot;50&quot;,&quot;shutter_speed&quot;:&quot;10&quot;,&quot;title&quot;:&quot;&quot;,&quot;orientation&quot;:&quot;1&quot;}\" data-image-title=\"X_03695\" data-image-description=\"\" data-image-caption=\"\" data-medium-file=\"https:\/\/designweekmexico.com\/wp-content\/uploads\/2021\/11\/X_03695-300x200.jpg\" data-large-file=\"https:\/\/designweekmexico.com\/wp-content\/uploads\/2021\/11\/X_03695-1024x683.jpg\" src=\"https:\/\/designweekmexico.com\/wp-content\/uploads\/2021\/11\/X_03695.jpg\" data-id=\"5567\" data-link=\"https:\/\/designweekmexico.com\/programa\/inedito\/attachment\/x_03695\/\" data-original-link=\"https:\/\/designweekmexico.com\/wp-content\/uploads\/2021\/11\/X_03695.jpg\" class=\"wp-block-getwid-images-slider__image wp-image-5567\" srcset=\"https:\/\/designweekmexico.com\/wp-content\/uploads\/2021\/11\/X_03695.jpg 2540w, https:\/\/designweekmexico.com\/wp-content\/uploads\/2021\/11\/X_03695-1920x1280.jpg 1920w, https:\/\/designweekmexico.com\/wp-content\/uploads\/2021\/11\/X_03695-300x200.jpg 300w, https:\/\/designweekmexico.com\/wp-content\/uploads\/2021\/11\/X_03695-1024x683.jpg 1024w, https:\/\/designweekmexico.com\/wp-content\/uploads\/2021\/11\/X_03695-768x512.jpg 768w, https:\/\/designweekmexico.com\/wp-content\/uploads\/2021\/11\/X_03695-1536x1024.jpg 1536w, https:\/\/designweekmexico.com\/wp-content\/uploads\/2021\/11\/X_03695-2048x1365.jpg 2048w, https:\/\/designweekmexico.com\/wp-content\/uploads\/2021\/11\/X_03695-18x12.jpg 18w\" sizes=\"(max-width: 2540px) 100vw, 2540px\" \/><\/figure><\/div><div class=\"wp-block-getwid-images-slider__item\" style=\"height:500px\"><figure><img loading=\"lazy\" decoding=\"async\" width=\"2540\" height=\"1693\" data-attachment-id=\"5570\" data-permalink=\"https:\/\/designweekmexico.com\/en\/programa-2021\/inedito-21\/attachment\/x_03697\/\" data-orig-file=\"https:\/\/designweekmexico.com\/wp-content\/uploads\/2021\/11\/X_03697.jpg\" data-orig-size=\"2540,1693\" data-comments-opened=\"1\" data-image-meta=\"{&quot;aperture&quot;:&quot;16&quot;,&quot;credit&quot;:&quot;Max Carballo\\rPhoto\\u0026amp;Fineart&quot;,&quot;camera&quot;:&quot;Canon EOS 5DS R&quot;,&quot;caption&quot;:&quot;&quot;,&quot;created_timestamp&quot;:&quot;1635971931&quot;,&quot;copyright&quot;:&quot;All Rights Reserved 2021&quot;,&quot;focal_length&quot;:&quot;32&quot;,&quot;iso&quot;:&quot;50&quot;,&quot;shutter_speed&quot;:&quot;10&quot;,&quot;title&quot;:&quot;&quot;,&quot;orientation&quot;:&quot;1&quot;}\" data-image-title=\"X_03697\" data-image-description=\"\" data-image-caption=\"\" data-medium-file=\"https:\/\/designweekmexico.com\/wp-content\/uploads\/2021\/11\/X_03697-300x200.jpg\" data-large-file=\"https:\/\/designweekmexico.com\/wp-content\/uploads\/2021\/11\/X_03697-1024x683.jpg\" src=\"https:\/\/designweekmexico.com\/wp-content\/uploads\/2021\/11\/X_03697.jpg\" data-id=\"5570\" data-link=\"https:\/\/designweekmexico.com\/programa\/inedito\/attachment\/x_03697\/\" data-original-link=\"https:\/\/designweekmexico.com\/wp-content\/uploads\/2021\/11\/X_03697.jpg\" class=\"wp-block-getwid-images-slider__image wp-image-5570\" srcset=\"https:\/\/designweekmexico.com\/wp-content\/uploads\/2021\/11\/X_03697.jpg 2540w, https:\/\/designweekmexico.com\/wp-content\/uploads\/2021\/11\/X_03697-1920x1280.jpg 1920w, https:\/\/designweekmexico.com\/wp-content\/uploads\/2021\/11\/X_03697-300x200.jpg 300w, https:\/\/designweekmexico.com\/wp-content\/uploads\/2021\/11\/X_03697-1024x683.jpg 1024w, https:\/\/designweekmexico.com\/wp-content\/uploads\/2021\/11\/X_03697-768x512.jpg 768w, https:\/\/designweekmexico.com\/wp-content\/uploads\/2021\/11\/X_03697-1536x1024.jpg 1536w, https:\/\/designweekmexico.com\/wp-content\/uploads\/2021\/11\/X_03697-2048x1365.jpg 2048w, https:\/\/designweekmexico.com\/wp-content\/uploads\/2021\/11\/X_03697-18x12.jpg 18w\" sizes=\"(max-width: 2540px) 100vw, 2540px\" \/><\/figure><\/div><div class=\"wp-block-getwid-images-slider__item\" style=\"height:500px\"><figure><img loading=\"lazy\" decoding=\"async\" width=\"2540\" height=\"1693\" data-attachment-id=\"5574\" data-permalink=\"https:\/\/designweekmexico.com\/en\/programa-2021\/inedito-21\/attachment\/x_03698\/\" data-orig-file=\"https:\/\/designweekmexico.com\/wp-content\/uploads\/2021\/11\/X_03698.jpg\" data-orig-size=\"2540,1693\" data-comments-opened=\"1\" data-image-meta=\"{&quot;aperture&quot;:&quot;16&quot;,&quot;credit&quot;:&quot;Max Carballo\\rPhoto\\u0026amp;Fineart&quot;,&quot;camera&quot;:&quot;Canon EOS 5DS R&quot;,&quot;caption&quot;:&quot;&quot;,&quot;created_timestamp&quot;:&quot;1635972088&quot;,&quot;copyright&quot;:&quot;All Rights Reserved 2021&quot;,&quot;focal_length&quot;:&quot;17&quot;,&quot;iso&quot;:&quot;50&quot;,&quot;shutter_speed&quot;:&quot;8&quot;,&quot;title&quot;:&quot;&quot;,&quot;orientation&quot;:&quot;1&quot;}\" data-image-title=\"X_03698\" data-image-description=\"\" data-image-caption=\"\" data-medium-file=\"https:\/\/designweekmexico.com\/wp-content\/uploads\/2021\/11\/X_03698-300x200.jpg\" data-large-file=\"https:\/\/designweekmexico.com\/wp-content\/uploads\/2021\/11\/X_03698-1024x683.jpg\" src=\"https:\/\/designweekmexico.com\/wp-content\/uploads\/2021\/11\/X_03698.jpg\" data-id=\"5574\" data-link=\"https:\/\/designweekmexico.com\/programa\/inedito\/attachment\/x_03698\/\" data-original-link=\"https:\/\/designweekmexico.com\/wp-content\/uploads\/2021\/11\/X_03698.jpg\" class=\"wp-block-getwid-images-slider__image wp-image-5574\" srcset=\"https:\/\/designweekmexico.com\/wp-content\/uploads\/2021\/11\/X_03698.jpg 2540w, https:\/\/designweekmexico.com\/wp-content\/uploads\/2021\/11\/X_03698-1920x1280.jpg 1920w, https:\/\/designweekmexico.com\/wp-content\/uploads\/2021\/11\/X_03698-300x200.jpg 300w, https:\/\/designweekmexico.com\/wp-content\/uploads\/2021\/11\/X_03698-1024x683.jpg 1024w, https:\/\/designweekmexico.com\/wp-content\/uploads\/2021\/11\/X_03698-768x512.jpg 768w, https:\/\/designweekmexico.com\/wp-content\/uploads\/2021\/11\/X_03698-1536x1024.jpg 1536w, https:\/\/designweekmexico.com\/wp-content\/uploads\/2021\/11\/X_03698-2048x1365.jpg 2048w, https:\/\/designweekmexico.com\/wp-content\/uploads\/2021\/11\/X_03698-18x12.jpg 18w\" sizes=\"(max-width: 2540px) 100vw, 2540px\" \/><\/figure><\/div><div class=\"wp-block-getwid-images-slider__item\" style=\"height:500px\"><figure><img loading=\"lazy\" decoding=\"async\" width=\"2481\" height=\"1772\" data-attachment-id=\"5577\" data-permalink=\"https:\/\/designweekmexico.com\/en\/programa-2021\/inedito-21\/attachment\/x_03699\/\" data-orig-file=\"https:\/\/designweekmexico.com\/wp-content\/uploads\/2021\/11\/X_03699.jpg\" data-orig-size=\"2481,1772\" data-comments-opened=\"1\" data-image-meta=\"{&quot;aperture&quot;:&quot;16&quot;,&quot;credit&quot;:&quot;Max Carballo\\rPhoto\\u0026amp;Fineart&quot;,&quot;camera&quot;:&quot;Canon EOS 5DS R&quot;,&quot;caption&quot;:&quot;&quot;,&quot;created_timestamp&quot;:&quot;1635972337&quot;,&quot;copyright&quot;:&quot;All Rights Reserved 2021&quot;,&quot;focal_length&quot;:&quot;17&quot;,&quot;iso&quot;:&quot;50&quot;,&quot;shutter_speed&quot;:&quot;10&quot;,&quot;title&quot;:&quot;&quot;,&quot;orientation&quot;:&quot;1&quot;}\" data-image-title=\"X_03699\" data-image-description=\"\" data-image-caption=\"\" data-medium-file=\"https:\/\/designweekmexico.com\/wp-content\/uploads\/2021\/11\/X_03699-300x214.jpg\" data-large-file=\"https:\/\/designweekmexico.com\/wp-content\/uploads\/2021\/11\/X_03699-1024x731.jpg\" src=\"https:\/\/designweekmexico.com\/wp-content\/uploads\/2021\/11\/X_03699.jpg\" data-id=\"5577\" data-link=\"https:\/\/designweekmexico.com\/programa\/inedito\/attachment\/x_03699\/\" data-original-link=\"https:\/\/designweekmexico.com\/wp-content\/uploads\/2021\/11\/X_03699.jpg\" class=\"wp-block-getwid-images-slider__image wp-image-5577\" srcset=\"https:\/\/designweekmexico.com\/wp-content\/uploads\/2021\/11\/X_03699.jpg 2481w, https:\/\/designweekmexico.com\/wp-content\/uploads\/2021\/11\/X_03699-1920x1371.jpg 1920w, https:\/\/designweekmexico.com\/wp-content\/uploads\/2021\/11\/X_03699-300x214.jpg 300w, https:\/\/designweekmexico.com\/wp-content\/uploads\/2021\/11\/X_03699-1024x731.jpg 1024w, https:\/\/designweekmexico.com\/wp-content\/uploads\/2021\/11\/X_03699-768x549.jpg 768w, https:\/\/designweekmexico.com\/wp-content\/uploads\/2021\/11\/X_03699-1536x1097.jpg 1536w, https:\/\/designweekmexico.com\/wp-content\/uploads\/2021\/11\/X_03699-2048x1463.jpg 2048w, https:\/\/designweekmexico.com\/wp-content\/uploads\/2021\/11\/X_03699-18x12.jpg 18w\" sizes=\"(max-width: 2481px) 100vw, 2481px\" \/><\/figure><\/div><div class=\"wp-block-getwid-images-slider__item\" style=\"height:500px\"><figure><img loading=\"lazy\" decoding=\"async\" width=\"2540\" height=\"1693\" data-attachment-id=\"5581\" data-permalink=\"https:\/\/designweekmexico.com\/en\/programa-2021\/inedito-21\/attachment\/x_03701\/\" data-orig-file=\"https:\/\/designweekmexico.com\/wp-content\/uploads\/2021\/11\/X_03701.jpg\" data-orig-size=\"2540,1693\" data-comments-opened=\"1\" data-image-meta=\"{&quot;aperture&quot;:&quot;16&quot;,&quot;credit&quot;:&quot;Max Carballo\\rPhoto\\u0026amp;Fineart&quot;,&quot;camera&quot;:&quot;Canon EOS 5DS R&quot;,&quot;caption&quot;:&quot;&quot;,&quot;created_timestamp&quot;:&quot;1635972441&quot;,&quot;copyright&quot;:&quot;All Rights Reserved 2021&quot;,&quot;focal_length&quot;:&quot;17&quot;,&quot;iso&quot;:&quot;50&quot;,&quot;shutter_speed&quot;:&quot;10&quot;,&quot;title&quot;:&quot;&quot;,&quot;orientation&quot;:&quot;1&quot;}\" data-image-title=\"X_03701\" data-image-description=\"\" data-image-caption=\"\" data-medium-file=\"https:\/\/designweekmexico.com\/wp-content\/uploads\/2021\/11\/X_03701-300x200.jpg\" data-large-file=\"https:\/\/designweekmexico.com\/wp-content\/uploads\/2021\/11\/X_03701-1024x683.jpg\" src=\"https:\/\/designweekmexico.com\/wp-content\/uploads\/2021\/11\/X_03701.jpg\" data-id=\"5581\" data-link=\"https:\/\/designweekmexico.com\/programa\/inedito\/attachment\/x_03701\/\" data-original-link=\"https:\/\/designweekmexico.com\/wp-content\/uploads\/2021\/11\/X_03701.jpg\" class=\"wp-block-getwid-images-slider__image wp-image-5581\" srcset=\"https:\/\/designweekmexico.com\/wp-content\/uploads\/2021\/11\/X_03701.jpg 2540w, https:\/\/designweekmexico.com\/wp-content\/uploads\/2021\/11\/X_03701-1920x1280.jpg 1920w, https:\/\/designweekmexico.com\/wp-content\/uploads\/2021\/11\/X_03701-300x200.jpg 300w, https:\/\/designweekmexico.com\/wp-content\/uploads\/2021\/11\/X_03701-1024x683.jpg 1024w, https:\/\/designweekmexico.com\/wp-content\/uploads\/2021\/11\/X_03701-768x512.jpg 768w, https:\/\/designweekmexico.com\/wp-content\/uploads\/2021\/11\/X_03701-1536x1024.jpg 1536w, https:\/\/designweekmexico.com\/wp-content\/uploads\/2021\/11\/X_03701-2048x1365.jpg 2048w, https:\/\/designweekmexico.com\/wp-content\/uploads\/2021\/11\/X_03701-18x12.jpg 18w\" sizes=\"(max-width: 2540px) 100vw, 2540px\" \/><\/figure><\/div><div class=\"wp-block-getwid-images-slider__item\" style=\"height:500px\"><figure><img loading=\"lazy\" decoding=\"async\" width=\"2540\" height=\"1693\" data-attachment-id=\"5585\" data-permalink=\"https:\/\/designweekmexico.com\/en\/programa-2021\/inedito-21\/attachment\/x_03705\/\" data-orig-file=\"https:\/\/designweekmexico.com\/wp-content\/uploads\/2021\/11\/X_03705.jpg\" data-orig-size=\"2540,1693\" data-comments-opened=\"1\" data-image-meta=\"{&quot;aperture&quot;:&quot;16&quot;,&quot;credit&quot;:&quot;Max Carballo\\rPhoto\\u0026amp;Fineart&quot;,&quot;camera&quot;:&quot;Canon EOS 5DS R&quot;,&quot;caption&quot;:&quot;&quot;,&quot;created_timestamp&quot;:&quot;1635973056&quot;,&quot;copyright&quot;:&quot;All Rights Reserved 2021&quot;,&quot;focal_length&quot;:&quot;17&quot;,&quot;iso&quot;:&quot;50&quot;,&quot;shutter_speed&quot;:&quot;6&quot;,&quot;title&quot;:&quot;&quot;,&quot;orientation&quot;:&quot;1&quot;}\" data-image-title=\"X_03705\" data-image-description=\"\" data-image-caption=\"\" data-medium-file=\"https:\/\/designweekmexico.com\/wp-content\/uploads\/2021\/11\/X_03705-300x200.jpg\" data-large-file=\"https:\/\/designweekmexico.com\/wp-content\/uploads\/2021\/11\/X_03705-1024x683.jpg\" src=\"https:\/\/designweekmexico.com\/wp-content\/uploads\/2021\/11\/X_03705.jpg\" data-id=\"5585\" data-link=\"https:\/\/designweekmexico.com\/programa\/inedito\/attachment\/x_03705\/\" data-original-link=\"https:\/\/designweekmexico.com\/wp-content\/uploads\/2021\/11\/X_03705.jpg\" class=\"wp-block-getwid-images-slider__image wp-image-5585\" srcset=\"https:\/\/designweekmexico.com\/wp-content\/uploads\/2021\/11\/X_03705.jpg 2540w, https:\/\/designweekmexico.com\/wp-content\/uploads\/2021\/11\/X_03705-1920x1280.jpg 1920w, https:\/\/designweekmexico.com\/wp-content\/uploads\/2021\/11\/X_03705-300x200.jpg 300w, https:\/\/designweekmexico.com\/wp-content\/uploads\/2021\/11\/X_03705-1024x683.jpg 1024w, https:\/\/designweekmexico.com\/wp-content\/uploads\/2021\/11\/X_03705-768x512.jpg 768w, https:\/\/designweekmexico.com\/wp-content\/uploads\/2021\/11\/X_03705-1536x1024.jpg 1536w, https:\/\/designweekmexico.com\/wp-content\/uploads\/2021\/11\/X_03705-2048x1365.jpg 2048w, https:\/\/designweekmexico.com\/wp-content\/uploads\/2021\/11\/X_03705-18x12.jpg 18w\" sizes=\"(max-width: 2540px) 100vw, 2540px\" \/><\/figure><\/div><div class=\"wp-block-getwid-images-slider__item\" style=\"height:500px\"><figure><img loading=\"lazy\" decoding=\"async\" width=\"2481\" height=\"1772\" data-attachment-id=\"5587\" data-permalink=\"https:\/\/designweekmexico.com\/en\/programa-2021\/inedito-21\/attachment\/x_03706\/\" data-orig-file=\"https:\/\/designweekmexico.com\/wp-content\/uploads\/2021\/11\/X_03706.jpg\" data-orig-size=\"2481,1772\" data-comments-opened=\"1\" data-image-meta=\"{&quot;aperture&quot;:&quot;16&quot;,&quot;credit&quot;:&quot;Max Carballo\\rPhoto\\u0026amp;Fineart&quot;,&quot;camera&quot;:&quot;Canon EOS 5DS R&quot;,&quot;caption&quot;:&quot;&quot;,&quot;created_timestamp&quot;:&quot;1635973162&quot;,&quot;copyright&quot;:&quot;All Rights Reserved 2021&quot;,&quot;focal_length&quot;:&quot;17&quot;,&quot;iso&quot;:&quot;50&quot;,&quot;shutter_speed&quot;:&quot;10&quot;,&quot;title&quot;:&quot;&quot;,&quot;orientation&quot;:&quot;1&quot;}\" data-image-title=\"X_03706\" data-image-description=\"\" data-image-caption=\"\" data-medium-file=\"https:\/\/designweekmexico.com\/wp-content\/uploads\/2021\/11\/X_03706-300x214.jpg\" data-large-file=\"https:\/\/designweekmexico.com\/wp-content\/uploads\/2021\/11\/X_03706-1024x731.jpg\" src=\"https:\/\/designweekmexico.com\/wp-content\/uploads\/2021\/11\/X_03706.jpg\" data-id=\"5587\" data-link=\"https:\/\/designweekmexico.com\/programa\/inedito\/attachment\/x_03706\/\" data-original-link=\"https:\/\/designweekmexico.com\/wp-content\/uploads\/2021\/11\/X_03706.jpg\" class=\"wp-block-getwid-images-slider__image wp-image-5587\" srcset=\"https:\/\/designweekmexico.com\/wp-content\/uploads\/2021\/11\/X_03706.jpg 2481w, https:\/\/designweekmexico.com\/wp-content\/uploads\/2021\/11\/X_03706-1920x1371.jpg 1920w, https:\/\/designweekmexico.com\/wp-content\/uploads\/2021\/11\/X_03706-300x214.jpg 300w, https:\/\/designweekmexico.com\/wp-content\/uploads\/2021\/11\/X_03706-1024x731.jpg 1024w, https:\/\/designweekmexico.com\/wp-content\/uploads\/2021\/11\/X_03706-768x549.jpg 768w, https:\/\/designweekmexico.com\/wp-content\/uploads\/2021\/11\/X_03706-1536x1097.jpg 1536w, https:\/\/designweekmexico.com\/wp-content\/uploads\/2021\/11\/X_03706-2048x1463.jpg 2048w, https:\/\/designweekmexico.com\/wp-content\/uploads\/2021\/11\/X_03706-18x12.jpg 18w\" sizes=\"(max-width: 2481px) 100vw, 2481px\" \/><\/figure><\/div><div class=\"wp-block-getwid-images-slider__item\" style=\"height:500px\"><figure><img loading=\"lazy\" decoding=\"async\" width=\"2540\" height=\"1693\" data-attachment-id=\"5590\" data-permalink=\"https:\/\/designweekmexico.com\/en\/programa-2021\/inedito-21\/attachment\/x_03707\/\" data-orig-file=\"https:\/\/designweekmexico.com\/wp-content\/uploads\/2021\/11\/X_03707.jpg\" data-orig-size=\"2540,1693\" data-comments-opened=\"1\" data-image-meta=\"{&quot;aperture&quot;:&quot;16&quot;,&quot;credit&quot;:&quot;Max Carballo\\rPhoto\\u0026amp;Fineart&quot;,&quot;camera&quot;:&quot;Canon EOS 5DS R&quot;,&quot;caption&quot;:&quot;&quot;,&quot;created_timestamp&quot;:&quot;1635973287&quot;,&quot;copyright&quot;:&quot;All Rights Reserved 2021&quot;,&quot;focal_length&quot;:&quot;25&quot;,&quot;iso&quot;:&quot;50&quot;,&quot;shutter_speed&quot;:&quot;15&quot;,&quot;title&quot;:&quot;&quot;,&quot;orientation&quot;:&quot;1&quot;}\" data-image-title=\"X_03707\" data-image-description=\"\" data-image-caption=\"\" data-medium-file=\"https:\/\/designweekmexico.com\/wp-content\/uploads\/2021\/11\/X_03707-300x200.jpg\" data-large-file=\"https:\/\/designweekmexico.com\/wp-content\/uploads\/2021\/11\/X_03707-1024x683.jpg\" src=\"https:\/\/designweekmexico.com\/wp-content\/uploads\/2021\/11\/X_03707.jpg\" data-id=\"5590\" data-link=\"https:\/\/designweekmexico.com\/programa\/inedito\/attachment\/x_03707\/\" data-original-link=\"https:\/\/designweekmexico.com\/wp-content\/uploads\/2021\/11\/X_03707.jpg\" class=\"wp-block-getwid-images-slider__image wp-image-5590\" srcset=\"https:\/\/designweekmexico.com\/wp-content\/uploads\/2021\/11\/X_03707.jpg 2540w, https:\/\/designweekmexico.com\/wp-content\/uploads\/2021\/11\/X_03707-1920x1280.jpg 1920w, https:\/\/designweekmexico.com\/wp-content\/uploads\/2021\/11\/X_03707-300x200.jpg 300w, https:\/\/designweekmexico.com\/wp-content\/uploads\/2021\/11\/X_03707-1024x683.jpg 1024w, https:\/\/designweekmexico.com\/wp-content\/uploads\/2021\/11\/X_03707-768x512.jpg 768w, https:\/\/designweekmexico.com\/wp-content\/uploads\/2021\/11\/X_03707-1536x1024.jpg 1536w, https:\/\/designweekmexico.com\/wp-content\/uploads\/2021\/11\/X_03707-2048x1365.jpg 2048w, https:\/\/designweekmexico.com\/wp-content\/uploads\/2021\/11\/X_03707-18x12.jpg 18w\" sizes=\"(max-width: 2540px) 100vw, 2540px\" \/><\/figure><\/div><div class=\"wp-block-getwid-images-slider__item\" style=\"height:500px\"><figure><img loading=\"lazy\" decoding=\"async\" width=\"2540\" height=\"1693\" data-attachment-id=\"5592\" data-permalink=\"https:\/\/designweekmexico.com\/en\/programa-2021\/inedito-21\/attachment\/x_03715\/\" data-orig-file=\"https:\/\/designweekmexico.com\/wp-content\/uploads\/2021\/11\/X_03715.jpg\" data-orig-size=\"2540,1693\" data-comments-opened=\"1\" data-image-meta=\"{&quot;aperture&quot;:&quot;13&quot;,&quot;credit&quot;:&quot;Max Carballo\\rPhoto\\u0026amp;Fineart&quot;,&quot;camera&quot;:&quot;Canon EOS 5DS R&quot;,&quot;caption&quot;:&quot;&quot;,&quot;created_timestamp&quot;:&quot;1635973947&quot;,&quot;copyright&quot;:&quot;All Rights Reserved 2021&quot;,&quot;focal_length&quot;:&quot;20&quot;,&quot;iso&quot;:&quot;50&quot;,&quot;shutter_speed&quot;:&quot;6&quot;,&quot;title&quot;:&quot;&quot;,&quot;orientation&quot;:&quot;1&quot;}\" data-image-title=\"X_03715\" data-image-description=\"\" data-image-caption=\"\" data-medium-file=\"https:\/\/designweekmexico.com\/wp-content\/uploads\/2021\/11\/X_03715-300x200.jpg\" data-large-file=\"https:\/\/designweekmexico.com\/wp-content\/uploads\/2021\/11\/X_03715-1024x683.jpg\" src=\"https:\/\/designweekmexico.com\/wp-content\/uploads\/2021\/11\/X_03715.jpg\" data-id=\"5592\" data-link=\"https:\/\/designweekmexico.com\/programa\/inedito\/attachment\/x_03715\/\" data-original-link=\"https:\/\/designweekmexico.com\/wp-content\/uploads\/2021\/11\/X_03715.jpg\" class=\"wp-block-getwid-images-slider__image wp-image-5592\" srcset=\"https:\/\/designweekmexico.com\/wp-content\/uploads\/2021\/11\/X_03715.jpg 2540w, https:\/\/designweekmexico.com\/wp-content\/uploads\/2021\/11\/X_03715-1920x1280.jpg 1920w, https:\/\/designweekmexico.com\/wp-content\/uploads\/2021\/11\/X_03715-300x200.jpg 300w, https:\/\/designweekmexico.com\/wp-content\/uploads\/2021\/11\/X_03715-1024x683.jpg 1024w, https:\/\/designweekmexico.com\/wp-content\/uploads\/2021\/11\/X_03715-768x512.jpg 768w, https:\/\/designweekmexico.com\/wp-content\/uploads\/2021\/11\/X_03715-1536x1024.jpg 1536w, https:\/\/designweekmexico.com\/wp-content\/uploads\/2021\/11\/X_03715-2048x1365.jpg 2048w, https:\/\/designweekmexico.com\/wp-content\/uploads\/2021\/11\/X_03715-18x12.jpg 18w\" sizes=\"(max-width: 2540px) 100vw, 2540px\" \/><\/figure><\/div><div class=\"wp-block-getwid-images-slider__item\" style=\"height:500px\"><figure><img loading=\"lazy\" decoding=\"async\" width=\"2540\" height=\"1429\" data-attachment-id=\"5595\" data-permalink=\"https:\/\/designweekmexico.com\/en\/programa-2021\/inedito-21\/attachment\/x_03716\/\" data-orig-file=\"https:\/\/designweekmexico.com\/wp-content\/uploads\/2021\/11\/X_03716.jpg\" data-orig-size=\"2540,1429\" data-comments-opened=\"1\" data-image-meta=\"{&quot;aperture&quot;:&quot;13&quot;,&quot;credit&quot;:&quot;Max Carballo\\rPhoto\\u0026amp;Fineart&quot;,&quot;camera&quot;:&quot;Canon EOS 5DS R&quot;,&quot;caption&quot;:&quot;&quot;,&quot;created_timestamp&quot;:&quot;1635974024&quot;,&quot;copyright&quot;:&quot;All Rights Reserved 2021&quot;,&quot;focal_length&quot;:&quot;17&quot;,&quot;iso&quot;:&quot;50&quot;,&quot;shutter_speed&quot;:&quot;4&quot;,&quot;title&quot;:&quot;&quot;,&quot;orientation&quot;:&quot;1&quot;}\" data-image-title=\"X_03716\" data-image-description=\"\" data-image-caption=\"\" data-medium-file=\"https:\/\/designweekmexico.com\/wp-content\/uploads\/2021\/11\/X_03716-300x169.jpg\" data-large-file=\"https:\/\/designweekmexico.com\/wp-content\/uploads\/2021\/11\/X_03716-1024x576.jpg\" src=\"https:\/\/designweekmexico.com\/wp-content\/uploads\/2021\/11\/X_03716.jpg\" data-id=\"5595\" data-link=\"https:\/\/designweekmexico.com\/programa\/inedito\/attachment\/x_03716\/\" data-original-link=\"https:\/\/designweekmexico.com\/wp-content\/uploads\/2021\/11\/X_03716.jpg\" class=\"wp-block-getwid-images-slider__image wp-image-5595\" srcset=\"https:\/\/designweekmexico.com\/wp-content\/uploads\/2021\/11\/X_03716.jpg 2540w, https:\/\/designweekmexico.com\/wp-content\/uploads\/2021\/11\/X_03716-1920x1080.jpg 1920w, https:\/\/designweekmexico.com\/wp-content\/uploads\/2021\/11\/X_03716-300x169.jpg 300w, https:\/\/designweekmexico.com\/wp-content\/uploads\/2021\/11\/X_03716-1024x576.jpg 1024w, https:\/\/designweekmexico.com\/wp-content\/uploads\/2021\/11\/X_03716-768x432.jpg 768w, https:\/\/designweekmexico.com\/wp-content\/uploads\/2021\/11\/X_03716-1536x864.jpg 1536w, https:\/\/designweekmexico.com\/wp-content\/uploads\/2021\/11\/X_03716-2048x1152.jpg 2048w, https:\/\/designweekmexico.com\/wp-content\/uploads\/2021\/11\/X_03716-18x10.jpg 18w\" sizes=\"(max-width: 2540px) 100vw, 2540px\" \/><\/figure><\/div><div class=\"wp-block-getwid-images-slider__item\" style=\"height:500px\"><figure><img loading=\"lazy\" decoding=\"async\" width=\"2560\" height=\"1440\" data-attachment-id=\"5597\" data-permalink=\"https:\/\/designweekmexico.com\/en\/programa-2021\/inedito-21\/attachment\/x_03718\/\" data-orig-file=\"https:\/\/designweekmexico.com\/wp-content\/uploads\/2021\/11\/X_03718-scaled.jpg\" data-orig-size=\"2560,1440\" data-comments-opened=\"1\" data-image-meta=\"{&quot;aperture&quot;:&quot;13&quot;,&quot;credit&quot;:&quot;Max Carballo\\rPhoto\\u0026amp;Fineart&quot;,&quot;camera&quot;:&quot;Canon EOS 5DS R&quot;,&quot;caption&quot;:&quot;&quot;,&quot;created_timestamp&quot;:&quot;1635974150&quot;,&quot;copyright&quot;:&quot;All Rights Reserved 2021&quot;,&quot;focal_length&quot;:&quot;17&quot;,&quot;iso&quot;:&quot;50&quot;,&quot;shutter_speed&quot;:&quot;8&quot;,&quot;title&quot;:&quot;&quot;,&quot;orientation&quot;:&quot;1&quot;}\" data-image-title=\"X_03718\" data-image-description=\"\" data-image-caption=\"\" data-medium-file=\"https:\/\/designweekmexico.com\/wp-content\/uploads\/2021\/11\/X_03718-300x169.jpg\" data-large-file=\"https:\/\/designweekmexico.com\/wp-content\/uploads\/2021\/11\/X_03718-1024x576.jpg\" src=\"https:\/\/designweekmexico.com\/wp-content\/uploads\/2021\/11\/X_03718-scaled.jpg\" data-id=\"5597\" data-link=\"https:\/\/designweekmexico.com\/programa\/inedito\/attachment\/x_03718\/\" data-original-link=\"https:\/\/designweekmexico.com\/wp-content\/uploads\/2021\/11\/X_03718-scaled.jpg\" class=\"wp-block-getwid-images-slider__image wp-image-5597\" srcset=\"https:\/\/designweekmexico.com\/wp-content\/uploads\/2021\/11\/X_03718-scaled.jpg 2560w, https:\/\/designweekmexico.com\/wp-content\/uploads\/2021\/11\/X_03718-1920x1080.jpg 1920w, https:\/\/designweekmexico.com\/wp-content\/uploads\/2021\/11\/X_03718-300x169.jpg 300w, https:\/\/designweekmexico.com\/wp-content\/uploads\/2021\/11\/X_03718-1024x576.jpg 1024w, https:\/\/designweekmexico.com\/wp-content\/uploads\/2021\/11\/X_03718-768x432.jpg 768w, https:\/\/designweekmexico.com\/wp-content\/uploads\/2021\/11\/X_03718-1536x864.jpg 1536w, https:\/\/designweekmexico.com\/wp-content\/uploads\/2021\/11\/X_03718-2048x1152.jpg 2048w, https:\/\/designweekmexico.com\/wp-content\/uploads\/2021\/11\/X_03718-18x10.jpg 18w\" sizes=\"(max-width: 2560px) 100vw, 2560px\" \/><\/figure><\/div><div class=\"wp-block-getwid-images-slider__item\" style=\"height:500px\"><figure><img loading=\"lazy\" decoding=\"async\" width=\"2560\" height=\"1202\" data-attachment-id=\"5598\" data-permalink=\"https:\/\/designweekmexico.com\/en\/programa-2021\/inedito-21\/attachment\/x_03732\/\" data-orig-file=\"https:\/\/designweekmexico.com\/wp-content\/uploads\/2021\/11\/X_03732-scaled.jpg\" data-orig-size=\"2560,1202\" data-comments-opened=\"1\" data-image-meta=\"{&quot;aperture&quot;:&quot;11&quot;,&quot;credit&quot;:&quot;Max Carballo\\rPhoto\\u0026amp;Fineart&quot;,&quot;camera&quot;:&quot;Canon EOS 5DS R&quot;,&quot;caption&quot;:&quot;&quot;,&quot;created_timestamp&quot;:&quot;1635976041&quot;,&quot;copyright&quot;:&quot;All Rights Reserved 2021&quot;,&quot;focal_length&quot;:&quot;24&quot;,&quot;iso&quot;:&quot;50&quot;,&quot;shutter_speed&quot;:&quot;4&quot;,&quot;title&quot;:&quot;&quot;,&quot;orientation&quot;:&quot;1&quot;}\" data-image-title=\"X_03732\" data-image-description=\"\" data-image-caption=\"\" data-medium-file=\"https:\/\/designweekmexico.com\/wp-content\/uploads\/2021\/11\/X_03732-300x141.jpg\" data-large-file=\"https:\/\/designweekmexico.com\/wp-content\/uploads\/2021\/11\/X_03732-1024x481.jpg\" src=\"https:\/\/designweekmexico.com\/wp-content\/uploads\/2021\/11\/X_03732-scaled.jpg\" data-id=\"5598\" data-link=\"https:\/\/designweekmexico.com\/programa\/inedito\/attachment\/x_03732\/\" data-original-link=\"https:\/\/designweekmexico.com\/wp-content\/uploads\/2021\/11\/X_03732-scaled.jpg\" class=\"wp-block-getwid-images-slider__image wp-image-5598\" srcset=\"https:\/\/designweekmexico.com\/wp-content\/uploads\/2021\/11\/X_03732-scaled.jpg 2560w, https:\/\/designweekmexico.com\/wp-content\/uploads\/2021\/11\/X_03732-1920x901.jpg 1920w, https:\/\/designweekmexico.com\/wp-content\/uploads\/2021\/11\/X_03732-300x141.jpg 300w, https:\/\/designweekmexico.com\/wp-content\/uploads\/2021\/11\/X_03732-1024x481.jpg 1024w, https:\/\/designweekmexico.com\/wp-content\/uploads\/2021\/11\/X_03732-768x361.jpg 768w, https:\/\/designweekmexico.com\/wp-content\/uploads\/2021\/11\/X_03732-1536x721.jpg 1536w, https:\/\/designweekmexico.com\/wp-content\/uploads\/2021\/11\/X_03732-2048x961.jpg 2048w, https:\/\/designweekmexico.com\/wp-content\/uploads\/2021\/11\/X_03732-18x8.jpg 18w\" sizes=\"(max-width: 2560px) 100vw, 2560px\" \/><\/figure><\/div><div class=\"wp-block-getwid-images-slider__item\" style=\"height:500px\"><figure><img loading=\"lazy\" decoding=\"async\" width=\"2540\" height=\"1693\" data-attachment-id=\"5599\" data-permalink=\"https:\/\/designweekmexico.com\/en\/programa-2021\/inedito-21\/attachment\/x_03734\/\" data-orig-file=\"https:\/\/designweekmexico.com\/wp-content\/uploads\/2021\/11\/X_03734.jpg\" data-orig-size=\"2540,1693\" data-comments-opened=\"1\" data-image-meta=\"{&quot;aperture&quot;:&quot;11&quot;,&quot;credit&quot;:&quot;Max Carballo\\rPhoto\\u0026amp;Fineart&quot;,&quot;camera&quot;:&quot;Canon EOS 5DS R&quot;,&quot;caption&quot;:&quot;&quot;,&quot;created_timestamp&quot;:&quot;1635976296&quot;,&quot;copyright&quot;:&quot;All Rights Reserved 2021&quot;,&quot;focal_length&quot;:&quot;24&quot;,&quot;iso&quot;:&quot;50&quot;,&quot;shutter_speed&quot;:&quot;4&quot;,&quot;title&quot;:&quot;&quot;,&quot;orientation&quot;:&quot;1&quot;}\" data-image-title=\"X_03734\" data-image-description=\"\" data-image-caption=\"\" data-medium-file=\"https:\/\/designweekmexico.com\/wp-content\/uploads\/2021\/11\/X_03734-300x200.jpg\" data-large-file=\"https:\/\/designweekmexico.com\/wp-content\/uploads\/2021\/11\/X_03734-1024x683.jpg\" src=\"https:\/\/designweekmexico.com\/wp-content\/uploads\/2021\/11\/X_03734.jpg\" data-id=\"5599\" data-link=\"https:\/\/designweekmexico.com\/programa\/inedito\/attachment\/x_03734\/\" data-original-link=\"https:\/\/designweekmexico.com\/wp-content\/uploads\/2021\/11\/X_03734.jpg\" class=\"wp-block-getwid-images-slider__image wp-image-5599\" srcset=\"https:\/\/designweekmexico.com\/wp-content\/uploads\/2021\/11\/X_03734.jpg 2540w, https:\/\/designweekmexico.com\/wp-content\/uploads\/2021\/11\/X_03734-1920x1280.jpg 1920w, https:\/\/designweekmexico.com\/wp-content\/uploads\/2021\/11\/X_03734-300x200.jpg 300w, https:\/\/designweekmexico.com\/wp-content\/uploads\/2021\/11\/X_03734-1024x683.jpg 1024w, https:\/\/designweekmexico.com\/wp-content\/uploads\/2021\/11\/X_03734-768x512.jpg 768w, https:\/\/designweekmexico.com\/wp-content\/uploads\/2021\/11\/X_03734-1536x1024.jpg 1536w, https:\/\/designweekmexico.com\/wp-content\/uploads\/2021\/11\/X_03734-2048x1365.jpg 2048w, https:\/\/designweekmexico.com\/wp-content\/uploads\/2021\/11\/X_03734-18x12.jpg 18w\" sizes=\"(max-width: 2540px) 100vw, 2540px\" \/><\/figure><\/div><div class=\"wp-block-getwid-images-slider__item\" style=\"height:500px\"><figure><img loading=\"lazy\" decoding=\"async\" width=\"2540\" height=\"1693\" data-attachment-id=\"5600\" data-permalink=\"https:\/\/designweekmexico.com\/en\/programa-2021\/inedito-21\/attachment\/x_03735\/\" data-orig-file=\"https:\/\/designweekmexico.com\/wp-content\/uploads\/2021\/11\/X_03735.jpg\" data-orig-size=\"2540,1693\" data-comments-opened=\"1\" data-image-meta=\"{&quot;aperture&quot;:&quot;16&quot;,&quot;credit&quot;:&quot;Max Carballo\\rPhoto\\u0026amp;Fineart&quot;,&quot;camera&quot;:&quot;Canon EOS 5DS R&quot;,&quot;caption&quot;:&quot;&quot;,&quot;created_timestamp&quot;:&quot;1635976381&quot;,&quot;copyright&quot;:&quot;All Rights Reserved 2021&quot;,&quot;focal_length&quot;:&quot;24&quot;,&quot;iso&quot;:&quot;50&quot;,&quot;shutter_speed&quot;:&quot;8&quot;,&quot;title&quot;:&quot;&quot;,&quot;orientation&quot;:&quot;1&quot;}\" data-image-title=\"X_03735\" data-image-description=\"\" data-image-caption=\"\" data-medium-file=\"https:\/\/designweekmexico.com\/wp-content\/uploads\/2021\/11\/X_03735-300x200.jpg\" data-large-file=\"https:\/\/designweekmexico.com\/wp-content\/uploads\/2021\/11\/X_03735-1024x683.jpg\" src=\"https:\/\/designweekmexico.com\/wp-content\/uploads\/2021\/11\/X_03735.jpg\" data-id=\"5600\" data-link=\"https:\/\/designweekmexico.com\/programa\/inedito\/attachment\/x_03735\/\" data-original-link=\"https:\/\/designweekmexico.com\/wp-content\/uploads\/2021\/11\/X_03735.jpg\" class=\"wp-block-getwid-images-slider__image wp-image-5600\" srcset=\"https:\/\/designweekmexico.com\/wp-content\/uploads\/2021\/11\/X_03735.jpg 2540w, https:\/\/designweekmexico.com\/wp-content\/uploads\/2021\/11\/X_03735-1920x1280.jpg 1920w, https:\/\/designweekmexico.com\/wp-content\/uploads\/2021\/11\/X_03735-300x200.jpg 300w, https:\/\/designweekmexico.com\/wp-content\/uploads\/2021\/11\/X_03735-1024x683.jpg 1024w, https:\/\/designweekmexico.com\/wp-content\/uploads\/2021\/11\/X_03735-768x512.jpg 768w, https:\/\/designweekmexico.com\/wp-content\/uploads\/2021\/11\/X_03735-1536x1024.jpg 1536w, https:\/\/designweekmexico.com\/wp-content\/uploads\/2021\/11\/X_03735-2048x1365.jpg 2048w, https:\/\/designweekmexico.com\/wp-content\/uploads\/2021\/11\/X_03735-18x12.jpg 18w\" sizes=\"(max-width: 2540px) 100vw, 2540px\" \/><\/figure><\/div><div class=\"wp-block-getwid-images-slider__item\" style=\"height:500px\"><figure><img loading=\"lazy\" decoding=\"async\" width=\"2540\" height=\"1693\" data-attachment-id=\"5601\" data-permalink=\"https:\/\/designweekmexico.com\/en\/programa-2021\/inedito-21\/attachment\/x_03736\/\" data-orig-file=\"https:\/\/designweekmexico.com\/wp-content\/uploads\/2021\/11\/X_03736.jpg\" data-orig-size=\"2540,1693\" data-comments-opened=\"1\" data-image-meta=\"{&quot;aperture&quot;:&quot;16&quot;,&quot;credit&quot;:&quot;Max Carballo\\rPhoto\\u0026amp;Fineart&quot;,&quot;camera&quot;:&quot;Canon EOS 5DS R&quot;,&quot;caption&quot;:&quot;&quot;,&quot;created_timestamp&quot;:&quot;1635976482&quot;,&quot;copyright&quot;:&quot;All Rights Reserved 2021&quot;,&quot;focal_length&quot;:&quot;24&quot;,&quot;iso&quot;:&quot;50&quot;,&quot;shutter_speed&quot;:&quot;8&quot;,&quot;title&quot;:&quot;&quot;,&quot;orientation&quot;:&quot;1&quot;}\" data-image-title=\"X_03736\" data-image-description=\"\" data-image-caption=\"\" data-medium-file=\"https:\/\/designweekmexico.com\/wp-content\/uploads\/2021\/11\/X_03736-300x200.jpg\" data-large-file=\"https:\/\/designweekmexico.com\/wp-content\/uploads\/2021\/11\/X_03736-1024x683.jpg\" src=\"https:\/\/designweekmexico.com\/wp-content\/uploads\/2021\/11\/X_03736.jpg\" data-id=\"5601\" data-link=\"https:\/\/designweekmexico.com\/programa\/inedito\/attachment\/x_03736\/\" data-original-link=\"https:\/\/designweekmexico.com\/wp-content\/uploads\/2021\/11\/X_03736.jpg\" class=\"wp-block-getwid-images-slider__image wp-image-5601\" srcset=\"https:\/\/designweekmexico.com\/wp-content\/uploads\/2021\/11\/X_03736.jpg 2540w, https:\/\/designweekmexico.com\/wp-content\/uploads\/2021\/11\/X_03736-1920x1280.jpg 1920w, https:\/\/designweekmexico.com\/wp-content\/uploads\/2021\/11\/X_03736-300x200.jpg 300w, https:\/\/designweekmexico.com\/wp-content\/uploads\/2021\/11\/X_03736-1024x683.jpg 1024w, https:\/\/designweekmexico.com\/wp-content\/uploads\/2021\/11\/X_03736-768x512.jpg 768w, https:\/\/designweekmexico.com\/wp-content\/uploads\/2021\/11\/X_03736-1536x1024.jpg 1536w, https:\/\/designweekmexico.com\/wp-content\/uploads\/2021\/11\/X_03736-2048x1365.jpg 2048w, https:\/\/designweekmexico.com\/wp-content\/uploads\/2021\/11\/X_03736-18x12.jpg 18w\" sizes=\"(max-width: 2540px) 100vw, 2540px\" \/><\/figure><\/div><div class=\"wp-block-getwid-images-slider__item\" style=\"height:500px\"><figure><img loading=\"lazy\" decoding=\"async\" width=\"2540\" height=\"1693\" data-attachment-id=\"5602\" data-permalink=\"https:\/\/designweekmexico.com\/en\/programa-2021\/inedito-21\/attachment\/x_03739\/\" data-orig-file=\"https:\/\/designweekmexico.com\/wp-content\/uploads\/2021\/11\/X_03739.jpg\" data-orig-size=\"2540,1693\" data-comments-opened=\"1\" data-image-meta=\"{&quot;aperture&quot;:&quot;13&quot;,&quot;credit&quot;:&quot;Max Carballo\\rPhoto\\u0026amp;Fineart&quot;,&quot;camera&quot;:&quot;Canon EOS 5DS R&quot;,&quot;caption&quot;:&quot;&quot;,&quot;created_timestamp&quot;:&quot;1636025736&quot;,&quot;copyright&quot;:&quot;All Rights Reserved 2021&quot;,&quot;focal_length&quot;:&quot;17&quot;,&quot;iso&quot;:&quot;50&quot;,&quot;shutter_speed&quot;:&quot;0.1&quot;,&quot;title&quot;:&quot;&quot;,&quot;orientation&quot;:&quot;1&quot;}\" data-image-title=\"X_03739\" data-image-description=\"\" data-image-caption=\"\" data-medium-file=\"https:\/\/designweekmexico.com\/wp-content\/uploads\/2021\/11\/X_03739-300x200.jpg\" data-large-file=\"https:\/\/designweekmexico.com\/wp-content\/uploads\/2021\/11\/X_03739-1024x683.jpg\" src=\"https:\/\/designweekmexico.com\/wp-content\/uploads\/2021\/11\/X_03739.jpg\" data-id=\"5602\" data-link=\"https:\/\/designweekmexico.com\/programa\/inedito\/attachment\/x_03739\/\" data-original-link=\"https:\/\/designweekmexico.com\/wp-content\/uploads\/2021\/11\/X_03739.jpg\" class=\"wp-block-getwid-images-slider__image wp-image-5602\" srcset=\"https:\/\/designweekmexico.com\/wp-content\/uploads\/2021\/11\/X_03739.jpg 2540w, https:\/\/designweekmexico.com\/wp-content\/uploads\/2021\/11\/X_03739-1920x1280.jpg 1920w, https:\/\/designweekmexico.com\/wp-content\/uploads\/2021\/11\/X_03739-300x200.jpg 300w, https:\/\/designweekmexico.com\/wp-content\/uploads\/2021\/11\/X_03739-1024x683.jpg 1024w, https:\/\/designweekmexico.com\/wp-content\/uploads\/2021\/11\/X_03739-768x512.jpg 768w, https:\/\/designweekmexico.com\/wp-content\/uploads\/2021\/11\/X_03739-1536x1024.jpg 1536w, https:\/\/designweekmexico.com\/wp-content\/uploads\/2021\/11\/X_03739-2048x1365.jpg 2048w, https:\/\/designweekmexico.com\/wp-content\/uploads\/2021\/11\/X_03739-18x12.jpg 18w\" sizes=\"(max-width: 2540px) 100vw, 2540px\" \/><\/figure><\/div><div class=\"wp-block-getwid-images-slider__item\" style=\"height:500px\"><figure><img loading=\"lazy\" decoding=\"async\" width=\"2540\" height=\"1693\" data-attachment-id=\"5603\" data-permalink=\"https:\/\/designweekmexico.com\/en\/programa-2021\/inedito-21\/attachment\/x_03746\/\" data-orig-file=\"https:\/\/designweekmexico.com\/wp-content\/uploads\/2021\/11\/X_03746.jpg\" data-orig-size=\"2540,1693\" data-comments-opened=\"1\" data-image-meta=\"{&quot;aperture&quot;:&quot;13&quot;,&quot;credit&quot;:&quot;Max Carballo\\rPhoto\\u0026amp;Fineart&quot;,&quot;camera&quot;:&quot;Canon EOS 5DS R&quot;,&quot;caption&quot;:&quot;&quot;,&quot;created_timestamp&quot;:&quot;1636026100&quot;,&quot;copyright&quot;:&quot;All Rights Reserved 2021&quot;,&quot;focal_length&quot;:&quot;17&quot;,&quot;iso&quot;:&quot;50&quot;,&quot;shutter_speed&quot;:&quot;0.033333333333333&quot;,&quot;title&quot;:&quot;&quot;,&quot;orientation&quot;:&quot;1&quot;}\" data-image-title=\"X_03746\" data-image-description=\"\" data-image-caption=\"\" data-medium-file=\"https:\/\/designweekmexico.com\/wp-content\/uploads\/2021\/11\/X_03746-300x200.jpg\" data-large-file=\"https:\/\/designweekmexico.com\/wp-content\/uploads\/2021\/11\/X_03746-1024x683.jpg\" src=\"https:\/\/designweekmexico.com\/wp-content\/uploads\/2021\/11\/X_03746.jpg\" data-id=\"5603\" data-link=\"https:\/\/designweekmexico.com\/programa\/inedito\/attachment\/x_03746\/\" data-original-link=\"https:\/\/designweekmexico.com\/wp-content\/uploads\/2021\/11\/X_03746.jpg\" class=\"wp-block-getwid-images-slider__image wp-image-5603\" srcset=\"https:\/\/designweekmexico.com\/wp-content\/uploads\/2021\/11\/X_03746.jpg 2540w, https:\/\/designweekmexico.com\/wp-content\/uploads\/2021\/11\/X_03746-1920x1280.jpg 1920w, https:\/\/designweekmexico.com\/wp-content\/uploads\/2021\/11\/X_03746-300x200.jpg 300w, https:\/\/designweekmexico.com\/wp-content\/uploads\/2021\/11\/X_03746-1024x683.jpg 1024w, https:\/\/designweekmexico.com\/wp-content\/uploads\/2021\/11\/X_03746-768x512.jpg 768w, https:\/\/designweekmexico.com\/wp-content\/uploads\/2021\/11\/X_03746-1536x1024.jpg 1536w, https:\/\/designweekmexico.com\/wp-content\/uploads\/2021\/11\/X_03746-2048x1365.jpg 2048w, https:\/\/designweekmexico.com\/wp-content\/uploads\/2021\/11\/X_03746-18x12.jpg 18w\" sizes=\"(max-width: 2540px) 100vw, 2540px\" \/><\/figure><\/div><div class=\"wp-block-getwid-images-slider__item\" style=\"height:500px\"><figure><img loading=\"lazy\" decoding=\"async\" width=\"2540\" height=\"1693\" data-attachment-id=\"5604\" data-permalink=\"https:\/\/designweekmexico.com\/en\/programa-2021\/inedito-21\/attachment\/x_03748\/\" data-orig-file=\"https:\/\/designweekmexico.com\/wp-content\/uploads\/2021\/11\/X_03748.jpg\" data-orig-size=\"2540,1693\" data-comments-opened=\"1\" data-image-meta=\"{&quot;aperture&quot;:&quot;16&quot;,&quot;credit&quot;:&quot;Max Carballo\\rPhoto\\u0026amp;Fineart&quot;,&quot;camera&quot;:&quot;Canon EOS 5DS R&quot;,&quot;caption&quot;:&quot;&quot;,&quot;created_timestamp&quot;:&quot;1636026361&quot;,&quot;copyright&quot;:&quot;All Rights Reserved 2021&quot;,&quot;focal_length&quot;:&quot;17&quot;,&quot;iso&quot;:&quot;50&quot;,&quot;shutter_speed&quot;:&quot;0.125&quot;,&quot;title&quot;:&quot;&quot;,&quot;orientation&quot;:&quot;1&quot;}\" data-image-title=\"X_03748\" data-image-description=\"\" data-image-caption=\"\" data-medium-file=\"https:\/\/designweekmexico.com\/wp-content\/uploads\/2021\/11\/X_03748-300x200.jpg\" data-large-file=\"https:\/\/designweekmexico.com\/wp-content\/uploads\/2021\/11\/X_03748-1024x683.jpg\" src=\"https:\/\/designweekmexico.com\/wp-content\/uploads\/2021\/11\/X_03748.jpg\" data-id=\"5604\" data-link=\"https:\/\/designweekmexico.com\/programa\/inedito\/attachment\/x_03748\/\" data-original-link=\"https:\/\/designweekmexico.com\/wp-content\/uploads\/2021\/11\/X_03748.jpg\" class=\"wp-block-getwid-images-slider__image wp-image-5604\" srcset=\"https:\/\/designweekmexico.com\/wp-content\/uploads\/2021\/11\/X_03748.jpg 2540w, https:\/\/designweekmexico.com\/wp-content\/uploads\/2021\/11\/X_03748-1920x1280.jpg 1920w, https:\/\/designweekmexico.com\/wp-content\/uploads\/2021\/11\/X_03748-300x200.jpg 300w, https:\/\/designweekmexico.com\/wp-content\/uploads\/2021\/11\/X_03748-1024x683.jpg 1024w, https:\/\/designweekmexico.com\/wp-content\/uploads\/2021\/11\/X_03748-768x512.jpg 768w, https:\/\/designweekmexico.com\/wp-content\/uploads\/2021\/11\/X_03748-1536x1024.jpg 1536w, https:\/\/designweekmexico.com\/wp-content\/uploads\/2021\/11\/X_03748-2048x1365.jpg 2048w, https:\/\/designweekmexico.com\/wp-content\/uploads\/2021\/11\/X_03748-18x12.jpg 18w\" sizes=\"(max-width: 2540px) 100vw, 2540px\" \/><\/figure><\/div><div class=\"wp-block-getwid-images-slider__item\" style=\"height:500px\"><figure><img loading=\"lazy\" decoding=\"async\" width=\"2540\" height=\"1693\" data-attachment-id=\"5605\" data-permalink=\"https:\/\/designweekmexico.com\/en\/programa-2021\/inedito-21\/attachment\/x_03757\/\" data-orig-file=\"https:\/\/designweekmexico.com\/wp-content\/uploads\/2021\/11\/X_03757.jpg\" data-orig-size=\"2540,1693\" data-comments-opened=\"1\" data-image-meta=\"{&quot;aperture&quot;:&quot;16&quot;,&quot;credit&quot;:&quot;Max Carballo\\rPhoto\\u0026amp;Fineart&quot;,&quot;camera&quot;:&quot;Canon EOS 5DS R&quot;,&quot;caption&quot;:&quot;&quot;,&quot;created_timestamp&quot;:&quot;1636026985&quot;,&quot;copyright&quot;:&quot;All Rights Reserved 2021&quot;,&quot;focal_length&quot;:&quot;17&quot;,&quot;iso&quot;:&quot;50&quot;,&quot;shutter_speed&quot;:&quot;0.125&quot;,&quot;title&quot;:&quot;&quot;,&quot;orientation&quot;:&quot;1&quot;}\" data-image-title=\"X_03757\" data-image-description=\"\" data-image-caption=\"\" data-medium-file=\"https:\/\/designweekmexico.com\/wp-content\/uploads\/2021\/11\/X_03757-300x200.jpg\" data-large-file=\"https:\/\/designweekmexico.com\/wp-content\/uploads\/2021\/11\/X_03757-1024x683.jpg\" src=\"https:\/\/designweekmexico.com\/wp-content\/uploads\/2021\/11\/X_03757.jpg\" data-id=\"5605\" data-link=\"https:\/\/designweekmexico.com\/programa\/inedito\/attachment\/x_03757\/\" data-original-link=\"https:\/\/designweekmexico.com\/wp-content\/uploads\/2021\/11\/X_03757.jpg\" class=\"wp-block-getwid-images-slider__image wp-image-5605\" srcset=\"https:\/\/designweekmexico.com\/wp-content\/uploads\/2021\/11\/X_03757.jpg 2540w, https:\/\/designweekmexico.com\/wp-content\/uploads\/2021\/11\/X_03757-1920x1280.jpg 1920w, https:\/\/designweekmexico.com\/wp-content\/uploads\/2021\/11\/X_03757-300x200.jpg 300w, https:\/\/designweekmexico.com\/wp-content\/uploads\/2021\/11\/X_03757-1024x683.jpg 1024w, https:\/\/designweekmexico.com\/wp-content\/uploads\/2021\/11\/X_03757-768x512.jpg 768w, https:\/\/designweekmexico.com\/wp-content\/uploads\/2021\/11\/X_03757-1536x1024.jpg 1536w, https:\/\/designweekmexico.com\/wp-content\/uploads\/2021\/11\/X_03757-2048x1365.jpg 2048w, https:\/\/designweekmexico.com\/wp-content\/uploads\/2021\/11\/X_03757-18x12.jpg 18w\" sizes=\"(max-width: 2540px) 100vw, 2540px\" \/><\/figure><\/div><div class=\"wp-block-getwid-images-slider__item\" style=\"height:500px\"><figure><img loading=\"lazy\" decoding=\"async\" width=\"2540\" height=\"1693\" data-attachment-id=\"5606\" data-permalink=\"https:\/\/designweekmexico.com\/en\/programa-2021\/inedito-21\/attachment\/x_03765\/\" data-orig-file=\"https:\/\/designweekmexico.com\/wp-content\/uploads\/2021\/11\/X_03765.jpg\" data-orig-size=\"2540,1693\" data-comments-opened=\"1\" data-image-meta=\"{&quot;aperture&quot;:&quot;16&quot;,&quot;credit&quot;:&quot;Max Carballo\\rPhoto\\u0026amp;Fineart&quot;,&quot;camera&quot;:&quot;Canon EOS 5DS R&quot;,&quot;caption&quot;:&quot;&quot;,&quot;created_timestamp&quot;:&quot;1636027758&quot;,&quot;copyright&quot;:&quot;All Rights Reserved 2021&quot;,&quot;focal_length&quot;:&quot;17&quot;,&quot;iso&quot;:&quot;50&quot;,&quot;shutter_speed&quot;:&quot;0.125&quot;,&quot;title&quot;:&quot;&quot;,&quot;orientation&quot;:&quot;1&quot;}\" data-image-title=\"X_03765\" data-image-description=\"\" data-image-caption=\"\" data-medium-file=\"https:\/\/designweekmexico.com\/wp-content\/uploads\/2021\/11\/X_03765-300x200.jpg\" data-large-file=\"https:\/\/designweekmexico.com\/wp-content\/uploads\/2021\/11\/X_03765-1024x683.jpg\" src=\"https:\/\/designweekmexico.com\/wp-content\/uploads\/2021\/11\/X_03765.jpg\" data-id=\"5606\" data-link=\"https:\/\/designweekmexico.com\/programa\/inedito\/attachment\/x_03765\/\" data-original-link=\"https:\/\/designweekmexico.com\/wp-content\/uploads\/2021\/11\/X_03765.jpg\" class=\"wp-block-getwid-images-slider__image wp-image-5606\" srcset=\"https:\/\/designweekmexico.com\/wp-content\/uploads\/2021\/11\/X_03765.jpg 2540w, https:\/\/designweekmexico.com\/wp-content\/uploads\/2021\/11\/X_03765-1920x1280.jpg 1920w, https:\/\/designweekmexico.com\/wp-content\/uploads\/2021\/11\/X_03765-300x200.jpg 300w, https:\/\/designweekmexico.com\/wp-content\/uploads\/2021\/11\/X_03765-1024x683.jpg 1024w, https:\/\/designweekmexico.com\/wp-content\/uploads\/2021\/11\/X_03765-768x512.jpg 768w, https:\/\/designweekmexico.com\/wp-content\/uploads\/2021\/11\/X_03765-1536x1024.jpg 1536w, https:\/\/designweekmexico.com\/wp-content\/uploads\/2021\/11\/X_03765-2048x1365.jpg 2048w, https:\/\/designweekmexico.com\/wp-content\/uploads\/2021\/11\/X_03765-18x12.jpg 18w\" sizes=\"(max-width: 2540px) 100vw, 2540px\" \/><\/figure><\/div><div class=\"wp-block-getwid-images-slider__item\" style=\"height:500px\"><figure><img loading=\"lazy\" decoding=\"async\" width=\"2540\" height=\"1693\" data-attachment-id=\"5607\" data-permalink=\"https:\/\/designweekmexico.com\/en\/programa-2021\/inedito-21\/attachment\/x_03777\/\" data-orig-file=\"https:\/\/designweekmexico.com\/wp-content\/uploads\/2021\/11\/X_03777.jpg\" data-orig-size=\"2540,1693\" data-comments-opened=\"1\" data-image-meta=\"{&quot;aperture&quot;:&quot;16&quot;,&quot;credit&quot;:&quot;Max Carballo\\rPhoto\\u0026amp;Fineart&quot;,&quot;camera&quot;:&quot;Canon EOS 5DS R&quot;,&quot;caption&quot;:&quot;&quot;,&quot;created_timestamp&quot;:&quot;1636028772&quot;,&quot;copyright&quot;:&quot;All Rights Reserved 2021&quot;,&quot;focal_length&quot;:&quot;17&quot;,&quot;iso&quot;:&quot;50&quot;,&quot;shutter_speed&quot;:&quot;0.1&quot;,&quot;title&quot;:&quot;&quot;,&quot;orientation&quot;:&quot;1&quot;}\" data-image-title=\"X_03777\" data-image-description=\"\" data-image-caption=\"\" data-medium-file=\"https:\/\/designweekmexico.com\/wp-content\/uploads\/2021\/11\/X_03777-300x200.jpg\" data-large-file=\"https:\/\/designweekmexico.com\/wp-content\/uploads\/2021\/11\/X_03777-1024x683.jpg\" src=\"https:\/\/designweekmexico.com\/wp-content\/uploads\/2021\/11\/X_03777.jpg\" data-id=\"5607\" data-link=\"https:\/\/designweekmexico.com\/programa\/inedito\/attachment\/x_03777\/\" data-original-link=\"https:\/\/designweekmexico.com\/wp-content\/uploads\/2021\/11\/X_03777.jpg\" class=\"wp-block-getwid-images-slider__image wp-image-5607\" srcset=\"https:\/\/designweekmexico.com\/wp-content\/uploads\/2021\/11\/X_03777.jpg 2540w, https:\/\/designweekmexico.com\/wp-content\/uploads\/2021\/11\/X_03777-1920x1280.jpg 1920w, https:\/\/designweekmexico.com\/wp-content\/uploads\/2021\/11\/X_03777-300x200.jpg 300w, https:\/\/designweekmexico.com\/wp-content\/uploads\/2021\/11\/X_03777-1024x683.jpg 1024w, https:\/\/designweekmexico.com\/wp-content\/uploads\/2021\/11\/X_03777-768x512.jpg 768w, https:\/\/designweekmexico.com\/wp-content\/uploads\/2021\/11\/X_03777-1536x1024.jpg 1536w, https:\/\/designweekmexico.com\/wp-content\/uploads\/2021\/11\/X_03777-2048x1365.jpg 2048w, https:\/\/designweekmexico.com\/wp-content\/uploads\/2021\/11\/X_03777-18x12.jpg 18w\" sizes=\"(max-width: 2540px) 100vw, 2540px\" \/><\/figure><\/div><div class=\"wp-block-getwid-images-slider__item\" style=\"height:500px\"><figure><img loading=\"lazy\" decoding=\"async\" width=\"2540\" height=\"1693\" data-attachment-id=\"5608\" data-permalink=\"https:\/\/designweekmexico.com\/en\/programa-2021\/inedito-21\/attachment\/x_03785\/\" data-orig-file=\"https:\/\/designweekmexico.com\/wp-content\/uploads\/2021\/11\/X_03785.jpg\" data-orig-size=\"2540,1693\" data-comments-opened=\"1\" data-image-meta=\"{&quot;aperture&quot;:&quot;16&quot;,&quot;credit&quot;:&quot;Max Carballo\\rPhoto\\u0026amp;Fineart&quot;,&quot;camera&quot;:&quot;Canon EOS 5DS R&quot;,&quot;caption&quot;:&quot;&quot;,&quot;created_timestamp&quot;:&quot;1636029266&quot;,&quot;copyright&quot;:&quot;All Rights Reserved 2021&quot;,&quot;focal_length&quot;:&quot;17&quot;,&quot;iso&quot;:&quot;50&quot;,&quot;shutter_speed&quot;:&quot;0.125&quot;,&quot;title&quot;:&quot;&quot;,&quot;orientation&quot;:&quot;1&quot;}\" data-image-title=\"X_03785\" data-image-description=\"\" data-image-caption=\"\" data-medium-file=\"https:\/\/designweekmexico.com\/wp-content\/uploads\/2021\/11\/X_03785-300x200.jpg\" data-large-file=\"https:\/\/designweekmexico.com\/wp-content\/uploads\/2021\/11\/X_03785-1024x683.jpg\" src=\"https:\/\/designweekmexico.com\/wp-content\/uploads\/2021\/11\/X_03785.jpg\" data-id=\"5608\" data-link=\"https:\/\/designweekmexico.com\/programa\/inedito\/attachment\/x_03785\/\" data-original-link=\"https:\/\/designweekmexico.com\/wp-content\/uploads\/2021\/11\/X_03785.jpg\" class=\"wp-block-getwid-images-slider__image wp-image-5608\" srcset=\"https:\/\/designweekmexico.com\/wp-content\/uploads\/2021\/11\/X_03785.jpg 2540w, https:\/\/designweekmexico.com\/wp-content\/uploads\/2021\/11\/X_03785-1920x1280.jpg 1920w, https:\/\/designweekmexico.com\/wp-content\/uploads\/2021\/11\/X_03785-300x200.jpg 300w, https:\/\/designweekmexico.com\/wp-content\/uploads\/2021\/11\/X_03785-1024x683.jpg 1024w, https:\/\/designweekmexico.com\/wp-content\/uploads\/2021\/11\/X_03785-768x512.jpg 768w, https:\/\/designweekmexico.com\/wp-content\/uploads\/2021\/11\/X_03785-1536x1024.jpg 1536w, https:\/\/designweekmexico.com\/wp-content\/uploads\/2021\/11\/X_03785-2048x1365.jpg 2048w, https:\/\/designweekmexico.com\/wp-content\/uploads\/2021\/11\/X_03785-18x12.jpg 18w\" sizes=\"(max-width: 2540px) 100vw, 2540px\" \/><\/figure><\/div><\/div><\/div>\n\n\n\n<p>In\u00e9dito, en su s\u00e9ptima edici\u00f3n, es una convocatoria abierta a proyectos de dise\u00f1o utilitario <strong>that have never been published, disseminated or marketed before <\/strong>en las categor\u00edas de: <strong>innovaci\u00f3n, funcionalidad, concepto<\/strong> (dise\u00f1o critico), <strong>experiencia de usuario, materiales y procesos, est\u00e9tica<\/strong> (art-object or collectible piece), <strong>impacto social artesanal, impacto ambiental y dise\u00f1o circular.<\/strong><\/p>\n\n\n\n<p>La plataforma incluye tres categor\u00edas de participaci\u00f3n: profesional, universitaria y edici\u00f3n limitada.<\/p>\n\n\n\n<p><meta charset=\"utf-8\">Desde 2018, DWM colabora con el <strong>Instituto Europeo de Dise\u00f1o (IED)<\/strong> para otorgar becas de estudio a los ganadores de In\u00e9dito Universitario.<\/p>\n\n\n\n<p>Por primera ocasi\u00f3n, <a href=\"http:\/\/ducolab.com\/en\/home\/\"><strong>Duco Lab,<\/strong> <\/a>otorgar\u00e1 un premio para la pieza y dise\u00f1ador merecedores de la <strong>menci\u00f3n honor\u00edfica en Funci\u00f3n<\/strong> de esta edici\u00f3n de In\u00e9dito.<\/p>\n\n\n\n<div class=\"wp-block-themeisle-blocks-advanced-columns has-4-columns has-desktop-equal-layout has-tablet-equal-layout has-mobile-equal-layout has-default-gap has-vertical-unset\" id=\"wp-block-themeisle-blocks-advanced-columns-1b747594\"><div class=\"wp-block-themeisle-blocks-advanced-columns-overlay\"><\/div><div class=\"innerblocks-wrap\">\n<div class=\"wp-block-themeisle-blocks-advanced-column\" id=\"wp-block-themeisle-blocks-advanced-column-4e06e24c\">\n<figure class=\"wp-block-image size-full\"><img loading=\"lazy\" decoding=\"async\" width=\"626\" height=\"417\" data-attachment-id=\"1166\" data-permalink=\"https:\/\/designweekmexico.com\/en\/universidades-dwm-10\/\" data-orig-file=\"https:\/\/designweekmexico.com\/wp-content\/uploads\/2020\/06\/Universidades-DWM-10.png\" data-orig-size=\"626,417\" data-comments-opened=\"1\" data-image-meta=\"{&quot;aperture&quot;:&quot;0&quot;,&quot;credit&quot;:&quot;&quot;,&quot;camera&quot;:&quot;&quot;,&quot;caption&quot;:&quot;&quot;,&quot;created_timestamp&quot;:&quot;0&quot;,&quot;copyright&quot;:&quot;&quot;,&quot;focal_length&quot;:&quot;0&quot;,&quot;iso&quot;:&quot;0&quot;,&quot;shutter_speed&quot;:&quot;0&quot;,&quot;title&quot;:&quot;&quot;,&quot;orientation&quot;:&quot;0&quot;}\" data-image-title=\"Universidades DWM-10\" data-image-description=\"\" data-image-caption=\"\" data-medium-file=\"https:\/\/designweekmexico.com\/wp-content\/uploads\/2020\/06\/Universidades-DWM-10-300x200.png\" data-large-file=\"https:\/\/designweekmexico.com\/wp-content\/uploads\/2020\/06\/Universidades-DWM-10.png\" src=\"https:\/\/designweekmexico.com\/wp-content\/uploads\/2020\/06\/Universidades-DWM-10.png\" alt=\"\" class=\"wp-image-1166\" srcset=\"https:\/\/designweekmexico.com\/wp-content\/uploads\/2020\/06\/Universidades-DWM-10.png 626w, https:\/\/designweekmexico.com\/wp-content\/uploads\/2020\/06\/Universidades-DWM-10-600x400.png 600w, https:\/\/designweekmexico.com\/wp-content\/uploads\/2020\/06\/Universidades-DWM-10-300x200.png 300w\" sizes=\"(max-width: 626px) 100vw, 626px\" \/><\/figure>\n<\/div>\n\n\n\n<div class=\"wp-block-themeisle-blocks-advanced-column\" id=\"wp-block-themeisle-blocks-advanced-column-c19c369b\">\n<figure class=\"wp-block-image size-full\"><img loading=\"lazy\" decoding=\"async\" width=\"626\" height=\"417\" data-attachment-id=\"4395\" data-permalink=\"https:\/\/designweekmexico.com\/en\/dealers-diseno-17\/\" data-orig-file=\"https:\/\/designweekmexico.com\/wp-content\/uploads\/2020\/06\/Dealers-Diseno-17.png\" data-orig-size=\"626,417\" data-comments-opened=\"1\" data-image-meta=\"{&quot;aperture&quot;:&quot;0&quot;,&quot;credit&quot;:&quot;&quot;,&quot;camera&quot;:&quot;&quot;,&quot;caption&quot;:&quot;&quot;,&quot;created_timestamp&quot;:&quot;0&quot;,&quot;copyright&quot;:&quot;&quot;,&quot;focal_length&quot;:&quot;0&quot;,&quot;iso&quot;:&quot;0&quot;,&quot;shutter_speed&quot;:&quot;0&quot;,&quot;title&quot;:&quot;&quot;,&quot;orientation&quot;:&quot;0&quot;}\" data-image-title=\"Dealers-Diseno-17\" data-image-description=\"\" data-image-caption=\"\" data-medium-file=\"https:\/\/designweekmexico.com\/wp-content\/uploads\/2020\/06\/Dealers-Diseno-17-300x200.png\" data-large-file=\"https:\/\/designweekmexico.com\/wp-content\/uploads\/2020\/06\/Dealers-Diseno-17.png\" src=\"https:\/\/designweekmexico.com\/wp-content\/uploads\/2020\/06\/Dealers-Diseno-17.png\" alt=\"\" class=\"wp-image-4395\" srcset=\"https:\/\/designweekmexico.com\/wp-content\/uploads\/2020\/06\/Dealers-Diseno-17.png 626w, https:\/\/designweekmexico.com\/wp-content\/uploads\/2020\/06\/Dealers-Diseno-17-300x200.png 300w, https:\/\/designweekmexico.com\/wp-content\/uploads\/2020\/06\/Dealers-Diseno-17-18x12.png 18w\" sizes=\"(max-width: 626px) 100vw, 626px\" \/><\/figure>\n<\/div>\n\n\n\n<div class=\"wp-block-themeisle-blocks-advanced-column\" id=\"wp-block-themeisle-blocks-advanced-column-1c16b633\"><\/div>\n\n\n\n<div class=\"wp-block-themeisle-blocks-advanced-column\" id=\"wp-block-themeisle-blocks-advanced-column-83e41812\"><\/div>\n<\/div><\/div>\n\n\n\n<p><span style=\"text-decoration: underline;\"><\/span><\/p>\n\n\n\n<hr class=\"wp-block-separator has-text-color has-background is-style-wide\" style=\"background-color:#999999;color:#999999\"\/>\n\n\n\n<h2 class=\"wp-block-heading\" id=\"seleccionados-2021\">2021 Participants<\/h2>\n\n\n\n<h4 class=\"wp-block-heading\" id=\"edicion-limitada\">Edici\u00f3n Limitada<\/h4>\n\n\n\n<div class=\"wp-block-columns is-layout-flex wp-container-core-columns-is-layout-28f84493 wp-block-columns-is-layout-flex\">\n<div class=\"wp-block-column is-layout-flow wp-block-column-is-layout-flow\">\n<p><a href=\"https:\/\/www.acoocooro.net\/\">ACOOCOORO<\/a> + <a href=\"https:\/\/tallerdeobsidiana.com\/\">Taller de Obsidiana<\/a><\/p>\n\n\n\n<p><a href=\"https:\/\/www.adhoc.mx\/\">AD HOC<\/a> + <a href=\"https:\/\/jmbalmaceda.com\/\">Balmaceda<\/a> para <a href=\"https:\/\/angulo0.com\/\">\u00c1ngulo Cero<\/a> <\/p>\n\n\n\n<p><a href=\"https:\/\/www.adngaleria.com\/\">ADN Galer\u00eda<\/a><\/p>\n\n\n\n<p><a href=\"https:\/\/byalgostudio.com\/\">Algo Studio<\/a><\/p>\n\n\n\n<p><a href=\"https:\/\/es.andjacob.com\/\">And jacob<\/a><\/p>\n\n\n\n<p><a href=\"https:\/\/www.instagram.com\/bestia_mx\/\">Bestia.<\/a><\/p>\n\n\n\n<p><a href=\"https:\/\/www.elianaportilla.mx\/\">Eliana Portilla<\/a><\/p>\n\n\n\n<p><a href=\"https:\/\/www.federicostefanovich.com\/\">Federico Stefanovich<\/a><\/p>\n\n\n\n<p><a href=\"https:\/\/shopleca.com\/\">LECA<\/a><\/p>\n<\/div>\n\n\n\n<div class=\"wp-block-column is-layout-flow wp-block-column-is-layout-flow\">\n<p><a href=\"https:\/\/martacarmela.com\/\">Martacarmela Sotelo<\/a><\/p>\n\n\n\n<p><a href=\"https:\/\/www.monicacalderon.net\/\">Monica Calderon Studio<\/a><\/p>\n\n\n\n<p><a href=\"https:\/\/www.instagram.com\/mpbenetts\/\">Montserrat Pi\u00f1a Benetts<\/a><\/p>\n\n\n\n<p><a href=\"https:\/\/mutable.mx\/\">Mutable<\/a><\/p>\n\n\n\n<p><a href=\"https:\/\/plataleastudio.com\/\">PLATALEA STUDIO<\/a> x Lilia Corona y Rodrigo Lobato<\/p>\n\n\n\n<p><a href=\"https:\/\/www.sebastianangeles.com\/\">Sebasti\u00e1n Angeles<\/a><\/p>\n\n\n\n<p><a href=\"https:\/\/www.txt-ure.mx\/\">txt.ure<\/a><\/p>\n<\/div>\n<\/div>\n\n\n\n<div class=\"wp-block-buttons is-layout-flex wp-block-buttons-is-layout-flex\">\n<div class=\"wp-block-button\"><a class=\"wp-block-button__link\" href=\"https:\/\/designweekmexico.com\/catalogo\/in\/#edicion-limitada\">Ver cat\u00e1logo completo<\/a><\/div>\n<\/div>\n\n\n\n<hr class=\"wp-block-separator is-style-wide\"\/>\n\n\n\n<h4 class=\"wp-block-heading\" id=\"profesional\">Professional<\/h4>\n\n\n\n<div class=\"wp-block-columns is-layout-flex wp-container-core-columns-is-layout-28f84493 wp-block-columns-is-layout-flex\">\n<div class=\"wp-block-column is-layout-flow wp-block-column-is-layout-flow\">\n<p><a href=\"https:\/\/2vientos.design\">2 VIENTOS<\/a><\/p>\n\n\n\n<p><a href=\"https:\/\/www.acoocooro.net\/\">ACOOCOORO<\/a><\/p>\n\n\n\n<p><a href=\"https:\/\/www.aliciadcore.com\/\">Alicia D&#8217;core<\/a><\/p>\n\n\n\n<p><a href=\"http:\/\/andresyjose.mx\/\">Andr\u00e9s &amp; Jos\u00e9<\/a><\/p>\n\n\n\n<p><a href=\"https:\/\/www.atelierjcgard.com\/\">Atelier JcGard<\/a><\/p>\n\n\n\n<p><a href=\"https:\/\/www.breuerstudio.com\/\">Breuer<\/a><\/p>\n\n\n\n<p><a href=\"https:\/\/designcacao.mx\">CACAO<\/a><\/p>\n\n\n\n<p><a href=\"https:\/\/www.arpluste-architectes.com\/\">CARLOS BARBA<\/a><\/p>\n\n\n\n<p><a href=\"http:\/\/www.carolinekable.com\">Caroline Kable<\/a><\/p>\n\n\n\n<p><a href=\"https:\/\/chimiyu.com\/\">CHIMIY\u00da<\/a><\/p>\n\n\n\n<p><a href=\"https:\/\/linktr.ee\/colectivocaravana\">Colectivo Caravana<\/a><\/p>\n\n\n\n<p><a href=\"https:\/\/www.instagram.com\/cynthiagomezdesigner\/\">Cynthia G\u00f3mez<\/a><\/p>\n\n\n\n<p><a href=\"https:\/\/instagram.com\/danielcouttolenc\">Daniel Couttolenc<\/a><\/p>\n\n\n\n<p><a href=\"http:\/\/www.estudioaco.com\">Estudio \u00e4Co<\/a> + <a href=\"https:\/\/marmolgurza.com\/\">M\u00e1rmol Gurza<\/a><\/p>\n\n\n\n<p><a href=\"http:\/\/www.estudiocalido.com\">Estudio C\u00e1lido<\/a><\/p>\n<\/div>\n\n\n\n<div class=\"wp-block-column is-layout-flow wp-block-column-is-layout-flow\">\n<p><meta charset=\"utf-8\"><a href=\"https:\/\/guillermojester.com\">Guillermo Jester<\/a><\/p>\n\n\n\n<p><a href=\"https:\/\/hiato.com.mx\/nosotros\">Hiato Creativo<\/a><\/p>\n\n\n\n<p><a href=\"https:\/\/www.instagram.com\/inhabitual_atelier\/\">Inhabitual Atelier<\/a><\/p>\n\n\n\n<p><a href=\"http:\/\/www.isabelinfante.com\">Isabel Infante<\/a><\/p>\n\n\n\n<p><a href=\"https:\/\/www.instagram.com\/piskanii\/\">Jessica Escoto, Nathalia Camacho, Azul Colunga y Joana Olgu\u00edn<\/a><\/p>\n\n\n\n<p><a href=\"https:\/\/www.instagram.com\/romac_studio\/\">Jose Antonio Rosique Mac Gregor<\/a><\/p>\n\n\n\n<p><a href=\"https:\/\/by-katachi.com\">Katachi<\/a><\/p>\n\n\n\n<p><a href=\"http:\/\/www.lilicortina.com\">Lili Cortina<\/a><\/p>\n\n\n\n<p><a href=\"https:\/\/namuhmex.com\/\">Luis Luna para NamuhStudio<\/a><\/p>\n\n\n\n<p><a href=\"http:\/\/masconcreto.net\/\">M\u0101s Concreto<\/a> + <a href=\"https:\/\/www.instagram.com\/alejgut\/\">Alejandro Guti\u00e9rrez Design Studio<\/a><\/p>\n\n\n\n<p><a href=\"http:\/\/mesawa.mx\">Mesawa<\/a><\/p>\n\n\n\n<p><a href=\"http:\/\/www.molacreativo.com\">Mola Taller Creativo<\/a><\/p>\n\n\n\n<p><a href=\"https:\/\/www.instagram.com\/natalia.tannenbaum\/\">Natalia Tannenbaum<\/a><\/p>\n\n\n\n<p><a href=\"http:\/\/www.nicolassoni.com\">Nicolas Soni<\/a><\/p>\n<\/div>\n\n\n\n<div class=\"wp-block-column is-layout-flow wp-block-column-is-layout-flow\">\n<p><a href=\"https:\/\/www.instagram.com\/ogmma_mx\/\">Ogmma<\/a><\/p>\n\n\n\n<p><a href=\"https:\/\/www.instagram.com\/_omestudio\/\">OME Studio<\/a> + <a href=\"https:\/\/www.instagram.com\/valeriaverastudio\/\">Valeria Vera Studio<\/a><\/p>\n\n\n\n<p><a href=\"https:\/\/rokam.com.mx\">Rokam<\/a><\/p>\n\n\n\n<p><a href=\"https:\/\/sebastianarroyohoebens.com\">Sebasti\u00e1n Arroyo Hoebens<\/a><\/p>\n\n\n\n<p><a href=\"https:\/\/studioroca.com\/\">STR por STUDIOROCA<\/a><\/p>\n\n\n\n<p>SURE\u00d1A<\/p>\n\n\n\n<p><a href=\"https:\/\/www.tainacampos.com\/\">Taina Campos<\/a> + <a href=\"https:\/\/www.instagram.com\/cointya\/\">Cointya Kiabet<\/a><\/p>\n\n\n\n<p><a href=\"http:\/\/omorika.com.mx\">Taller 67<\/a><\/p>\n\n\n\n<p><a href=\"https:\/\/tallerdeobsidiana.com\/\">Taller De Obsidiana<\/a><\/p>\n\n\n\n<p><a href=\"https:\/\/instagram.com\/taller_de_recinto\/\">Taller de Recinto<\/a><\/p>\n\n\n\n<p><a href=\"http:\/\/tanakarei.com\">Tana Karei<\/a><\/p>\n\n\n\n<p><a href=\"https:\/\/www.instagram.com\/thecult_co\/\">The Cult<\/a><\/p>\n\n\n\n<p><a href=\"https:\/\/www.thierryjeannot.com\">Thierry Jeannot<\/a><\/p>\n\n\n\n<p><a href=\"https:\/\/unicuo.mx\/\">UNICUO<\/a><\/p>\n\n\n\n<p><a href=\"https:\/\/www.zamorastudio.com\">ZAMORA_MX<\/a><\/p>\n\n\n\n<p><a href=\"https:\/\/zonddi.com\/\">Zonddi Art Made Furniture<\/a><\/p>\n<\/div>\n<\/div>\n\n\n\n<div class=\"wp-block-buttons is-layout-flex wp-block-buttons-is-layout-flex\">\n<div class=\"wp-block-button\"><a class=\"wp-block-button__link\" href=\"https:\/\/designweekmexico.com\/catalogo\/in\/#profesional\">Ver cat\u00e1logo completo<\/a><\/div>\n<\/div>\n\n\n\n<hr class=\"wp-block-separator is-style-wide\"\/>\n\n\n\n<h4 class=\"wp-block-heading\" id=\"universidades\">Universities<\/h4>\n\n\n\n<div class=\"wp-block-columns is-layout-flex wp-container-core-columns-is-layout-28f84493 wp-block-columns-is-layout-flex\">\n<div class=\"wp-block-column is-layout-flow wp-block-column-is-layout-flow\">\n<p><a href=\"http:\/\/tec.mx\">Instituto Tecnol\u00f3gico y de Estudios Superiores de Monterrey<\/a><br>(ITESM CCM \/ CEM \/ CM \/ CG)<\/p>\n\n\n\n<p><a href=\"https:\/\/cedim.edu.mx\/\">Centro de Estudios Superiores de Dise\u00f1o de Monterrey<\/a> (CEDIM)<\/p>\n\n\n\n<p><a href=\"https:\/\/www.udem.edu.mx\/\">Universidad de Monterrey<\/a> (UDEM)<\/p>\n<\/div>\n\n\n\n<div class=\"wp-block-column is-layout-flow wp-block-column-is-layout-flow\">\n<p><a href=\"https:\/\/edinba.inba.gob.mx\/\">Escuela de Dise\u00f1o del Instituto Nacional de Bellas Artes y Literatura<\/a> (EDINBAL)<\/p>\n\n\n\n<p><a href=\"https:\/\/www.anahuac.mx\/mexico\/\">Universidad An\u00e1huac M\u00e9xico<\/a><\/p>\n\n\n\n<p><a href=\"http:\/\/dis.ibero.mx\">Universidad Iberoamericana<\/a> (CDMX)<\/p>\n<\/div>\n<\/div>\n\n\n\n<div class=\"wp-block-buttons is-layout-flex wp-block-buttons-is-layout-flex\">\n<div class=\"wp-block-button\"><a class=\"wp-block-button__link\" href=\"https:\/\/designweekmexico.com\/catalogo\/in\/#universitario\">Ver cat\u00e1logo completo<\/a><\/div>\n<\/div>","protected":false},"excerpt":{"rendered":"<p>In\u00e9dito, en su s\u00e9ptima edici\u00f3n, es una convocatoria abierta a proyectos de dise\u00f1o utilitario nunca antes publicados, difundidos o comercializados en las categor\u00edas de: innovaci\u00f3n, funcionalidad, concepto (dise\u00f1o critico), experiencia de usuario, materiales y procesos, est\u00e9tica (arte-objeto o pieza coleccionable), impacto social artesanal, impacto ambiental y dise\u00f1o circular.<\/p>","protected":false},"author":175,"featured_media":5528,"comment_status":"closed","ping_status":"closed","sticky":false,"template":"","format":"standard","meta":{"_themeisle_gutenberg_block_has_review":false,"_jetpack_memberships_contains_paid_content":false,"footnotes":""},"categories":[39],"tags":[],"class_list":["post-3149","post","type-post","status-publish","format-standard","has-post-thumbnail","hentry","category-programa-2021"],"blocksy_meta":{"styles_descriptor":{"styles":{"desktop":"","tablet":"","mobile":""},"google_fonts":[],"version":6}},"yoast_head":"<!-- This site is optimized with the Yoast SEO plugin v27.4 - https:\/\/yoast.com\/product\/yoast-seo-wordpress\/ -->\n<title>In\u00e9dito 2021 - Design Week Mexico<\/title>\n<meta name=\"robots\" content=\"index, follow, max-snippet:-1, max-image-preview:large, max-video-preview:-1\" \/>\n<link rel=\"canonical\" href=\"https:\/\/designweekmexico.com\/en\/programa-2021\/inedito-21\/\" \/>\n<meta property=\"og:locale\" content=\"en_US\" \/>\n<meta property=\"og:type\" content=\"article\" \/>\n<meta property=\"og:title\" content=\"In\u00e9dito 2021 - Design Week Mexico\" \/>\n<meta property=\"og:description\" content=\"In\u00e9dito, en su s\u00e9ptima edici\u00f3n, es una convocatoria abierta a proyectos de dise\u00f1o utilitario nunca antes publicados, difundidos o comercializados en las categor\u00edas de: innovaci\u00f3n, funcionalidad, concepto (dise\u00f1o critico), experiencia de usuario, materiales y procesos, est\u00e9tica (arte-objeto o pieza coleccionable), impacto social artesanal, impacto ambiental y dise\u00f1o circular.\" \/>\n<meta property=\"og:url\" content=\"https:\/\/designweekmexico.com\/en\/programa-2021\/inedito-21\/\" \/>\n<meta property=\"og:site_name\" content=\"Design Week Mexico\" \/>\n<meta property=\"article:publisher\" content=\"https:\/\/www.facebook.com\/designweekmex\" \/>\n<meta property=\"article:published_time\" content=\"2021-06-08T18:13:24+00:00\" \/>\n<meta property=\"article:modified_time\" content=\"2023-07-18T17:48:08+00:00\" \/>\n<meta property=\"og:image\" content=\"https:\/\/designweekmexico.com\/wp-content\/uploads\/2021\/11\/X_03738.jpg\" \/>\n\t<meta property=\"og:image:width\" content=\"1920\" \/>\n\t<meta property=\"og:image:height\" content=\"1280\" \/>\n\t<meta property=\"og:image:type\" content=\"image\/jpeg\" \/>\n<meta name=\"author\" content=\"Design Week Mexico\" \/>\n<meta name=\"twitter:card\" content=\"summary_large_image\" \/>\n<meta name=\"twitter:creator\" content=\"@designweekmex\" \/>\n<meta name=\"twitter:site\" content=\"@designweekmex\" \/>\n<meta name=\"twitter:label1\" content=\"Written by\" \/>\n\t<meta name=\"twitter:data1\" content=\"Design Week Mexico\" \/>\n\t<meta name=\"twitter:label2\" content=\"Est. reading time\" \/>\n\t<meta name=\"twitter:data2\" content=\"8 minutes\" \/>\n<script type=\"application\/ld+json\" class=\"yoast-schema-graph\">{\"@context\":\"https:\\\/\\\/schema.org\",\"@graph\":[{\"@type\":\"Article\",\"@id\":\"https:\\\/\\\/designweekmexico.com\\\/programa-2021\\\/inedito-21\\\/#article\",\"isPartOf\":{\"@id\":\"https:\\\/\\\/designweekmexico.com\\\/programa-2021\\\/inedito-21\\\/\"},\"author\":{\"name\":\"Design Week Mexico\",\"@id\":\"https:\\\/\\\/designweekmexico.com\\\/#\\\/schema\\\/person\\\/ee1da898b14b7d9d29bd0bc66da7ef01\"},\"headline\":\"In\u00e9dito 2021\",\"datePublished\":\"2021-06-08T18:13:24+00:00\",\"dateModified\":\"2023-07-18T17:48:08+00:00\",\"mainEntityOfPage\":{\"@id\":\"https:\\\/\\\/designweekmexico.com\\\/programa-2021\\\/inedito-21\\\/\"},\"wordCount\":395,\"publisher\":{\"@id\":\"https:\\\/\\\/designweekmexico.com\\\/#organization\"},\"image\":{\"@id\":\"https:\\\/\\\/designweekmexico.com\\\/programa-2021\\\/inedito-21\\\/#primaryimage\"},\"thumbnailUrl\":\"https:\\\/\\\/designweekmexico.com\\\/wp-content\\\/uploads\\\/2021\\\/11\\\/X_03738.jpg\",\"articleSection\":[\"DWM21\"],\"inLanguage\":\"en-US\"},{\"@type\":\"WebPage\",\"@id\":\"https:\\\/\\\/designweekmexico.com\\\/programa-2021\\\/inedito-21\\\/\",\"url\":\"https:\\\/\\\/designweekmexico.com\\\/programa-2021\\\/inedito-21\\\/\",\"name\":\"In\u00e9dito 2021 - Design Week Mexico\",\"isPartOf\":{\"@id\":\"https:\\\/\\\/designweekmexico.com\\\/#website\"},\"primaryImageOfPage\":{\"@id\":\"https:\\\/\\\/designweekmexico.com\\\/programa-2021\\\/inedito-21\\\/#primaryimage\"},\"image\":{\"@id\":\"https:\\\/\\\/designweekmexico.com\\\/programa-2021\\\/inedito-21\\\/#primaryimage\"},\"thumbnailUrl\":\"https:\\\/\\\/designweekmexico.com\\\/wp-content\\\/uploads\\\/2021\\\/11\\\/X_03738.jpg\",\"datePublished\":\"2021-06-08T18:13:24+00:00\",\"dateModified\":\"2023-07-18T17:48:08+00:00\",\"breadcrumb\":{\"@id\":\"https:\\\/\\\/designweekmexico.com\\\/programa-2021\\\/inedito-21\\\/#breadcrumb\"},\"inLanguage\":\"en-US\",\"potentialAction\":[{\"@type\":\"ReadAction\",\"target\":[\"https:\\\/\\\/designweekmexico.com\\\/programa-2021\\\/inedito-21\\\/\"]}]},{\"@type\":\"ImageObject\",\"inLanguage\":\"en-US\",\"@id\":\"https:\\\/\\\/designweekmexico.com\\\/programa-2021\\\/inedito-21\\\/#primaryimage\",\"url\":\"https:\\\/\\\/designweekmexico.com\\\/wp-content\\\/uploads\\\/2021\\\/11\\\/X_03738.jpg\",\"contentUrl\":\"https:\\\/\\\/designweekmexico.com\\\/wp-content\\\/uploads\\\/2021\\\/11\\\/X_03738.jpg\",\"width\":1920,\"height\":1280},{\"@type\":\"BreadcrumbList\",\"@id\":\"https:\\\/\\\/designweekmexico.com\\\/programa-2021\\\/inedito-21\\\/#breadcrumb\",\"itemListElement\":[{\"@type\":\"ListItem\",\"position\":1,\"name\":\"Inicio\",\"item\":\"https:\\\/\\\/designweekmexico.com\\\/\"},{\"@type\":\"ListItem\",\"position\":2,\"name\":\"In\u00e9dito 2021\"}]},{\"@type\":\"WebSite\",\"@id\":\"https:\\\/\\\/designweekmexico.com\\\/#website\",\"url\":\"https:\\\/\\\/designweekmexico.com\\\/\",\"name\":\"Design Week Mexico\",\"description\":\"Dise\u00f1ando el futuro...\",\"publisher\":{\"@id\":\"https:\\\/\\\/designweekmexico.com\\\/#organization\"},\"potentialAction\":[{\"@type\":\"SearchAction\",\"target\":{\"@type\":\"EntryPoint\",\"urlTemplate\":\"https:\\\/\\\/designweekmexico.com\\\/?s={search_term_string}\"},\"query-input\":{\"@type\":\"PropertyValueSpecification\",\"valueRequired\":true,\"valueName\":\"search_term_string\"}}],\"inLanguage\":\"en-US\"},{\"@type\":\"Organization\",\"@id\":\"https:\\\/\\\/designweekmexico.com\\\/#organization\",\"name\":\"Design Week Mexico\",\"url\":\"https:\\\/\\\/designweekmexico.com\\\/\",\"logo\":{\"@type\":\"ImageObject\",\"inLanguage\":\"en-US\",\"@id\":\"https:\\\/\\\/designweekmexico.com\\\/#\\\/schema\\\/logo\\\/image\\\/\",\"url\":\"https:\\\/\\\/designweekmexico.com\\\/wp-content\\\/uploads\\\/2026\\\/04\\\/Asset-58-70eae4-3141d7.svg\",\"contentUrl\":\"https:\\\/\\\/designweekmexico.com\\\/wp-content\\\/uploads\\\/2026\\\/04\\\/Asset-58-70eae4-3141d7.svg\",\"width\":1741,\"height\":103,\"caption\":\"Design Week Mexico\"},\"image\":{\"@id\":\"https:\\\/\\\/designweekmexico.com\\\/#\\\/schema\\\/logo\\\/image\\\/\"},\"sameAs\":[\"https:\\\/\\\/www.facebook.com\\\/designweekmex\",\"https:\\\/\\\/x.com\\\/designweekmex\",\"https:\\\/\\\/www.instagram.com\\\/designweekmex\\\/\",\"https:\\\/\\\/www.youtube.com\\\/user\\\/designweekmexico\",\"https:\\\/\\\/vimeo.com\\\/designweekmexico\",\"https:\\\/\\\/www.linkedin.com\\\/company\\\/designweekmx\\\/\"]},{\"@type\":\"Person\",\"@id\":\"https:\\\/\\\/designweekmexico.com\\\/#\\\/schema\\\/person\\\/ee1da898b14b7d9d29bd0bc66da7ef01\",\"name\":\"Design Week Mexico\",\"image\":{\"@type\":\"ImageObject\",\"inLanguage\":\"en-US\",\"@id\":\"https:\\\/\\\/secure.gravatar.com\\\/avatar\\\/0830bfc50cafacf340fb14966c0f6cc5c88935cded635f38ae2ed050785fd609?s=96&d=mm&r=g\",\"url\":\"https:\\\/\\\/secure.gravatar.com\\\/avatar\\\/0830bfc50cafacf340fb14966c0f6cc5c88935cded635f38ae2ed050785fd609?s=96&d=mm&r=g\",\"contentUrl\":\"https:\\\/\\\/secure.gravatar.com\\\/avatar\\\/0830bfc50cafacf340fb14966c0f6cc5c88935cded635f38ae2ed050785fd609?s=96&d=mm&r=g\",\"caption\":\"Design Week Mexico\"},\"url\":\"https:\\\/\\\/designweekmexico.com\\\/en\\\/author\\\/designweekmexico\\\/\"}]}<\/script>\n<!-- \/ Yoast SEO plugin. -->","yoast_head_json":{"title":"In\u00e9dito 2021 - Design Week Mexico","robots":{"index":"index","follow":"follow","max-snippet":"max-snippet:-1","max-image-preview":"max-image-preview:large","max-video-preview":"max-video-preview:-1"},"canonical":"https:\/\/designweekmexico.com\/en\/programa-2021\/inedito-21\/","og_locale":"en_US","og_type":"article","og_title":"In\u00e9dito 2021 - Design Week Mexico","og_description":"In\u00e9dito, en su s\u00e9ptima edici\u00f3n, es una convocatoria abierta a proyectos de dise\u00f1o utilitario nunca antes publicados, difundidos o comercializados en las categor\u00edas de: innovaci\u00f3n, funcionalidad, concepto (dise\u00f1o critico), experiencia de usuario, materiales y procesos, est\u00e9tica (arte-objeto o pieza coleccionable), impacto social artesanal, impacto ambiental y dise\u00f1o circular.","og_url":"https:\/\/designweekmexico.com\/en\/programa-2021\/inedito-21\/","og_site_name":"Design Week Mexico","article_publisher":"https:\/\/www.facebook.com\/designweekmex","article_published_time":"2021-06-08T18:13:24+00:00","article_modified_time":"2023-07-18T17:48:08+00:00","og_image":[{"width":1920,"height":1280,"url":"https:\/\/designweekmexico.com\/wp-content\/uploads\/2021\/11\/X_03738.jpg","type":"image\/jpeg"}],"author":"Design Week Mexico","twitter_card":"summary_large_image","twitter_creator":"@designweekmex","twitter_site":"@designweekmex","twitter_misc":{"Written by":"Design Week Mexico","Est. reading time":"8 minutes"},"schema":{"@context":"https:\/\/schema.org","@graph":[{"@type":"Article","@id":"https:\/\/designweekmexico.com\/programa-2021\/inedito-21\/#article","isPartOf":{"@id":"https:\/\/designweekmexico.com\/programa-2021\/inedito-21\/"},"author":{"name":"Design Week Mexico","@id":"https:\/\/designweekmexico.com\/#\/schema\/person\/ee1da898b14b7d9d29bd0bc66da7ef01"},"headline":"In\u00e9dito 2021","datePublished":"2021-06-08T18:13:24+00:00","dateModified":"2023-07-18T17:48:08+00:00","mainEntityOfPage":{"@id":"https:\/\/designweekmexico.com\/programa-2021\/inedito-21\/"},"wordCount":395,"publisher":{"@id":"https:\/\/designweekmexico.com\/#organization"},"image":{"@id":"https:\/\/designweekmexico.com\/programa-2021\/inedito-21\/#primaryimage"},"thumbnailUrl":"https:\/\/designweekmexico.com\/wp-content\/uploads\/2021\/11\/X_03738.jpg","articleSection":["DWM21"],"inLanguage":"en-US"},{"@type":"WebPage","@id":"https:\/\/designweekmexico.com\/programa-2021\/inedito-21\/","url":"https:\/\/designweekmexico.com\/programa-2021\/inedito-21\/","name":"In\u00e9dito 2021 - Design Week Mexico","isPartOf":{"@id":"https:\/\/designweekmexico.com\/#website"},"primaryImageOfPage":{"@id":"https:\/\/designweekmexico.com\/programa-2021\/inedito-21\/#primaryimage"},"image":{"@id":"https:\/\/designweekmexico.com\/programa-2021\/inedito-21\/#primaryimage"},"thumbnailUrl":"https:\/\/designweekmexico.com\/wp-content\/uploads\/2021\/11\/X_03738.jpg","datePublished":"2021-06-08T18:13:24+00:00","dateModified":"2023-07-18T17:48:08+00:00","breadcrumb":{"@id":"https:\/\/designweekmexico.com\/programa-2021\/inedito-21\/#breadcrumb"},"inLanguage":"en-US","potentialAction":[{"@type":"ReadAction","target":["https:\/\/designweekmexico.com\/programa-2021\/inedito-21\/"]}]},{"@type":"ImageObject","inLanguage":"en-US","@id":"https:\/\/designweekmexico.com\/programa-2021\/inedito-21\/#primaryimage","url":"https:\/\/designweekmexico.com\/wp-content\/uploads\/2021\/11\/X_03738.jpg","contentUrl":"https:\/\/designweekmexico.com\/wp-content\/uploads\/2021\/11\/X_03738.jpg","width":1920,"height":1280},{"@type":"BreadcrumbList","@id":"https:\/\/designweekmexico.com\/programa-2021\/inedito-21\/#breadcrumb","itemListElement":[{"@type":"ListItem","position":1,"name":"Inicio","item":"https:\/\/designweekmexico.com\/"},{"@type":"ListItem","position":2,"name":"In\u00e9dito 2021"}]},{"@type":"WebSite","@id":"https:\/\/designweekmexico.com\/#website","url":"https:\/\/designweekmexico.com\/","name":"Design Week Mexico","description":"Dise\u00f1ando el futuro...","publisher":{"@id":"https:\/\/designweekmexico.com\/#organization"},"potentialAction":[{"@type":"SearchAction","target":{"@type":"EntryPoint","urlTemplate":"https:\/\/designweekmexico.com\/?s={search_term_string}"},"query-input":{"@type":"PropertyValueSpecification","valueRequired":true,"valueName":"search_term_string"}}],"inLanguage":"en-US"},{"@type":"Organization","@id":"https:\/\/designweekmexico.com\/#organization","name":"Design Week Mexico","url":"https:\/\/designweekmexico.com\/","logo":{"@type":"ImageObject","inLanguage":"en-US","@id":"https:\/\/designweekmexico.com\/#\/schema\/logo\/image\/","url":"https:\/\/designweekmexico.com\/wp-content\/uploads\/2026\/04\/Asset-58-70eae4-3141d7.svg","contentUrl":"https:\/\/designweekmexico.com\/wp-content\/uploads\/2026\/04\/Asset-58-70eae4-3141d7.svg","width":1741,"height":103,"caption":"Design Week Mexico"},"image":{"@id":"https:\/\/designweekmexico.com\/#\/schema\/logo\/image\/"},"sameAs":["https:\/\/www.facebook.com\/designweekmex","https:\/\/x.com\/designweekmex","https:\/\/www.instagram.com\/designweekmex\/","https:\/\/www.youtube.com\/user\/designweekmexico","https:\/\/vimeo.com\/designweekmexico","https:\/\/www.linkedin.com\/company\/designweekmx\/"]},{"@type":"Person","@id":"https:\/\/designweekmexico.com\/#\/schema\/person\/ee1da898b14b7d9d29bd0bc66da7ef01","name":"Design Week Mexico","image":{"@type":"ImageObject","inLanguage":"en-US","@id":"https:\/\/secure.gravatar.com\/avatar\/0830bfc50cafacf340fb14966c0f6cc5c88935cded635f38ae2ed050785fd609?s=96&d=mm&r=g","url":"https:\/\/secure.gravatar.com\/avatar\/0830bfc50cafacf340fb14966c0f6cc5c88935cded635f38ae2ed050785fd609?s=96&d=mm&r=g","contentUrl":"https:\/\/secure.gravatar.com\/avatar\/0830bfc50cafacf340fb14966c0f6cc5c88935cded635f38ae2ed050785fd609?s=96&d=mm&r=g","caption":"Design Week Mexico"},"url":"https:\/\/designweekmexico.com\/en\/author\/designweekmexico\/"}]}},"jetpack_featured_media_url":"https:\/\/designweekmexico.com\/wp-content\/uploads\/2021\/11\/X_03738.jpg","jetpack_sharing_enabled":true,"_links":{"self":[{"href":"https:\/\/designweekmexico.com\/en\/wp-json\/wp\/v2\/posts\/3149","targetHints":{"allow":["GET"]}}],"collection":[{"href":"https:\/\/designweekmexico.com\/en\/wp-json\/wp\/v2\/posts"}],"about":[{"href":"https:\/\/designweekmexico.com\/en\/wp-json\/wp\/v2\/types\/post"}],"author":[{"embeddable":true,"href":"https:\/\/designweekmexico.com\/en\/wp-json\/wp\/v2\/users\/175"}],"replies":[{"embeddable":true,"href":"https:\/\/designweekmexico.com\/en\/wp-json\/wp\/v2\/comments?post=3149"}],"version-history":[{"count":52,"href":"https:\/\/designweekmexico.com\/en\/wp-json\/wp\/v2\/posts\/3149\/revisions"}],"predecessor-version":[{"id":15493,"href":"https:\/\/designweekmexico.com\/en\/wp-json\/wp\/v2\/posts\/3149\/revisions\/15493"}],"wp:featuredmedia":[{"embeddable":true,"href":"https:\/\/designweekmexico.com\/en\/wp-json\/wp\/v2\/media\/5528"}],"wp:attachment":[{"href":"https:\/\/designweekmexico.com\/en\/wp-json\/wp\/v2\/media?parent=3149"}],"wp:term":[{"taxonomy":"category","embeddable":true,"href":"https:\/\/designweekmexico.com\/en\/wp-json\/wp\/v2\/categories?post=3149"},{"taxonomy":"post_tag","embeddable":true,"href":"https:\/\/designweekmexico.com\/en\/wp-json\/wp\/v2\/tags?post=3149"}],"curies":[{"name":"wp","href":"https:\/\/api.w.org\/{rel}","templated":true}]}}