{"id":3723,"date":"2021-08-11T17:35:33","date_gmt":"2021-08-11T22:35:33","guid":{"rendered":"https:\/\/designweekmexico.com\/?p=3723"},"modified":"2021-10-12T13:14:39","modified_gmt":"2021-10-12T18:14:39","slug":"pabellon","status":"publish","type":"post","link":"https:\/\/designweekmexico.com\/en\/programa-2021\/pabellon\/","title":{"rendered":"Pabell\u00f3n"},"content":{"rendered":"<div class=\"wp-block-columns is-layout-flex wp-container-core-columns-is-layout-28f84493 wp-block-columns-is-layout-flex\">\n<div class=\"wp-block-column is-layout-flow wp-block-column-is-layout-flow\">\n<h4 class=\"wp-block-heading\">Dates<\/h4>\n\n\n\n<p class=\"has-medium-font-size\">8 nov 2021 &#8211; 20 feb 2021<\/p>\n\n\n\n<p><meta charset=\"utf-8\"><strong>Tuesday \u2013 Sunday<br><\/strong>11:00am &#8211; 5:00pm<\/p>\n\n\n\n<div style=\"height:20px\" aria-hidden=\"true\" class=\"wp-block-spacer\"><\/div>\n\n\n\n<h4 class=\"wp-block-heading\">Pabell\u00f3n 2021<\/h4>\n\n\n\n<p class=\"has-medium-font-size\"><strong>Pabell\u00f3n del Encuentro<\/strong><\/p>\n\n\n\n<p class=\"has-normal-font-size\"><a href=\"http:\/\/ccubicaarquitectos.com\">C C\u00fabica Arquitectos<\/a><\/p>\n\n\n\n<div class=\"wp-block-buttons is-layout-flex wp-block-buttons-is-layout-flex\">\n<div class=\"wp-block-button\"><a class=\"wp-block-button__link\" href=\"https:\/\/designweekmexico.com\/prensa\/pabellon-del-encuentro\/\">Read more \u2192<\/a><\/div>\n<\/div>\n\n\n\n<div style=\"height:20px\" aria-hidden=\"true\" class=\"wp-block-spacer\"><\/div>\n<\/div>\n\n\n\n<div class=\"wp-block-column is-layout-flow wp-block-column-is-layout-flow\">\n<h4 class=\"wp-block-heading\">Location<\/h4>\n\n\n\n<p><strong>Museo Nacional De Arte (MUNAL)<br><\/strong>Calle de Tacuba 8, Centro Hist\u00f3rico de la Cdad. de M\u00e9xico, Centro, Cuauht\u00e9moc, 06000 Ciudad de M\u00e9xico, CDMX<\/p>\n\n\n\n<p><a href=\"https:\/\/g.page\/munal-inba?share\" target=\"_blank\" rel=\"noreferrer noopener\">C\u00f3mo llegar<\/a><\/p>\n\n\n\n<iframe src=\"https:\/\/www.google.com\/maps\/embed?pb=!1m18!1m12!1m3!1d3762.4450100026033!2d-99.14189098412155!3d19.436371186882134!2m3!1f0!2f0!3f0!3m2!1i1024!2i768!4f13.1!3m3!1m2!1s0x85d200248453f8d1%3A0x5e67451bc487b600!2sMuseo%20Nacional%20De%20Arte%20(MUNAL)!5e0!3m2!1ses!2smx!4v1628706575998!5m2!1ses!2smx\" width=\"400\" height=\"250\" style=\"border:0;\" allowfullscreen=\"\" loading=\"lazy\"><\/iframe>\n<\/div>\n<\/div>\n\n\n\n<hr class=\"wp-block-separator has-text-color has-background is-style-wide\" style=\"background-color:#999999;color:#999999\"\/>\n\n\n\n<p>Desde 2013 y de manera ininterrumpida, destacados arquitectos nacionales e internacionales han sido invitados por DWM para crear pabellones que logren generar diversos cuestionamientos cr\u00edtico-est\u00e9ticos en torno a nuestra actualidad. Hoy por hoy, Pabell\u00f3n Design Week se ha convertido en una plataforma para proyectos experimentales de grandes despachos internacionales.<\/p>\n\n\n\n<p>En esta edici\u00f3n, el <strong><a href=\"https:\/\/designweekmexico.com\/prensa\/pabellon-del-encuentro\/\">Pabell\u00f3n del Encuentro<\/a><\/strong> estar\u00e1 a cargo del despacho C C\u00fabica Arquitectos. En ediciones anteriores han participado los despachos: Tatiana Bilbao, Alejandro Castro, Fernanda Canales, Palomba Serafini, M\u00fcller+Hirsche y Materia, Gerardo Broissin y Lucila Aguilar.<\/p>","protected":false},"excerpt":{"rendered":"<p>Desde 2013 y de manera ininterrumpida, destacados arquitectos nacionales e internacionales han sido invitados por DWM para crear pabellones que logren generar diversos cuestionamientos cr\u00edtico-est\u00e9ticos en torno a nuestra actualidad. Hoy por hoy, Pabell\u00f3n Design Week se ha convertido en una plataforma para proyectos experimentales de grandes despachos internacionales.<\/p>","protected":false},"author":175,"featured_media":4153,"comment_status":"closed","ping_status":"closed","sticky":false,"template":"","format":"standard","meta":{"_themeisle_gutenberg_block_has_review":false,"_jetpack_memberships_contains_paid_content":false,"footnotes":""},"categories":[39],"tags":[],"class_list":["post-3723","post","type-post","status-publish","format-standard","has-post-thumbnail","hentry","category-programa-2021"],"blocksy_meta":{"styles_descriptor":{"styles":{"desktop":"","tablet":"","mobile":""},"google_fonts":[],"version":6}},"yoast_head":"<!-- This site is optimized with the Yoast SEO plugin v27.4 - https:\/\/yoast.com\/product\/yoast-seo-wordpress\/ -->\n<title>Pabell\u00f3n - Design Week Mexico<\/title>\n<meta name=\"robots\" content=\"index, follow, max-snippet:-1, max-image-preview:large, max-video-preview:-1\" \/>\n<link rel=\"canonical\" href=\"https:\/\/designweekmexico.com\/en\/programa-2021\/pabellon\/\" \/>\n<meta property=\"og:locale\" content=\"en_US\" \/>\n<meta property=\"og:type\" content=\"article\" \/>\n<meta property=\"og:title\" content=\"Pabell\u00f3n - Design Week Mexico\" \/>\n<meta property=\"og:description\" content=\"Desde 2013 y de manera ininterrumpida, destacados arquitectos nacionales e internacionales han sido invitados por DWM para crear pabellones que logren generar diversos cuestionamientos cr\u00edtico-est\u00e9ticos en torno a nuestra actualidad. Hoy por hoy, Pabell\u00f3n Design Week se ha convertido en una plataforma para proyectos experimentales de grandes despachos internacionales.\" \/>\n<meta property=\"og:url\" content=\"https:\/\/designweekmexico.com\/en\/programa-2021\/pabellon\/\" \/>\n<meta property=\"og:site_name\" content=\"Design Week Mexico\" \/>\n<meta property=\"article:publisher\" content=\"https:\/\/www.facebook.com\/designweekmex\" \/>\n<meta property=\"article:published_time\" content=\"2021-08-11T22:35:33+00:00\" \/>\n<meta property=\"article:modified_time\" content=\"2021-10-12T18:14:39+00:00\" \/>\n<meta property=\"og:image\" content=\"https:\/\/i2.wp.com\/designweekmexico.com\/wp-content\/uploads\/2021\/09\/portada-dwm21-09-scaled.jpg?fit=2560%2C1707&ssl=1\" \/>\n\t<meta property=\"og:image:width\" content=\"2560\" \/>\n\t<meta property=\"og:image:height\" content=\"1707\" \/>\n\t<meta property=\"og:image:type\" content=\"image\/jpeg\" \/>\n<meta name=\"author\" content=\"Design Week Mexico\" \/>\n<meta name=\"twitter:card\" content=\"summary_large_image\" \/>\n<meta name=\"twitter:creator\" content=\"@designweekmex\" \/>\n<meta name=\"twitter:site\" content=\"@designweekmex\" \/>\n<meta name=\"twitter:label1\" content=\"Written by\" \/>\n\t<meta name=\"twitter:data1\" content=\"Design Week Mexico\" \/>\n\t<meta name=\"twitter:label2\" content=\"Est. reading time\" \/>\n\t<meta name=\"twitter:data2\" content=\"1 minute\" \/>\n<script type=\"application\/ld+json\" class=\"yoast-schema-graph\">{\"@context\":\"https:\\\/\\\/schema.org\",\"@graph\":[{\"@type\":\"Article\",\"@id\":\"https:\\\/\\\/designweekmexico.com\\\/programa-2021\\\/pabellon\\\/#article\",\"isPartOf\":{\"@id\":\"https:\\\/\\\/designweekmexico.com\\\/programa-2021\\\/pabellon\\\/\"},\"author\":{\"name\":\"Design Week Mexico\",\"@id\":\"https:\\\/\\\/designweekmexico.com\\\/#\\\/schema\\\/person\\\/ee1da898b14b7d9d29bd0bc66da7ef01\"},\"headline\":\"Pabell\u00f3n\",\"datePublished\":\"2021-08-11T22:35:33+00:00\",\"dateModified\":\"2021-10-12T18:14:39+00:00\",\"mainEntityOfPage\":{\"@id\":\"https:\\\/\\\/designweekmexico.com\\\/programa-2021\\\/pabellon\\\/\"},\"wordCount\":148,\"publisher\":{\"@id\":\"https:\\\/\\\/designweekmexico.com\\\/#organization\"},\"image\":{\"@id\":\"https:\\\/\\\/designweekmexico.com\\\/programa-2021\\\/pabellon\\\/#primaryimage\"},\"thumbnailUrl\":\"https:\\\/\\\/designweekmexico.com\\\/wp-content\\\/uploads\\\/2021\\\/09\\\/portada-dwm21-09-scaled.jpg\",\"articleSection\":[\"DWM21\"],\"inLanguage\":\"en-US\"},{\"@type\":\"WebPage\",\"@id\":\"https:\\\/\\\/designweekmexico.com\\\/programa-2021\\\/pabellon\\\/\",\"url\":\"https:\\\/\\\/designweekmexico.com\\\/programa-2021\\\/pabellon\\\/\",\"name\":\"Pabell\u00f3n - Design Week Mexico\",\"isPartOf\":{\"@id\":\"https:\\\/\\\/designweekmexico.com\\\/#website\"},\"primaryImageOfPage\":{\"@id\":\"https:\\\/\\\/designweekmexico.com\\\/programa-2021\\\/pabellon\\\/#primaryimage\"},\"image\":{\"@id\":\"https:\\\/\\\/designweekmexico.com\\\/programa-2021\\\/pabellon\\\/#primaryimage\"},\"thumbnailUrl\":\"https:\\\/\\\/designweekmexico.com\\\/wp-content\\\/uploads\\\/2021\\\/09\\\/portada-dwm21-09-scaled.jpg\",\"datePublished\":\"2021-08-11T22:35:33+00:00\",\"dateModified\":\"2021-10-12T18:14:39+00:00\",\"breadcrumb\":{\"@id\":\"https:\\\/\\\/designweekmexico.com\\\/programa-2021\\\/pabellon\\\/#breadcrumb\"},\"inLanguage\":\"en-US\",\"potentialAction\":[{\"@type\":\"ReadAction\",\"target\":[\"https:\\\/\\\/designweekmexico.com\\\/programa-2021\\\/pabellon\\\/\"]}]},{\"@type\":\"ImageObject\",\"inLanguage\":\"en-US\",\"@id\":\"https:\\\/\\\/designweekmexico.com\\\/programa-2021\\\/pabellon\\\/#primaryimage\",\"url\":\"https:\\\/\\\/designweekmexico.com\\\/wp-content\\\/uploads\\\/2021\\\/09\\\/portada-dwm21-09-scaled.jpg\",\"contentUrl\":\"https:\\\/\\\/designweekmexico.com\\\/wp-content\\\/uploads\\\/2021\\\/09\\\/portada-dwm21-09-scaled.jpg\",\"width\":2560,\"height\":1707},{\"@type\":\"BreadcrumbList\",\"@id\":\"https:\\\/\\\/designweekmexico.com\\\/programa-2021\\\/pabellon\\\/#breadcrumb\",\"itemListElement\":[{\"@type\":\"ListItem\",\"position\":1,\"name\":\"Inicio\",\"item\":\"https:\\\/\\\/designweekmexico.com\\\/\"},{\"@type\":\"ListItem\",\"position\":2,\"name\":\"Pabell\u00f3n\"}]},{\"@type\":\"WebSite\",\"@id\":\"https:\\\/\\\/designweekmexico.com\\\/#website\",\"url\":\"https:\\\/\\\/designweekmexico.com\\\/\",\"name\":\"Design Week Mexico\",\"description\":\"Dise\u00f1ando el futuro...\",\"publisher\":{\"@id\":\"https:\\\/\\\/designweekmexico.com\\\/#organization\"},\"potentialAction\":[{\"@type\":\"SearchAction\",\"target\":{\"@type\":\"EntryPoint\",\"urlTemplate\":\"https:\\\/\\\/designweekmexico.com\\\/?s={search_term_string}\"},\"query-input\":{\"@type\":\"PropertyValueSpecification\",\"valueRequired\":true,\"valueName\":\"search_term_string\"}}],\"inLanguage\":\"en-US\"},{\"@type\":\"Organization\",\"@id\":\"https:\\\/\\\/designweekmexico.com\\\/#organization\",\"name\":\"Design Week Mexico\",\"url\":\"https:\\\/\\\/designweekmexico.com\\\/\",\"logo\":{\"@type\":\"ImageObject\",\"inLanguage\":\"en-US\",\"@id\":\"https:\\\/\\\/designweekmexico.com\\\/#\\\/schema\\\/logo\\\/image\\\/\",\"url\":\"https:\\\/\\\/designweekmexico.com\\\/wp-content\\\/uploads\\\/2026\\\/04\\\/Asset-58-70eae4-3141d7.svg\",\"contentUrl\":\"https:\\\/\\\/designweekmexico.com\\\/wp-content\\\/uploads\\\/2026\\\/04\\\/Asset-58-70eae4-3141d7.svg\",\"width\":1741,\"height\":103,\"caption\":\"Design Week Mexico\"},\"image\":{\"@id\":\"https:\\\/\\\/designweekmexico.com\\\/#\\\/schema\\\/logo\\\/image\\\/\"},\"sameAs\":[\"https:\\\/\\\/www.facebook.com\\\/designweekmex\",\"https:\\\/\\\/x.com\\\/designweekmex\",\"https:\\\/\\\/www.instagram.com\\\/designweekmex\\\/\",\"https:\\\/\\\/www.youtube.com\\\/user\\\/designweekmexico\",\"https:\\\/\\\/vimeo.com\\\/designweekmexico\",\"https:\\\/\\\/www.linkedin.com\\\/company\\\/designweekmx\\\/\"]},{\"@type\":\"Person\",\"@id\":\"https:\\\/\\\/designweekmexico.com\\\/#\\\/schema\\\/person\\\/ee1da898b14b7d9d29bd0bc66da7ef01\",\"name\":\"Design Week Mexico\",\"image\":{\"@type\":\"ImageObject\",\"inLanguage\":\"en-US\",\"@id\":\"https:\\\/\\\/secure.gravatar.com\\\/avatar\\\/0830bfc50cafacf340fb14966c0f6cc5c88935cded635f38ae2ed050785fd609?s=96&d=mm&r=g\",\"url\":\"https:\\\/\\\/secure.gravatar.com\\\/avatar\\\/0830bfc50cafacf340fb14966c0f6cc5c88935cded635f38ae2ed050785fd609?s=96&d=mm&r=g\",\"contentUrl\":\"https:\\\/\\\/secure.gravatar.com\\\/avatar\\\/0830bfc50cafacf340fb14966c0f6cc5c88935cded635f38ae2ed050785fd609?s=96&d=mm&r=g\",\"caption\":\"Design Week Mexico\"},\"url\":\"https:\\\/\\\/designweekmexico.com\\\/en\\\/author\\\/designweekmexico\\\/\"}]}<\/script>\n<!-- \/ Yoast SEO plugin. -->","yoast_head_json":{"title":"Pabell\u00f3n - Design Week Mexico","robots":{"index":"index","follow":"follow","max-snippet":"max-snippet:-1","max-image-preview":"max-image-preview:large","max-video-preview":"max-video-preview:-1"},"canonical":"https:\/\/designweekmexico.com\/en\/programa-2021\/pabellon\/","og_locale":"en_US","og_type":"article","og_title":"Pabell\u00f3n - Design Week Mexico","og_description":"Desde 2013 y de manera ininterrumpida, destacados arquitectos nacionales e internacionales han sido invitados por DWM para crear pabellones que logren generar diversos cuestionamientos cr\u00edtico-est\u00e9ticos en torno a nuestra actualidad. Hoy por hoy, Pabell\u00f3n Design Week se ha convertido en una plataforma para proyectos experimentales de grandes despachos internacionales.","og_url":"https:\/\/designweekmexico.com\/en\/programa-2021\/pabellon\/","og_site_name":"Design Week Mexico","article_publisher":"https:\/\/www.facebook.com\/designweekmex","article_published_time":"2021-08-11T22:35:33+00:00","article_modified_time":"2021-10-12T18:14:39+00:00","og_image":[{"width":2560,"height":1707,"url":"https:\/\/i2.wp.com\/designweekmexico.com\/wp-content\/uploads\/2021\/09\/portada-dwm21-09-scaled.jpg?fit=2560%2C1707&ssl=1","type":"image\/jpeg"}],"author":"Design Week Mexico","twitter_card":"summary_large_image","twitter_creator":"@designweekmex","twitter_site":"@designweekmex","twitter_misc":{"Written by":"Design Week Mexico","Est. reading time":"1 minute"},"schema":{"@context":"https:\/\/schema.org","@graph":[{"@type":"Article","@id":"https:\/\/designweekmexico.com\/programa-2021\/pabellon\/#article","isPartOf":{"@id":"https:\/\/designweekmexico.com\/programa-2021\/pabellon\/"},"author":{"name":"Design Week Mexico","@id":"https:\/\/designweekmexico.com\/#\/schema\/person\/ee1da898b14b7d9d29bd0bc66da7ef01"},"headline":"Pabell\u00f3n","datePublished":"2021-08-11T22:35:33+00:00","dateModified":"2021-10-12T18:14:39+00:00","mainEntityOfPage":{"@id":"https:\/\/designweekmexico.com\/programa-2021\/pabellon\/"},"wordCount":148,"publisher":{"@id":"https:\/\/designweekmexico.com\/#organization"},"image":{"@id":"https:\/\/designweekmexico.com\/programa-2021\/pabellon\/#primaryimage"},"thumbnailUrl":"https:\/\/designweekmexico.com\/wp-content\/uploads\/2021\/09\/portada-dwm21-09-scaled.jpg","articleSection":["DWM21"],"inLanguage":"en-US"},{"@type":"WebPage","@id":"https:\/\/designweekmexico.com\/programa-2021\/pabellon\/","url":"https:\/\/designweekmexico.com\/programa-2021\/pabellon\/","name":"Pabell\u00f3n - Design Week Mexico","isPartOf":{"@id":"https:\/\/designweekmexico.com\/#website"},"primaryImageOfPage":{"@id":"https:\/\/designweekmexico.com\/programa-2021\/pabellon\/#primaryimage"},"image":{"@id":"https:\/\/designweekmexico.com\/programa-2021\/pabellon\/#primaryimage"},"thumbnailUrl":"https:\/\/designweekmexico.com\/wp-content\/uploads\/2021\/09\/portada-dwm21-09-scaled.jpg","datePublished":"2021-08-11T22:35:33+00:00","dateModified":"2021-10-12T18:14:39+00:00","breadcrumb":{"@id":"https:\/\/designweekmexico.com\/programa-2021\/pabellon\/#breadcrumb"},"inLanguage":"en-US","potentialAction":[{"@type":"ReadAction","target":["https:\/\/designweekmexico.com\/programa-2021\/pabellon\/"]}]},{"@type":"ImageObject","inLanguage":"en-US","@id":"https:\/\/designweekmexico.com\/programa-2021\/pabellon\/#primaryimage","url":"https:\/\/designweekmexico.com\/wp-content\/uploads\/2021\/09\/portada-dwm21-09-scaled.jpg","contentUrl":"https:\/\/designweekmexico.com\/wp-content\/uploads\/2021\/09\/portada-dwm21-09-scaled.jpg","width":2560,"height":1707},{"@type":"BreadcrumbList","@id":"https:\/\/designweekmexico.com\/programa-2021\/pabellon\/#breadcrumb","itemListElement":[{"@type":"ListItem","position":1,"name":"Inicio","item":"https:\/\/designweekmexico.com\/"},{"@type":"ListItem","position":2,"name":"Pabell\u00f3n"}]},{"@type":"WebSite","@id":"https:\/\/designweekmexico.com\/#website","url":"https:\/\/designweekmexico.com\/","name":"Design Week Mexico","description":"Dise\u00f1ando el futuro...","publisher":{"@id":"https:\/\/designweekmexico.com\/#organization"},"potentialAction":[{"@type":"SearchAction","target":{"@type":"EntryPoint","urlTemplate":"https:\/\/designweekmexico.com\/?s={search_term_string}"},"query-input":{"@type":"PropertyValueSpecification","valueRequired":true,"valueName":"search_term_string"}}],"inLanguage":"en-US"},{"@type":"Organization","@id":"https:\/\/designweekmexico.com\/#organization","name":"Design Week Mexico","url":"https:\/\/designweekmexico.com\/","logo":{"@type":"ImageObject","inLanguage":"en-US","@id":"https:\/\/designweekmexico.com\/#\/schema\/logo\/image\/","url":"https:\/\/designweekmexico.com\/wp-content\/uploads\/2026\/04\/Asset-58-70eae4-3141d7.svg","contentUrl":"https:\/\/designweekmexico.com\/wp-content\/uploads\/2026\/04\/Asset-58-70eae4-3141d7.svg","width":1741,"height":103,"caption":"Design Week Mexico"},"image":{"@id":"https:\/\/designweekmexico.com\/#\/schema\/logo\/image\/"},"sameAs":["https:\/\/www.facebook.com\/designweekmex","https:\/\/x.com\/designweekmex","https:\/\/www.instagram.com\/designweekmex\/","https:\/\/www.youtube.com\/user\/designweekmexico","https:\/\/vimeo.com\/designweekmexico","https:\/\/www.linkedin.com\/company\/designweekmx\/"]},{"@type":"Person","@id":"https:\/\/designweekmexico.com\/#\/schema\/person\/ee1da898b14b7d9d29bd0bc66da7ef01","name":"Design Week Mexico","image":{"@type":"ImageObject","inLanguage":"en-US","@id":"https:\/\/secure.gravatar.com\/avatar\/0830bfc50cafacf340fb14966c0f6cc5c88935cded635f38ae2ed050785fd609?s=96&d=mm&r=g","url":"https:\/\/secure.gravatar.com\/avatar\/0830bfc50cafacf340fb14966c0f6cc5c88935cded635f38ae2ed050785fd609?s=96&d=mm&r=g","contentUrl":"https:\/\/secure.gravatar.com\/avatar\/0830bfc50cafacf340fb14966c0f6cc5c88935cded635f38ae2ed050785fd609?s=96&d=mm&r=g","caption":"Design Week Mexico"},"url":"https:\/\/designweekmexico.com\/en\/author\/designweekmexico\/"}]}},"jetpack_featured_media_url":"https:\/\/designweekmexico.com\/wp-content\/uploads\/2021\/09\/portada-dwm21-09-scaled.jpg","jetpack_sharing_enabled":true,"_links":{"self":[{"href":"https:\/\/designweekmexico.com\/en\/wp-json\/wp\/v2\/posts\/3723","targetHints":{"allow":["GET"]}}],"collection":[{"href":"https:\/\/designweekmexico.com\/en\/wp-json\/wp\/v2\/posts"}],"about":[{"href":"https:\/\/designweekmexico.com\/en\/wp-json\/wp\/v2\/types\/post"}],"author":[{"embeddable":true,"href":"https:\/\/designweekmexico.com\/en\/wp-json\/wp\/v2\/users\/175"}],"replies":[{"embeddable":true,"href":"https:\/\/designweekmexico.com\/en\/wp-json\/wp\/v2\/comments?post=3723"}],"version-history":[{"count":19,"href":"https:\/\/designweekmexico.com\/en\/wp-json\/wp\/v2\/posts\/3723\/revisions"}],"predecessor-version":[{"id":5163,"href":"https:\/\/designweekmexico.com\/en\/wp-json\/wp\/v2\/posts\/3723\/revisions\/5163"}],"wp:featuredmedia":[{"embeddable":true,"href":"https:\/\/designweekmexico.com\/en\/wp-json\/wp\/v2\/media\/4153"}],"wp:attachment":[{"href":"https:\/\/designweekmexico.com\/en\/wp-json\/wp\/v2\/media?parent=3723"}],"wp:term":[{"taxonomy":"category","embeddable":true,"href":"https:\/\/designweekmexico.com\/en\/wp-json\/wp\/v2\/categories?post=3723"},{"taxonomy":"post_tag","embeddable":true,"href":"https:\/\/designweekmexico.com\/en\/wp-json\/wp\/v2\/tags?post=3723"}],"curies":[{"name":"wp","href":"https:\/\/api.w.org\/{rel}","templated":true}]}}