{"id":7344,"date":"2022-07-29T13:16:23","date_gmt":"2022-07-29T18:16:23","guid":{"rendered":"https:\/\/designweekmexico.com\/?p=7344"},"modified":"2022-07-29T13:27:17","modified_gmt":"2022-07-29T18:27:17","slug":"inedito-2022-el-detras-de-camaras","status":"publish","type":"post","link":"https:\/\/designweekmexico.com\/en\/noticias\/inedito-2022-el-detras-de-camaras\/","title":{"rendered":"In\u00e9dito 2022: El detr\u00e1s de c\u00e1maras"},"content":{"rendered":"<p>In\u00e9dito muestra a\u00f1o con a\u00f1o el trabajo de un grupo de dise\u00f1adores mexicanos que exploran, a trav\u00e9s de diversas t\u00e9cnicas y prototipos funcionales, su fascinaci\u00f3n con la manifestaci\u00f3n material y el uso de diversos procesos como eje creativo.<\/p>\n\n\n\n<p>Detr\u00e1s de cada pieza se encuentra todo un proceso creativo, conceptual y muchas horas para el desarrollo t\u00e9cnico y funcional, los dise\u00f1adores juegan con las texturas y meticulosamente hacen las composiciones para llegar a un resultado prolijo.&nbsp;<\/p>\n\n\n\n<p>S\u00e9 parte del desarrollo de las piezas de esta edici\u00f3n, conoce la inspiraci\u00f3n y el desarrollo de cada pieza, de esta muestra de dise\u00f1o utilitario.<\/p>\n\n\n\n<h3 class=\"wp-block-heading\">Avances de proyectos<\/h3>\n\n\n\n<figure class=\"wp-block-gallery has-nested-images columns-3 is-cropped wp-block-gallery-1 is-layout-flex wp-block-gallery-is-layout-flex\">\n<figure class=\"wp-block-image size-large\"><img fetchpriority=\"high\" decoding=\"async\" width=\"576\" height=\"1024\" data-attachment-id=\"7372\" data-permalink=\"https:\/\/designweekmexico.com\/en\/noticias\/inedito-2022-el-detras-de-camaras\/attachment\/52-oficial-normal\/\" data-orig-file=\"https:\/\/designweekmexico.com\/wp-content\/uploads\/2022\/07\/52-Oficial-Normal.jpg\" data-orig-size=\"1080,1920\" data-comments-opened=\"1\" data-image-meta=\"{&quot;aperture&quot;:&quot;0&quot;,&quot;credit&quot;:&quot;&quot;,&quot;camera&quot;:&quot;&quot;,&quot;caption&quot;:&quot;&quot;,&quot;created_timestamp&quot;:&quot;0&quot;,&quot;copyright&quot;:&quot;&quot;,&quot;focal_length&quot;:&quot;0&quot;,&quot;iso&quot;:&quot;0&quot;,&quot;shutter_speed&quot;:&quot;0&quot;,&quot;title&quot;:&quot;&quot;,&quot;orientation&quot;:&quot;1&quot;}\" data-image-title=\"52-Oficial-Normal\" data-image-description=\"\" data-image-caption=\"\" data-medium-file=\"https:\/\/designweekmexico.com\/wp-content\/uploads\/2022\/07\/52-Oficial-Normal-169x300.jpg\" data-large-file=\"https:\/\/designweekmexico.com\/wp-content\/uploads\/2022\/07\/52-Oficial-Normal-576x1024.jpg\" data-id=\"7372\" src=\"https:\/\/designweekmexico.com\/wp-content\/uploads\/2022\/07\/52-Oficial-Normal-576x1024.jpg\" alt=\"\" class=\"wp-image-7372\" srcset=\"https:\/\/designweekmexico.com\/wp-content\/uploads\/2022\/07\/52-Oficial-Normal-576x1024.jpg 576w, https:\/\/designweekmexico.com\/wp-content\/uploads\/2022\/07\/52-Oficial-Normal-169x300.jpg 169w, https:\/\/designweekmexico.com\/wp-content\/uploads\/2022\/07\/52-Oficial-Normal-768x1365.jpg 768w, https:\/\/designweekmexico.com\/wp-content\/uploads\/2022\/07\/52-Oficial-Normal-864x1536.jpg 864w, https:\/\/designweekmexico.com\/wp-content\/uploads\/2022\/07\/52-Oficial-Normal-7x12.jpg 7w, https:\/\/designweekmexico.com\/wp-content\/uploads\/2022\/07\/52-Oficial-Normal.jpg 1080w\" sizes=\"(max-width: 576px) 100vw, 576px\" \/><\/figure>\n\n\n\n<figure class=\"wp-block-image size-large\"><img decoding=\"async\" width=\"576\" height=\"1024\" data-attachment-id=\"7371\" data-permalink=\"https:\/\/designweekmexico.com\/en\/noticias\/inedito-2022-el-detras-de-camaras\/attachment\/53-ogmma\/\" data-orig-file=\"https:\/\/designweekmexico.com\/wp-content\/uploads\/2022\/07\/53-Ogmma.jpg\" data-orig-size=\"1080,1920\" data-comments-opened=\"1\" data-image-meta=\"{&quot;aperture&quot;:&quot;0&quot;,&quot;credit&quot;:&quot;&quot;,&quot;camera&quot;:&quot;&quot;,&quot;caption&quot;:&quot;&quot;,&quot;created_timestamp&quot;:&quot;0&quot;,&quot;copyright&quot;:&quot;&quot;,&quot;focal_length&quot;:&quot;0&quot;,&quot;iso&quot;:&quot;0&quot;,&quot;shutter_speed&quot;:&quot;0&quot;,&quot;title&quot;:&quot;&quot;,&quot;orientation&quot;:&quot;0&quot;}\" data-image-title=\"53-Ogmma\" data-image-description=\"\" data-image-caption=\"\" data-medium-file=\"https:\/\/designweekmexico.com\/wp-content\/uploads\/2022\/07\/53-Ogmma-169x300.jpg\" data-large-file=\"https:\/\/designweekmexico.com\/wp-content\/uploads\/2022\/07\/53-Ogmma-576x1024.jpg\" data-id=\"7371\" src=\"https:\/\/designweekmexico.com\/wp-content\/uploads\/2022\/07\/53-Ogmma-576x1024.jpg\" alt=\"\" class=\"wp-image-7371\" srcset=\"https:\/\/designweekmexico.com\/wp-content\/uploads\/2022\/07\/53-Ogmma-576x1024.jpg 576w, https:\/\/designweekmexico.com\/wp-content\/uploads\/2022\/07\/53-Ogmma-169x300.jpg 169w, https:\/\/designweekmexico.com\/wp-content\/uploads\/2022\/07\/53-Ogmma-768x1365.jpg 768w, https:\/\/designweekmexico.com\/wp-content\/uploads\/2022\/07\/53-Ogmma-864x1536.jpg 864w, https:\/\/designweekmexico.com\/wp-content\/uploads\/2022\/07\/53-Ogmma-7x12.jpg 7w, https:\/\/designweekmexico.com\/wp-content\/uploads\/2022\/07\/53-Ogmma.jpg 1080w\" sizes=\"(max-width: 576px) 100vw, 576px\" \/><\/figure>\n\n\n\n<figure class=\"wp-block-image size-large\"><img decoding=\"async\" width=\"768\" height=\"1024\" data-attachment-id=\"7373\" data-permalink=\"https:\/\/designweekmexico.com\/en\/noticias\/inedito-2022-el-detras-de-camaras\/attachment\/54-paola-valle\/\" data-orig-file=\"https:\/\/designweekmexico.com\/wp-content\/uploads\/2022\/07\/54-Paola-Valle-scaled.jpg\" data-orig-size=\"1920,2560\" data-comments-opened=\"1\" data-image-meta=\"{&quot;aperture&quot;:&quot;0&quot;,&quot;credit&quot;:&quot;&quot;,&quot;camera&quot;:&quot;&quot;,&quot;caption&quot;:&quot;&quot;,&quot;created_timestamp&quot;:&quot;0&quot;,&quot;copyright&quot;:&quot;&quot;,&quot;focal_length&quot;:&quot;0&quot;,&quot;iso&quot;:&quot;0&quot;,&quot;shutter_speed&quot;:&quot;0&quot;,&quot;title&quot;:&quot;&quot;,&quot;orientation&quot;:&quot;0&quot;}\" data-image-title=\"54-Paola-Valle\" data-image-description=\"\" data-image-caption=\"\" data-medium-file=\"https:\/\/designweekmexico.com\/wp-content\/uploads\/2022\/07\/54-Paola-Valle-225x300.jpg\" data-large-file=\"https:\/\/designweekmexico.com\/wp-content\/uploads\/2022\/07\/54-Paola-Valle-768x1024.jpg\" data-id=\"7373\" src=\"https:\/\/designweekmexico.com\/wp-content\/uploads\/2022\/07\/54-Paola-Valle-768x1024.jpg\" alt=\"\" class=\"wp-image-7373\" srcset=\"https:\/\/designweekmexico.com\/wp-content\/uploads\/2022\/07\/54-Paola-Valle-768x1024.jpg 768w, https:\/\/designweekmexico.com\/wp-content\/uploads\/2022\/07\/54-Paola-Valle-225x300.jpg 225w, https:\/\/designweekmexico.com\/wp-content\/uploads\/2022\/07\/54-Paola-Valle-1152x1536.jpg 1152w, https:\/\/designweekmexico.com\/wp-content\/uploads\/2022\/07\/54-Paola-Valle-1536x2048.jpg 1536w, https:\/\/designweekmexico.com\/wp-content\/uploads\/2022\/07\/54-Paola-Valle-9x12.jpg 9w, https:\/\/designweekmexico.com\/wp-content\/uploads\/2022\/07\/54-Paola-Valle-scaled.jpg 1920w\" sizes=\"(max-width: 768px) 100vw, 768px\" \/><\/figure>\n\n\n\n<figure class=\"wp-block-image size-large\"><img loading=\"lazy\" decoding=\"async\" width=\"576\" height=\"1024\" data-attachment-id=\"7369\" data-permalink=\"https:\/\/designweekmexico.com\/en\/noticias\/inedito-2022-el-detras-de-camaras\/attachment\/58-primitivo\/\" data-orig-file=\"https:\/\/designweekmexico.com\/wp-content\/uploads\/2022\/07\/58-Primitivo.jpg\" data-orig-size=\"1080,1920\" data-comments-opened=\"1\" data-image-meta=\"{&quot;aperture&quot;:&quot;0&quot;,&quot;credit&quot;:&quot;&quot;,&quot;camera&quot;:&quot;&quot;,&quot;caption&quot;:&quot;&quot;,&quot;created_timestamp&quot;:&quot;0&quot;,&quot;copyright&quot;:&quot;&quot;,&quot;focal_length&quot;:&quot;0&quot;,&quot;iso&quot;:&quot;0&quot;,&quot;shutter_speed&quot;:&quot;0&quot;,&quot;title&quot;:&quot;&quot;,&quot;orientation&quot;:&quot;0&quot;}\" data-image-title=\"58-Primitivo\" data-image-description=\"\" data-image-caption=\"\" data-medium-file=\"https:\/\/designweekmexico.com\/wp-content\/uploads\/2022\/07\/58-Primitivo-169x300.jpg\" data-large-file=\"https:\/\/designweekmexico.com\/wp-content\/uploads\/2022\/07\/58-Primitivo-576x1024.jpg\" data-id=\"7369\" src=\"https:\/\/designweekmexico.com\/wp-content\/uploads\/2022\/07\/58-Primitivo-576x1024.jpg\" alt=\"\" class=\"wp-image-7369\" srcset=\"https:\/\/designweekmexico.com\/wp-content\/uploads\/2022\/07\/58-Primitivo-576x1024.jpg 576w, https:\/\/designweekmexico.com\/wp-content\/uploads\/2022\/07\/58-Primitivo-169x300.jpg 169w, https:\/\/designweekmexico.com\/wp-content\/uploads\/2022\/07\/58-Primitivo-768x1365.jpg 768w, https:\/\/designweekmexico.com\/wp-content\/uploads\/2022\/07\/58-Primitivo-864x1536.jpg 864w, https:\/\/designweekmexico.com\/wp-content\/uploads\/2022\/07\/58-Primitivo-7x12.jpg 7w, https:\/\/designweekmexico.com\/wp-content\/uploads\/2022\/07\/58-Primitivo.jpg 1080w\" sizes=\"(max-width: 576px) 100vw, 576px\" \/><\/figure>\n\n\n\n<figure class=\"wp-block-image size-large\"><img loading=\"lazy\" decoding=\"async\" width=\"576\" height=\"1024\" data-attachment-id=\"7368\" data-permalink=\"https:\/\/designweekmexico.com\/en\/noticias\/inedito-2022-el-detras-de-camaras\/attachment\/61-sandyer-design\/\" data-orig-file=\"https:\/\/designweekmexico.com\/wp-content\/uploads\/2022\/07\/61-Sandyer-Design.jpg\" data-orig-size=\"1080,1920\" data-comments-opened=\"1\" data-image-meta=\"{&quot;aperture&quot;:&quot;0&quot;,&quot;credit&quot;:&quot;&quot;,&quot;camera&quot;:&quot;&quot;,&quot;caption&quot;:&quot;&quot;,&quot;created_timestamp&quot;:&quot;0&quot;,&quot;copyright&quot;:&quot;&quot;,&quot;focal_length&quot;:&quot;0&quot;,&quot;iso&quot;:&quot;0&quot;,&quot;shutter_speed&quot;:&quot;0&quot;,&quot;title&quot;:&quot;&quot;,&quot;orientation&quot;:&quot;1&quot;}\" data-image-title=\"61-Sandyer-Design\" data-image-description=\"\" data-image-caption=\"\" data-medium-file=\"https:\/\/designweekmexico.com\/wp-content\/uploads\/2022\/07\/61-Sandyer-Design-169x300.jpg\" data-large-file=\"https:\/\/designweekmexico.com\/wp-content\/uploads\/2022\/07\/61-Sandyer-Design-576x1024.jpg\" data-id=\"7368\" src=\"https:\/\/designweekmexico.com\/wp-content\/uploads\/2022\/07\/61-Sandyer-Design-576x1024.jpg\" alt=\"\" class=\"wp-image-7368\" srcset=\"https:\/\/designweekmexico.com\/wp-content\/uploads\/2022\/07\/61-Sandyer-Design-576x1024.jpg 576w, https:\/\/designweekmexico.com\/wp-content\/uploads\/2022\/07\/61-Sandyer-Design-169x300.jpg 169w, https:\/\/designweekmexico.com\/wp-content\/uploads\/2022\/07\/61-Sandyer-Design-768x1365.jpg 768w, https:\/\/designweekmexico.com\/wp-content\/uploads\/2022\/07\/61-Sandyer-Design-864x1536.jpg 864w, https:\/\/designweekmexico.com\/wp-content\/uploads\/2022\/07\/61-Sandyer-Design-7x12.jpg 7w, https:\/\/designweekmexico.com\/wp-content\/uploads\/2022\/07\/61-Sandyer-Design.jpg 1080w\" sizes=\"(max-width: 576px) 100vw, 576px\" \/><\/figure>\n\n\n\n<figure class=\"wp-block-image size-large\"><img loading=\"lazy\" decoding=\"async\" width=\"683\" height=\"1024\" data-attachment-id=\"7374\" data-permalink=\"https:\/\/designweekmexico.com\/en\/noticias\/inedito-2022-el-detras-de-camaras\/attachment\/64-rrre-1\/\" data-orig-file=\"https:\/\/designweekmexico.com\/wp-content\/uploads\/2022\/07\/64-RRRE-1-scaled.jpg\" data-orig-size=\"1707,2560\" data-comments-opened=\"1\" data-image-meta=\"{&quot;aperture&quot;:&quot;0&quot;,&quot;credit&quot;:&quot;&quot;,&quot;camera&quot;:&quot;&quot;,&quot;caption&quot;:&quot;&quot;,&quot;created_timestamp&quot;:&quot;0&quot;,&quot;copyright&quot;:&quot;&quot;,&quot;focal_length&quot;:&quot;0&quot;,&quot;iso&quot;:&quot;0&quot;,&quot;shutter_speed&quot;:&quot;0&quot;,&quot;title&quot;:&quot;&quot;,&quot;orientation&quot;:&quot;0&quot;}\" data-image-title=\"64-RRRE-1\" data-image-description=\"\" data-image-caption=\"\" data-medium-file=\"https:\/\/designweekmexico.com\/wp-content\/uploads\/2022\/07\/64-RRRE-1-200x300.jpg\" data-large-file=\"https:\/\/designweekmexico.com\/wp-content\/uploads\/2022\/07\/64-RRRE-1-683x1024.jpg\" data-id=\"7374\" src=\"https:\/\/designweekmexico.com\/wp-content\/uploads\/2022\/07\/64-RRRE-1-683x1024.jpg\" alt=\"\" class=\"wp-image-7374\" srcset=\"https:\/\/designweekmexico.com\/wp-content\/uploads\/2022\/07\/64-RRRE-1-683x1024.jpg 683w, https:\/\/designweekmexico.com\/wp-content\/uploads\/2022\/07\/64-RRRE-1-200x300.jpg 200w, https:\/\/designweekmexico.com\/wp-content\/uploads\/2022\/07\/64-RRRE-1-768x1152.jpg 768w, https:\/\/designweekmexico.com\/wp-content\/uploads\/2022\/07\/64-RRRE-1-1024x1536.jpg 1024w, https:\/\/designweekmexico.com\/wp-content\/uploads\/2022\/07\/64-RRRE-1-1365x2048.jpg 1365w, https:\/\/designweekmexico.com\/wp-content\/uploads\/2022\/07\/64-RRRE-1-8x12.jpg 8w, https:\/\/designweekmexico.com\/wp-content\/uploads\/2022\/07\/64-RRRE-1-1920x2880.jpg 1920w, https:\/\/designweekmexico.com\/wp-content\/uploads\/2022\/07\/64-RRRE-1-scaled.jpg 1707w\" sizes=\"(max-width: 683px) 100vw, 683px\" \/><\/figure>\n\n\n\n<figure class=\"wp-block-image size-large\"><img loading=\"lazy\" decoding=\"async\" width=\"576\" height=\"1024\" data-attachment-id=\"7370\" data-permalink=\"https:\/\/designweekmexico.com\/en\/noticias\/inedito-2022-el-detras-de-camaras\/attachment\/66-thierry-j-1\/\" data-orig-file=\"https:\/\/designweekmexico.com\/wp-content\/uploads\/2022\/07\/66-Thierry-J-1.jpg\" data-orig-size=\"1125,2000\" data-comments-opened=\"1\" data-image-meta=\"{&quot;aperture&quot;:&quot;0&quot;,&quot;credit&quot;:&quot;&quot;,&quot;camera&quot;:&quot;&quot;,&quot;caption&quot;:&quot;&quot;,&quot;created_timestamp&quot;:&quot;0&quot;,&quot;copyright&quot;:&quot;&quot;,&quot;focal_length&quot;:&quot;0&quot;,&quot;iso&quot;:&quot;0&quot;,&quot;shutter_speed&quot;:&quot;0&quot;,&quot;title&quot;:&quot;&quot;,&quot;orientation&quot;:&quot;1&quot;}\" data-image-title=\"66-Thierry-J-1\" data-image-description=\"\" data-image-caption=\"\" data-medium-file=\"https:\/\/designweekmexico.com\/wp-content\/uploads\/2022\/07\/66-Thierry-J-1-169x300.jpg\" data-large-file=\"https:\/\/designweekmexico.com\/wp-content\/uploads\/2022\/07\/66-Thierry-J-1-576x1024.jpg\" data-id=\"7370\" src=\"https:\/\/designweekmexico.com\/wp-content\/uploads\/2022\/07\/66-Thierry-J-1-576x1024.jpg\" alt=\"\" class=\"wp-image-7370\" srcset=\"https:\/\/designweekmexico.com\/wp-content\/uploads\/2022\/07\/66-Thierry-J-1-576x1024.jpg 576w, https:\/\/designweekmexico.com\/wp-content\/uploads\/2022\/07\/66-Thierry-J-1-169x300.jpg 169w, https:\/\/designweekmexico.com\/wp-content\/uploads\/2022\/07\/66-Thierry-J-1-768x1365.jpg 768w, https:\/\/designweekmexico.com\/wp-content\/uploads\/2022\/07\/66-Thierry-J-1-864x1536.jpg 864w, https:\/\/designweekmexico.com\/wp-content\/uploads\/2022\/07\/66-Thierry-J-1-7x12.jpg 7w, https:\/\/designweekmexico.com\/wp-content\/uploads\/2022\/07\/66-Thierry-J-1.jpg 1125w\" sizes=\"(max-width: 576px) 100vw, 576px\" \/><\/figure>\n\n\n\n<figure class=\"wp-block-image size-large\"><img loading=\"lazy\" decoding=\"async\" width=\"576\" height=\"1024\" data-attachment-id=\"7346\" data-permalink=\"https:\/\/designweekmexico.com\/en\/noticias\/inedito-2022-el-detras-de-camaras\/attachment\/02-ana-corkidi-1\/\" data-orig-file=\"https:\/\/designweekmexico.com\/wp-content\/uploads\/2022\/07\/02-Ana-Corkidi-1.jpg\" data-orig-size=\"1080,1920\" data-comments-opened=\"1\" data-image-meta=\"{&quot;aperture&quot;:&quot;0&quot;,&quot;credit&quot;:&quot;&quot;,&quot;camera&quot;:&quot;&quot;,&quot;caption&quot;:&quot;&quot;,&quot;created_timestamp&quot;:&quot;0&quot;,&quot;copyright&quot;:&quot;&quot;,&quot;focal_length&quot;:&quot;0&quot;,&quot;iso&quot;:&quot;0&quot;,&quot;shutter_speed&quot;:&quot;0&quot;,&quot;title&quot;:&quot;&quot;,&quot;orientation&quot;:&quot;1&quot;}\" data-image-title=\"02-Ana-Corkidi-1\" data-image-description=\"\" data-image-caption=\"\" data-medium-file=\"https:\/\/designweekmexico.com\/wp-content\/uploads\/2022\/07\/02-Ana-Corkidi-1-169x300.jpg\" data-large-file=\"https:\/\/designweekmexico.com\/wp-content\/uploads\/2022\/07\/02-Ana-Corkidi-1-576x1024.jpg\" data-id=\"7346\" src=\"https:\/\/designweekmexico.com\/wp-content\/uploads\/2022\/07\/02-Ana-Corkidi-1-576x1024.jpg\" alt=\"\" class=\"wp-image-7346\" srcset=\"https:\/\/designweekmexico.com\/wp-content\/uploads\/2022\/07\/02-Ana-Corkidi-1-576x1024.jpg 576w, https:\/\/designweekmexico.com\/wp-content\/uploads\/2022\/07\/02-Ana-Corkidi-1-169x300.jpg 169w, https:\/\/designweekmexico.com\/wp-content\/uploads\/2022\/07\/02-Ana-Corkidi-1-768x1365.jpg 768w, https:\/\/designweekmexico.com\/wp-content\/uploads\/2022\/07\/02-Ana-Corkidi-1-864x1536.jpg 864w, https:\/\/designweekmexico.com\/wp-content\/uploads\/2022\/07\/02-Ana-Corkidi-1-7x12.jpg 7w, https:\/\/designweekmexico.com\/wp-content\/uploads\/2022\/07\/02-Ana-Corkidi-1.jpg 1080w\" sizes=\"(max-width: 576px) 100vw, 576px\" \/><\/figure>\n\n\n\n<figure class=\"wp-block-image size-large\"><img loading=\"lazy\" decoding=\"async\" width=\"576\" height=\"1024\" data-attachment-id=\"7348\" data-permalink=\"https:\/\/designweekmexico.com\/en\/noticias\/inedito-2022-el-detras-de-camaras\/attachment\/03-artefacto\/\" data-orig-file=\"https:\/\/designweekmexico.com\/wp-content\/uploads\/2022\/07\/03-Artefacto.jpg\" data-orig-size=\"1080,1920\" data-comments-opened=\"1\" data-image-meta=\"{&quot;aperture&quot;:&quot;0&quot;,&quot;credit&quot;:&quot;&quot;,&quot;camera&quot;:&quot;&quot;,&quot;caption&quot;:&quot;&quot;,&quot;created_timestamp&quot;:&quot;0&quot;,&quot;copyright&quot;:&quot;&quot;,&quot;focal_length&quot;:&quot;0&quot;,&quot;iso&quot;:&quot;0&quot;,&quot;shutter_speed&quot;:&quot;0&quot;,&quot;title&quot;:&quot;&quot;,&quot;orientation&quot;:&quot;0&quot;}\" data-image-title=\"03-Artefacto\" data-image-description=\"\" data-image-caption=\"\" data-medium-file=\"https:\/\/designweekmexico.com\/wp-content\/uploads\/2022\/07\/03-Artefacto-169x300.jpg\" data-large-file=\"https:\/\/designweekmexico.com\/wp-content\/uploads\/2022\/07\/03-Artefacto-576x1024.jpg\" data-id=\"7348\" src=\"https:\/\/designweekmexico.com\/wp-content\/uploads\/2022\/07\/03-Artefacto-576x1024.jpg\" alt=\"\" class=\"wp-image-7348\" srcset=\"https:\/\/designweekmexico.com\/wp-content\/uploads\/2022\/07\/03-Artefacto-576x1024.jpg 576w, https:\/\/designweekmexico.com\/wp-content\/uploads\/2022\/07\/03-Artefacto-169x300.jpg 169w, https:\/\/designweekmexico.com\/wp-content\/uploads\/2022\/07\/03-Artefacto-768x1365.jpg 768w, https:\/\/designweekmexico.com\/wp-content\/uploads\/2022\/07\/03-Artefacto-864x1536.jpg 864w, https:\/\/designweekmexico.com\/wp-content\/uploads\/2022\/07\/03-Artefacto-7x12.jpg 7w, https:\/\/designweekmexico.com\/wp-content\/uploads\/2022\/07\/03-Artefacto.jpg 1080w\" sizes=\"(max-width: 576px) 100vw, 576px\" \/><\/figure>\n\n\n\n<figure class=\"wp-block-image size-large\"><img loading=\"lazy\" decoding=\"async\" width=\"576\" height=\"1024\" data-attachment-id=\"7350\" data-permalink=\"https:\/\/designweekmexico.com\/en\/noticias\/inedito-2022-el-detras-de-camaras\/attachment\/09-braulio-hernandez-1\/\" data-orig-file=\"https:\/\/designweekmexico.com\/wp-content\/uploads\/2022\/07\/09-Braulio-Herna\u0301ndez-1.png\" data-orig-size=\"1080,1920\" data-comments-opened=\"1\" data-image-meta=\"{&quot;aperture&quot;:&quot;0&quot;,&quot;credit&quot;:&quot;&quot;,&quot;camera&quot;:&quot;&quot;,&quot;caption&quot;:&quot;&quot;,&quot;created_timestamp&quot;:&quot;0&quot;,&quot;copyright&quot;:&quot;&quot;,&quot;focal_length&quot;:&quot;0&quot;,&quot;iso&quot;:&quot;0&quot;,&quot;shutter_speed&quot;:&quot;0&quot;,&quot;title&quot;:&quot;&quot;,&quot;orientation&quot;:&quot;0&quot;}\" data-image-title=\"09-Braulio-Herna\u0301ndez-1\" data-image-description=\"\" data-image-caption=\"\" data-medium-file=\"https:\/\/designweekmexico.com\/wp-content\/uploads\/2022\/07\/09-Braulio-Herna\u0301ndez-1-169x300.png\" data-large-file=\"https:\/\/designweekmexico.com\/wp-content\/uploads\/2022\/07\/09-Braulio-Herna\u0301ndez-1-576x1024.png\" data-id=\"7350\" src=\"https:\/\/designweekmexico.com\/wp-content\/uploads\/2022\/07\/09-Braulio-Herna\u0301ndez-1-576x1024.png\" alt=\"\" class=\"wp-image-7350\" srcset=\"https:\/\/designweekmexico.com\/wp-content\/uploads\/2022\/07\/09-Braulio-Herna\u0301ndez-1-576x1024.png 576w, https:\/\/designweekmexico.com\/wp-content\/uploads\/2022\/07\/09-Braulio-Herna\u0301ndez-1-169x300.png 169w, https:\/\/designweekmexico.com\/wp-content\/uploads\/2022\/07\/09-Braulio-Herna\u0301ndez-1-768x1365.png 768w, https:\/\/designweekmexico.com\/wp-content\/uploads\/2022\/07\/09-Braulio-Herna\u0301ndez-1-864x1536.png 864w, https:\/\/designweekmexico.com\/wp-content\/uploads\/2022\/07\/09-Braulio-Herna\u0301ndez-1-7x12.png 7w, https:\/\/designweekmexico.com\/wp-content\/uploads\/2022\/07\/09-Braulio-Herna\u0301ndez-1.png 1080w\" sizes=\"(max-width: 576px) 100vw, 576px\" \/><\/figure>\n\n\n\n<figure class=\"wp-block-image size-large\"><img loading=\"lazy\" decoding=\"async\" width=\"576\" height=\"1024\" data-attachment-id=\"7347\" data-permalink=\"https:\/\/designweekmexico.com\/en\/noticias\/inedito-2022-el-detras-de-camaras\/attachment\/11-burro-1\/\" data-orig-file=\"https:\/\/designweekmexico.com\/wp-content\/uploads\/2022\/07\/11-Burro-1.jpg\" data-orig-size=\"1152,2048\" data-comments-opened=\"1\" data-image-meta=\"{&quot;aperture&quot;:&quot;5&quot;,&quot;credit&quot;:&quot;&quot;,&quot;camera&quot;:&quot;Canon EOS Rebel T6&quot;,&quot;caption&quot;:&quot;&quot;,&quot;created_timestamp&quot;:&quot;0&quot;,&quot;copyright&quot;:&quot;&quot;,&quot;focal_length&quot;:&quot;96&quot;,&quot;iso&quot;:&quot;400&quot;,&quot;shutter_speed&quot;:&quot;0.0025&quot;,&quot;title&quot;:&quot;&quot;,&quot;orientation&quot;:&quot;0&quot;}\" data-image-title=\"11-Burro-1\" data-image-description=\"\" data-image-caption=\"\" data-medium-file=\"https:\/\/designweekmexico.com\/wp-content\/uploads\/2022\/07\/11-Burro-1-169x300.jpg\" data-large-file=\"https:\/\/designweekmexico.com\/wp-content\/uploads\/2022\/07\/11-Burro-1-576x1024.jpg\" data-id=\"7347\" src=\"https:\/\/designweekmexico.com\/wp-content\/uploads\/2022\/07\/11-Burro-1-576x1024.jpg\" alt=\"\" class=\"wp-image-7347\" srcset=\"https:\/\/designweekmexico.com\/wp-content\/uploads\/2022\/07\/11-Burro-1-576x1024.jpg 576w, https:\/\/designweekmexico.com\/wp-content\/uploads\/2022\/07\/11-Burro-1-169x300.jpg 169w, https:\/\/designweekmexico.com\/wp-content\/uploads\/2022\/07\/11-Burro-1-768x1365.jpg 768w, https:\/\/designweekmexico.com\/wp-content\/uploads\/2022\/07\/11-Burro-1-864x1536.jpg 864w, https:\/\/designweekmexico.com\/wp-content\/uploads\/2022\/07\/11-Burro-1-7x12.jpg 7w, https:\/\/designweekmexico.com\/wp-content\/uploads\/2022\/07\/11-Burro-1.jpg 1152w\" sizes=\"(max-width: 576px) 100vw, 576px\" \/><\/figure>\n\n\n\n<figure class=\"wp-block-image size-large\"><img loading=\"lazy\" decoding=\"async\" width=\"576\" height=\"1024\" data-attachment-id=\"7349\" data-permalink=\"https:\/\/designweekmexico.com\/en\/noticias\/inedito-2022-el-detras-de-camaras\/attachment\/13-chela-y-lucha\/\" data-orig-file=\"https:\/\/designweekmexico.com\/wp-content\/uploads\/2022\/07\/13-Chela-y-lucha.png\" data-orig-size=\"1080,1920\" data-comments-opened=\"1\" data-image-meta=\"{&quot;aperture&quot;:&quot;0&quot;,&quot;credit&quot;:&quot;&quot;,&quot;camera&quot;:&quot;&quot;,&quot;caption&quot;:&quot;&quot;,&quot;created_timestamp&quot;:&quot;0&quot;,&quot;copyright&quot;:&quot;&quot;,&quot;focal_length&quot;:&quot;0&quot;,&quot;iso&quot;:&quot;0&quot;,&quot;shutter_speed&quot;:&quot;0&quot;,&quot;title&quot;:&quot;&quot;,&quot;orientation&quot;:&quot;0&quot;}\" data-image-title=\"13-Chela-y-lucha\" data-image-description=\"\" data-image-caption=\"\" data-medium-file=\"https:\/\/designweekmexico.com\/wp-content\/uploads\/2022\/07\/13-Chela-y-lucha-169x300.png\" data-large-file=\"https:\/\/designweekmexico.com\/wp-content\/uploads\/2022\/07\/13-Chela-y-lucha-576x1024.png\" data-id=\"7349\" src=\"https:\/\/designweekmexico.com\/wp-content\/uploads\/2022\/07\/13-Chela-y-lucha-576x1024.png\" alt=\"\" class=\"wp-image-7349\" srcset=\"https:\/\/designweekmexico.com\/wp-content\/uploads\/2022\/07\/13-Chela-y-lucha-576x1024.png 576w, https:\/\/designweekmexico.com\/wp-content\/uploads\/2022\/07\/13-Chela-y-lucha-169x300.png 169w, https:\/\/designweekmexico.com\/wp-content\/uploads\/2022\/07\/13-Chela-y-lucha-768x1365.png 768w, https:\/\/designweekmexico.com\/wp-content\/uploads\/2022\/07\/13-Chela-y-lucha-864x1536.png 864w, https:\/\/designweekmexico.com\/wp-content\/uploads\/2022\/07\/13-Chela-y-lucha-7x12.png 7w, https:\/\/designweekmexico.com\/wp-content\/uploads\/2022\/07\/13-Chela-y-lucha.png 1080w\" sizes=\"(max-width: 576px) 100vw, 576px\" \/><\/figure>\n\n\n\n<figure class=\"wp-block-image size-large\"><img loading=\"lazy\" decoding=\"async\" width=\"576\" height=\"1024\" data-attachment-id=\"7351\" data-permalink=\"https:\/\/designweekmexico.com\/en\/noticias\/inedito-2022-el-detras-de-camaras\/attachment\/16-comite-de-proyectos\/\" data-orig-file=\"https:\/\/designweekmexico.com\/wp-content\/uploads\/2022\/07\/16-Comite\u0301-de-Proyectos.jpg\" data-orig-size=\"1080,1920\" data-comments-opened=\"1\" data-image-meta=\"{&quot;aperture&quot;:&quot;0&quot;,&quot;credit&quot;:&quot;&quot;,&quot;camera&quot;:&quot;&quot;,&quot;caption&quot;:&quot;&quot;,&quot;created_timestamp&quot;:&quot;0&quot;,&quot;copyright&quot;:&quot;&quot;,&quot;focal_length&quot;:&quot;0&quot;,&quot;iso&quot;:&quot;0&quot;,&quot;shutter_speed&quot;:&quot;0&quot;,&quot;title&quot;:&quot;&quot;,&quot;orientation&quot;:&quot;0&quot;}\" data-image-title=\"16-Comite\u0301-de-Proyectos\" data-image-description=\"\" data-image-caption=\"\" data-medium-file=\"https:\/\/designweekmexico.com\/wp-content\/uploads\/2022\/07\/16-Comite\u0301-de-Proyectos-169x300.jpg\" data-large-file=\"https:\/\/designweekmexico.com\/wp-content\/uploads\/2022\/07\/16-Comite\u0301-de-Proyectos-576x1024.jpg\" data-id=\"7351\" src=\"https:\/\/designweekmexico.com\/wp-content\/uploads\/2022\/07\/16-Comite\u0301-de-Proyectos-576x1024.jpg\" alt=\"\" class=\"wp-image-7351\" srcset=\"https:\/\/designweekmexico.com\/wp-content\/uploads\/2022\/07\/16-Comite\u0301-de-Proyectos-576x1024.jpg 576w, https:\/\/designweekmexico.com\/wp-content\/uploads\/2022\/07\/16-Comite\u0301-de-Proyectos-169x300.jpg 169w, https:\/\/designweekmexico.com\/wp-content\/uploads\/2022\/07\/16-Comite\u0301-de-Proyectos-768x1365.jpg 768w, https:\/\/designweekmexico.com\/wp-content\/uploads\/2022\/07\/16-Comite\u0301-de-Proyectos-864x1536.jpg 864w, https:\/\/designweekmexico.com\/wp-content\/uploads\/2022\/07\/16-Comite\u0301-de-Proyectos-7x12.jpg 7w, https:\/\/designweekmexico.com\/wp-content\/uploads\/2022\/07\/16-Comite\u0301-de-Proyectos.jpg 1080w\" sizes=\"(max-width: 576px) 100vw, 576px\" \/><\/figure>\n\n\n\n<figure class=\"wp-block-image size-large\"><img loading=\"lazy\" decoding=\"async\" width=\"576\" height=\"1024\" data-attachment-id=\"7352\" data-permalink=\"https:\/\/designweekmexico.com\/en\/noticias\/inedito-2022-el-detras-de-camaras\/attachment\/14-cincoxcinco\/\" data-orig-file=\"https:\/\/designweekmexico.com\/wp-content\/uploads\/2022\/07\/14-CINCOXCINCO.jpg\" data-orig-size=\"900,1600\" data-comments-opened=\"1\" data-image-meta=\"{&quot;aperture&quot;:&quot;0&quot;,&quot;credit&quot;:&quot;&quot;,&quot;camera&quot;:&quot;&quot;,&quot;caption&quot;:&quot;&quot;,&quot;created_timestamp&quot;:&quot;1658060625&quot;,&quot;copyright&quot;:&quot;&quot;,&quot;focal_length&quot;:&quot;0&quot;,&quot;iso&quot;:&quot;0&quot;,&quot;shutter_speed&quot;:&quot;0&quot;,&quot;title&quot;:&quot;&quot;,&quot;orientation&quot;:&quot;0&quot;}\" data-image-title=\"14-CINCOXCINCO\" data-image-description=\"\" data-image-caption=\"\" data-medium-file=\"https:\/\/designweekmexico.com\/wp-content\/uploads\/2022\/07\/14-CINCOXCINCO-169x300.jpg\" data-large-file=\"https:\/\/designweekmexico.com\/wp-content\/uploads\/2022\/07\/14-CINCOXCINCO-576x1024.jpg\" data-id=\"7352\" src=\"https:\/\/designweekmexico.com\/wp-content\/uploads\/2022\/07\/14-CINCOXCINCO-576x1024.jpg\" alt=\"\" class=\"wp-image-7352\" srcset=\"https:\/\/designweekmexico.com\/wp-content\/uploads\/2022\/07\/14-CINCOXCINCO-576x1024.jpg 576w, https:\/\/designweekmexico.com\/wp-content\/uploads\/2022\/07\/14-CINCOXCINCO-169x300.jpg 169w, https:\/\/designweekmexico.com\/wp-content\/uploads\/2022\/07\/14-CINCOXCINCO-768x1365.jpg 768w, https:\/\/designweekmexico.com\/wp-content\/uploads\/2022\/07\/14-CINCOXCINCO-864x1536.jpg 864w, https:\/\/designweekmexico.com\/wp-content\/uploads\/2022\/07\/14-CINCOXCINCO-7x12.jpg 7w, https:\/\/designweekmexico.com\/wp-content\/uploads\/2022\/07\/14-CINCOXCINCO.jpg 900w\" sizes=\"(max-width: 576px) 100vw, 576px\" \/><\/figure>\n\n\n\n<figure class=\"wp-block-image size-large\"><img loading=\"lazy\" decoding=\"async\" width=\"576\" height=\"1024\" data-attachment-id=\"7353\" data-permalink=\"https:\/\/designweekmexico.com\/en\/noticias\/inedito-2022-el-detras-de-camaras\/attachment\/26-hito-mx\/\" data-orig-file=\"https:\/\/designweekmexico.com\/wp-content\/uploads\/2022\/07\/26-Hito-MX.jpg\" data-orig-size=\"1080,1920\" data-comments-opened=\"1\" data-image-meta=\"{&quot;aperture&quot;:&quot;0&quot;,&quot;credit&quot;:&quot;&quot;,&quot;camera&quot;:&quot;&quot;,&quot;caption&quot;:&quot;&quot;,&quot;created_timestamp&quot;:&quot;0&quot;,&quot;copyright&quot;:&quot;&quot;,&quot;focal_length&quot;:&quot;0&quot;,&quot;iso&quot;:&quot;0&quot;,&quot;shutter_speed&quot;:&quot;0&quot;,&quot;title&quot;:&quot;&quot;,&quot;orientation&quot;:&quot;1&quot;}\" data-image-title=\"26-Hito-MX\" data-image-description=\"\" data-image-caption=\"\" data-medium-file=\"https:\/\/designweekmexico.com\/wp-content\/uploads\/2022\/07\/26-Hito-MX-169x300.jpg\" data-large-file=\"https:\/\/designweekmexico.com\/wp-content\/uploads\/2022\/07\/26-Hito-MX-576x1024.jpg\" data-id=\"7353\" src=\"https:\/\/designweekmexico.com\/wp-content\/uploads\/2022\/07\/26-Hito-MX-576x1024.jpg\" alt=\"\" class=\"wp-image-7353\" srcset=\"https:\/\/designweekmexico.com\/wp-content\/uploads\/2022\/07\/26-Hito-MX-576x1024.jpg 576w, https:\/\/designweekmexico.com\/wp-content\/uploads\/2022\/07\/26-Hito-MX-169x300.jpg 169w, https:\/\/designweekmexico.com\/wp-content\/uploads\/2022\/07\/26-Hito-MX-768x1365.jpg 768w, https:\/\/designweekmexico.com\/wp-content\/uploads\/2022\/07\/26-Hito-MX-864x1536.jpg 864w, https:\/\/designweekmexico.com\/wp-content\/uploads\/2022\/07\/26-Hito-MX-7x12.jpg 7w, https:\/\/designweekmexico.com\/wp-content\/uploads\/2022\/07\/26-Hito-MX.jpg 1080w\" sizes=\"(max-width: 576px) 100vw, 576px\" \/><\/figure>\n\n\n\n<figure class=\"wp-block-image size-large\"><img loading=\"lazy\" decoding=\"async\" width=\"576\" height=\"1024\" data-attachment-id=\"7354\" data-permalink=\"https:\/\/designweekmexico.com\/en\/noticias\/inedito-2022-el-detras-de-camaras\/attachment\/20-fa-1\/\" data-orig-file=\"https:\/\/designweekmexico.com\/wp-content\/uploads\/2022\/07\/20-FA-1.jpg\" data-orig-size=\"1080,1920\" data-comments-opened=\"1\" data-image-meta=\"{&quot;aperture&quot;:&quot;1.8&quot;,&quot;credit&quot;:&quot;&quot;,&quot;camera&quot;:&quot;SM-A525M&quot;,&quot;caption&quot;:&quot;&quot;,&quot;created_timestamp&quot;:&quot;1658698266&quot;,&quot;copyright&quot;:&quot;&quot;,&quot;focal_length&quot;:&quot;5.23&quot;,&quot;iso&quot;:&quot;320&quot;,&quot;shutter_speed&quot;:&quot;0.0083333333333333&quot;,&quot;title&quot;:&quot;&quot;,&quot;orientation&quot;:&quot;1&quot;}\" data-image-title=\"20-FA-1\" data-image-description=\"\" data-image-caption=\"\" data-medium-file=\"https:\/\/designweekmexico.com\/wp-content\/uploads\/2022\/07\/20-FA-1-169x300.jpg\" data-large-file=\"https:\/\/designweekmexico.com\/wp-content\/uploads\/2022\/07\/20-FA-1-576x1024.jpg\" data-id=\"7354\" src=\"https:\/\/designweekmexico.com\/wp-content\/uploads\/2022\/07\/20-FA-1-576x1024.jpg\" alt=\"\" class=\"wp-image-7354\" srcset=\"https:\/\/designweekmexico.com\/wp-content\/uploads\/2022\/07\/20-FA-1-576x1024.jpg 576w, https:\/\/designweekmexico.com\/wp-content\/uploads\/2022\/07\/20-FA-1-169x300.jpg 169w, https:\/\/designweekmexico.com\/wp-content\/uploads\/2022\/07\/20-FA-1-768x1365.jpg 768w, https:\/\/designweekmexico.com\/wp-content\/uploads\/2022\/07\/20-FA-1-864x1536.jpg 864w, https:\/\/designweekmexico.com\/wp-content\/uploads\/2022\/07\/20-FA-1-7x12.jpg 7w, https:\/\/designweekmexico.com\/wp-content\/uploads\/2022\/07\/20-FA-1.jpg 1080w\" sizes=\"(max-width: 576px) 100vw, 576px\" \/><\/figure>\n\n\n\n<figure class=\"wp-block-image size-large\"><img loading=\"lazy\" decoding=\"async\" width=\"576\" height=\"1024\" data-attachment-id=\"7355\" data-permalink=\"https:\/\/designweekmexico.com\/en\/noticias\/inedito-2022-el-detras-de-camaras\/attachment\/17-daniel-coutolenc\/\" data-orig-file=\"https:\/\/designweekmexico.com\/wp-content\/uploads\/2022\/07\/17-Daniel-Coutolenc.jpg\" data-orig-size=\"1080,1920\" data-comments-opened=\"1\" data-image-meta=\"{&quot;aperture&quot;:&quot;0&quot;,&quot;credit&quot;:&quot;&quot;,&quot;camera&quot;:&quot;&quot;,&quot;caption&quot;:&quot;&quot;,&quot;created_timestamp&quot;:&quot;0&quot;,&quot;copyright&quot;:&quot;&quot;,&quot;focal_length&quot;:&quot;0&quot;,&quot;iso&quot;:&quot;0&quot;,&quot;shutter_speed&quot;:&quot;0&quot;,&quot;title&quot;:&quot;&quot;,&quot;orientation&quot;:&quot;1&quot;}\" data-image-title=\"17-Daniel-Coutolenc\" data-image-description=\"\" data-image-caption=\"\" data-medium-file=\"https:\/\/designweekmexico.com\/wp-content\/uploads\/2022\/07\/17-Daniel-Coutolenc-169x300.jpg\" data-large-file=\"https:\/\/designweekmexico.com\/wp-content\/uploads\/2022\/07\/17-Daniel-Coutolenc-576x1024.jpg\" data-id=\"7355\" src=\"https:\/\/designweekmexico.com\/wp-content\/uploads\/2022\/07\/17-Daniel-Coutolenc-576x1024.jpg\" alt=\"\" class=\"wp-image-7355\" srcset=\"https:\/\/designweekmexico.com\/wp-content\/uploads\/2022\/07\/17-Daniel-Coutolenc-576x1024.jpg 576w, https:\/\/designweekmexico.com\/wp-content\/uploads\/2022\/07\/17-Daniel-Coutolenc-169x300.jpg 169w, https:\/\/designweekmexico.com\/wp-content\/uploads\/2022\/07\/17-Daniel-Coutolenc-768x1365.jpg 768w, https:\/\/designweekmexico.com\/wp-content\/uploads\/2022\/07\/17-Daniel-Coutolenc-864x1536.jpg 864w, https:\/\/designweekmexico.com\/wp-content\/uploads\/2022\/07\/17-Daniel-Coutolenc-7x12.jpg 7w, https:\/\/designweekmexico.com\/wp-content\/uploads\/2022\/07\/17-Daniel-Coutolenc.jpg 1080w\" sizes=\"(max-width: 576px) 100vw, 576px\" \/><\/figure>\n\n\n\n<figure class=\"wp-block-image size-large\"><img loading=\"lazy\" decoding=\"async\" width=\"571\" height=\"1024\" data-attachment-id=\"7359\" data-permalink=\"https:\/\/designweekmexico.com\/en\/noticias\/inedito-2022-el-detras-de-camaras\/attachment\/30-kanak\/\" data-orig-file=\"https:\/\/designweekmexico.com\/wp-content\/uploads\/2022\/07\/30.-Kanak.png\" data-orig-size=\"1026,1840\" data-comments-opened=\"1\" data-image-meta=\"{&quot;aperture&quot;:&quot;0&quot;,&quot;credit&quot;:&quot;&quot;,&quot;camera&quot;:&quot;&quot;,&quot;caption&quot;:&quot;&quot;,&quot;created_timestamp&quot;:&quot;0&quot;,&quot;copyright&quot;:&quot;&quot;,&quot;focal_length&quot;:&quot;0&quot;,&quot;iso&quot;:&quot;0&quot;,&quot;shutter_speed&quot;:&quot;0&quot;,&quot;title&quot;:&quot;&quot;,&quot;orientation&quot;:&quot;0&quot;}\" data-image-title=\"30.-Kanak\" data-image-description=\"\" data-image-caption=\"\" data-medium-file=\"https:\/\/designweekmexico.com\/wp-content\/uploads\/2022\/07\/30.-Kanak-167x300.png\" data-large-file=\"https:\/\/designweekmexico.com\/wp-content\/uploads\/2022\/07\/30.-Kanak-571x1024.png\" data-id=\"7359\" src=\"https:\/\/designweekmexico.com\/wp-content\/uploads\/2022\/07\/30.-Kanak-571x1024.png\" alt=\"\" class=\"wp-image-7359\" srcset=\"https:\/\/designweekmexico.com\/wp-content\/uploads\/2022\/07\/30.-Kanak-571x1024.png 571w, https:\/\/designweekmexico.com\/wp-content\/uploads\/2022\/07\/30.-Kanak-167x300.png 167w, https:\/\/designweekmexico.com\/wp-content\/uploads\/2022\/07\/30.-Kanak-768x1377.png 768w, https:\/\/designweekmexico.com\/wp-content\/uploads\/2022\/07\/30.-Kanak-856x1536.png 856w, https:\/\/designweekmexico.com\/wp-content\/uploads\/2022\/07\/30.-Kanak-7x12.png 7w, https:\/\/designweekmexico.com\/wp-content\/uploads\/2022\/07\/30.-Kanak.png 1026w\" sizes=\"(max-width: 571px) 100vw, 571px\" \/><\/figure>\n\n\n\n<figure class=\"wp-block-image size-large\"><img loading=\"lazy\" decoding=\"async\" width=\"768\" height=\"1024\" data-attachment-id=\"7360\" data-permalink=\"https:\/\/designweekmexico.com\/en\/noticias\/inedito-2022-el-detras-de-camaras\/attachment\/31-kora\/\" data-orig-file=\"https:\/\/designweekmexico.com\/wp-content\/uploads\/2022\/07\/31-Kora-scaled.jpg\" data-orig-size=\"1920,2560\" data-comments-opened=\"1\" data-image-meta=\"{&quot;aperture&quot;:&quot;0&quot;,&quot;credit&quot;:&quot;&quot;,&quot;camera&quot;:&quot;&quot;,&quot;caption&quot;:&quot;&quot;,&quot;created_timestamp&quot;:&quot;0&quot;,&quot;copyright&quot;:&quot;&quot;,&quot;focal_length&quot;:&quot;0&quot;,&quot;iso&quot;:&quot;0&quot;,&quot;shutter_speed&quot;:&quot;0&quot;,&quot;title&quot;:&quot;&quot;,&quot;orientation&quot;:&quot;0&quot;}\" data-image-title=\"31-Kora\" data-image-description=\"\" data-image-caption=\"\" data-medium-file=\"https:\/\/designweekmexico.com\/wp-content\/uploads\/2022\/07\/31-Kora-225x300.jpg\" data-large-file=\"https:\/\/designweekmexico.com\/wp-content\/uploads\/2022\/07\/31-Kora-768x1024.jpg\" data-id=\"7360\" src=\"https:\/\/designweekmexico.com\/wp-content\/uploads\/2022\/07\/31-Kora-768x1024.jpg\" alt=\"\" class=\"wp-image-7360\" srcset=\"https:\/\/designweekmexico.com\/wp-content\/uploads\/2022\/07\/31-Kora-768x1024.jpg 768w, https:\/\/designweekmexico.com\/wp-content\/uploads\/2022\/07\/31-Kora-225x300.jpg 225w, https:\/\/designweekmexico.com\/wp-content\/uploads\/2022\/07\/31-Kora-1152x1536.jpg 1152w, https:\/\/designweekmexico.com\/wp-content\/uploads\/2022\/07\/31-Kora-1536x2048.jpg 1536w, https:\/\/designweekmexico.com\/wp-content\/uploads\/2022\/07\/31-Kora-9x12.jpg 9w, https:\/\/designweekmexico.com\/wp-content\/uploads\/2022\/07\/31-Kora-scaled.jpg 1920w\" sizes=\"(max-width: 768px) 100vw, 768px\" \/><\/figure>\n\n\n\n<figure class=\"wp-block-image size-large\"><img loading=\"lazy\" decoding=\"async\" width=\"576\" height=\"1024\" data-attachment-id=\"7357\" data-permalink=\"https:\/\/designweekmexico.com\/en\/noticias\/inedito-2022-el-detras-de-camaras\/attachment\/34-lara-villa\/\" data-orig-file=\"https:\/\/designweekmexico.com\/wp-content\/uploads\/2022\/07\/34-Lara-Villa.jpg\" data-orig-size=\"1080,1920\" data-comments-opened=\"1\" data-image-meta=\"{&quot;aperture&quot;:&quot;1.6&quot;,&quot;credit&quot;:&quot;&quot;,&quot;camera&quot;:&quot;iPhone 13 mini&quot;,&quot;caption&quot;:&quot;&quot;,&quot;created_timestamp&quot;:&quot;1657563216&quot;,&quot;copyright&quot;:&quot;&quot;,&quot;focal_length&quot;:&quot;5.1&quot;,&quot;iso&quot;:&quot;400&quot;,&quot;shutter_speed&quot;:&quot;0.016666666666667&quot;,&quot;title&quot;:&quot;&quot;,&quot;orientation&quot;:&quot;1&quot;}\" data-image-title=\"34-Lara-Villa\" data-image-description=\"\" data-image-caption=\"\" data-medium-file=\"https:\/\/designweekmexico.com\/wp-content\/uploads\/2022\/07\/34-Lara-Villa-169x300.jpg\" data-large-file=\"https:\/\/designweekmexico.com\/wp-content\/uploads\/2022\/07\/34-Lara-Villa-576x1024.jpg\" data-id=\"7357\" src=\"https:\/\/designweekmexico.com\/wp-content\/uploads\/2022\/07\/34-Lara-Villa-576x1024.jpg\" alt=\"\" class=\"wp-image-7357\" srcset=\"https:\/\/designweekmexico.com\/wp-content\/uploads\/2022\/07\/34-Lara-Villa-576x1024.jpg 576w, https:\/\/designweekmexico.com\/wp-content\/uploads\/2022\/07\/34-Lara-Villa-169x300.jpg 169w, https:\/\/designweekmexico.com\/wp-content\/uploads\/2022\/07\/34-Lara-Villa-768x1365.jpg 768w, https:\/\/designweekmexico.com\/wp-content\/uploads\/2022\/07\/34-Lara-Villa-864x1536.jpg 864w, https:\/\/designweekmexico.com\/wp-content\/uploads\/2022\/07\/34-Lara-Villa-7x12.jpg 7w, https:\/\/designweekmexico.com\/wp-content\/uploads\/2022\/07\/34-Lara-Villa.jpg 1080w\" sizes=\"(max-width: 576px) 100vw, 576px\" \/><\/figure>\n\n\n\n<figure class=\"wp-block-image size-large\"><img loading=\"lazy\" decoding=\"async\" width=\"576\" height=\"1024\" data-attachment-id=\"7361\" data-permalink=\"https:\/\/designweekmexico.com\/en\/noticias\/inedito-2022-el-detras-de-camaras\/attachment\/35-lcr-44-1\/\" data-orig-file=\"https:\/\/designweekmexico.com\/wp-content\/uploads\/2022\/07\/35-LCR-44-1.jpg\" data-orig-size=\"1080,1920\" data-comments-opened=\"1\" data-image-meta=\"{&quot;aperture&quot;:&quot;1.6&quot;,&quot;credit&quot;:&quot;&quot;,&quot;camera&quot;:&quot;iPhone 12&quot;,&quot;caption&quot;:&quot;&quot;,&quot;created_timestamp&quot;:&quot;1658717940&quot;,&quot;copyright&quot;:&quot;&quot;,&quot;focal_length&quot;:&quot;4.2&quot;,&quot;iso&quot;:&quot;160&quot;,&quot;shutter_speed&quot;:&quot;0.016666666666667&quot;,&quot;title&quot;:&quot;&quot;,&quot;orientation&quot;:&quot;1&quot;}\" data-image-title=\"35-LCR-44-1\" data-image-description=\"\" data-image-caption=\"\" data-medium-file=\"https:\/\/designweekmexico.com\/wp-content\/uploads\/2022\/07\/35-LCR-44-1-169x300.jpg\" data-large-file=\"https:\/\/designweekmexico.com\/wp-content\/uploads\/2022\/07\/35-LCR-44-1-576x1024.jpg\" data-id=\"7361\" src=\"https:\/\/designweekmexico.com\/wp-content\/uploads\/2022\/07\/35-LCR-44-1-576x1024.jpg\" alt=\"\" class=\"wp-image-7361\" srcset=\"https:\/\/designweekmexico.com\/wp-content\/uploads\/2022\/07\/35-LCR-44-1-576x1024.jpg 576w, https:\/\/designweekmexico.com\/wp-content\/uploads\/2022\/07\/35-LCR-44-1-169x300.jpg 169w, https:\/\/designweekmexico.com\/wp-content\/uploads\/2022\/07\/35-LCR-44-1-768x1365.jpg 768w, https:\/\/designweekmexico.com\/wp-content\/uploads\/2022\/07\/35-LCR-44-1-864x1536.jpg 864w, https:\/\/designweekmexico.com\/wp-content\/uploads\/2022\/07\/35-LCR-44-1-7x12.jpg 7w, https:\/\/designweekmexico.com\/wp-content\/uploads\/2022\/07\/35-LCR-44-1.jpg 1080w\" sizes=\"(max-width: 576px) 100vw, 576px\" \/><\/figure>\n\n\n\n<figure class=\"wp-block-image size-large\"><img loading=\"lazy\" decoding=\"async\" width=\"576\" height=\"1024\" data-attachment-id=\"7356\" data-permalink=\"https:\/\/designweekmexico.com\/en\/noticias\/inedito-2022-el-detras-de-camaras\/attachment\/36-lienzo-and-co-1\/\" data-orig-file=\"https:\/\/designweekmexico.com\/wp-content\/uploads\/2022\/07\/36-Lienzo-and-Co.-1.jpg\" data-orig-size=\"1080,1920\" data-comments-opened=\"1\" data-image-meta=\"{&quot;aperture&quot;:&quot;0&quot;,&quot;credit&quot;:&quot;&quot;,&quot;camera&quot;:&quot;&quot;,&quot;caption&quot;:&quot;&quot;,&quot;created_timestamp&quot;:&quot;0&quot;,&quot;copyright&quot;:&quot;&quot;,&quot;focal_length&quot;:&quot;0&quot;,&quot;iso&quot;:&quot;0&quot;,&quot;shutter_speed&quot;:&quot;0&quot;,&quot;title&quot;:&quot;&quot;,&quot;orientation&quot;:&quot;0&quot;}\" data-image-title=\"36-Lienzo-and-Co.-1\" data-image-description=\"\" data-image-caption=\"\" data-medium-file=\"https:\/\/designweekmexico.com\/wp-content\/uploads\/2022\/07\/36-Lienzo-and-Co.-1-169x300.jpg\" data-large-file=\"https:\/\/designweekmexico.com\/wp-content\/uploads\/2022\/07\/36-Lienzo-and-Co.-1-576x1024.jpg\" data-id=\"7356\" src=\"https:\/\/designweekmexico.com\/wp-content\/uploads\/2022\/07\/36-Lienzo-and-Co.-1-576x1024.jpg\" alt=\"\" class=\"wp-image-7356\" srcset=\"https:\/\/designweekmexico.com\/wp-content\/uploads\/2022\/07\/36-Lienzo-and-Co.-1-576x1024.jpg 576w, https:\/\/designweekmexico.com\/wp-content\/uploads\/2022\/07\/36-Lienzo-and-Co.-1-169x300.jpg 169w, https:\/\/designweekmexico.com\/wp-content\/uploads\/2022\/07\/36-Lienzo-and-Co.-1-768x1365.jpg 768w, https:\/\/designweekmexico.com\/wp-content\/uploads\/2022\/07\/36-Lienzo-and-Co.-1-864x1536.jpg 864w, https:\/\/designweekmexico.com\/wp-content\/uploads\/2022\/07\/36-Lienzo-and-Co.-1-7x12.jpg 7w, https:\/\/designweekmexico.com\/wp-content\/uploads\/2022\/07\/36-Lienzo-and-Co.-1.jpg 1080w\" sizes=\"(max-width: 576px) 100vw, 576px\" \/><\/figure>\n\n\n\n<figure class=\"wp-block-image size-large\"><img loading=\"lazy\" decoding=\"async\" width=\"576\" height=\"1024\" data-attachment-id=\"7362\" data-permalink=\"https:\/\/designweekmexico.com\/en\/noticias\/inedito-2022-el-detras-de-camaras\/attachment\/41-mas-concreto\/\" data-orig-file=\"https:\/\/designweekmexico.com\/wp-content\/uploads\/2022\/07\/41-Mas-concreto.jpg\" data-orig-size=\"1080,1920\" data-comments-opened=\"1\" data-image-meta=\"{&quot;aperture&quot;:&quot;0&quot;,&quot;credit&quot;:&quot;&quot;,&quot;camera&quot;:&quot;&quot;,&quot;caption&quot;:&quot;&quot;,&quot;created_timestamp&quot;:&quot;0&quot;,&quot;copyright&quot;:&quot;&quot;,&quot;focal_length&quot;:&quot;0&quot;,&quot;iso&quot;:&quot;0&quot;,&quot;shutter_speed&quot;:&quot;0&quot;,&quot;title&quot;:&quot;&quot;,&quot;orientation&quot;:&quot;1&quot;}\" data-image-title=\"41-Mas-concreto\" data-image-description=\"\" data-image-caption=\"\" data-medium-file=\"https:\/\/designweekmexico.com\/wp-content\/uploads\/2022\/07\/41-Mas-concreto-169x300.jpg\" data-large-file=\"https:\/\/designweekmexico.com\/wp-content\/uploads\/2022\/07\/41-Mas-concreto-576x1024.jpg\" data-id=\"7362\" src=\"https:\/\/designweekmexico.com\/wp-content\/uploads\/2022\/07\/41-Mas-concreto-576x1024.jpg\" alt=\"\" class=\"wp-image-7362\" srcset=\"https:\/\/designweekmexico.com\/wp-content\/uploads\/2022\/07\/41-Mas-concreto-576x1024.jpg 576w, https:\/\/designweekmexico.com\/wp-content\/uploads\/2022\/07\/41-Mas-concreto-169x300.jpg 169w, https:\/\/designweekmexico.com\/wp-content\/uploads\/2022\/07\/41-Mas-concreto-768x1365.jpg 768w, https:\/\/designweekmexico.com\/wp-content\/uploads\/2022\/07\/41-Mas-concreto-864x1536.jpg 864w, https:\/\/designweekmexico.com\/wp-content\/uploads\/2022\/07\/41-Mas-concreto-7x12.jpg 7w, https:\/\/designweekmexico.com\/wp-content\/uploads\/2022\/07\/41-Mas-concreto.jpg 1080w\" sizes=\"(max-width: 576px) 100vw, 576px\" \/><\/figure>\n\n\n\n<figure class=\"wp-block-image size-large\"><img loading=\"lazy\" decoding=\"async\" width=\"1024\" height=\"683\" data-attachment-id=\"7358\" data-permalink=\"https:\/\/designweekmexico.com\/en\/noticias\/inedito-2022-el-detras-de-camaras\/attachment\/38-manufactura\/\" data-orig-file=\"https:\/\/designweekmexico.com\/wp-content\/uploads\/2022\/07\/38-Manufactura-scaled.jpg\" data-orig-size=\"2560,1707\" data-comments-opened=\"1\" data-image-meta=\"{&quot;aperture&quot;:&quot;0&quot;,&quot;credit&quot;:&quot;&quot;,&quot;camera&quot;:&quot;&quot;,&quot;caption&quot;:&quot;&quot;,&quot;created_timestamp&quot;:&quot;0&quot;,&quot;copyright&quot;:&quot;&quot;,&quot;focal_length&quot;:&quot;0&quot;,&quot;iso&quot;:&quot;0&quot;,&quot;shutter_speed&quot;:&quot;0&quot;,&quot;title&quot;:&quot;&quot;,&quot;orientation&quot;:&quot;0&quot;}\" data-image-title=\"38-Manufactura\" data-image-description=\"\" data-image-caption=\"\" data-medium-file=\"https:\/\/designweekmexico.com\/wp-content\/uploads\/2022\/07\/38-Manufactura-300x200.jpg\" data-large-file=\"https:\/\/designweekmexico.com\/wp-content\/uploads\/2022\/07\/38-Manufactura-1024x683.jpg\" data-id=\"7358\" src=\"https:\/\/designweekmexico.com\/wp-content\/uploads\/2022\/07\/38-Manufactura-1024x683.jpg\" alt=\"\" class=\"wp-image-7358\" srcset=\"https:\/\/designweekmexico.com\/wp-content\/uploads\/2022\/07\/38-Manufactura-1024x683.jpg 1024w, https:\/\/designweekmexico.com\/wp-content\/uploads\/2022\/07\/38-Manufactura-1920x1280.jpg 1920w, https:\/\/designweekmexico.com\/wp-content\/uploads\/2022\/07\/38-Manufactura-300x200.jpg 300w, https:\/\/designweekmexico.com\/wp-content\/uploads\/2022\/07\/38-Manufactura-768x512.jpg 768w, https:\/\/designweekmexico.com\/wp-content\/uploads\/2022\/07\/38-Manufactura-1536x1024.jpg 1536w, https:\/\/designweekmexico.com\/wp-content\/uploads\/2022\/07\/38-Manufactura-2048x1365.jpg 2048w, https:\/\/designweekmexico.com\/wp-content\/uploads\/2022\/07\/38-Manufactura-18x12.jpg 18w\" sizes=\"(max-width: 1024px) 100vw, 1024px\" \/><\/figure>\n\n\n\n<figure class=\"wp-block-image size-large\"><img loading=\"lazy\" decoding=\"async\" width=\"576\" height=\"1024\" data-attachment-id=\"7363\" data-permalink=\"https:\/\/designweekmexico.com\/en\/noticias\/inedito-2022-el-detras-de-camaras\/attachment\/45-movalle\/\" data-orig-file=\"https:\/\/designweekmexico.com\/wp-content\/uploads\/2022\/07\/45-Movalle.jpg\" data-orig-size=\"1080,1920\" data-comments-opened=\"1\" data-image-meta=\"{&quot;aperture&quot;:&quot;0&quot;,&quot;credit&quot;:&quot;&quot;,&quot;camera&quot;:&quot;&quot;,&quot;caption&quot;:&quot;&quot;,&quot;created_timestamp&quot;:&quot;0&quot;,&quot;copyright&quot;:&quot;&quot;,&quot;focal_length&quot;:&quot;0&quot;,&quot;iso&quot;:&quot;0&quot;,&quot;shutter_speed&quot;:&quot;0&quot;,&quot;title&quot;:&quot;&quot;,&quot;orientation&quot;:&quot;0&quot;}\" data-image-title=\"45-Movalle\" data-image-description=\"\" data-image-caption=\"\" data-medium-file=\"https:\/\/designweekmexico.com\/wp-content\/uploads\/2022\/07\/45-Movalle-169x300.jpg\" data-large-file=\"https:\/\/designweekmexico.com\/wp-content\/uploads\/2022\/07\/45-Movalle-576x1024.jpg\" data-id=\"7363\" src=\"https:\/\/designweekmexico.com\/wp-content\/uploads\/2022\/07\/45-Movalle-576x1024.jpg\" alt=\"\" class=\"wp-image-7363\" srcset=\"https:\/\/designweekmexico.com\/wp-content\/uploads\/2022\/07\/45-Movalle-576x1024.jpg 576w, https:\/\/designweekmexico.com\/wp-content\/uploads\/2022\/07\/45-Movalle-169x300.jpg 169w, https:\/\/designweekmexico.com\/wp-content\/uploads\/2022\/07\/45-Movalle-768x1365.jpg 768w, https:\/\/designweekmexico.com\/wp-content\/uploads\/2022\/07\/45-Movalle-864x1536.jpg 864w, https:\/\/designweekmexico.com\/wp-content\/uploads\/2022\/07\/45-Movalle-7x12.jpg 7w, https:\/\/designweekmexico.com\/wp-content\/uploads\/2022\/07\/45-Movalle.jpg 1080w\" sizes=\"(max-width: 576px) 100vw, 576px\" \/><\/figure>\n\n\n\n<figure class=\"wp-block-image size-large\"><img loading=\"lazy\" decoding=\"async\" width=\"768\" height=\"1024\" data-attachment-id=\"7367\" data-permalink=\"https:\/\/designweekmexico.com\/en\/noticias\/inedito-2022-el-detras-de-camaras\/attachment\/46-ms-bronce-1\/\" data-orig-file=\"https:\/\/designweekmexico.com\/wp-content\/uploads\/2022\/07\/46-MS-Bronce-1-scaled.jpg\" data-orig-size=\"1920,2560\" data-comments-opened=\"1\" data-image-meta=\"{&quot;aperture&quot;:&quot;0&quot;,&quot;credit&quot;:&quot;&quot;,&quot;camera&quot;:&quot;&quot;,&quot;caption&quot;:&quot;&quot;,&quot;created_timestamp&quot;:&quot;0&quot;,&quot;copyright&quot;:&quot;&quot;,&quot;focal_length&quot;:&quot;0&quot;,&quot;iso&quot;:&quot;0&quot;,&quot;shutter_speed&quot;:&quot;0&quot;,&quot;title&quot;:&quot;&quot;,&quot;orientation&quot;:&quot;0&quot;}\" data-image-title=\"46-MS-Bronce-1\" data-image-description=\"\" data-image-caption=\"\" data-medium-file=\"https:\/\/designweekmexico.com\/wp-content\/uploads\/2022\/07\/46-MS-Bronce-1-225x300.jpg\" data-large-file=\"https:\/\/designweekmexico.com\/wp-content\/uploads\/2022\/07\/46-MS-Bronce-1-768x1024.jpg\" data-id=\"7367\" src=\"https:\/\/designweekmexico.com\/wp-content\/uploads\/2022\/07\/46-MS-Bronce-1-768x1024.jpg\" alt=\"\" class=\"wp-image-7367\" srcset=\"https:\/\/designweekmexico.com\/wp-content\/uploads\/2022\/07\/46-MS-Bronce-1-768x1024.jpg 768w, https:\/\/designweekmexico.com\/wp-content\/uploads\/2022\/07\/46-MS-Bronce-1-225x300.jpg 225w, https:\/\/designweekmexico.com\/wp-content\/uploads\/2022\/07\/46-MS-Bronce-1-1152x1536.jpg 1152w, https:\/\/designweekmexico.com\/wp-content\/uploads\/2022\/07\/46-MS-Bronce-1-1536x2048.jpg 1536w, https:\/\/designweekmexico.com\/wp-content\/uploads\/2022\/07\/46-MS-Bronce-1-9x12.jpg 9w, https:\/\/designweekmexico.com\/wp-content\/uploads\/2022\/07\/46-MS-Bronce-1-scaled.jpg 1920w\" sizes=\"(max-width: 768px) 100vw, 768px\" \/><\/figure>\n\n\n\n<figure class=\"wp-block-image size-large\"><img loading=\"lazy\" decoding=\"async\" width=\"576\" height=\"1024\" data-attachment-id=\"7366\" data-permalink=\"https:\/\/designweekmexico.com\/en\/noticias\/inedito-2022-el-detras-de-camaras\/attachment\/49-nuvo-studio\/\" data-orig-file=\"https:\/\/designweekmexico.com\/wp-content\/uploads\/2022\/07\/49-Nuvo-Studio-scaled.jpg\" data-orig-size=\"1440,2560\" data-comments-opened=\"1\" data-image-meta=\"{&quot;aperture&quot;:&quot;0&quot;,&quot;credit&quot;:&quot;&quot;,&quot;camera&quot;:&quot;&quot;,&quot;caption&quot;:&quot;&quot;,&quot;created_timestamp&quot;:&quot;0&quot;,&quot;copyright&quot;:&quot;&quot;,&quot;focal_length&quot;:&quot;0&quot;,&quot;iso&quot;:&quot;0&quot;,&quot;shutter_speed&quot;:&quot;0&quot;,&quot;title&quot;:&quot;&quot;,&quot;orientation&quot;:&quot;0&quot;}\" data-image-title=\"49-Nuvo-Studio\" data-image-description=\"\" data-image-caption=\"\" data-medium-file=\"https:\/\/designweekmexico.com\/wp-content\/uploads\/2022\/07\/49-Nuvo-Studio-169x300.jpg\" data-large-file=\"https:\/\/designweekmexico.com\/wp-content\/uploads\/2022\/07\/49-Nuvo-Studio-576x1024.jpg\" data-id=\"7366\" src=\"https:\/\/designweekmexico.com\/wp-content\/uploads\/2022\/07\/49-Nuvo-Studio-576x1024.jpg\" alt=\"\" class=\"wp-image-7366\" srcset=\"https:\/\/designweekmexico.com\/wp-content\/uploads\/2022\/07\/49-Nuvo-Studio-576x1024.jpg 576w, https:\/\/designweekmexico.com\/wp-content\/uploads\/2022\/07\/49-Nuvo-Studio-169x300.jpg 169w, https:\/\/designweekmexico.com\/wp-content\/uploads\/2022\/07\/49-Nuvo-Studio-768x1365.jpg 768w, https:\/\/designweekmexico.com\/wp-content\/uploads\/2022\/07\/49-Nuvo-Studio-864x1536.jpg 864w, https:\/\/designweekmexico.com\/wp-content\/uploads\/2022\/07\/49-Nuvo-Studio-1152x2048.jpg 1152w, https:\/\/designweekmexico.com\/wp-content\/uploads\/2022\/07\/49-Nuvo-Studio-7x12.jpg 7w, https:\/\/designweekmexico.com\/wp-content\/uploads\/2022\/07\/49-Nuvo-Studio-1920x3413.jpg 1920w, https:\/\/designweekmexico.com\/wp-content\/uploads\/2022\/07\/49-Nuvo-Studio-scaled.jpg 1440w\" sizes=\"(max-width: 576px) 100vw, 576px\" \/><\/figure>\n\n\n\n<figure class=\"wp-block-image size-large\"><img loading=\"lazy\" decoding=\"async\" width=\"576\" height=\"1024\" data-attachment-id=\"7364\" data-permalink=\"https:\/\/designweekmexico.com\/en\/noticias\/inedito-2022-el-detras-de-camaras\/attachment\/50-objeto_luz_4\/\" data-orig-file=\"https:\/\/designweekmexico.com\/wp-content\/uploads\/2022\/07\/50-OBJETO_LUZ_4.jpg\" data-orig-size=\"1080,1920\" data-comments-opened=\"1\" data-image-meta=\"{&quot;aperture&quot;:&quot;0&quot;,&quot;credit&quot;:&quot;&quot;,&quot;camera&quot;:&quot;&quot;,&quot;caption&quot;:&quot;&quot;,&quot;created_timestamp&quot;:&quot;0&quot;,&quot;copyright&quot;:&quot;&quot;,&quot;focal_length&quot;:&quot;0&quot;,&quot;iso&quot;:&quot;0&quot;,&quot;shutter_speed&quot;:&quot;0&quot;,&quot;title&quot;:&quot;&quot;,&quot;orientation&quot;:&quot;0&quot;}\" data-image-title=\"50-OBJETO_LUZ_4\" data-image-description=\"\" data-image-caption=\"\" data-medium-file=\"https:\/\/designweekmexico.com\/wp-content\/uploads\/2022\/07\/50-OBJETO_LUZ_4-169x300.jpg\" data-large-file=\"https:\/\/designweekmexico.com\/wp-content\/uploads\/2022\/07\/50-OBJETO_LUZ_4-576x1024.jpg\" data-id=\"7364\" src=\"https:\/\/designweekmexico.com\/wp-content\/uploads\/2022\/07\/50-OBJETO_LUZ_4-576x1024.jpg\" alt=\"\" class=\"wp-image-7364\" srcset=\"https:\/\/designweekmexico.com\/wp-content\/uploads\/2022\/07\/50-OBJETO_LUZ_4-576x1024.jpg 576w, https:\/\/designweekmexico.com\/wp-content\/uploads\/2022\/07\/50-OBJETO_LUZ_4-169x300.jpg 169w, https:\/\/designweekmexico.com\/wp-content\/uploads\/2022\/07\/50-OBJETO_LUZ_4-768x1365.jpg 768w, https:\/\/designweekmexico.com\/wp-content\/uploads\/2022\/07\/50-OBJETO_LUZ_4-864x1536.jpg 864w, https:\/\/designweekmexico.com\/wp-content\/uploads\/2022\/07\/50-OBJETO_LUZ_4-7x12.jpg 7w, https:\/\/designweekmexico.com\/wp-content\/uploads\/2022\/07\/50-OBJETO_LUZ_4.jpg 1080w\" sizes=\"(max-width: 576px) 100vw, 576px\" \/><\/figure>\n\n\n\n<figure class=\"wp-block-image size-large\"><img loading=\"lazy\" decoding=\"async\" width=\"576\" height=\"1024\" data-attachment-id=\"7365\" data-permalink=\"https:\/\/designweekmexico.com\/en\/noticias\/inedito-2022-el-detras-de-camaras\/attachment\/51-obra-gris\/\" data-orig-file=\"https:\/\/designweekmexico.com\/wp-content\/uploads\/2022\/07\/51-Obra-Gris.jpg\" data-orig-size=\"1080,1920\" data-comments-opened=\"1\" data-image-meta=\"{&quot;aperture&quot;:&quot;0&quot;,&quot;credit&quot;:&quot;&quot;,&quot;camera&quot;:&quot;&quot;,&quot;caption&quot;:&quot;&quot;,&quot;created_timestamp&quot;:&quot;0&quot;,&quot;copyright&quot;:&quot;&quot;,&quot;focal_length&quot;:&quot;0&quot;,&quot;iso&quot;:&quot;0&quot;,&quot;shutter_speed&quot;:&quot;0&quot;,&quot;title&quot;:&quot;&quot;,&quot;orientation&quot;:&quot;1&quot;}\" data-image-title=\"51-Obra-Gris\" data-image-description=\"\" data-image-caption=\"\" data-medium-file=\"https:\/\/designweekmexico.com\/wp-content\/uploads\/2022\/07\/51-Obra-Gris-169x300.jpg\" data-large-file=\"https:\/\/designweekmexico.com\/wp-content\/uploads\/2022\/07\/51-Obra-Gris-576x1024.jpg\" data-id=\"7365\" src=\"https:\/\/designweekmexico.com\/wp-content\/uploads\/2022\/07\/51-Obra-Gris-576x1024.jpg\" alt=\"\" class=\"wp-image-7365\" srcset=\"https:\/\/designweekmexico.com\/wp-content\/uploads\/2022\/07\/51-Obra-Gris-576x1024.jpg 576w, https:\/\/designweekmexico.com\/wp-content\/uploads\/2022\/07\/51-Obra-Gris-169x300.jpg 169w, https:\/\/designweekmexico.com\/wp-content\/uploads\/2022\/07\/51-Obra-Gris-768x1365.jpg 768w, https:\/\/designweekmexico.com\/wp-content\/uploads\/2022\/07\/51-Obra-Gris-864x1536.jpg 864w, https:\/\/designweekmexico.com\/wp-content\/uploads\/2022\/07\/51-Obra-Gris-7x12.jpg 7w, https:\/\/designweekmexico.com\/wp-content\/uploads\/2022\/07\/51-Obra-Gris.jpg 1080w\" sizes=\"(max-width: 576px) 100vw, 576px\" \/><\/figure>\n<\/figure>","protected":false},"excerpt":{"rendered":"<p>In\u00e9dito muestra a\u00f1o con a\u00f1o el trabajo de un grupo de dise\u00f1adores mexicanos que exploran, a trav\u00e9s de diversas t\u00e9cnicas y prototipos funcionales, su fascinaci\u00f3n con la manifestaci\u00f3n material y el uso de diversos procesos como eje creativo.<\/p>","protected":false},"author":175,"featured_media":7385,"comment_status":"open","ping_status":"open","sticky":false,"template":"","format":"standard","meta":{"_themeisle_gutenberg_block_has_review":false,"_jetpack_memberships_contains_paid_content":false,"footnotes":""},"categories":[59],"tags":[],"class_list":["post-7344","post","type-post","status-publish","format-standard","has-post-thumbnail","hentry","category-noticias"],"blocksy_meta":{"styles_descriptor":{"styles":{"desktop":"","tablet":"","mobile":""},"google_fonts":[],"version":6}},"yoast_head":"<!-- This site is optimized with the Yoast SEO plugin v27.4 - https:\/\/yoast.com\/product\/yoast-seo-wordpress\/ -->\n<title>In\u00e9dito 2022: El detr\u00e1s de c\u00e1maras - Design Week Mexico<\/title>\n<meta name=\"robots\" content=\"index, follow, max-snippet:-1, max-image-preview:large, max-video-preview:-1\" \/>\n<link rel=\"canonical\" href=\"https:\/\/designweekmexico.com\/en\/noticias\/inedito-2022-el-detras-de-camaras\/\" \/>\n<meta property=\"og:locale\" content=\"en_US\" \/>\n<meta property=\"og:type\" content=\"article\" \/>\n<meta property=\"og:title\" content=\"In\u00e9dito 2022: El detr\u00e1s de c\u00e1maras - Design Week Mexico\" \/>\n<meta property=\"og:description\" content=\"In\u00e9dito muestra a\u00f1o con a\u00f1o el trabajo de un grupo de dise\u00f1adores mexicanos que exploran, a trav\u00e9s de diversas t\u00e9cnicas y prototipos funcionales, su fascinaci\u00f3n con la manifestaci\u00f3n material y el uso de diversos procesos como eje creativo.\" \/>\n<meta property=\"og:url\" content=\"https:\/\/designweekmexico.com\/en\/noticias\/inedito-2022-el-detras-de-camaras\/\" \/>\n<meta property=\"og:site_name\" content=\"Design Week Mexico\" \/>\n<meta property=\"article:publisher\" content=\"https:\/\/www.facebook.com\/designweekmex\" \/>\n<meta property=\"article:published_time\" content=\"2022-07-29T18:16:23+00:00\" \/>\n<meta property=\"article:modified_time\" content=\"2022-07-29T18:27:17+00:00\" \/>\n<meta property=\"og:image\" content=\"https:\/\/designweekmexico.com\/wp-content\/uploads\/2022\/07\/11-Burro-1-1.jpg\" \/>\n\t<meta property=\"og:image:width\" content=\"1080\" \/>\n\t<meta property=\"og:image:height\" content=\"720\" \/>\n\t<meta property=\"og:image:type\" content=\"image\/jpeg\" \/>\n<meta name=\"author\" content=\"Design Week Mexico\" \/>\n<meta name=\"twitter:card\" content=\"summary_large_image\" \/>\n<meta name=\"twitter:creator\" content=\"@designweekmex\" \/>\n<meta name=\"twitter:site\" content=\"@designweekmex\" \/>\n<meta name=\"twitter:label1\" content=\"Written by\" \/>\n\t<meta name=\"twitter:data1\" content=\"Design Week Mexico\" \/>\n\t<meta name=\"twitter:label2\" content=\"Est. reading time\" \/>\n\t<meta name=\"twitter:data2\" content=\"7 minutes\" \/>\n<script type=\"application\/ld+json\" class=\"yoast-schema-graph\">{\"@context\":\"https:\\\/\\\/schema.org\",\"@graph\":[{\"@type\":\"Article\",\"@id\":\"https:\\\/\\\/designweekmexico.com\\\/noticias\\\/inedito-2022-el-detras-de-camaras\\\/#article\",\"isPartOf\":{\"@id\":\"https:\\\/\\\/designweekmexico.com\\\/noticias\\\/inedito-2022-el-detras-de-camaras\\\/\"},\"author\":{\"name\":\"Design Week Mexico\",\"@id\":\"https:\\\/\\\/designweekmexico.com\\\/#\\\/schema\\\/person\\\/ee1da898b14b7d9d29bd0bc66da7ef01\"},\"headline\":\"In\u00e9dito 2022: El detr\u00e1s de c\u00e1maras\",\"datePublished\":\"2022-07-29T18:16:23+00:00\",\"dateModified\":\"2022-07-29T18:27:17+00:00\",\"mainEntityOfPage\":{\"@id\":\"https:\\\/\\\/designweekmexico.com\\\/noticias\\\/inedito-2022-el-detras-de-camaras\\\/\"},\"wordCount\":126,\"commentCount\":0,\"publisher\":{\"@id\":\"https:\\\/\\\/designweekmexico.com\\\/#organization\"},\"image\":{\"@id\":\"https:\\\/\\\/designweekmexico.com\\\/noticias\\\/inedito-2022-el-detras-de-camaras\\\/#primaryimage\"},\"thumbnailUrl\":\"https:\\\/\\\/designweekmexico.com\\\/wp-content\\\/uploads\\\/2022\\\/07\\\/11-Burro-1-1.jpg\",\"articleSection\":[\"Noticias\"],\"inLanguage\":\"en-US\",\"potentialAction\":[{\"@type\":\"CommentAction\",\"name\":\"Comment\",\"target\":[\"https:\\\/\\\/designweekmexico.com\\\/noticias\\\/inedito-2022-el-detras-de-camaras\\\/#respond\"]}]},{\"@type\":\"WebPage\",\"@id\":\"https:\\\/\\\/designweekmexico.com\\\/noticias\\\/inedito-2022-el-detras-de-camaras\\\/\",\"url\":\"https:\\\/\\\/designweekmexico.com\\\/noticias\\\/inedito-2022-el-detras-de-camaras\\\/\",\"name\":\"In\u00e9dito 2022: El detr\u00e1s de c\u00e1maras - Design Week Mexico\",\"isPartOf\":{\"@id\":\"https:\\\/\\\/designweekmexico.com\\\/#website\"},\"primaryImageOfPage\":{\"@id\":\"https:\\\/\\\/designweekmexico.com\\\/noticias\\\/inedito-2022-el-detras-de-camaras\\\/#primaryimage\"},\"image\":{\"@id\":\"https:\\\/\\\/designweekmexico.com\\\/noticias\\\/inedito-2022-el-detras-de-camaras\\\/#primaryimage\"},\"thumbnailUrl\":\"https:\\\/\\\/designweekmexico.com\\\/wp-content\\\/uploads\\\/2022\\\/07\\\/11-Burro-1-1.jpg\",\"datePublished\":\"2022-07-29T18:16:23+00:00\",\"dateModified\":\"2022-07-29T18:27:17+00:00\",\"breadcrumb\":{\"@id\":\"https:\\\/\\\/designweekmexico.com\\\/noticias\\\/inedito-2022-el-detras-de-camaras\\\/#breadcrumb\"},\"inLanguage\":\"en-US\",\"potentialAction\":[{\"@type\":\"ReadAction\",\"target\":[\"https:\\\/\\\/designweekmexico.com\\\/noticias\\\/inedito-2022-el-detras-de-camaras\\\/\"]}]},{\"@type\":\"ImageObject\",\"inLanguage\":\"en-US\",\"@id\":\"https:\\\/\\\/designweekmexico.com\\\/noticias\\\/inedito-2022-el-detras-de-camaras\\\/#primaryimage\",\"url\":\"https:\\\/\\\/designweekmexico.com\\\/wp-content\\\/uploads\\\/2022\\\/07\\\/11-Burro-1-1.jpg\",\"contentUrl\":\"https:\\\/\\\/designweekmexico.com\\\/wp-content\\\/uploads\\\/2022\\\/07\\\/11-Burro-1-1.jpg\",\"width\":1080,\"height\":720},{\"@type\":\"BreadcrumbList\",\"@id\":\"https:\\\/\\\/designweekmexico.com\\\/noticias\\\/inedito-2022-el-detras-de-camaras\\\/#breadcrumb\",\"itemListElement\":[{\"@type\":\"ListItem\",\"position\":1,\"name\":\"Inicio\",\"item\":\"https:\\\/\\\/designweekmexico.com\\\/\"},{\"@type\":\"ListItem\",\"position\":2,\"name\":\"In\u00e9dito 2022: El detr\u00e1s de c\u00e1maras\"}]},{\"@type\":\"WebSite\",\"@id\":\"https:\\\/\\\/designweekmexico.com\\\/#website\",\"url\":\"https:\\\/\\\/designweekmexico.com\\\/\",\"name\":\"Design Week Mexico\",\"description\":\"Dise\u00f1ando el futuro...\",\"publisher\":{\"@id\":\"https:\\\/\\\/designweekmexico.com\\\/#organization\"},\"potentialAction\":[{\"@type\":\"SearchAction\",\"target\":{\"@type\":\"EntryPoint\",\"urlTemplate\":\"https:\\\/\\\/designweekmexico.com\\\/?s={search_term_string}\"},\"query-input\":{\"@type\":\"PropertyValueSpecification\",\"valueRequired\":true,\"valueName\":\"search_term_string\"}}],\"inLanguage\":\"en-US\"},{\"@type\":\"Organization\",\"@id\":\"https:\\\/\\\/designweekmexico.com\\\/#organization\",\"name\":\"Design Week Mexico\",\"url\":\"https:\\\/\\\/designweekmexico.com\\\/\",\"logo\":{\"@type\":\"ImageObject\",\"inLanguage\":\"en-US\",\"@id\":\"https:\\\/\\\/designweekmexico.com\\\/#\\\/schema\\\/logo\\\/image\\\/\",\"url\":\"https:\\\/\\\/designweekmexico.com\\\/wp-content\\\/uploads\\\/2026\\\/04\\\/Asset-58-70eae4-3141d7.svg\",\"contentUrl\":\"https:\\\/\\\/designweekmexico.com\\\/wp-content\\\/uploads\\\/2026\\\/04\\\/Asset-58-70eae4-3141d7.svg\",\"width\":1741,\"height\":103,\"caption\":\"Design Week Mexico\"},\"image\":{\"@id\":\"https:\\\/\\\/designweekmexico.com\\\/#\\\/schema\\\/logo\\\/image\\\/\"},\"sameAs\":[\"https:\\\/\\\/www.facebook.com\\\/designweekmex\",\"https:\\\/\\\/x.com\\\/designweekmex\",\"https:\\\/\\\/www.instagram.com\\\/designweekmex\\\/\",\"https:\\\/\\\/www.youtube.com\\\/user\\\/designweekmexico\",\"https:\\\/\\\/vimeo.com\\\/designweekmexico\",\"https:\\\/\\\/www.linkedin.com\\\/company\\\/designweekmx\\\/\"]},{\"@type\":\"Person\",\"@id\":\"https:\\\/\\\/designweekmexico.com\\\/#\\\/schema\\\/person\\\/ee1da898b14b7d9d29bd0bc66da7ef01\",\"name\":\"Design Week Mexico\",\"image\":{\"@type\":\"ImageObject\",\"inLanguage\":\"en-US\",\"@id\":\"https:\\\/\\\/secure.gravatar.com\\\/avatar\\\/0830bfc50cafacf340fb14966c0f6cc5c88935cded635f38ae2ed050785fd609?s=96&d=mm&r=g\",\"url\":\"https:\\\/\\\/secure.gravatar.com\\\/avatar\\\/0830bfc50cafacf340fb14966c0f6cc5c88935cded635f38ae2ed050785fd609?s=96&d=mm&r=g\",\"contentUrl\":\"https:\\\/\\\/secure.gravatar.com\\\/avatar\\\/0830bfc50cafacf340fb14966c0f6cc5c88935cded635f38ae2ed050785fd609?s=96&d=mm&r=g\",\"caption\":\"Design Week Mexico\"},\"url\":\"https:\\\/\\\/designweekmexico.com\\\/en\\\/author\\\/designweekmexico\\\/\"}]}<\/script>\n<!-- \/ Yoast SEO plugin. -->","yoast_head_json":{"title":"In\u00e9dito 2022: El detr\u00e1s de c\u00e1maras - Design Week Mexico","robots":{"index":"index","follow":"follow","max-snippet":"max-snippet:-1","max-image-preview":"max-image-preview:large","max-video-preview":"max-video-preview:-1"},"canonical":"https:\/\/designweekmexico.com\/en\/noticias\/inedito-2022-el-detras-de-camaras\/","og_locale":"en_US","og_type":"article","og_title":"In\u00e9dito 2022: El detr\u00e1s de c\u00e1maras - Design Week Mexico","og_description":"In\u00e9dito muestra a\u00f1o con a\u00f1o el trabajo de un grupo de dise\u00f1adores mexicanos que exploran, a trav\u00e9s de diversas t\u00e9cnicas y prototipos funcionales, su fascinaci\u00f3n con la manifestaci\u00f3n material y el uso de diversos procesos como eje creativo.","og_url":"https:\/\/designweekmexico.com\/en\/noticias\/inedito-2022-el-detras-de-camaras\/","og_site_name":"Design Week Mexico","article_publisher":"https:\/\/www.facebook.com\/designweekmex","article_published_time":"2022-07-29T18:16:23+00:00","article_modified_time":"2022-07-29T18:27:17+00:00","og_image":[{"width":1080,"height":720,"url":"https:\/\/designweekmexico.com\/wp-content\/uploads\/2022\/07\/11-Burro-1-1.jpg","type":"image\/jpeg"}],"author":"Design Week Mexico","twitter_card":"summary_large_image","twitter_creator":"@designweekmex","twitter_site":"@designweekmex","twitter_misc":{"Written by":"Design Week Mexico","Est. reading time":"7 minutes"},"schema":{"@context":"https:\/\/schema.org","@graph":[{"@type":"Article","@id":"https:\/\/designweekmexico.com\/noticias\/inedito-2022-el-detras-de-camaras\/#article","isPartOf":{"@id":"https:\/\/designweekmexico.com\/noticias\/inedito-2022-el-detras-de-camaras\/"},"author":{"name":"Design Week Mexico","@id":"https:\/\/designweekmexico.com\/#\/schema\/person\/ee1da898b14b7d9d29bd0bc66da7ef01"},"headline":"In\u00e9dito 2022: El detr\u00e1s de c\u00e1maras","datePublished":"2022-07-29T18:16:23+00:00","dateModified":"2022-07-29T18:27:17+00:00","mainEntityOfPage":{"@id":"https:\/\/designweekmexico.com\/noticias\/inedito-2022-el-detras-de-camaras\/"},"wordCount":126,"commentCount":0,"publisher":{"@id":"https:\/\/designweekmexico.com\/#organization"},"image":{"@id":"https:\/\/designweekmexico.com\/noticias\/inedito-2022-el-detras-de-camaras\/#primaryimage"},"thumbnailUrl":"https:\/\/designweekmexico.com\/wp-content\/uploads\/2022\/07\/11-Burro-1-1.jpg","articleSection":["Noticias"],"inLanguage":"en-US","potentialAction":[{"@type":"CommentAction","name":"Comment","target":["https:\/\/designweekmexico.com\/noticias\/inedito-2022-el-detras-de-camaras\/#respond"]}]},{"@type":"WebPage","@id":"https:\/\/designweekmexico.com\/noticias\/inedito-2022-el-detras-de-camaras\/","url":"https:\/\/designweekmexico.com\/noticias\/inedito-2022-el-detras-de-camaras\/","name":"In\u00e9dito 2022: El detr\u00e1s de c\u00e1maras - Design Week Mexico","isPartOf":{"@id":"https:\/\/designweekmexico.com\/#website"},"primaryImageOfPage":{"@id":"https:\/\/designweekmexico.com\/noticias\/inedito-2022-el-detras-de-camaras\/#primaryimage"},"image":{"@id":"https:\/\/designweekmexico.com\/noticias\/inedito-2022-el-detras-de-camaras\/#primaryimage"},"thumbnailUrl":"https:\/\/designweekmexico.com\/wp-content\/uploads\/2022\/07\/11-Burro-1-1.jpg","datePublished":"2022-07-29T18:16:23+00:00","dateModified":"2022-07-29T18:27:17+00:00","breadcrumb":{"@id":"https:\/\/designweekmexico.com\/noticias\/inedito-2022-el-detras-de-camaras\/#breadcrumb"},"inLanguage":"en-US","potentialAction":[{"@type":"ReadAction","target":["https:\/\/designweekmexico.com\/noticias\/inedito-2022-el-detras-de-camaras\/"]}]},{"@type":"ImageObject","inLanguage":"en-US","@id":"https:\/\/designweekmexico.com\/noticias\/inedito-2022-el-detras-de-camaras\/#primaryimage","url":"https:\/\/designweekmexico.com\/wp-content\/uploads\/2022\/07\/11-Burro-1-1.jpg","contentUrl":"https:\/\/designweekmexico.com\/wp-content\/uploads\/2022\/07\/11-Burro-1-1.jpg","width":1080,"height":720},{"@type":"BreadcrumbList","@id":"https:\/\/designweekmexico.com\/noticias\/inedito-2022-el-detras-de-camaras\/#breadcrumb","itemListElement":[{"@type":"ListItem","position":1,"name":"Inicio","item":"https:\/\/designweekmexico.com\/"},{"@type":"ListItem","position":2,"name":"In\u00e9dito 2022: El detr\u00e1s de c\u00e1maras"}]},{"@type":"WebSite","@id":"https:\/\/designweekmexico.com\/#website","url":"https:\/\/designweekmexico.com\/","name":"Design Week Mexico","description":"Dise\u00f1ando el futuro...","publisher":{"@id":"https:\/\/designweekmexico.com\/#organization"},"potentialAction":[{"@type":"SearchAction","target":{"@type":"EntryPoint","urlTemplate":"https:\/\/designweekmexico.com\/?s={search_term_string}"},"query-input":{"@type":"PropertyValueSpecification","valueRequired":true,"valueName":"search_term_string"}}],"inLanguage":"en-US"},{"@type":"Organization","@id":"https:\/\/designweekmexico.com\/#organization","name":"Design Week Mexico","url":"https:\/\/designweekmexico.com\/","logo":{"@type":"ImageObject","inLanguage":"en-US","@id":"https:\/\/designweekmexico.com\/#\/schema\/logo\/image\/","url":"https:\/\/designweekmexico.com\/wp-content\/uploads\/2026\/04\/Asset-58-70eae4-3141d7.svg","contentUrl":"https:\/\/designweekmexico.com\/wp-content\/uploads\/2026\/04\/Asset-58-70eae4-3141d7.svg","width":1741,"height":103,"caption":"Design Week Mexico"},"image":{"@id":"https:\/\/designweekmexico.com\/#\/schema\/logo\/image\/"},"sameAs":["https:\/\/www.facebook.com\/designweekmex","https:\/\/x.com\/designweekmex","https:\/\/www.instagram.com\/designweekmex\/","https:\/\/www.youtube.com\/user\/designweekmexico","https:\/\/vimeo.com\/designweekmexico","https:\/\/www.linkedin.com\/company\/designweekmx\/"]},{"@type":"Person","@id":"https:\/\/designweekmexico.com\/#\/schema\/person\/ee1da898b14b7d9d29bd0bc66da7ef01","name":"Design Week Mexico","image":{"@type":"ImageObject","inLanguage":"en-US","@id":"https:\/\/secure.gravatar.com\/avatar\/0830bfc50cafacf340fb14966c0f6cc5c88935cded635f38ae2ed050785fd609?s=96&d=mm&r=g","url":"https:\/\/secure.gravatar.com\/avatar\/0830bfc50cafacf340fb14966c0f6cc5c88935cded635f38ae2ed050785fd609?s=96&d=mm&r=g","contentUrl":"https:\/\/secure.gravatar.com\/avatar\/0830bfc50cafacf340fb14966c0f6cc5c88935cded635f38ae2ed050785fd609?s=96&d=mm&r=g","caption":"Design Week Mexico"},"url":"https:\/\/designweekmexico.com\/en\/author\/designweekmexico\/"}]}},"jetpack_featured_media_url":"https:\/\/designweekmexico.com\/wp-content\/uploads\/2022\/07\/11-Burro-1-1.jpg","jetpack_sharing_enabled":true,"_links":{"self":[{"href":"https:\/\/designweekmexico.com\/en\/wp-json\/wp\/v2\/posts\/7344","targetHints":{"allow":["GET"]}}],"collection":[{"href":"https:\/\/designweekmexico.com\/en\/wp-json\/wp\/v2\/posts"}],"about":[{"href":"https:\/\/designweekmexico.com\/en\/wp-json\/wp\/v2\/types\/post"}],"author":[{"embeddable":true,"href":"https:\/\/designweekmexico.com\/en\/wp-json\/wp\/v2\/users\/175"}],"replies":[{"embeddable":true,"href":"https:\/\/designweekmexico.com\/en\/wp-json\/wp\/v2\/comments?post=7344"}],"version-history":[{"count":4,"href":"https:\/\/designweekmexico.com\/en\/wp-json\/wp\/v2\/posts\/7344\/revisions"}],"predecessor-version":[{"id":7379,"href":"https:\/\/designweekmexico.com\/en\/wp-json\/wp\/v2\/posts\/7344\/revisions\/7379"}],"wp:featuredmedia":[{"embeddable":true,"href":"https:\/\/designweekmexico.com\/en\/wp-json\/wp\/v2\/media\/7385"}],"wp:attachment":[{"href":"https:\/\/designweekmexico.com\/en\/wp-json\/wp\/v2\/media?parent=7344"}],"wp:term":[{"taxonomy":"category","embeddable":true,"href":"https:\/\/designweekmexico.com\/en\/wp-json\/wp\/v2\/categories?post=7344"},{"taxonomy":"post_tag","embeddable":true,"href":"https:\/\/designweekmexico.com\/en\/wp-json\/wp\/v2\/tags?post=7344"}],"curies":[{"name":"wp","href":"https:\/\/api.w.org\/{rel}","templated":true}]}}