{"id":9630,"date":"2022-10-25T13:45:42","date_gmt":"2022-10-25T18:45:42","guid":{"rendered":"https:\/\/designweekmexico.com\/?p=9630"},"modified":"2024-01-18T13:56:50","modified_gmt":"2024-01-18T19:56:50","slug":"vyt-22","status":"publish","type":"post","link":"https:\/\/designweekmexico.com\/en\/catalogo\/vyt-22\/","title":{"rendered":"Visi\u00f3n y Tradici\u00f3n 2022"},"content":{"rendered":"<p>Conoce todas las piezas de las colaboraciones de <strong>Visi\u00f3n y Tradici\u00f3n.<\/strong>&nbsp;Selecciona una pieza para ver m\u00e1s.<\/p>\n\n\n\n<div class=\"wp-block-getwid-anchor\" id=\"piezas-vyt\"><\/div>\n\n\n\n<h4 class=\"wp-block-heading\">Piezas 2022<\/h4>\n\n\n\n<div style=\"width:100%\"><div class=\"wd_error\"><p><strong>There is no gallery selected or the gallery was deleted.<\/strong><\/p><\/div><\/div>","protected":false},"excerpt":{"rendered":"<p>Conoce todas las piezas de las colaboraciones de Visi\u00f3n y Tradici\u00f3n.&nbsp;Selecciona una pieza para ver m\u00e1s. Piezas 2022<\/p>","protected":false},"author":175,"featured_media":14503,"comment_status":"open","ping_status":"open","sticky":false,"template":"","format":"standard","meta":{"_themeisle_gutenberg_block_has_review":false,"_jetpack_memberships_contains_paid_content":false,"footnotes":""},"categories":[42],"tags":[],"class_list":["post-9630","post","type-post","status-publish","format-standard","has-post-thumbnail","hentry","category-catalogo"],"blocksy_meta":{"styles_descriptor":{"styles":{"desktop":"","tablet":"","mobile":""},"google_fonts":[],"version":6}},"yoast_head":"<!-- This site is optimized with the Yoast SEO plugin v27.4 - https:\/\/yoast.com\/product\/yoast-seo-wordpress\/ -->\n<title>Visi\u00f3n y Tradici\u00f3n 2022 - Design Week Mexico<\/title>\n<meta name=\"robots\" content=\"index, follow, max-snippet:-1, max-image-preview:large, max-video-preview:-1\" \/>\n<link rel=\"canonical\" href=\"https:\/\/designweekmexico.com\/en\/catalogo\/vyt-22\/\" \/>\n<meta property=\"og:locale\" content=\"en_US\" \/>\n<meta property=\"og:type\" content=\"article\" \/>\n<meta property=\"og:title\" content=\"Visi\u00f3n y Tradici\u00f3n 2022 - Design Week Mexico\" \/>\n<meta property=\"og:description\" content=\"Conoce todas las piezas de las colaboraciones de Visi\u00f3n y Tradici\u00f3n.&nbsp;Selecciona una pieza para ver m\u00e1s. Piezas 2022\" \/>\n<meta property=\"og:url\" content=\"https:\/\/designweekmexico.com\/en\/catalogo\/vyt-22\/\" \/>\n<meta property=\"og:site_name\" content=\"Design Week Mexico\" \/>\n<meta property=\"article:publisher\" content=\"https:\/\/www.facebook.com\/designweekmex\" \/>\n<meta property=\"article:published_time\" content=\"2022-10-25T18:45:42+00:00\" \/>\n<meta property=\"article:modified_time\" content=\"2024-01-18T19:56:50+00:00\" \/>\n<meta property=\"og:image\" content=\"https:\/\/designweekmexico.com\/wp-content\/uploads\/2022\/10\/MG_3481-1024x683.jpg\" \/>\n\t<meta property=\"og:image:width\" content=\"1024\" \/>\n\t<meta property=\"og:image:height\" content=\"683\" \/>\n\t<meta property=\"og:image:type\" content=\"image\/jpeg\" \/>\n<meta name=\"author\" content=\"Design Week Mexico\" \/>\n<meta name=\"twitter:card\" content=\"summary_large_image\" \/>\n<meta name=\"twitter:creator\" content=\"@designweekmex\" \/>\n<meta name=\"twitter:site\" content=\"@designweekmex\" \/>\n<meta name=\"twitter:label1\" content=\"Written by\" \/>\n\t<meta name=\"twitter:data1\" content=\"Design Week Mexico\" \/>\n\t<meta name=\"twitter:label2\" content=\"Est. reading time\" \/>\n\t<meta name=\"twitter:data2\" content=\"1 minute\" \/>\n<script type=\"application\/ld+json\" class=\"yoast-schema-graph\">{\"@context\":\"https:\\\/\\\/schema.org\",\"@graph\":[{\"@type\":\"Article\",\"@id\":\"https:\\\/\\\/designweekmexico.com\\\/catalogo\\\/vyt-22\\\/#article\",\"isPartOf\":{\"@id\":\"https:\\\/\\\/designweekmexico.com\\\/catalogo\\\/vyt-22\\\/\"},\"author\":{\"name\":\"Design Week Mexico\",\"@id\":\"https:\\\/\\\/designweekmexico.com\\\/#\\\/schema\\\/person\\\/ee1da898b14b7d9d29bd0bc66da7ef01\"},\"headline\":\"Visi\u00f3n y Tradici\u00f3n 2022\",\"datePublished\":\"2022-10-25T18:45:42+00:00\",\"dateModified\":\"2024-01-18T19:56:50+00:00\",\"mainEntityOfPage\":{\"@id\":\"https:\\\/\\\/designweekmexico.com\\\/catalogo\\\/vyt-22\\\/\"},\"wordCount\":38,\"commentCount\":0,\"publisher\":{\"@id\":\"https:\\\/\\\/designweekmexico.com\\\/#organization\"},\"image\":{\"@id\":\"https:\\\/\\\/designweekmexico.com\\\/catalogo\\\/vyt-22\\\/#primaryimage\"},\"thumbnailUrl\":\"https:\\\/\\\/designweekmexico.com\\\/wp-content\\\/uploads\\\/2022\\\/10\\\/MG_3481.jpg\",\"articleSection\":[\"Cat\u00e1logo\"],\"inLanguage\":\"en-US\",\"potentialAction\":[{\"@type\":\"CommentAction\",\"name\":\"Comment\",\"target\":[\"https:\\\/\\\/designweekmexico.com\\\/catalogo\\\/vyt-22\\\/#respond\"]}]},{\"@type\":\"WebPage\",\"@id\":\"https:\\\/\\\/designweekmexico.com\\\/catalogo\\\/vyt-22\\\/\",\"url\":\"https:\\\/\\\/designweekmexico.com\\\/catalogo\\\/vyt-22\\\/\",\"name\":\"Visi\u00f3n y Tradici\u00f3n 2022 - Design Week Mexico\",\"isPartOf\":{\"@id\":\"https:\\\/\\\/designweekmexico.com\\\/#website\"},\"primaryImageOfPage\":{\"@id\":\"https:\\\/\\\/designweekmexico.com\\\/catalogo\\\/vyt-22\\\/#primaryimage\"},\"image\":{\"@id\":\"https:\\\/\\\/designweekmexico.com\\\/catalogo\\\/vyt-22\\\/#primaryimage\"},\"thumbnailUrl\":\"https:\\\/\\\/designweekmexico.com\\\/wp-content\\\/uploads\\\/2022\\\/10\\\/MG_3481.jpg\",\"datePublished\":\"2022-10-25T18:45:42+00:00\",\"dateModified\":\"2024-01-18T19:56:50+00:00\",\"breadcrumb\":{\"@id\":\"https:\\\/\\\/designweekmexico.com\\\/catalogo\\\/vyt-22\\\/#breadcrumb\"},\"inLanguage\":\"en-US\",\"potentialAction\":[{\"@type\":\"ReadAction\",\"target\":[\"https:\\\/\\\/designweekmexico.com\\\/catalogo\\\/vyt-22\\\/\"]}]},{\"@type\":\"ImageObject\",\"inLanguage\":\"en-US\",\"@id\":\"https:\\\/\\\/designweekmexico.com\\\/catalogo\\\/vyt-22\\\/#primaryimage\",\"url\":\"https:\\\/\\\/designweekmexico.com\\\/wp-content\\\/uploads\\\/2022\\\/10\\\/MG_3481.jpg\",\"contentUrl\":\"https:\\\/\\\/designweekmexico.com\\\/wp-content\\\/uploads\\\/2022\\\/10\\\/MG_3481.jpg\",\"width\":2048,\"height\":1365},{\"@type\":\"BreadcrumbList\",\"@id\":\"https:\\\/\\\/designweekmexico.com\\\/catalogo\\\/vyt-22\\\/#breadcrumb\",\"itemListElement\":[{\"@type\":\"ListItem\",\"position\":1,\"name\":\"Inicio\",\"item\":\"https:\\\/\\\/designweekmexico.com\\\/\"},{\"@type\":\"ListItem\",\"position\":2,\"name\":\"Visi\u00f3n y Tradici\u00f3n 2022\"}]},{\"@type\":\"WebSite\",\"@id\":\"https:\\\/\\\/designweekmexico.com\\\/#website\",\"url\":\"https:\\\/\\\/designweekmexico.com\\\/\",\"name\":\"Design Week Mexico\",\"description\":\"Dise\u00f1ando el futuro...\",\"publisher\":{\"@id\":\"https:\\\/\\\/designweekmexico.com\\\/#organization\"},\"potentialAction\":[{\"@type\":\"SearchAction\",\"target\":{\"@type\":\"EntryPoint\",\"urlTemplate\":\"https:\\\/\\\/designweekmexico.com\\\/?s={search_term_string}\"},\"query-input\":{\"@type\":\"PropertyValueSpecification\",\"valueRequired\":true,\"valueName\":\"search_term_string\"}}],\"inLanguage\":\"en-US\"},{\"@type\":\"Organization\",\"@id\":\"https:\\\/\\\/designweekmexico.com\\\/#organization\",\"name\":\"Design Week Mexico\",\"url\":\"https:\\\/\\\/designweekmexico.com\\\/\",\"logo\":{\"@type\":\"ImageObject\",\"inLanguage\":\"en-US\",\"@id\":\"https:\\\/\\\/designweekmexico.com\\\/#\\\/schema\\\/logo\\\/image\\\/\",\"url\":\"https:\\\/\\\/designweekmexico.com\\\/wp-content\\\/uploads\\\/2026\\\/04\\\/Asset-58-70eae4-3141d7.svg\",\"contentUrl\":\"https:\\\/\\\/designweekmexico.com\\\/wp-content\\\/uploads\\\/2026\\\/04\\\/Asset-58-70eae4-3141d7.svg\",\"width\":1741,\"height\":103,\"caption\":\"Design Week Mexico\"},\"image\":{\"@id\":\"https:\\\/\\\/designweekmexico.com\\\/#\\\/schema\\\/logo\\\/image\\\/\"},\"sameAs\":[\"https:\\\/\\\/www.facebook.com\\\/designweekmex\",\"https:\\\/\\\/x.com\\\/designweekmex\",\"https:\\\/\\\/www.instagram.com\\\/designweekmex\\\/\",\"https:\\\/\\\/www.youtube.com\\\/user\\\/designweekmexico\",\"https:\\\/\\\/vimeo.com\\\/designweekmexico\",\"https:\\\/\\\/www.linkedin.com\\\/company\\\/designweekmx\\\/\"]},{\"@type\":\"Person\",\"@id\":\"https:\\\/\\\/designweekmexico.com\\\/#\\\/schema\\\/person\\\/ee1da898b14b7d9d29bd0bc66da7ef01\",\"name\":\"Design Week Mexico\",\"image\":{\"@type\":\"ImageObject\",\"inLanguage\":\"en-US\",\"@id\":\"https:\\\/\\\/secure.gravatar.com\\\/avatar\\\/0830bfc50cafacf340fb14966c0f6cc5c88935cded635f38ae2ed050785fd609?s=96&d=mm&r=g\",\"url\":\"https:\\\/\\\/secure.gravatar.com\\\/avatar\\\/0830bfc50cafacf340fb14966c0f6cc5c88935cded635f38ae2ed050785fd609?s=96&d=mm&r=g\",\"contentUrl\":\"https:\\\/\\\/secure.gravatar.com\\\/avatar\\\/0830bfc50cafacf340fb14966c0f6cc5c88935cded635f38ae2ed050785fd609?s=96&d=mm&r=g\",\"caption\":\"Design Week Mexico\"},\"url\":\"https:\\\/\\\/designweekmexico.com\\\/en\\\/author\\\/designweekmexico\\\/\"}]}<\/script>\n<!-- \/ Yoast SEO plugin. -->","yoast_head_json":{"title":"Visi\u00f3n y Tradici\u00f3n 2022 - Design Week Mexico","robots":{"index":"index","follow":"follow","max-snippet":"max-snippet:-1","max-image-preview":"max-image-preview:large","max-video-preview":"max-video-preview:-1"},"canonical":"https:\/\/designweekmexico.com\/en\/catalogo\/vyt-22\/","og_locale":"en_US","og_type":"article","og_title":"Visi\u00f3n y Tradici\u00f3n 2022 - Design Week Mexico","og_description":"Conoce todas las piezas de las colaboraciones de Visi\u00f3n y Tradici\u00f3n.&nbsp;Selecciona una pieza para ver m\u00e1s. Piezas 2022","og_url":"https:\/\/designweekmexico.com\/en\/catalogo\/vyt-22\/","og_site_name":"Design Week Mexico","article_publisher":"https:\/\/www.facebook.com\/designweekmex","article_published_time":"2022-10-25T18:45:42+00:00","article_modified_time":"2024-01-18T19:56:50+00:00","og_image":[{"width":1024,"height":683,"url":"https:\/\/designweekmexico.com\/wp-content\/uploads\/2022\/10\/MG_3481-1024x683.jpg","type":"image\/jpeg"}],"author":"Design Week Mexico","twitter_card":"summary_large_image","twitter_creator":"@designweekmex","twitter_site":"@designweekmex","twitter_misc":{"Written by":"Design Week Mexico","Est. reading time":"1 minute"},"schema":{"@context":"https:\/\/schema.org","@graph":[{"@type":"Article","@id":"https:\/\/designweekmexico.com\/catalogo\/vyt-22\/#article","isPartOf":{"@id":"https:\/\/designweekmexico.com\/catalogo\/vyt-22\/"},"author":{"name":"Design Week Mexico","@id":"https:\/\/designweekmexico.com\/#\/schema\/person\/ee1da898b14b7d9d29bd0bc66da7ef01"},"headline":"Visi\u00f3n y Tradici\u00f3n 2022","datePublished":"2022-10-25T18:45:42+00:00","dateModified":"2024-01-18T19:56:50+00:00","mainEntityOfPage":{"@id":"https:\/\/designweekmexico.com\/catalogo\/vyt-22\/"},"wordCount":38,"commentCount":0,"publisher":{"@id":"https:\/\/designweekmexico.com\/#organization"},"image":{"@id":"https:\/\/designweekmexico.com\/catalogo\/vyt-22\/#primaryimage"},"thumbnailUrl":"https:\/\/designweekmexico.com\/wp-content\/uploads\/2022\/10\/MG_3481.jpg","articleSection":["Cat\u00e1logo"],"inLanguage":"en-US","potentialAction":[{"@type":"CommentAction","name":"Comment","target":["https:\/\/designweekmexico.com\/catalogo\/vyt-22\/#respond"]}]},{"@type":"WebPage","@id":"https:\/\/designweekmexico.com\/catalogo\/vyt-22\/","url":"https:\/\/designweekmexico.com\/catalogo\/vyt-22\/","name":"Visi\u00f3n y Tradici\u00f3n 2022 - Design Week Mexico","isPartOf":{"@id":"https:\/\/designweekmexico.com\/#website"},"primaryImageOfPage":{"@id":"https:\/\/designweekmexico.com\/catalogo\/vyt-22\/#primaryimage"},"image":{"@id":"https:\/\/designweekmexico.com\/catalogo\/vyt-22\/#primaryimage"},"thumbnailUrl":"https:\/\/designweekmexico.com\/wp-content\/uploads\/2022\/10\/MG_3481.jpg","datePublished":"2022-10-25T18:45:42+00:00","dateModified":"2024-01-18T19:56:50+00:00","breadcrumb":{"@id":"https:\/\/designweekmexico.com\/catalogo\/vyt-22\/#breadcrumb"},"inLanguage":"en-US","potentialAction":[{"@type":"ReadAction","target":["https:\/\/designweekmexico.com\/catalogo\/vyt-22\/"]}]},{"@type":"ImageObject","inLanguage":"en-US","@id":"https:\/\/designweekmexico.com\/catalogo\/vyt-22\/#primaryimage","url":"https:\/\/designweekmexico.com\/wp-content\/uploads\/2022\/10\/MG_3481.jpg","contentUrl":"https:\/\/designweekmexico.com\/wp-content\/uploads\/2022\/10\/MG_3481.jpg","width":2048,"height":1365},{"@type":"BreadcrumbList","@id":"https:\/\/designweekmexico.com\/catalogo\/vyt-22\/#breadcrumb","itemListElement":[{"@type":"ListItem","position":1,"name":"Inicio","item":"https:\/\/designweekmexico.com\/"},{"@type":"ListItem","position":2,"name":"Visi\u00f3n y Tradici\u00f3n 2022"}]},{"@type":"WebSite","@id":"https:\/\/designweekmexico.com\/#website","url":"https:\/\/designweekmexico.com\/","name":"Design Week Mexico","description":"Dise\u00f1ando el futuro...","publisher":{"@id":"https:\/\/designweekmexico.com\/#organization"},"potentialAction":[{"@type":"SearchAction","target":{"@type":"EntryPoint","urlTemplate":"https:\/\/designweekmexico.com\/?s={search_term_string}"},"query-input":{"@type":"PropertyValueSpecification","valueRequired":true,"valueName":"search_term_string"}}],"inLanguage":"en-US"},{"@type":"Organization","@id":"https:\/\/designweekmexico.com\/#organization","name":"Design Week Mexico","url":"https:\/\/designweekmexico.com\/","logo":{"@type":"ImageObject","inLanguage":"en-US","@id":"https:\/\/designweekmexico.com\/#\/schema\/logo\/image\/","url":"https:\/\/designweekmexico.com\/wp-content\/uploads\/2026\/04\/Asset-58-70eae4-3141d7.svg","contentUrl":"https:\/\/designweekmexico.com\/wp-content\/uploads\/2026\/04\/Asset-58-70eae4-3141d7.svg","width":1741,"height":103,"caption":"Design Week Mexico"},"image":{"@id":"https:\/\/designweekmexico.com\/#\/schema\/logo\/image\/"},"sameAs":["https:\/\/www.facebook.com\/designweekmex","https:\/\/x.com\/designweekmex","https:\/\/www.instagram.com\/designweekmex\/","https:\/\/www.youtube.com\/user\/designweekmexico","https:\/\/vimeo.com\/designweekmexico","https:\/\/www.linkedin.com\/company\/designweekmx\/"]},{"@type":"Person","@id":"https:\/\/designweekmexico.com\/#\/schema\/person\/ee1da898b14b7d9d29bd0bc66da7ef01","name":"Design Week Mexico","image":{"@type":"ImageObject","inLanguage":"en-US","@id":"https:\/\/secure.gravatar.com\/avatar\/0830bfc50cafacf340fb14966c0f6cc5c88935cded635f38ae2ed050785fd609?s=96&d=mm&r=g","url":"https:\/\/secure.gravatar.com\/avatar\/0830bfc50cafacf340fb14966c0f6cc5c88935cded635f38ae2ed050785fd609?s=96&d=mm&r=g","contentUrl":"https:\/\/secure.gravatar.com\/avatar\/0830bfc50cafacf340fb14966c0f6cc5c88935cded635f38ae2ed050785fd609?s=96&d=mm&r=g","caption":"Design Week Mexico"},"url":"https:\/\/designweekmexico.com\/en\/author\/designweekmexico\/"}]}},"jetpack_featured_media_url":"https:\/\/designweekmexico.com\/wp-content\/uploads\/2022\/10\/MG_3481.jpg","jetpack_sharing_enabled":true,"_links":{"self":[{"href":"https:\/\/designweekmexico.com\/en\/wp-json\/wp\/v2\/posts\/9630","targetHints":{"allow":["GET"]}}],"collection":[{"href":"https:\/\/designweekmexico.com\/en\/wp-json\/wp\/v2\/posts"}],"about":[{"href":"https:\/\/designweekmexico.com\/en\/wp-json\/wp\/v2\/types\/post"}],"author":[{"embeddable":true,"href":"https:\/\/designweekmexico.com\/en\/wp-json\/wp\/v2\/users\/175"}],"replies":[{"embeddable":true,"href":"https:\/\/designweekmexico.com\/en\/wp-json\/wp\/v2\/comments?post=9630"}],"version-history":[{"count":4,"href":"https:\/\/designweekmexico.com\/en\/wp-json\/wp\/v2\/posts\/9630\/revisions"}],"predecessor-version":[{"id":14504,"href":"https:\/\/designweekmexico.com\/en\/wp-json\/wp\/v2\/posts\/9630\/revisions\/14504"}],"wp:featuredmedia":[{"embeddable":true,"href":"https:\/\/designweekmexico.com\/en\/wp-json\/wp\/v2\/media\/14503"}],"wp:attachment":[{"href":"https:\/\/designweekmexico.com\/en\/wp-json\/wp\/v2\/media?parent=9630"}],"wp:term":[{"taxonomy":"category","embeddable":true,"href":"https:\/\/designweekmexico.com\/en\/wp-json\/wp\/v2\/categories?post=9630"},{"taxonomy":"post_tag","embeddable":true,"href":"https:\/\/designweekmexico.com\/en\/wp-json\/wp\/v2\/tags?post=9630"}],"curies":[{"name":"wp","href":"https:\/\/api.w.org\/{rel}","templated":true}]}}